{"id":1139,"date":"2014-10-15T19:55:12","date_gmt":"2014-10-15T17:55:12","guid":{"rendered":"https:\/\/www.sgeaj.ch\/exposition-conservation-galante-un-decor-peint-remis-en-lumiere-2\/"},"modified":"2021-03-30T17:51:32","modified_gmt":"2021-03-30T15:51:32","slug":"exposition-conservation-galante-un-decor-peint-remis-en-lumiere","status":"publish","type":"post","link":"https:\/\/www.sgeaj.ch\/fr\/actualite\/colloques\/exposition-conservation-galante-un-decor-peint-remis-en-lumiere\/","title":{"rendered":"Conservation galante, un d\u00e9cor peint remis en lumi\u00e8re"},"content":{"rendered":"<p><strong>Exposition \u00ab\u00a0Conservation galante, un d\u00e9cor peint remis en lumi\u00e8re\u00a0\u00bb, Ancien P\u00e9nitencier de Sion, jusqu&rsquo;au 4 janvier 2015<\/strong><\/p>\n<p><strong>Un ensemble de 18 toiles uniques<br \/>\n<\/strong>Pr\u00e9sent\u00e9es pour la premi\u00e8re fois apr\u00e8s intervention de conservation de plusieurs ann\u00e9es, les 18 toiles du salon d&rsquo;Ignace A. P. de Courten (1720-1789) forment un exemple extraordinaire parmi les d\u00e9cors peints sur toile destin\u00e9s \u00e0 d\u00e9corer les maisons patriciennes en Valais et en Suisse. Command\u00e9es en 1766 par le colonel Ignace A. P. de Courten, ces toiles \u00e9taient destin\u00e9es au grand salon dans la maison h\u00e9rit\u00e9e de son p\u00e8re Eug\u00e8ne de Courten \u00e0 Sierre. Elles t\u00e9moignent du go\u00fbt cosmopolite rapport\u00e9 en Valais par les officiers du service \u00e9tranger.<\/p>\n<p><strong>La conservation: une des missions importantes confi\u00e9es aux Mus\u00e9es<br \/>\n<\/strong>Depuis la d\u00e9molition partielle de cette demeure en 1954, le Mus\u00e9e d\u2019histoire du Valais conserve cet ensemble, assure son entretien, son \u00e9tude, sa mise en valeur et sa restauration d\u00e9but\u00e9e \u00e0 la fin des ann\u00e9es 1980 pour se terminer en \u00e9t\u00e9 2014. La conservation est sans doute la mission la moins spectaculaire et l\u2019une des plus co\u00fbteuses des mus\u00e9es. Elle est toutefois le socle des autres missions et elle est essentielle pour garantir la p\u00e9rennit\u00e9 des objets et pour r\u00e9pondre ainsi \u00e0 l\u2019une des principales raisons d\u2019\u00eatre des mus\u00e9es, du moins la plus durable: assurer la transmission du patrimoine aux g\u00e9n\u00e9rations futures.<\/p>\n<p><strong>Une exposition<br \/>\n<\/strong>Si cet ensemble fait aujourd\u2019hui l\u2019objet d\u2019une exposition, c\u2019est non seulement pour marquer la fin de cette longue entreprise mais aussi pour r\u00e9v\u00e9ler les d\u00e9couvertes qu\u2019une telle intervention a permises. Les 70 m2 de toiles (chacune 2m80 sur 1m40) ont \u00e9t\u00e9 peintes par une seule main qui n\u2019en signe et date qu\u2019une seule: Joseph Rabiato, 1766. L\u2019originalit\u00e9 de cet ensemble r\u00e9side \u00e9galement dans les sujets choisis puisque, en alternance avec des motifs en trompe-l\u2019\u0153il, les toiles pr\u00e9sentent huit sc\u00e8nes tir\u00e9es de com\u00e9dies de Moli\u00e8re, d\u2019apr\u00e8s des dessins de Fran\u00e7ois Boucher publi\u00e9s en 1734.<\/p>\n<p><strong>Une visite virtuelle en 3D<\/strong><br \/>\nAutre originalit\u00e9: ce n\u2019est pas un catalogue qui accompagne l\u2019exposition mais une cl\u00e9 USB proposant la d\u00e9couverte de cet ensemble du XVIIIe si\u00e8cle gr\u00e2ce \u00e0 une visite virtuelle en 3D: le visiteur peut ainsi entrer dans le salon disparu et admirer le go\u00fbt raffin\u00e9 rapport\u00e9 de France par la famille de Courten. Et si l\u2019effet n\u2019est pas assez r\u00e9aliste et authentique pour certains, les 18 toiles seront dispos\u00e9es comme dans le salon d\u2019origine au Th\u00e9\u00e2tre Les Halles \u00e0 Sierre en reconstitution r\u00e9elle du 23 au 30 avril 2015.<\/p>\n<p><strong>Informations Pratiques<\/strong><br \/>\n\u00abConservation galante. Un d\u00e9cor peint remis en lumi\u00e8re\u00bb au Centre d\u2019expositions des Mus\u00e9es cantonaux (Ancien P\u00e9nitencier), Rue des Ch\u00e2teaux 24, Sion<br \/>\nDu 11 octobre 2014 au 04 janvier 2015, ma-di 11-17h<\/p>\n<p><a href=\"https:\/\/www.sgeaj.ch\/wp-content\/uploads\/2014\/10\/2014-Conservation_galante_Carton_invitation.pdf\" target=\"_blank\" rel=\"noopener noreferrer\">Programme des visites comment\u00e9es, des conf\u00e9rences et des ateliers. <\/a><\/p>\n","protected":false},"excerpt":{"rendered":"<p>Exposition \u00ab\u00a0Conservation galante, un d\u00e9cor peint remis en lumi\u00e8re\u00a0\u00bb, Ancien P\u00e9nitencier de Sion, jusqu&rsquo;au 4 janvier 2015 Un ensemble de 18 toiles uniques Pr\u00e9sent\u00e9es pour la premi\u00e8re fois apr\u00e8s intervention de conservation de plusieurs ann\u00e9es, les 18 toiles du salon d&rsquo;Ignace A. P. de Courten (1720-1789) forment un exemple extraordinaire parmi les d\u00e9cors peints sur [&hellip;]<\/p>\n","protected":false},"author":9,"featured_media":3464,"comment_status":"closed","ping_status":"open","sticky":false,"template":"","format":"standard","meta":{"footnotes":""},"categories":[42,27],"tags":[],"class_list":{"0":"post-1139","1":"post","2":"type-post","3":"status-publish","4":"format-standard","5":"has-post-thumbnail","7":"category-actualite","8":"category-colloques","9":"czr-hentry"},"yoast_head":"<!-- This site is optimized with the Yoast SEO plugin v26.9 - https:\/\/yoast.com\/product\/yoast-seo-wordpress\/ -->\n<title>Conservation galante, un d\u00e9cor peint remis en lumi\u00e8re - Schweizerische Gesellschaft f\u00fcr die Erforschung des 18. Jahrhunderts (SGEAJ - SSEDS)<\/title>\n<meta name=\"robots\" content=\"index, follow, max-snippet:-1, max-image-preview:large, max-video-preview:-1\" \/>\n<link rel=\"canonical\" href=\"https:\/\/www.sgeaj.ch\/fr\/actualite\/colloques\/exposition-conservation-galante-un-decor-peint-remis-en-lumiere\/\" \/>\n<meta name=\"twitter:label1\" content=\"\u00c9crit par\" \/>\n\t<meta name=\"twitter:data1\" content=\"Mich\u00e8le Steiner\" \/>\n\t<meta name=\"twitter:label2\" content=\"Dur\u00e9e de lecture estim\u00e9e\" \/>\n\t<meta name=\"twitter:data2\" content=\"3 minutes\" \/>\n<script type=\"application\/ld+json\" class=\"yoast-schema-graph\">{\"@context\":\"https:\/\/schema.org\",\"@graph\":[{\"@type\":\"Article\",\"@id\":\"https:\/\/www.sgeaj.ch\/fr\/actualite\/colloques\/exposition-conservation-galante-un-decor-peint-remis-en-lumiere\/#article\",\"isPartOf\":{\"@id\":\"https:\/\/www.sgeaj.ch\/fr\/actualite\/colloques\/exposition-conservation-galante-un-decor-peint-remis-en-lumiere\/\"},\"author\":{\"name\":\"Mich\u00e8le Steiner\",\"@id\":\"https:\/\/www.sgeaj.ch\/fr\/#\/schema\/person\/f9930dca12b3bd252d469f244e700c60\"},\"headline\":\"Conservation galante, un d\u00e9cor peint remis en lumi\u00e8re\",\"datePublished\":\"2014-10-15T17:55:12+00:00\",\"dateModified\":\"2021-03-30T15:51:32+00:00\",\"mainEntityOfPage\":{\"@id\":\"https:\/\/www.sgeaj.ch\/fr\/actualite\/colloques\/exposition-conservation-galante-un-decor-peint-remis-en-lumiere\/\"},\"wordCount\":519,\"publisher\":{\"@id\":\"https:\/\/www.sgeaj.ch\/fr\/#organization\"},\"image\":{\"@id\":\"https:\/\/www.sgeaj.ch\/fr\/actualite\/colloques\/exposition-conservation-galante-un-decor-peint-remis-en-lumiere\/#primaryimage\"},\"thumbnailUrl\":\"https:\/\/www.sgeaj.ch\/wp-content\/uploads\/2014\/10\/2014-Affiche_Conservation_galante.jpg\",\"articleSection\":[\"Actualit\u00e9\",\"Colloques\"],\"inLanguage\":\"fr-FR\"},{\"@type\":\"WebPage\",\"@id\":\"https:\/\/www.sgeaj.ch\/fr\/actualite\/colloques\/exposition-conservation-galante-un-decor-peint-remis-en-lumiere\/\",\"url\":\"https:\/\/www.sgeaj.ch\/fr\/actualite\/colloques\/exposition-conservation-galante-un-decor-peint-remis-en-lumiere\/\",\"name\":\"Conservation galante, un d\u00e9cor peint remis en lumi\u00e8re - Schweizerische Gesellschaft f\u00fcr die Erforschung des 18. Jahrhunderts (SGEAJ - SSEDS)\",\"isPartOf\":{\"@id\":\"https:\/\/www.sgeaj.ch\/fr\/#website\"},\"primaryImageOfPage\":{\"@id\":\"https:\/\/www.sgeaj.ch\/fr\/actualite\/colloques\/exposition-conservation-galante-un-decor-peint-remis-en-lumiere\/#primaryimage\"},\"image\":{\"@id\":\"https:\/\/www.sgeaj.ch\/fr\/actualite\/colloques\/exposition-conservation-galante-un-decor-peint-remis-en-lumiere\/#primaryimage\"},\"thumbnailUrl\":\"https:\/\/www.sgeaj.ch\/wp-content\/uploads\/2014\/10\/2014-Affiche_Conservation_galante.jpg\",\"datePublished\":\"2014-10-15T17:55:12+00:00\",\"dateModified\":\"2021-03-30T15:51:32+00:00\",\"inLanguage\":\"fr-FR\",\"potentialAction\":[{\"@type\":\"ReadAction\",\"target\":[\"https:\/\/www.sgeaj.ch\/fr\/actualite\/colloques\/exposition-conservation-galante-un-decor-peint-remis-en-lumiere\/\"]}]},{\"@type\":\"ImageObject\",\"inLanguage\":\"fr-FR\",\"@id\":\"https:\/\/www.sgeaj.ch\/fr\/actualite\/colloques\/exposition-conservation-galante-un-decor-peint-remis-en-lumiere\/#primaryimage\",\"url\":\"https:\/\/www.sgeaj.ch\/wp-content\/uploads\/2014\/10\/2014-Affiche_Conservation_galante.jpg\",\"contentUrl\":\"https:\/\/www.sgeaj.ch\/wp-content\/uploads\/2014\/10\/2014-Affiche_Conservation_galante.jpg\",\"width\":842,\"height\":1191},{\"@type\":\"WebSite\",\"@id\":\"https:\/\/www.sgeaj.ch\/fr\/#website\",\"url\":\"https:\/\/www.sgeaj.ch\/fr\/\",\"name\":\"Schweizerische Gesellschaft f\u00fcr die Erforschung des 18. Jahrhunderts (SGEAJ - SSEDS)\",\"description\":\"Schweizerische Gesellschaft f\u00fcr die Erforschung des 18. Jahrhunderts\",\"publisher\":{\"@id\":\"https:\/\/www.sgeaj.ch\/fr\/#organization\"},\"potentialAction\":[{\"@type\":\"SearchAction\",\"target\":{\"@type\":\"EntryPoint\",\"urlTemplate\":\"https:\/\/www.sgeaj.ch\/fr\/?s={search_term_string}\"},\"query-input\":{\"@type\":\"PropertyValueSpecification\",\"valueRequired\":true,\"valueName\":\"search_term_string\"}}],\"inLanguage\":\"fr-FR\"},{\"@type\":\"Organization\",\"@id\":\"https:\/\/www.sgeaj.ch\/fr\/#organization\",\"name\":\"Schweizerische Gesellschaft f\u00fcr die Erforschung des 18. Jahrhunderts (SGEAJ - SSEDS)\",\"url\":\"https:\/\/www.sgeaj.ch\/fr\/\",\"logo\":{\"@type\":\"ImageObject\",\"inLanguage\":\"fr-FR\",\"@id\":\"https:\/\/www.sgeaj.ch\/fr\/#\/schema\/logo\/image\/\",\"url\":\"https:\/\/www.sgeaj.ch\/wp-content\/uploads\/2021\/06\/cropped-logo-xviiies-horiz-abreuviations-bleues.png\",\"contentUrl\":\"https:\/\/www.sgeaj.ch\/wp-content\/uploads\/2021\/06\/cropped-logo-xviiies-horiz-abreuviations-bleues.png\",\"width\":659,\"height\":335,\"caption\":\"Schweizerische Gesellschaft f\u00fcr die Erforschung des 18. Jahrhunderts (SGEAJ - SSEDS)\"},\"image\":{\"@id\":\"https:\/\/www.sgeaj.ch\/fr\/#\/schema\/logo\/image\/\"}},{\"@type\":\"Person\",\"@id\":\"https:\/\/www.sgeaj.ch\/fr\/#\/schema\/person\/f9930dca12b3bd252d469f244e700c60\",\"name\":\"Mich\u00e8le Steiner\",\"url\":\"https:\/\/www.sgeaj.ch\/fr\/author\/msteiner\/\"}]}<\/script>\n<!-- \/ Yoast SEO plugin. -->","yoast_head_json":{"title":"Conservation galante, un d\u00e9cor peint remis en lumi\u00e8re - Schweizerische Gesellschaft f\u00fcr die Erforschung des 18. Jahrhunderts (SGEAJ - SSEDS)","robots":{"index":"index","follow":"follow","max-snippet":"max-snippet:-1","max-image-preview":"max-image-preview:large","max-video-preview":"max-video-preview:-1"},"canonical":"https:\/\/www.sgeaj.ch\/fr\/actualite\/colloques\/exposition-conservation-galante-un-decor-peint-remis-en-lumiere\/","twitter_misc":{"\u00c9crit par":"Mich\u00e8le Steiner","Dur\u00e9e de lecture estim\u00e9e":"3 minutes"},"schema":{"@context":"https:\/\/schema.org","@graph":[{"@type":"Article","@id":"https:\/\/www.sgeaj.ch\/fr\/actualite\/colloques\/exposition-conservation-galante-un-decor-peint-remis-en-lumiere\/#article","isPartOf":{"@id":"https:\/\/www.sgeaj.ch\/fr\/actualite\/colloques\/exposition-conservation-galante-un-decor-peint-remis-en-lumiere\/"},"author":{"name":"Mich\u00e8le Steiner","@id":"https:\/\/www.sgeaj.ch\/fr\/#\/schema\/person\/f9930dca12b3bd252d469f244e700c60"},"headline":"Conservation galante, un d\u00e9cor peint remis en lumi\u00e8re","datePublished":"2014-10-15T17:55:12+00:00","dateModified":"2021-03-30T15:51:32+00:00","mainEntityOfPage":{"@id":"https:\/\/www.sgeaj.ch\/fr\/actualite\/colloques\/exposition-conservation-galante-un-decor-peint-remis-en-lumiere\/"},"wordCount":519,"publisher":{"@id":"https:\/\/www.sgeaj.ch\/fr\/#organization"},"image":{"@id":"https:\/\/www.sgeaj.ch\/fr\/actualite\/colloques\/exposition-conservation-galante-un-decor-peint-remis-en-lumiere\/#primaryimage"},"thumbnailUrl":"https:\/\/www.sgeaj.ch\/wp-content\/uploads\/2014\/10\/2014-Affiche_Conservation_galante.jpg","articleSection":["Actualit\u00e9","Colloques"],"inLanguage":"fr-FR"},{"@type":"WebPage","@id":"https:\/\/www.sgeaj.ch\/fr\/actualite\/colloques\/exposition-conservation-galante-un-decor-peint-remis-en-lumiere\/","url":"https:\/\/www.sgeaj.ch\/fr\/actualite\/colloques\/exposition-conservation-galante-un-decor-peint-remis-en-lumiere\/","name":"Conservation galante, un d\u00e9cor peint remis en lumi\u00e8re - Schweizerische Gesellschaft f\u00fcr die Erforschung des 18. Jahrhunderts (SGEAJ - SSEDS)","isPartOf":{"@id":"https:\/\/www.sgeaj.ch\/fr\/#website"},"primaryImageOfPage":{"@id":"https:\/\/www.sgeaj.ch\/fr\/actualite\/colloques\/exposition-conservation-galante-un-decor-peint-remis-en-lumiere\/#primaryimage"},"image":{"@id":"https:\/\/www.sgeaj.ch\/fr\/actualite\/colloques\/exposition-conservation-galante-un-decor-peint-remis-en-lumiere\/#primaryimage"},"thumbnailUrl":"https:\/\/www.sgeaj.ch\/wp-content\/uploads\/2014\/10\/2014-Affiche_Conservation_galante.jpg","datePublished":"2014-10-15T17:55:12+00:00","dateModified":"2021-03-30T15:51:32+00:00","inLanguage":"fr-FR","potentialAction":[{"@type":"ReadAction","target":["https:\/\/www.sgeaj.ch\/fr\/actualite\/colloques\/exposition-conservation-galante-un-decor-peint-remis-en-lumiere\/"]}]},{"@type":"ImageObject","inLanguage":"fr-FR","@id":"https:\/\/www.sgeaj.ch\/fr\/actualite\/colloques\/exposition-conservation-galante-un-decor-peint-remis-en-lumiere\/#primaryimage","url":"https:\/\/www.sgeaj.ch\/wp-content\/uploads\/2014\/10\/2014-Affiche_Conservation_galante.jpg","contentUrl":"https:\/\/www.sgeaj.ch\/wp-content\/uploads\/2014\/10\/2014-Affiche_Conservation_galante.jpg","width":842,"height":1191},{"@type":"WebSite","@id":"https:\/\/www.sgeaj.ch\/fr\/#website","url":"https:\/\/www.sgeaj.ch\/fr\/","name":"Schweizerische Gesellschaft f\u00fcr die Erforschung des 18. Jahrhunderts (SGEAJ - SSEDS)","description":"Schweizerische Gesellschaft f\u00fcr die Erforschung des 18. Jahrhunderts","publisher":{"@id":"https:\/\/www.sgeaj.ch\/fr\/#organization"},"potentialAction":[{"@type":"SearchAction","target":{"@type":"EntryPoint","urlTemplate":"https:\/\/www.sgeaj.ch\/fr\/?s={search_term_string}"},"query-input":{"@type":"PropertyValueSpecification","valueRequired":true,"valueName":"search_term_string"}}],"inLanguage":"fr-FR"},{"@type":"Organization","@id":"https:\/\/www.sgeaj.ch\/fr\/#organization","name":"Schweizerische Gesellschaft f\u00fcr die Erforschung des 18. Jahrhunderts (SGEAJ - SSEDS)","url":"https:\/\/www.sgeaj.ch\/fr\/","logo":{"@type":"ImageObject","inLanguage":"fr-FR","@id":"https:\/\/www.sgeaj.ch\/fr\/#\/schema\/logo\/image\/","url":"https:\/\/www.sgeaj.ch\/wp-content\/uploads\/2021\/06\/cropped-logo-xviiies-horiz-abreuviations-bleues.png","contentUrl":"https:\/\/www.sgeaj.ch\/wp-content\/uploads\/2021\/06\/cropped-logo-xviiies-horiz-abreuviations-bleues.png","width":659,"height":335,"caption":"Schweizerische Gesellschaft f\u00fcr die Erforschung des 18. Jahrhunderts (SGEAJ - SSEDS)"},"image":{"@id":"https:\/\/www.sgeaj.ch\/fr\/#\/schema\/logo\/image\/"}},{"@type":"Person","@id":"https:\/\/www.sgeaj.ch\/fr\/#\/schema\/person\/f9930dca12b3bd252d469f244e700c60","name":"Mich\u00e8le Steiner","url":"https:\/\/www.sgeaj.ch\/fr\/author\/msteiner\/"}]}},"_links":{"self":[{"href":"https:\/\/www.sgeaj.ch\/fr\/wp-json\/wp\/v2\/posts\/1139","targetHints":{"allow":["GET"]}}],"collection":[{"href":"https:\/\/www.sgeaj.ch\/fr\/wp-json\/wp\/v2\/posts"}],"about":[{"href":"https:\/\/www.sgeaj.ch\/fr\/wp-json\/wp\/v2\/types\/post"}],"author":[{"embeddable":true,"href":"https:\/\/www.sgeaj.ch\/fr\/wp-json\/wp\/v2\/users\/9"}],"replies":[{"embeddable":true,"href":"https:\/\/www.sgeaj.ch\/fr\/wp-json\/wp\/v2\/comments?post=1139"}],"version-history":[{"count":2,"href":"https:\/\/www.sgeaj.ch\/fr\/wp-json\/wp\/v2\/posts\/1139\/revisions"}],"predecessor-version":[{"id":5739,"href":"https:\/\/www.sgeaj.ch\/fr\/wp-json\/wp\/v2\/posts\/1139\/revisions\/5739"}],"wp:featuredmedia":[{"embeddable":true,"href":"https:\/\/www.sgeaj.ch\/fr\/wp-json\/wp\/v2\/media\/3464"}],"wp:attachment":[{"href":"https:\/\/www.sgeaj.ch\/fr\/wp-json\/wp\/v2\/media?parent=1139"}],"wp:term":[{"taxonomy":"category","embeddable":true,"href":"https:\/\/www.sgeaj.ch\/fr\/wp-json\/wp\/v2\/categories?post=1139"},{"taxonomy":"post_tag","embeddable":true,"href":"https:\/\/www.sgeaj.ch\/fr\/wp-json\/wp\/v2\/tags?post=1139"}],"curies":[{"name":"wp","href":"https:\/\/api.w.org\/{rel}","templated":true}]}}