{"id":1374,"date":"2015-04-07T12:14:42","date_gmt":"2015-04-07T10:14:42","guid":{"rendered":"https:\/\/www.sgeaj.ch\/exposition-et-colloque-la-suisse-redessinee-2\/"},"modified":"2021-03-30T18:04:06","modified_gmt":"2021-03-30T16:04:06","slug":"exposition-et-colloque-la-suisse-redessinee","status":"publish","type":"post","link":"https:\/\/www.sgeaj.ch\/fr\/actualite\/colloques\/exposition-et-colloque-la-suisse-redessinee\/","title":{"rendered":"La Suisse redessin\u00e9e. De Napol\u00e9on au Congr\u00e8s de Vienne"},"content":{"rendered":"<h3>\u00ab\u00a0La Suisse redessin\u00e9e. De Napol\u00e9on au Congr\u00e8s de Vienne\u00a0\u00bb<br \/>\nExposition et colloque, Prangins, du 13 mars au 13 septembre 2015<\/h3>\n<p>Cette exposition explore de mani\u00e8re originale, notamment par des micros-trottoirs et des interviews in\u00e9dites d\u2019historiens, la cr\u00e9ation d\u2019une Suisse nouvelle au Congr\u00e8s de Vienne (1814\u20121815). Quels enjeux repr\u00e9sente la Suisse pour les puissances europ\u00e9ennes au lendemain de la chute de Napol\u00e9on et de son empire? Pourquoi ces derni\u00e8res se soucientelles d\u2019un territoire si exigu et divis\u00e9? S\u2019il est vrai que la d\u00e9l\u00e9gation suisse et les nombreux repr\u00e9sentants cantonaux n\u2019ont pas de r\u00f4le officiel \u00e0 jouer, un comit\u00e9 sp\u00e9cial est constitu\u00e9 pour \u00e9tudier de pr\u00e8s la \u00ab question suisse \u00bb.<br \/>\nAu terme d\u2019intenses mois de n\u00e9gociations, la Suisse est redessin\u00e9e : stabilis\u00e9e, agrandie de trois nouveaux cantons \u2013 Gen\u00e8ve, Neuch\u00e2tel et Valais \u2013, elle se voit dot\u00e9e d\u2019une neutralit\u00e9 perp\u00e9tuelle au profit d\u2019une paix durable en Europe.<br \/>\nDes th\u00e8mes toujours d\u2019actualit\u00e9, tels que la guerre et la paix, les fronti\u00e8res et l\u2019ind\u00e9pendance de la Suisse au coeur de l\u2019Europe, sont illustr\u00e9s par quelques objets, phares, et par des t\u00e9moignages surprenants d\u2019hier et d\u2019aujourd\u2019hui.<\/p>\n<p>\u2192 <a href=\"https:\/\/www.sgeaj.ch\/wp-content\/uploads\/2015\/04\/2015-Depliant-Expo-1815-Prangins.pdf\" target=\"_blank\" rel=\"noopener noreferrer\">D\u00e9pliant de l&rsquo;exposition (pdf)<\/a><br \/>\n\u2192 <a href=\"http:\/\/www.nationalmuseum.ch\/f\/microsites\/2015\/Prangins\/LaSuisseRedessinee.php\" target=\"_blank\" rel=\"noopener noreferrer\">Lien vers le site du mus\u00e9e<\/a><\/p>\n<hr \/>\n<h3>Colloque \u00ab\u00a0Le monde des neutres\u00a0\u00bb, vendredi 5 juin 2015<\/h3>\n<p>Organis\u00e9 par le Mus\u00e9e national de Prangins et l&rsquo;Universit\u00e9 de Lausanne<\/p>\n<p>L&rsquo;histoire de la neutralit\u00e9 suisse du 19<sup>e<\/sup> si\u00e8cle est aussi et avant tout l&rsquo;histoire des relations complexes de la Conf\u00e9d\u00e9ration avec les autres nations europ\u00e9ennes, non seulement sur le plan politique, mais aussi \u00e9conomique. Quel r\u00f4le la neutralit\u00e9 joue-t-elle pour l&rsquo;avancement ou l&rsquo;obstruction des r\u00e9formes politiques ou juridiques en Suisse ? Comment les Suisses ont-ils v\u00e9cu et analys\u00e9 les d\u00e9veloppements politiques, \u00e9conomiques et sociaux en Europe et ailleurs, et par quels moyens ont-ils essay\u00e9 de faire respecter l&rsquo;ind\u00e9pendance des petites nations? C&rsquo;est \u00e0 ces questions que le colloque souhaite r\u00e9pondre en montrant comment cette histoire peut fournir un cadre pour comprendre la neutralit\u00e9 actuelle.<\/p>\n<p>Intervenants: Prof. B\u00e9la Kapossy (Universit\u00e9 de Lausanne), Prof. Andr\u00e9 Holenstein (Universit\u00e9 de Berne), Peter Lehmann (Universit\u00e9 de Lausanne), Gr\u00e9goire Bron (Universit\u00e9 de Neuch\u00e2tel), Sacha Zala (Documents Diplomatiques Suisses), Thomas Maissen (Institut Historique Allemand, Paris), Valentin Zellweger (Direction du droit international public, DFAE)<\/p>\n<p>Sur inscription jusqu&rsquo;au 25 mai (30 frs, gratuit pour les \u00e9tudiants): <a href=\"mailto:info.prangins@snm.admin.ch?subject=%C2%AB%C2%A0Le%C2%A0monde%C2%A0des%C2%A0neutres%C2%A0%C2%BB\">info.prangins@snm.admin.ch<\/a><\/p>\n<p>\u2192 <a href=\"https:\/\/www.sgeaj.ch\/wp-content\/uploads\/2015\/04\/2015-Prangins-Colloque-Neutralite.pdf\" target=\"_blank\" rel=\"noopener noreferrer\">Programme du colloque (pdf)<\/a><\/p>\n","protected":false},"excerpt":{"rendered":"<p>\u00ab\u00a0La Suisse redessin\u00e9e. De Napol\u00e9on au Congr\u00e8s de Vienne\u00a0\u00bb Exposition et colloque, Prangins, du 13 mars au 13 septembre 2015 Cette exposition explore de mani\u00e8re originale, notamment par des micros-trottoirs et des interviews in\u00e9dites d\u2019historiens, la cr\u00e9ation d\u2019une Suisse nouvelle au Congr\u00e8s de Vienne (1814\u20121815). Quels enjeux repr\u00e9sente la Suisse pour les puissances europ\u00e9ennes au [&hellip;]<\/p>\n","protected":false},"author":2,"featured_media":3477,"comment_status":"closed","ping_status":"open","sticky":false,"template":"","format":"standard","meta":{"footnotes":""},"categories":[42,27],"tags":[],"class_list":{"0":"post-1374","1":"post","2":"type-post","3":"status-publish","4":"format-standard","5":"has-post-thumbnail","7":"category-actualite","8":"category-colloques","9":"czr-hentry"},"yoast_head":"<!-- This site is optimized with the Yoast SEO plugin v26.9 - https:\/\/yoast.com\/product\/yoast-seo-wordpress\/ -->\n<title>La Suisse redessin\u00e9e. De Napol\u00e9on au Congr\u00e8s de Vienne - Schweizerische Gesellschaft f\u00fcr die Erforschung des 18. Jahrhunderts (SGEAJ - SSEDS)<\/title>\n<meta name=\"robots\" content=\"index, follow, max-snippet:-1, max-image-preview:large, max-video-preview:-1\" \/>\n<link rel=\"canonical\" href=\"https:\/\/www.sgeaj.ch\/fr\/actualite\/colloques\/exposition-et-colloque-la-suisse-redessinee\/\" \/>\n<meta name=\"twitter:label1\" content=\"\u00c9crit par\" \/>\n\t<meta name=\"twitter:data1\" content=\"SGEAJ\" \/>\n\t<meta name=\"twitter:label2\" content=\"Dur\u00e9e de lecture estim\u00e9e\" \/>\n\t<meta name=\"twitter:data2\" content=\"2 minutes\" \/>\n<script type=\"application\/ld+json\" class=\"yoast-schema-graph\">{\"@context\":\"https:\/\/schema.org\",\"@graph\":[{\"@type\":\"Article\",\"@id\":\"https:\/\/www.sgeaj.ch\/fr\/actualite\/colloques\/exposition-et-colloque-la-suisse-redessinee\/#article\",\"isPartOf\":{\"@id\":\"https:\/\/www.sgeaj.ch\/fr\/actualite\/colloques\/exposition-et-colloque-la-suisse-redessinee\/\"},\"author\":{\"name\":\"SGEAJ\",\"@id\":\"https:\/\/www.sgeaj.ch\/fr\/#\/schema\/person\/6bd2b59ee4319b4a54912921450cebf6\"},\"headline\":\"La Suisse redessin\u00e9e. De Napol\u00e9on au Congr\u00e8s de Vienne\",\"datePublished\":\"2015-04-07T10:14:42+00:00\",\"dateModified\":\"2021-03-30T16:04:06+00:00\",\"mainEntityOfPage\":{\"@id\":\"https:\/\/www.sgeaj.ch\/fr\/actualite\/colloques\/exposition-et-colloque-la-suisse-redessinee\/\"},\"wordCount\":442,\"publisher\":{\"@id\":\"https:\/\/www.sgeaj.ch\/fr\/#organization\"},\"image\":{\"@id\":\"https:\/\/www.sgeaj.ch\/fr\/actualite\/colloques\/exposition-et-colloque-la-suisse-redessinee\/#primaryimage\"},\"thumbnailUrl\":\"https:\/\/www.sgeaj.ch\/wp-content\/uploads\/2015\/04\/2015-Affiche-Expo-1815-Prangins.jpg\",\"articleSection\":[\"Actualit\u00e9\",\"Colloques\"],\"inLanguage\":\"fr-FR\"},{\"@type\":\"WebPage\",\"@id\":\"https:\/\/www.sgeaj.ch\/fr\/actualite\/colloques\/exposition-et-colloque-la-suisse-redessinee\/\",\"url\":\"https:\/\/www.sgeaj.ch\/fr\/actualite\/colloques\/exposition-et-colloque-la-suisse-redessinee\/\",\"name\":\"La Suisse redessin\u00e9e. De Napol\u00e9on au Congr\u00e8s de Vienne - Schweizerische Gesellschaft f\u00fcr die Erforschung des 18. Jahrhunderts (SGEAJ - SSEDS)\",\"isPartOf\":{\"@id\":\"https:\/\/www.sgeaj.ch\/fr\/#website\"},\"primaryImageOfPage\":{\"@id\":\"https:\/\/www.sgeaj.ch\/fr\/actualite\/colloques\/exposition-et-colloque-la-suisse-redessinee\/#primaryimage\"},\"image\":{\"@id\":\"https:\/\/www.sgeaj.ch\/fr\/actualite\/colloques\/exposition-et-colloque-la-suisse-redessinee\/#primaryimage\"},\"thumbnailUrl\":\"https:\/\/www.sgeaj.ch\/wp-content\/uploads\/2015\/04\/2015-Affiche-Expo-1815-Prangins.jpg\",\"datePublished\":\"2015-04-07T10:14:42+00:00\",\"dateModified\":\"2021-03-30T16:04:06+00:00\",\"inLanguage\":\"fr-FR\",\"potentialAction\":[{\"@type\":\"ReadAction\",\"target\":[\"https:\/\/www.sgeaj.ch\/fr\/actualite\/colloques\/exposition-et-colloque-la-suisse-redessinee\/\"]}]},{\"@type\":\"ImageObject\",\"inLanguage\":\"fr-FR\",\"@id\":\"https:\/\/www.sgeaj.ch\/fr\/actualite\/colloques\/exposition-et-colloque-la-suisse-redessinee\/#primaryimage\",\"url\":\"https:\/\/www.sgeaj.ch\/wp-content\/uploads\/2015\/04\/2015-Affiche-Expo-1815-Prangins.jpg\",\"contentUrl\":\"https:\/\/www.sgeaj.ch\/wp-content\/uploads\/2015\/04\/2015-Affiche-Expo-1815-Prangins.jpg\",\"width\":1193,\"height\":1704},{\"@type\":\"WebSite\",\"@id\":\"https:\/\/www.sgeaj.ch\/fr\/#website\",\"url\":\"https:\/\/www.sgeaj.ch\/fr\/\",\"name\":\"Schweizerische Gesellschaft f\u00fcr die Erforschung des 18. Jahrhunderts (SGEAJ - SSEDS)\",\"description\":\"Schweizerische Gesellschaft f\u00fcr die Erforschung des 18. Jahrhunderts\",\"publisher\":{\"@id\":\"https:\/\/www.sgeaj.ch\/fr\/#organization\"},\"potentialAction\":[{\"@type\":\"SearchAction\",\"target\":{\"@type\":\"EntryPoint\",\"urlTemplate\":\"https:\/\/www.sgeaj.ch\/fr\/?s={search_term_string}\"},\"query-input\":{\"@type\":\"PropertyValueSpecification\",\"valueRequired\":true,\"valueName\":\"search_term_string\"}}],\"inLanguage\":\"fr-FR\"},{\"@type\":\"Organization\",\"@id\":\"https:\/\/www.sgeaj.ch\/fr\/#organization\",\"name\":\"Schweizerische Gesellschaft f\u00fcr die Erforschung des 18. Jahrhunderts (SGEAJ - SSEDS)\",\"url\":\"https:\/\/www.sgeaj.ch\/fr\/\",\"logo\":{\"@type\":\"ImageObject\",\"inLanguage\":\"fr-FR\",\"@id\":\"https:\/\/www.sgeaj.ch\/fr\/#\/schema\/logo\/image\/\",\"url\":\"https:\/\/www.sgeaj.ch\/wp-content\/uploads\/2021\/06\/cropped-logo-xviiies-horiz-abreuviations-bleues.png\",\"contentUrl\":\"https:\/\/www.sgeaj.ch\/wp-content\/uploads\/2021\/06\/cropped-logo-xviiies-horiz-abreuviations-bleues.png\",\"width\":659,\"height\":335,\"caption\":\"Schweizerische Gesellschaft f\u00fcr die Erforschung des 18. Jahrhunderts (SGEAJ - SSEDS)\"},\"image\":{\"@id\":\"https:\/\/www.sgeaj.ch\/fr\/#\/schema\/logo\/image\/\"}},{\"@type\":\"Person\",\"@id\":\"https:\/\/www.sgeaj.ch\/fr\/#\/schema\/person\/6bd2b59ee4319b4a54912921450cebf6\",\"name\":\"SGEAJ\",\"url\":\"https:\/\/www.sgeaj.ch\/fr\/author\/sgeaj\/\"}]}<\/script>\n<!-- \/ Yoast SEO plugin. -->","yoast_head_json":{"title":"La Suisse redessin\u00e9e. De Napol\u00e9on au Congr\u00e8s de Vienne - Schweizerische Gesellschaft f\u00fcr die Erforschung des 18. Jahrhunderts (SGEAJ - SSEDS)","robots":{"index":"index","follow":"follow","max-snippet":"max-snippet:-1","max-image-preview":"max-image-preview:large","max-video-preview":"max-video-preview:-1"},"canonical":"https:\/\/www.sgeaj.ch\/fr\/actualite\/colloques\/exposition-et-colloque-la-suisse-redessinee\/","twitter_misc":{"\u00c9crit par":"SGEAJ","Dur\u00e9e de lecture estim\u00e9e":"2 minutes"},"schema":{"@context":"https:\/\/schema.org","@graph":[{"@type":"Article","@id":"https:\/\/www.sgeaj.ch\/fr\/actualite\/colloques\/exposition-et-colloque-la-suisse-redessinee\/#article","isPartOf":{"@id":"https:\/\/www.sgeaj.ch\/fr\/actualite\/colloques\/exposition-et-colloque-la-suisse-redessinee\/"},"author":{"name":"SGEAJ","@id":"https:\/\/www.sgeaj.ch\/fr\/#\/schema\/person\/6bd2b59ee4319b4a54912921450cebf6"},"headline":"La Suisse redessin\u00e9e. De Napol\u00e9on au Congr\u00e8s de Vienne","datePublished":"2015-04-07T10:14:42+00:00","dateModified":"2021-03-30T16:04:06+00:00","mainEntityOfPage":{"@id":"https:\/\/www.sgeaj.ch\/fr\/actualite\/colloques\/exposition-et-colloque-la-suisse-redessinee\/"},"wordCount":442,"publisher":{"@id":"https:\/\/www.sgeaj.ch\/fr\/#organization"},"image":{"@id":"https:\/\/www.sgeaj.ch\/fr\/actualite\/colloques\/exposition-et-colloque-la-suisse-redessinee\/#primaryimage"},"thumbnailUrl":"https:\/\/www.sgeaj.ch\/wp-content\/uploads\/2015\/04\/2015-Affiche-Expo-1815-Prangins.jpg","articleSection":["Actualit\u00e9","Colloques"],"inLanguage":"fr-FR"},{"@type":"WebPage","@id":"https:\/\/www.sgeaj.ch\/fr\/actualite\/colloques\/exposition-et-colloque-la-suisse-redessinee\/","url":"https:\/\/www.sgeaj.ch\/fr\/actualite\/colloques\/exposition-et-colloque-la-suisse-redessinee\/","name":"La Suisse redessin\u00e9e. De Napol\u00e9on au Congr\u00e8s de Vienne - Schweizerische Gesellschaft f\u00fcr die Erforschung des 18. Jahrhunderts (SGEAJ - SSEDS)","isPartOf":{"@id":"https:\/\/www.sgeaj.ch\/fr\/#website"},"primaryImageOfPage":{"@id":"https:\/\/www.sgeaj.ch\/fr\/actualite\/colloques\/exposition-et-colloque-la-suisse-redessinee\/#primaryimage"},"image":{"@id":"https:\/\/www.sgeaj.ch\/fr\/actualite\/colloques\/exposition-et-colloque-la-suisse-redessinee\/#primaryimage"},"thumbnailUrl":"https:\/\/www.sgeaj.ch\/wp-content\/uploads\/2015\/04\/2015-Affiche-Expo-1815-Prangins.jpg","datePublished":"2015-04-07T10:14:42+00:00","dateModified":"2021-03-30T16:04:06+00:00","inLanguage":"fr-FR","potentialAction":[{"@type":"ReadAction","target":["https:\/\/www.sgeaj.ch\/fr\/actualite\/colloques\/exposition-et-colloque-la-suisse-redessinee\/"]}]},{"@type":"ImageObject","inLanguage":"fr-FR","@id":"https:\/\/www.sgeaj.ch\/fr\/actualite\/colloques\/exposition-et-colloque-la-suisse-redessinee\/#primaryimage","url":"https:\/\/www.sgeaj.ch\/wp-content\/uploads\/2015\/04\/2015-Affiche-Expo-1815-Prangins.jpg","contentUrl":"https:\/\/www.sgeaj.ch\/wp-content\/uploads\/2015\/04\/2015-Affiche-Expo-1815-Prangins.jpg","width":1193,"height":1704},{"@type":"WebSite","@id":"https:\/\/www.sgeaj.ch\/fr\/#website","url":"https:\/\/www.sgeaj.ch\/fr\/","name":"Schweizerische Gesellschaft f\u00fcr die Erforschung des 18. Jahrhunderts (SGEAJ - SSEDS)","description":"Schweizerische Gesellschaft f\u00fcr die Erforschung des 18. Jahrhunderts","publisher":{"@id":"https:\/\/www.sgeaj.ch\/fr\/#organization"},"potentialAction":[{"@type":"SearchAction","target":{"@type":"EntryPoint","urlTemplate":"https:\/\/www.sgeaj.ch\/fr\/?s={search_term_string}"},"query-input":{"@type":"PropertyValueSpecification","valueRequired":true,"valueName":"search_term_string"}}],"inLanguage":"fr-FR"},{"@type":"Organization","@id":"https:\/\/www.sgeaj.ch\/fr\/#organization","name":"Schweizerische Gesellschaft f\u00fcr die Erforschung des 18. Jahrhunderts (SGEAJ - SSEDS)","url":"https:\/\/www.sgeaj.ch\/fr\/","logo":{"@type":"ImageObject","inLanguage":"fr-FR","@id":"https:\/\/www.sgeaj.ch\/fr\/#\/schema\/logo\/image\/","url":"https:\/\/www.sgeaj.ch\/wp-content\/uploads\/2021\/06\/cropped-logo-xviiies-horiz-abreuviations-bleues.png","contentUrl":"https:\/\/www.sgeaj.ch\/wp-content\/uploads\/2021\/06\/cropped-logo-xviiies-horiz-abreuviations-bleues.png","width":659,"height":335,"caption":"Schweizerische Gesellschaft f\u00fcr die Erforschung des 18. Jahrhunderts (SGEAJ - SSEDS)"},"image":{"@id":"https:\/\/www.sgeaj.ch\/fr\/#\/schema\/logo\/image\/"}},{"@type":"Person","@id":"https:\/\/www.sgeaj.ch\/fr\/#\/schema\/person\/6bd2b59ee4319b4a54912921450cebf6","name":"SGEAJ","url":"https:\/\/www.sgeaj.ch\/fr\/author\/sgeaj\/"}]}},"_links":{"self":[{"href":"https:\/\/www.sgeaj.ch\/fr\/wp-json\/wp\/v2\/posts\/1374","targetHints":{"allow":["GET"]}}],"collection":[{"href":"https:\/\/www.sgeaj.ch\/fr\/wp-json\/wp\/v2\/posts"}],"about":[{"href":"https:\/\/www.sgeaj.ch\/fr\/wp-json\/wp\/v2\/types\/post"}],"author":[{"embeddable":true,"href":"https:\/\/www.sgeaj.ch\/fr\/wp-json\/wp\/v2\/users\/2"}],"replies":[{"embeddable":true,"href":"https:\/\/www.sgeaj.ch\/fr\/wp-json\/wp\/v2\/comments?post=1374"}],"version-history":[{"count":2,"href":"https:\/\/www.sgeaj.ch\/fr\/wp-json\/wp\/v2\/posts\/1374\/revisions"}],"predecessor-version":[{"id":5751,"href":"https:\/\/www.sgeaj.ch\/fr\/wp-json\/wp\/v2\/posts\/1374\/revisions\/5751"}],"wp:featuredmedia":[{"embeddable":true,"href":"https:\/\/www.sgeaj.ch\/fr\/wp-json\/wp\/v2\/media\/3477"}],"wp:attachment":[{"href":"https:\/\/www.sgeaj.ch\/fr\/wp-json\/wp\/v2\/media?parent=1374"}],"wp:term":[{"taxonomy":"category","embeddable":true,"href":"https:\/\/www.sgeaj.ch\/fr\/wp-json\/wp\/v2\/categories?post=1374"},{"taxonomy":"post_tag","embeddable":true,"href":"https:\/\/www.sgeaj.ch\/fr\/wp-json\/wp\/v2\/tags?post=1374"}],"curies":[{"name":"wp","href":"https:\/\/api.w.org\/{rel}","templated":true}]}}