{"id":1383,"date":"2015-04-07T12:39:06","date_gmt":"2015-04-07T10:39:06","guid":{"rendered":"https:\/\/www.sgeaj.ch\/publicazione-rivista-svizzera-versants-n-612014-2\/"},"modified":"2021-03-30T18:07:49","modified_gmt":"2021-03-30T16:07:49","slug":"publicazione-rivista-svizzera-versants-n-612014","status":"publish","type":"post","link":"https:\/\/www.sgeaj.ch\/fr\/actualite\/nouvelles-publications\/publicazione-rivista-svizzera-versants-n-612014\/","title":{"rendered":"Studi sul Settencento"},"content":{"rendered":"<h3><strong>Studi sul Settencento: critica, filologia, interpretazione, rivista svizzera \u00ab\u00a0Versants\u00a0\u00bb, n\u00b0 61\/2014<br \/>\n<\/strong><\/h3>\n<p>Numero a cura di Gabriele Bucchi e Alberto Boncaccia<\/p>\n<p><strong>Gabriele BUCCHI<\/strong><br \/>\nIntroduzione<\/p>\n<p><strong>Simone FORLESI<\/strong><br \/>\nCommittenza diplomatica whig e antigesuitismo: Anton Maria Salvini e la traduzione della Letter from Italy di Joseph Addison<\/p>\n<p><strong>Anatole Pierre FUKSAS<\/strong><br \/>\nEtimologia e origine della lingua poetica nelle considerazioni di L. A. Muratori sulle Rime di Petrarca<\/p>\n<p><strong>Flavio CATENAZZI e Aurelio SARGENTI<\/strong><br \/>\nP. Giampietro Riva da Lugano alla corte del Cesare: un\u2019inedita corrispondenza epistolare con Pietro Paolo Carrara<\/p>\n<p><strong>Daniela MANGIONE<\/strong><br \/>\nIl demone ben temperato. Osservazioni preliminari sull\u2019idea di testo in Francesco Algarotti<\/p>\n<p><strong>Gaia GUIDOLIN<\/strong><br \/>\nI Verri e il teatro. Traduzioni, Tentativi e rifl essioni sui generi drammatici del Settecento<\/p>\n<p><strong>Luca MAZZONI<\/strong><br \/>\nChiose di Girolamo Tartarotti a \u00abRerum vulgarium fragmenta\u00bb I-LXV<\/p>\n<p><strong>Elena PARRINI CANTINI<\/strong><br \/>\nCritici \u00absemi-letterati\u00bb nella stampa periodica del secondo Settecento in Toscana<\/p>\n<p><strong>Renato MARTINONI<\/strong><br \/>\n\u00abLa vera poesia dee penetrarci nel cuore\u00bb. Le rime milanesi di Carl\u2019Antonio Tanzi<\/p>\n<p><strong>Anna Maria SALVAD\u00c8<\/strong><br \/>\nFrancesco Algarotti a Pietroburgo: il Giornale di viaggio del 1739<\/p>\n<p><strong>Guido SANTATO<\/strong><br \/>\nProblemi di interpretazione e di commento dell\u2019Esquisse du Jugement Universel di Alfieri<\/p>\n<p>\u2192 <a href=\"http:\/\/www.slatkine.com\/fr\/slatkine-reprints-erudition\/68970-book-07102714-9782051027144.html\" target=\"_blank\" rel=\"noopener noreferrer\">Ordinazione<\/a><\/p>\n","protected":false},"excerpt":{"rendered":"<p>Studi sul Settencento: critica, filologia, interpretazione, rivista svizzera \u00ab\u00a0Versants\u00a0\u00bb, n\u00b0 61\/2014 Numero a cura di Gabriele Bucchi e Alberto Boncaccia Gabriele BUCCHI Introduzione Simone FORLESI Committenza diplomatica whig e antigesuitismo: Anton Maria Salvini e la traduzione della Letter from Italy di Joseph Addison Anatole Pierre FUKSAS Etimologia e origine della lingua poetica nelle considerazioni di [&hellip;]<\/p>\n","protected":false},"author":2,"featured_media":5754,"comment_status":"closed","ping_status":"open","sticky":false,"template":"","format":"standard","meta":{"footnotes":""},"categories":[42,25],"tags":[],"class_list":{"0":"post-1383","1":"post","2":"type-post","3":"status-publish","4":"format-standard","5":"has-post-thumbnail","7":"category-actualite","8":"category-nouvelles-publications","9":"czr-hentry"},"yoast_head":"<!-- This site is optimized with the Yoast SEO plugin v26.9 - https:\/\/yoast.com\/product\/yoast-seo-wordpress\/ -->\n<title>Studi sul Settencento - Schweizerische Gesellschaft f\u00fcr die Erforschung des 18. Jahrhunderts (SGEAJ - SSEDS)<\/title>\n<meta name=\"robots\" content=\"index, follow, max-snippet:-1, max-image-preview:large, max-video-preview:-1\" \/>\n<link rel=\"canonical\" href=\"https:\/\/www.sgeaj.ch\/fr\/actualite\/nouvelles-publications\/publicazione-rivista-svizzera-versants-n-612014\/\" \/>\n<meta name=\"twitter:label1\" content=\"\u00c9crit par\" \/>\n\t<meta name=\"twitter:data1\" content=\"SGEAJ\" \/>\n\t<meta name=\"twitter:label2\" content=\"Dur\u00e9e de lecture estim\u00e9e\" \/>\n\t<meta name=\"twitter:data2\" content=\"1 minute\" \/>\n<script type=\"application\/ld+json\" class=\"yoast-schema-graph\">{\"@context\":\"https:\/\/schema.org\",\"@graph\":[{\"@type\":\"Article\",\"@id\":\"https:\/\/www.sgeaj.ch\/fr\/actualite\/nouvelles-publications\/publicazione-rivista-svizzera-versants-n-612014\/#article\",\"isPartOf\":{\"@id\":\"https:\/\/www.sgeaj.ch\/fr\/actualite\/nouvelles-publications\/publicazione-rivista-svizzera-versants-n-612014\/\"},\"author\":{\"name\":\"SGEAJ\",\"@id\":\"https:\/\/www.sgeaj.ch\/fr\/#\/schema\/person\/6bd2b59ee4319b4a54912921450cebf6\"},\"headline\":\"Studi sul Settencento\",\"datePublished\":\"2015-04-07T10:39:06+00:00\",\"dateModified\":\"2021-03-30T16:07:49+00:00\",\"mainEntityOfPage\":{\"@id\":\"https:\/\/www.sgeaj.ch\/fr\/actualite\/nouvelles-publications\/publicazione-rivista-svizzera-versants-n-612014\/\"},\"wordCount\":186,\"publisher\":{\"@id\":\"https:\/\/www.sgeaj.ch\/fr\/#organization\"},\"image\":{\"@id\":\"https:\/\/www.sgeaj.ch\/fr\/actualite\/nouvelles-publications\/publicazione-rivista-svizzera-versants-n-612014\/#primaryimage\"},\"thumbnailUrl\":\"https:\/\/www.sgeaj.ch\/wp-content\/uploads\/2015\/04\/proxy-image.jpg\",\"articleSection\":[\"Actualit\u00e9\",\"Nouvelles publications\"],\"inLanguage\":\"fr-FR\"},{\"@type\":\"WebPage\",\"@id\":\"https:\/\/www.sgeaj.ch\/fr\/actualite\/nouvelles-publications\/publicazione-rivista-svizzera-versants-n-612014\/\",\"url\":\"https:\/\/www.sgeaj.ch\/fr\/actualite\/nouvelles-publications\/publicazione-rivista-svizzera-versants-n-612014\/\",\"name\":\"Studi sul Settencento - Schweizerische Gesellschaft f\u00fcr die Erforschung des 18. Jahrhunderts (SGEAJ - SSEDS)\",\"isPartOf\":{\"@id\":\"https:\/\/www.sgeaj.ch\/fr\/#website\"},\"primaryImageOfPage\":{\"@id\":\"https:\/\/www.sgeaj.ch\/fr\/actualite\/nouvelles-publications\/publicazione-rivista-svizzera-versants-n-612014\/#primaryimage\"},\"image\":{\"@id\":\"https:\/\/www.sgeaj.ch\/fr\/actualite\/nouvelles-publications\/publicazione-rivista-svizzera-versants-n-612014\/#primaryimage\"},\"thumbnailUrl\":\"https:\/\/www.sgeaj.ch\/wp-content\/uploads\/2015\/04\/proxy-image.jpg\",\"datePublished\":\"2015-04-07T10:39:06+00:00\",\"dateModified\":\"2021-03-30T16:07:49+00:00\",\"inLanguage\":\"fr-FR\",\"potentialAction\":[{\"@type\":\"ReadAction\",\"target\":[\"https:\/\/www.sgeaj.ch\/fr\/actualite\/nouvelles-publications\/publicazione-rivista-svizzera-versants-n-612014\/\"]}]},{\"@type\":\"ImageObject\",\"inLanguage\":\"fr-FR\",\"@id\":\"https:\/\/www.sgeaj.ch\/fr\/actualite\/nouvelles-publications\/publicazione-rivista-svizzera-versants-n-612014\/#primaryimage\",\"url\":\"https:\/\/www.sgeaj.ch\/wp-content\/uploads\/2015\/04\/proxy-image.jpg\",\"contentUrl\":\"https:\/\/www.sgeaj.ch\/wp-content\/uploads\/2015\/04\/proxy-image.jpg\",\"width\":818,\"height\":1200},{\"@type\":\"WebSite\",\"@id\":\"https:\/\/www.sgeaj.ch\/fr\/#website\",\"url\":\"https:\/\/www.sgeaj.ch\/fr\/\",\"name\":\"Schweizerische Gesellschaft f\u00fcr die Erforschung des 18. Jahrhunderts (SGEAJ - SSEDS)\",\"description\":\"Schweizerische Gesellschaft f\u00fcr die Erforschung des 18. Jahrhunderts\",\"publisher\":{\"@id\":\"https:\/\/www.sgeaj.ch\/fr\/#organization\"},\"potentialAction\":[{\"@type\":\"SearchAction\",\"target\":{\"@type\":\"EntryPoint\",\"urlTemplate\":\"https:\/\/www.sgeaj.ch\/fr\/?s={search_term_string}\"},\"query-input\":{\"@type\":\"PropertyValueSpecification\",\"valueRequired\":true,\"valueName\":\"search_term_string\"}}],\"inLanguage\":\"fr-FR\"},{\"@type\":\"Organization\",\"@id\":\"https:\/\/www.sgeaj.ch\/fr\/#organization\",\"name\":\"Schweizerische Gesellschaft f\u00fcr die Erforschung des 18. Jahrhunderts (SGEAJ - SSEDS)\",\"url\":\"https:\/\/www.sgeaj.ch\/fr\/\",\"logo\":{\"@type\":\"ImageObject\",\"inLanguage\":\"fr-FR\",\"@id\":\"https:\/\/www.sgeaj.ch\/fr\/#\/schema\/logo\/image\/\",\"url\":\"https:\/\/www.sgeaj.ch\/wp-content\/uploads\/2021\/06\/cropped-logo-xviiies-horiz-abreuviations-bleues.png\",\"contentUrl\":\"https:\/\/www.sgeaj.ch\/wp-content\/uploads\/2021\/06\/cropped-logo-xviiies-horiz-abreuviations-bleues.png\",\"width\":659,\"height\":335,\"caption\":\"Schweizerische Gesellschaft f\u00fcr die Erforschung des 18. Jahrhunderts (SGEAJ - SSEDS)\"},\"image\":{\"@id\":\"https:\/\/www.sgeaj.ch\/fr\/#\/schema\/logo\/image\/\"}},{\"@type\":\"Person\",\"@id\":\"https:\/\/www.sgeaj.ch\/fr\/#\/schema\/person\/6bd2b59ee4319b4a54912921450cebf6\",\"name\":\"SGEAJ\",\"url\":\"https:\/\/www.sgeaj.ch\/fr\/author\/sgeaj\/\"}]}<\/script>\n<!-- \/ Yoast SEO plugin. -->","yoast_head_json":{"title":"Studi sul Settencento - Schweizerische Gesellschaft f\u00fcr die Erforschung des 18. Jahrhunderts (SGEAJ - SSEDS)","robots":{"index":"index","follow":"follow","max-snippet":"max-snippet:-1","max-image-preview":"max-image-preview:large","max-video-preview":"max-video-preview:-1"},"canonical":"https:\/\/www.sgeaj.ch\/fr\/actualite\/nouvelles-publications\/publicazione-rivista-svizzera-versants-n-612014\/","twitter_misc":{"\u00c9crit par":"SGEAJ","Dur\u00e9e de lecture estim\u00e9e":"1 minute"},"schema":{"@context":"https:\/\/schema.org","@graph":[{"@type":"Article","@id":"https:\/\/www.sgeaj.ch\/fr\/actualite\/nouvelles-publications\/publicazione-rivista-svizzera-versants-n-612014\/#article","isPartOf":{"@id":"https:\/\/www.sgeaj.ch\/fr\/actualite\/nouvelles-publications\/publicazione-rivista-svizzera-versants-n-612014\/"},"author":{"name":"SGEAJ","@id":"https:\/\/www.sgeaj.ch\/fr\/#\/schema\/person\/6bd2b59ee4319b4a54912921450cebf6"},"headline":"Studi sul Settencento","datePublished":"2015-04-07T10:39:06+00:00","dateModified":"2021-03-30T16:07:49+00:00","mainEntityOfPage":{"@id":"https:\/\/www.sgeaj.ch\/fr\/actualite\/nouvelles-publications\/publicazione-rivista-svizzera-versants-n-612014\/"},"wordCount":186,"publisher":{"@id":"https:\/\/www.sgeaj.ch\/fr\/#organization"},"image":{"@id":"https:\/\/www.sgeaj.ch\/fr\/actualite\/nouvelles-publications\/publicazione-rivista-svizzera-versants-n-612014\/#primaryimage"},"thumbnailUrl":"https:\/\/www.sgeaj.ch\/wp-content\/uploads\/2015\/04\/proxy-image.jpg","articleSection":["Actualit\u00e9","Nouvelles publications"],"inLanguage":"fr-FR"},{"@type":"WebPage","@id":"https:\/\/www.sgeaj.ch\/fr\/actualite\/nouvelles-publications\/publicazione-rivista-svizzera-versants-n-612014\/","url":"https:\/\/www.sgeaj.ch\/fr\/actualite\/nouvelles-publications\/publicazione-rivista-svizzera-versants-n-612014\/","name":"Studi sul Settencento - Schweizerische Gesellschaft f\u00fcr die Erforschung des 18. Jahrhunderts (SGEAJ - SSEDS)","isPartOf":{"@id":"https:\/\/www.sgeaj.ch\/fr\/#website"},"primaryImageOfPage":{"@id":"https:\/\/www.sgeaj.ch\/fr\/actualite\/nouvelles-publications\/publicazione-rivista-svizzera-versants-n-612014\/#primaryimage"},"image":{"@id":"https:\/\/www.sgeaj.ch\/fr\/actualite\/nouvelles-publications\/publicazione-rivista-svizzera-versants-n-612014\/#primaryimage"},"thumbnailUrl":"https:\/\/www.sgeaj.ch\/wp-content\/uploads\/2015\/04\/proxy-image.jpg","datePublished":"2015-04-07T10:39:06+00:00","dateModified":"2021-03-30T16:07:49+00:00","inLanguage":"fr-FR","potentialAction":[{"@type":"ReadAction","target":["https:\/\/www.sgeaj.ch\/fr\/actualite\/nouvelles-publications\/publicazione-rivista-svizzera-versants-n-612014\/"]}]},{"@type":"ImageObject","inLanguage":"fr-FR","@id":"https:\/\/www.sgeaj.ch\/fr\/actualite\/nouvelles-publications\/publicazione-rivista-svizzera-versants-n-612014\/#primaryimage","url":"https:\/\/www.sgeaj.ch\/wp-content\/uploads\/2015\/04\/proxy-image.jpg","contentUrl":"https:\/\/www.sgeaj.ch\/wp-content\/uploads\/2015\/04\/proxy-image.jpg","width":818,"height":1200},{"@type":"WebSite","@id":"https:\/\/www.sgeaj.ch\/fr\/#website","url":"https:\/\/www.sgeaj.ch\/fr\/","name":"Schweizerische Gesellschaft f\u00fcr die Erforschung des 18. Jahrhunderts (SGEAJ - SSEDS)","description":"Schweizerische Gesellschaft f\u00fcr die Erforschung des 18. Jahrhunderts","publisher":{"@id":"https:\/\/www.sgeaj.ch\/fr\/#organization"},"potentialAction":[{"@type":"SearchAction","target":{"@type":"EntryPoint","urlTemplate":"https:\/\/www.sgeaj.ch\/fr\/?s={search_term_string}"},"query-input":{"@type":"PropertyValueSpecification","valueRequired":true,"valueName":"search_term_string"}}],"inLanguage":"fr-FR"},{"@type":"Organization","@id":"https:\/\/www.sgeaj.ch\/fr\/#organization","name":"Schweizerische Gesellschaft f\u00fcr die Erforschung des 18. Jahrhunderts (SGEAJ - SSEDS)","url":"https:\/\/www.sgeaj.ch\/fr\/","logo":{"@type":"ImageObject","inLanguage":"fr-FR","@id":"https:\/\/www.sgeaj.ch\/fr\/#\/schema\/logo\/image\/","url":"https:\/\/www.sgeaj.ch\/wp-content\/uploads\/2021\/06\/cropped-logo-xviiies-horiz-abreuviations-bleues.png","contentUrl":"https:\/\/www.sgeaj.ch\/wp-content\/uploads\/2021\/06\/cropped-logo-xviiies-horiz-abreuviations-bleues.png","width":659,"height":335,"caption":"Schweizerische Gesellschaft f\u00fcr die Erforschung des 18. Jahrhunderts (SGEAJ - SSEDS)"},"image":{"@id":"https:\/\/www.sgeaj.ch\/fr\/#\/schema\/logo\/image\/"}},{"@type":"Person","@id":"https:\/\/www.sgeaj.ch\/fr\/#\/schema\/person\/6bd2b59ee4319b4a54912921450cebf6","name":"SGEAJ","url":"https:\/\/www.sgeaj.ch\/fr\/author\/sgeaj\/"}]}},"_links":{"self":[{"href":"https:\/\/www.sgeaj.ch\/fr\/wp-json\/wp\/v2\/posts\/1383","targetHints":{"allow":["GET"]}}],"collection":[{"href":"https:\/\/www.sgeaj.ch\/fr\/wp-json\/wp\/v2\/posts"}],"about":[{"href":"https:\/\/www.sgeaj.ch\/fr\/wp-json\/wp\/v2\/types\/post"}],"author":[{"embeddable":true,"href":"https:\/\/www.sgeaj.ch\/fr\/wp-json\/wp\/v2\/users\/2"}],"replies":[{"embeddable":true,"href":"https:\/\/www.sgeaj.ch\/fr\/wp-json\/wp\/v2\/comments?post=1383"}],"version-history":[{"count":2,"href":"https:\/\/www.sgeaj.ch\/fr\/wp-json\/wp\/v2\/posts\/1383\/revisions"}],"predecessor-version":[{"id":5756,"href":"https:\/\/www.sgeaj.ch\/fr\/wp-json\/wp\/v2\/posts\/1383\/revisions\/5756"}],"wp:featuredmedia":[{"embeddable":true,"href":"https:\/\/www.sgeaj.ch\/fr\/wp-json\/wp\/v2\/media\/5754"}],"wp:attachment":[{"href":"https:\/\/www.sgeaj.ch\/fr\/wp-json\/wp\/v2\/media?parent=1383"}],"wp:term":[{"taxonomy":"category","embeddable":true,"href":"https:\/\/www.sgeaj.ch\/fr\/wp-json\/wp\/v2\/categories?post=1383"},{"taxonomy":"post_tag","embeddable":true,"href":"https:\/\/www.sgeaj.ch\/fr\/wp-json\/wp\/v2\/tags?post=1383"}],"curies":[{"name":"wp","href":"https:\/\/api.w.org\/{rel}","templated":true}]}}