{"id":1392,"date":"2015-01-07T13:06:49","date_gmt":"2015-01-07T12:06:49","guid":{"rendered":"https:\/\/www.sgeaj.ch\/exposition-sade-un-athee-en-amour-2\/"},"modified":"2021-03-30T17:56:25","modified_gmt":"2021-03-30T15:56:25","slug":"exposition-sade-un-athee-en-amour","status":"publish","type":"post","link":"https:\/\/www.sgeaj.ch\/fr\/actualite\/colloques\/exposition-sade-un-athee-en-amour\/","title":{"rendered":"Sade, un ath\u00e9e en amour"},"content":{"rendered":"<div class=\"accroche\">\n<h3>Exposition et colloque \u00ab\u00a0Sade, un ath\u00e9e en amour\u00a0\u00bb, Fondation Bodmer, du 6 d\u00e9cembre 2014 au 12 avril 2015<\/h3>\n<\/div>\n<p>Longtemps le nom de Sade a \u00e9t\u00e9 objet de scandale, d\u2019ex\u00e9cration ou, au contraire, d\u2019admiration lyrique. Pour le bicentenaire de sa mort, il est temps de le pr\u00e9senter comme un moment essentiel de notre histoire culturelle. Il est \u00e0 replacer dans de longues traditions, celle de la litt\u00e9rature amoureuse depuis P\u00e9trarque (la famille de Sade descend de Laure, chant\u00e9e par le po\u00e8te italien), celle d\u2019une lign\u00e9e aristocratique proven\u00e7ale \u00e9prise d\u2019honneur. Comment comprendre les ruptures qu\u2019il incarne, ses obsessions de violence et de sexe ?<\/p>\n<p>Entre l\u2019Italie o\u00f9 il conna\u00eet des cavales heureuses et la prison o\u00f9 il passe la moiti\u00e9 de sa vie, entre le pass\u00e9 f\u00e9odal et la R\u00e9volution, Sade bascule dans l\u2019imaginaire. Il nous laisse une \u0153uvre inachev\u00e9e, en partie d\u00e9truite, qui est un d\u00e9fi. Illustrateurs et cin\u00e9astes ont voulu mettre des images sur ses mots. Les d\u00e9bats id\u00e9ologiques et nationaux ont parasit\u00e9 sa lecture. Sade s\u2019impose d\u00e9sormais, dans ses manuscrits et ses publications, comme un \u00e9crivain essentiel.<\/p>\n<p>L\u2019exposition propose un regard nouveau sur un auteur majeur qu\u2019il est urgent de d\u00e9barrasser des pr\u00e9jug\u00e9s et des lieux communs pour le lire dans ses \u0153uvres et dans ses \u00e9crits les plus intimes: un auteur qui r\u00e9sume son si\u00e8cle et sa passion du plaisir, mais aussi ses ab\u00eemes, ses gouffres, tout ce qui fait de Sade l\u2019inventeur de la modernit\u00e9 en litt\u00e9rature, le pr\u00e9curseur d\u2019une science de l\u2019inconscient, l\u2019analyste implacable des passions les moins avouables. L\u2019exposition de la Fondation Martin Bodmer invite chaque spectateur \u00e0 juger par lui-m\u00eame, preuves en mains.<\/p>\n<p>Commissaire de l\u2019exposition&nbsp;: Prof. Michel Delon,&nbsp;Universit\u00e9 Paris-Sorbonne<br \/>\nSous la direction de Prof. Jacques Berchtold<\/p>\n<p>\u2192 <a href=\"https:\/\/www.sgeaj.ch\/wp-content\/uploads\/2015\/01\/2014-Expo-Sade-Dossier-Presse.pdf\" target=\"_blank\" rel=\"noopener noreferrer\">Dossier de presse (pdf)<\/a><br \/>\n\u2192 <a href=\"http:\/\/fondationbodmer.ch\/expositions-temporaires\/sade-athee-en-amour\/\" target=\"_blank\" rel=\"noopener noreferrer\">Lien vers la Fondation Bodmer<\/a><\/p>\n<hr>\n<h2>\u00ab\u00a0Les langues de Sade\u00a0\u00bb, 27-28 f\u00e9vrier 2015<\/h2>\n<p>Colloque organis\u00e9 par Philippe Roger (CNRS, EHESS) et Martin Rueff (UNIGE) avec la collaboration de Fabrice Brandli (UNIGE)<\/p>\n<p>Universit\u00e9 de Gen\u00e8ve, Bastions<\/p>\n<p>Que le libertinage soit un \u00ab fait de langage \u00bb para\u00eet peu contestable. Sade ne fait pas exception, mais sa singularit\u00e9 est ailleurs : dans la coexistence de \u00ab mille autres langages \u00bb avec les langages, eux-m\u00eames \u00ab polychromes \u00bb (Barthes), de ses libertins. Le texte sadien en est tress\u00e9. D\u2019o\u00f9 sa tension, comme d\u2019une corde ou d\u2019un c\u00e2ble. D\u2019o\u00f9 aussi sa munificence : c\u2019est d\u2019une cornucopia que coule cette inlassable \u00e9criture. On associera dans ce colloque la question des \u00ab langues de Sade \u00bb (celles qu\u2019il conna\u00eet, qu\u2019il aime, qu\u2019il pratique : le fran\u00e7ais, le proven\u00e7al, l\u2019italien) \u00e0 celle des \u00ab langages \u00bb qui traversent son \u00e9criture : logique, gourmand, libidinal, esth\u00e9tique, p\u00e9nal, etc. Et l\u2019on pr\u00eatera l\u2019oreille \u00e0 l\u2019\u00e9trange phrase sadienne, \u00e0 sa grammaire, \u00e0 sa diction, \u00e0 sa cadence, avant d\u2019interroger, en miroir, la mani\u00e8re dont les langues \u00e9trang\u00e8res \u2013 allemand, arabe, anglais, chinois, espagnol, hongrois, italien, japonais ou russe \u2013 s\u2019emploient \u00e0 rendre avec des bonheurs divers cette \u00e9tranget\u00e9. En quelles langues parle Sade ? Quelles langues parlent en Sade ? Comment les autres langues le font-elles parler ? Telles sont, en somme, les trois questions que nous nous poserons au cours de ces journ\u00e9es.<\/p>\n<p>\u2192 <a href=\"https:\/\/www.sgeaj.ch\/wp-content\/uploads\/2015\/01\/2015-Programme-colloque-Sade.pdf\" target=\"_blank\" rel=\"noopener noreferrer\">Programme du colloque (pdf)<\/a><\/p>\n","protected":false},"excerpt":{"rendered":"<p>Exposition et colloque \u00ab\u00a0Sade, un ath\u00e9e en amour\u00a0\u00bb, Fondation Bodmer, du 6 d\u00e9cembre 2014 au 12 avril 2015 Longtemps le nom de Sade a \u00e9t\u00e9 objet de scandale, d\u2019ex\u00e9cration ou, au contraire, d\u2019admiration lyrique. Pour le bicentenaire de sa mort, il est temps de le pr\u00e9senter comme un moment essentiel de notre histoire culturelle. Il [&hellip;]<\/p>\n","protected":false},"author":2,"featured_media":3480,"comment_status":"closed","ping_status":"open","sticky":false,"template":"","format":"standard","meta":{"footnotes":""},"categories":[42,27],"tags":[],"class_list":{"0":"post-1392","1":"post","2":"type-post","3":"status-publish","4":"format-standard","5":"has-post-thumbnail","7":"category-actualite","8":"category-colloques","9":"czr-hentry"},"yoast_head":"<!-- This site is optimized with the Yoast SEO plugin v26.9 - https:\/\/yoast.com\/product\/yoast-seo-wordpress\/ -->\n<title>Sade, un ath\u00e9e en amour - Schweizerische Gesellschaft f\u00fcr die Erforschung des 18. Jahrhunderts (SGEAJ - SSEDS)<\/title>\n<meta name=\"robots\" content=\"index, follow, max-snippet:-1, max-image-preview:large, max-video-preview:-1\" \/>\n<link rel=\"canonical\" href=\"https:\/\/www.sgeaj.ch\/fr\/actualite\/colloques\/exposition-sade-un-athee-en-amour\/\" \/>\n<meta name=\"twitter:label1\" content=\"\u00c9crit par\" \/>\n\t<meta name=\"twitter:data1\" content=\"SGEAJ\" \/>\n\t<meta name=\"twitter:label2\" content=\"Dur\u00e9e de lecture estim\u00e9e\" \/>\n\t<meta name=\"twitter:data2\" content=\"3 minutes\" \/>\n<script type=\"application\/ld+json\" class=\"yoast-schema-graph\">{\"@context\":\"https:\/\/schema.org\",\"@graph\":[{\"@type\":\"Article\",\"@id\":\"https:\/\/www.sgeaj.ch\/fr\/actualite\/colloques\/exposition-sade-un-athee-en-amour\/#article\",\"isPartOf\":{\"@id\":\"https:\/\/www.sgeaj.ch\/fr\/actualite\/colloques\/exposition-sade-un-athee-en-amour\/\"},\"author\":{\"name\":\"SGEAJ\",\"@id\":\"https:\/\/www.sgeaj.ch\/fr\/#\/schema\/person\/6bd2b59ee4319b4a54912921450cebf6\"},\"headline\":\"Sade, un ath\u00e9e en amour\",\"datePublished\":\"2015-01-07T12:06:49+00:00\",\"dateModified\":\"2021-03-30T15:56:25+00:00\",\"mainEntityOfPage\":{\"@id\":\"https:\/\/www.sgeaj.ch\/fr\/actualite\/colloques\/exposition-sade-un-athee-en-amour\/\"},\"wordCount\":574,\"publisher\":{\"@id\":\"https:\/\/www.sgeaj.ch\/fr\/#organization\"},\"image\":{\"@id\":\"https:\/\/www.sgeaj.ch\/fr\/actualite\/colloques\/exposition-sade-un-athee-en-amour\/#primaryimage\"},\"thumbnailUrl\":\"https:\/\/www.sgeaj.ch\/wp-content\/uploads\/2015\/01\/2014-Expo-Sade.png\",\"articleSection\":[\"Actualit\u00e9\",\"Colloques\"],\"inLanguage\":\"fr-FR\"},{\"@type\":\"WebPage\",\"@id\":\"https:\/\/www.sgeaj.ch\/fr\/actualite\/colloques\/exposition-sade-un-athee-en-amour\/\",\"url\":\"https:\/\/www.sgeaj.ch\/fr\/actualite\/colloques\/exposition-sade-un-athee-en-amour\/\",\"name\":\"Sade, un ath\u00e9e en amour - Schweizerische Gesellschaft f\u00fcr die Erforschung des 18. Jahrhunderts (SGEAJ - SSEDS)\",\"isPartOf\":{\"@id\":\"https:\/\/www.sgeaj.ch\/fr\/#website\"},\"primaryImageOfPage\":{\"@id\":\"https:\/\/www.sgeaj.ch\/fr\/actualite\/colloques\/exposition-sade-un-athee-en-amour\/#primaryimage\"},\"image\":{\"@id\":\"https:\/\/www.sgeaj.ch\/fr\/actualite\/colloques\/exposition-sade-un-athee-en-amour\/#primaryimage\"},\"thumbnailUrl\":\"https:\/\/www.sgeaj.ch\/wp-content\/uploads\/2015\/01\/2014-Expo-Sade.png\",\"datePublished\":\"2015-01-07T12:06:49+00:00\",\"dateModified\":\"2021-03-30T15:56:25+00:00\",\"inLanguage\":\"fr-FR\",\"potentialAction\":[{\"@type\":\"ReadAction\",\"target\":[\"https:\/\/www.sgeaj.ch\/fr\/actualite\/colloques\/exposition-sade-un-athee-en-amour\/\"]}]},{\"@type\":\"ImageObject\",\"inLanguage\":\"fr-FR\",\"@id\":\"https:\/\/www.sgeaj.ch\/fr\/actualite\/colloques\/exposition-sade-un-athee-en-amour\/#primaryimage\",\"url\":\"https:\/\/www.sgeaj.ch\/wp-content\/uploads\/2015\/01\/2014-Expo-Sade.png\",\"contentUrl\":\"https:\/\/www.sgeaj.ch\/wp-content\/uploads\/2015\/01\/2014-Expo-Sade.png\",\"width\":537,\"height\":622},{\"@type\":\"WebSite\",\"@id\":\"https:\/\/www.sgeaj.ch\/fr\/#website\",\"url\":\"https:\/\/www.sgeaj.ch\/fr\/\",\"name\":\"Schweizerische Gesellschaft f\u00fcr die Erforschung des 18. Jahrhunderts (SGEAJ - SSEDS)\",\"description\":\"Schweizerische Gesellschaft f\u00fcr die Erforschung des 18. Jahrhunderts\",\"publisher\":{\"@id\":\"https:\/\/www.sgeaj.ch\/fr\/#organization\"},\"potentialAction\":[{\"@type\":\"SearchAction\",\"target\":{\"@type\":\"EntryPoint\",\"urlTemplate\":\"https:\/\/www.sgeaj.ch\/fr\/?s={search_term_string}\"},\"query-input\":{\"@type\":\"PropertyValueSpecification\",\"valueRequired\":true,\"valueName\":\"search_term_string\"}}],\"inLanguage\":\"fr-FR\"},{\"@type\":\"Organization\",\"@id\":\"https:\/\/www.sgeaj.ch\/fr\/#organization\",\"name\":\"Schweizerische Gesellschaft f\u00fcr die Erforschung des 18. Jahrhunderts (SGEAJ - SSEDS)\",\"url\":\"https:\/\/www.sgeaj.ch\/fr\/\",\"logo\":{\"@type\":\"ImageObject\",\"inLanguage\":\"fr-FR\",\"@id\":\"https:\/\/www.sgeaj.ch\/fr\/#\/schema\/logo\/image\/\",\"url\":\"https:\/\/www.sgeaj.ch\/wp-content\/uploads\/2021\/06\/cropped-logo-xviiies-horiz-abreuviations-bleues.png\",\"contentUrl\":\"https:\/\/www.sgeaj.ch\/wp-content\/uploads\/2021\/06\/cropped-logo-xviiies-horiz-abreuviations-bleues.png\",\"width\":659,\"height\":335,\"caption\":\"Schweizerische Gesellschaft f\u00fcr die Erforschung des 18. Jahrhunderts (SGEAJ - SSEDS)\"},\"image\":{\"@id\":\"https:\/\/www.sgeaj.ch\/fr\/#\/schema\/logo\/image\/\"}},{\"@type\":\"Person\",\"@id\":\"https:\/\/www.sgeaj.ch\/fr\/#\/schema\/person\/6bd2b59ee4319b4a54912921450cebf6\",\"name\":\"SGEAJ\",\"url\":\"https:\/\/www.sgeaj.ch\/fr\/author\/sgeaj\/\"}]}<\/script>\n<!-- \/ Yoast SEO plugin. -->","yoast_head_json":{"title":"Sade, un ath\u00e9e en amour - Schweizerische Gesellschaft f\u00fcr die Erforschung des 18. Jahrhunderts (SGEAJ - SSEDS)","robots":{"index":"index","follow":"follow","max-snippet":"max-snippet:-1","max-image-preview":"max-image-preview:large","max-video-preview":"max-video-preview:-1"},"canonical":"https:\/\/www.sgeaj.ch\/fr\/actualite\/colloques\/exposition-sade-un-athee-en-amour\/","twitter_misc":{"\u00c9crit par":"SGEAJ","Dur\u00e9e de lecture estim\u00e9e":"3 minutes"},"schema":{"@context":"https:\/\/schema.org","@graph":[{"@type":"Article","@id":"https:\/\/www.sgeaj.ch\/fr\/actualite\/colloques\/exposition-sade-un-athee-en-amour\/#article","isPartOf":{"@id":"https:\/\/www.sgeaj.ch\/fr\/actualite\/colloques\/exposition-sade-un-athee-en-amour\/"},"author":{"name":"SGEAJ","@id":"https:\/\/www.sgeaj.ch\/fr\/#\/schema\/person\/6bd2b59ee4319b4a54912921450cebf6"},"headline":"Sade, un ath\u00e9e en amour","datePublished":"2015-01-07T12:06:49+00:00","dateModified":"2021-03-30T15:56:25+00:00","mainEntityOfPage":{"@id":"https:\/\/www.sgeaj.ch\/fr\/actualite\/colloques\/exposition-sade-un-athee-en-amour\/"},"wordCount":574,"publisher":{"@id":"https:\/\/www.sgeaj.ch\/fr\/#organization"},"image":{"@id":"https:\/\/www.sgeaj.ch\/fr\/actualite\/colloques\/exposition-sade-un-athee-en-amour\/#primaryimage"},"thumbnailUrl":"https:\/\/www.sgeaj.ch\/wp-content\/uploads\/2015\/01\/2014-Expo-Sade.png","articleSection":["Actualit\u00e9","Colloques"],"inLanguage":"fr-FR"},{"@type":"WebPage","@id":"https:\/\/www.sgeaj.ch\/fr\/actualite\/colloques\/exposition-sade-un-athee-en-amour\/","url":"https:\/\/www.sgeaj.ch\/fr\/actualite\/colloques\/exposition-sade-un-athee-en-amour\/","name":"Sade, un ath\u00e9e en amour - Schweizerische Gesellschaft f\u00fcr die Erforschung des 18. Jahrhunderts (SGEAJ - SSEDS)","isPartOf":{"@id":"https:\/\/www.sgeaj.ch\/fr\/#website"},"primaryImageOfPage":{"@id":"https:\/\/www.sgeaj.ch\/fr\/actualite\/colloques\/exposition-sade-un-athee-en-amour\/#primaryimage"},"image":{"@id":"https:\/\/www.sgeaj.ch\/fr\/actualite\/colloques\/exposition-sade-un-athee-en-amour\/#primaryimage"},"thumbnailUrl":"https:\/\/www.sgeaj.ch\/wp-content\/uploads\/2015\/01\/2014-Expo-Sade.png","datePublished":"2015-01-07T12:06:49+00:00","dateModified":"2021-03-30T15:56:25+00:00","inLanguage":"fr-FR","potentialAction":[{"@type":"ReadAction","target":["https:\/\/www.sgeaj.ch\/fr\/actualite\/colloques\/exposition-sade-un-athee-en-amour\/"]}]},{"@type":"ImageObject","inLanguage":"fr-FR","@id":"https:\/\/www.sgeaj.ch\/fr\/actualite\/colloques\/exposition-sade-un-athee-en-amour\/#primaryimage","url":"https:\/\/www.sgeaj.ch\/wp-content\/uploads\/2015\/01\/2014-Expo-Sade.png","contentUrl":"https:\/\/www.sgeaj.ch\/wp-content\/uploads\/2015\/01\/2014-Expo-Sade.png","width":537,"height":622},{"@type":"WebSite","@id":"https:\/\/www.sgeaj.ch\/fr\/#website","url":"https:\/\/www.sgeaj.ch\/fr\/","name":"Schweizerische Gesellschaft f\u00fcr die Erforschung des 18. Jahrhunderts (SGEAJ - SSEDS)","description":"Schweizerische Gesellschaft f\u00fcr die Erforschung des 18. Jahrhunderts","publisher":{"@id":"https:\/\/www.sgeaj.ch\/fr\/#organization"},"potentialAction":[{"@type":"SearchAction","target":{"@type":"EntryPoint","urlTemplate":"https:\/\/www.sgeaj.ch\/fr\/?s={search_term_string}"},"query-input":{"@type":"PropertyValueSpecification","valueRequired":true,"valueName":"search_term_string"}}],"inLanguage":"fr-FR"},{"@type":"Organization","@id":"https:\/\/www.sgeaj.ch\/fr\/#organization","name":"Schweizerische Gesellschaft f\u00fcr die Erforschung des 18. Jahrhunderts (SGEAJ - SSEDS)","url":"https:\/\/www.sgeaj.ch\/fr\/","logo":{"@type":"ImageObject","inLanguage":"fr-FR","@id":"https:\/\/www.sgeaj.ch\/fr\/#\/schema\/logo\/image\/","url":"https:\/\/www.sgeaj.ch\/wp-content\/uploads\/2021\/06\/cropped-logo-xviiies-horiz-abreuviations-bleues.png","contentUrl":"https:\/\/www.sgeaj.ch\/wp-content\/uploads\/2021\/06\/cropped-logo-xviiies-horiz-abreuviations-bleues.png","width":659,"height":335,"caption":"Schweizerische Gesellschaft f\u00fcr die Erforschung des 18. Jahrhunderts (SGEAJ - SSEDS)"},"image":{"@id":"https:\/\/www.sgeaj.ch\/fr\/#\/schema\/logo\/image\/"}},{"@type":"Person","@id":"https:\/\/www.sgeaj.ch\/fr\/#\/schema\/person\/6bd2b59ee4319b4a54912921450cebf6","name":"SGEAJ","url":"https:\/\/www.sgeaj.ch\/fr\/author\/sgeaj\/"}]}},"_links":{"self":[{"href":"https:\/\/www.sgeaj.ch\/fr\/wp-json\/wp\/v2\/posts\/1392","targetHints":{"allow":["GET"]}}],"collection":[{"href":"https:\/\/www.sgeaj.ch\/fr\/wp-json\/wp\/v2\/posts"}],"about":[{"href":"https:\/\/www.sgeaj.ch\/fr\/wp-json\/wp\/v2\/types\/post"}],"author":[{"embeddable":true,"href":"https:\/\/www.sgeaj.ch\/fr\/wp-json\/wp\/v2\/users\/2"}],"replies":[{"embeddable":true,"href":"https:\/\/www.sgeaj.ch\/fr\/wp-json\/wp\/v2\/comments?post=1392"}],"version-history":[{"count":3,"href":"https:\/\/www.sgeaj.ch\/fr\/wp-json\/wp\/v2\/posts\/1392\/revisions"}],"predecessor-version":[{"id":5743,"href":"https:\/\/www.sgeaj.ch\/fr\/wp-json\/wp\/v2\/posts\/1392\/revisions\/5743"}],"wp:featuredmedia":[{"embeddable":true,"href":"https:\/\/www.sgeaj.ch\/fr\/wp-json\/wp\/v2\/media\/3480"}],"wp:attachment":[{"href":"https:\/\/www.sgeaj.ch\/fr\/wp-json\/wp\/v2\/media?parent=1392"}],"wp:term":[{"taxonomy":"category","embeddable":true,"href":"https:\/\/www.sgeaj.ch\/fr\/wp-json\/wp\/v2\/categories?post=1392"},{"taxonomy":"post_tag","embeddable":true,"href":"https:\/\/www.sgeaj.ch\/fr\/wp-json\/wp\/v2\/tags?post=1392"}],"curies":[{"name":"wp","href":"https:\/\/api.w.org\/{rel}","templated":true}]}}