{"id":1563,"date":"2015-10-12T13:12:22","date_gmt":"2015-10-12T11:12:22","guid":{"rendered":"https:\/\/www.sgeaj.ch\/colloque-penser-le-rococo-lausanne-5-6-novembre-2015-2\/"},"modified":"2021-03-30T18:14:55","modified_gmt":"2021-03-30T16:14:55","slug":"colloque-penser-le-rococo","status":"publish","type":"post","link":"https:\/\/www.sgeaj.ch\/fr\/actualite\/colloques\/colloque-penser-le-rococo\/","title":{"rendered":"Penser le rococo (XVIIIe-XXIe s.)"},"content":{"rendered":"<p><strong>Colloque international \u00ab\u00a0Penser le rococo (XVIIIe-XXIe si\u00e8cles), Universit\u00e9 de Lausanne, 5-6 novembre 2015<\/strong><\/p>\n<p>Organisation scientifique: Carl Magnusson (Universit\u00e9 de Lausanne) et Marie-Pauline Martin (Aix-Marseille Universit\u00e9)<\/p>\n<p>Lieu: Universit\u00e9 de Lausanne, B\u00e2timent Unith\u00e8que (BCU), salle 511<\/p>\n<p>Le rococo, en d\u00e9pit de la m\u00e9fiance ou de l\u2019ironie qu\u2019il suscite, occupe une place centrale dans l\u2019historiographie. En tant que cat\u00e9gorie stylistique et critique, il structure notre appr\u00e9hension de l\u2019art du XVIIIe si\u00e8cle et d\u00e9termine le regard que l\u2019on porte sur celui-ci. Ce colloque, con\u00e7u en \u00e9cho aux stimulantes recherches de ces vingt derni\u00e8res ann\u00e9es sur le rococo, vise \u00e0 d\u00e9velopper une r\u00e9flexion \u00e9pist\u00e9mologique sur une notion prot\u00e9iforme. La perspective privil\u00e9gi\u00e9e pour ce colloque est celle, critique, de l\u2019\u00e9tude d\u2019une notion devenue cat\u00e9gorie, le rococo, appelant \u00e0 r\u00e9fl\u00e9chir sur son apparition, sa s\u00e9dimentation, sa diffusion. Quelles sont les premi\u00e8res formulations de ce terme ? Sur quels pr\u00e9suppos\u00e9s se fonde-t-il ? Comment devient-il un canon formel et esth\u00e9tique ? De quelles sources se nourrit-il ? En fonction de quels enjeux \u00e9tablit-on les fronti\u00e8res et les corpus du rococo ? Comment la situation d\u2019\u00e9nonciation des ex\u00e9g\u00e8tes, aux XIXe, XXe et XXIe si\u00e8cles, a-t-elle orient\u00e9 la mise en r\u00e9cit de son histoire ? Comment les id\u00e9es v\u00e9hicul\u00e9es dans leurs travaux agissent-elles sur la production tardive d\u2019objets imitant le XVIIIe si\u00e8cle ? Comment ces revivals agissent-ils en retour sur notre compr\u00e9hension du rococo ?<\/p>\n<p>Despite the scepticism or irony which it provokes, the notion of the Rococo occupies a central position within the historiography of 18th-century art. It structures our understanding of this epoch and determines the way in which we see it. This symposium, planned as an answer to the stimulating research of the last twenty years on the Rococo, aims at an epistemological reflection on a protean notion which was progressively defined as a style during the 19th century. This symposium therefore favours a critical approach to this notion, urging contributors to reconsider how it emerged, how it was formed and diffused. What were the first manifestations of the Rococo, on what preconceived ideas was it founded, and how did it become a formal and aesthetic canon? Which sources did it draw upon ? What ideas and categories have been used to structure it ? How were the boundaries of the Rococo established ? How has the context in which interpreters have written about the Rococo oriented the formulation of narratives during the 19th, 20th and 21st centuries ? How have the ideas upon which their work is founded inflected the production of imitations of 18th-century objects ? How have these revivals, in turn, acted upon our understanding of the Rococo?<\/p>\n<p>\u2192 <a href=\"https:\/\/www.sgeaj.ch\/wp-content\/uploads\/2015\/10\/2015-Programme-Penser-le-Rococo.pdf\" target=\"_blank\" rel=\"noopener noreferrer\">Programme du colloque<\/a><\/p>\n","protected":false},"excerpt":{"rendered":"<p>Colloque international \u00ab\u00a0Penser le rococo (XVIIIe-XXIe si\u00e8cles), Universit\u00e9 de Lausanne, 5-6 novembre 2015 Organisation scientifique: Carl Magnusson (Universit\u00e9 de Lausanne) et Marie-Pauline Martin (Aix-Marseille Universit\u00e9) Lieu: Universit\u00e9 de Lausanne, B\u00e2timent Unith\u00e8que (BCU), salle 511 Le rococo, en d\u00e9pit de la m\u00e9fiance ou de l\u2019ironie qu\u2019il suscite, occupe une place centrale dans l\u2019historiographie. En tant que [&hellip;]<\/p>\n","protected":false},"author":2,"featured_media":3510,"comment_status":"closed","ping_status":"open","sticky":false,"template":"","format":"standard","meta":{"footnotes":""},"categories":[42,27],"tags":[],"class_list":{"0":"post-1563","1":"post","2":"type-post","3":"status-publish","4":"format-standard","5":"has-post-thumbnail","7":"category-actualite","8":"category-colloques","9":"czr-hentry"},"yoast_head":"<!-- This site is optimized with the Yoast SEO plugin v26.9 - https:\/\/yoast.com\/product\/yoast-seo-wordpress\/ -->\n<title>Penser le rococo (XVIIIe-XXIe s.) - Schweizerische Gesellschaft f\u00fcr die Erforschung des 18. Jahrhunderts (SGEAJ - SSEDS)<\/title>\n<meta name=\"robots\" content=\"index, follow, max-snippet:-1, max-image-preview:large, max-video-preview:-1\" \/>\n<link rel=\"canonical\" href=\"https:\/\/www.sgeaj.ch\/fr\/actualite\/colloques\/colloque-penser-le-rococo\/\" \/>\n<meta name=\"twitter:label1\" content=\"\u00c9crit par\" \/>\n\t<meta name=\"twitter:data1\" content=\"SGEAJ\" \/>\n\t<meta name=\"twitter:label2\" content=\"Dur\u00e9e de lecture estim\u00e9e\" \/>\n\t<meta name=\"twitter:data2\" content=\"2 minutes\" \/>\n<script type=\"application\/ld+json\" class=\"yoast-schema-graph\">{\"@context\":\"https:\/\/schema.org\",\"@graph\":[{\"@type\":\"Article\",\"@id\":\"https:\/\/www.sgeaj.ch\/fr\/actualite\/colloques\/colloque-penser-le-rococo\/#article\",\"isPartOf\":{\"@id\":\"https:\/\/www.sgeaj.ch\/fr\/actualite\/colloques\/colloque-penser-le-rococo\/\"},\"author\":{\"name\":\"SGEAJ\",\"@id\":\"https:\/\/www.sgeaj.ch\/fr\/#\/schema\/person\/6bd2b59ee4319b4a54912921450cebf6\"},\"headline\":\"Penser le rococo (XVIIIe-XXIe s.)\",\"datePublished\":\"2015-10-12T11:12:22+00:00\",\"dateModified\":\"2021-03-30T16:14:55+00:00\",\"mainEntityOfPage\":{\"@id\":\"https:\/\/www.sgeaj.ch\/fr\/actualite\/colloques\/colloque-penser-le-rococo\/\"},\"wordCount\":470,\"publisher\":{\"@id\":\"https:\/\/www.sgeaj.ch\/fr\/#organization\"},\"image\":{\"@id\":\"https:\/\/www.sgeaj.ch\/fr\/actualite\/colloques\/colloque-penser-le-rococo\/#primaryimage\"},\"thumbnailUrl\":\"https:\/\/www.sgeaj.ch\/wp-content\/uploads\/2015\/10\/2015-colloque-Rococo-Boucher_Toilette.jpg\",\"articleSection\":[\"Actualit\u00e9\",\"Colloques\"],\"inLanguage\":\"fr-FR\"},{\"@type\":\"WebPage\",\"@id\":\"https:\/\/www.sgeaj.ch\/fr\/actualite\/colloques\/colloque-penser-le-rococo\/\",\"url\":\"https:\/\/www.sgeaj.ch\/fr\/actualite\/colloques\/colloque-penser-le-rococo\/\",\"name\":\"Penser le rococo (XVIIIe-XXIe s.) - Schweizerische Gesellschaft f\u00fcr die Erforschung des 18. Jahrhunderts (SGEAJ - SSEDS)\",\"isPartOf\":{\"@id\":\"https:\/\/www.sgeaj.ch\/fr\/#website\"},\"primaryImageOfPage\":{\"@id\":\"https:\/\/www.sgeaj.ch\/fr\/actualite\/colloques\/colloque-penser-le-rococo\/#primaryimage\"},\"image\":{\"@id\":\"https:\/\/www.sgeaj.ch\/fr\/actualite\/colloques\/colloque-penser-le-rococo\/#primaryimage\"},\"thumbnailUrl\":\"https:\/\/www.sgeaj.ch\/wp-content\/uploads\/2015\/10\/2015-colloque-Rococo-Boucher_Toilette.jpg\",\"datePublished\":\"2015-10-12T11:12:22+00:00\",\"dateModified\":\"2021-03-30T16:14:55+00:00\",\"inLanguage\":\"fr-FR\",\"potentialAction\":[{\"@type\":\"ReadAction\",\"target\":[\"https:\/\/www.sgeaj.ch\/fr\/actualite\/colloques\/colloque-penser-le-rococo\/\"]}]},{\"@type\":\"ImageObject\",\"inLanguage\":\"fr-FR\",\"@id\":\"https:\/\/www.sgeaj.ch\/fr\/actualite\/colloques\/colloque-penser-le-rococo\/#primaryimage\",\"url\":\"https:\/\/www.sgeaj.ch\/wp-content\/uploads\/2015\/10\/2015-colloque-Rococo-Boucher_Toilette.jpg\",\"contentUrl\":\"https:\/\/www.sgeaj.ch\/wp-content\/uploads\/2015\/10\/2015-colloque-Rococo-Boucher_Toilette.jpg\",\"width\":813,\"height\":658},{\"@type\":\"WebSite\",\"@id\":\"https:\/\/www.sgeaj.ch\/fr\/#website\",\"url\":\"https:\/\/www.sgeaj.ch\/fr\/\",\"name\":\"Schweizerische Gesellschaft f\u00fcr die Erforschung des 18. Jahrhunderts (SGEAJ - SSEDS)\",\"description\":\"Schweizerische Gesellschaft f\u00fcr die Erforschung des 18. Jahrhunderts\",\"publisher\":{\"@id\":\"https:\/\/www.sgeaj.ch\/fr\/#organization\"},\"potentialAction\":[{\"@type\":\"SearchAction\",\"target\":{\"@type\":\"EntryPoint\",\"urlTemplate\":\"https:\/\/www.sgeaj.ch\/fr\/?s={search_term_string}\"},\"query-input\":{\"@type\":\"PropertyValueSpecification\",\"valueRequired\":true,\"valueName\":\"search_term_string\"}}],\"inLanguage\":\"fr-FR\"},{\"@type\":\"Organization\",\"@id\":\"https:\/\/www.sgeaj.ch\/fr\/#organization\",\"name\":\"Schweizerische Gesellschaft f\u00fcr die Erforschung des 18. Jahrhunderts (SGEAJ - SSEDS)\",\"url\":\"https:\/\/www.sgeaj.ch\/fr\/\",\"logo\":{\"@type\":\"ImageObject\",\"inLanguage\":\"fr-FR\",\"@id\":\"https:\/\/www.sgeaj.ch\/fr\/#\/schema\/logo\/image\/\",\"url\":\"https:\/\/www.sgeaj.ch\/wp-content\/uploads\/2021\/06\/cropped-logo-xviiies-horiz-abreuviations-bleues.png\",\"contentUrl\":\"https:\/\/www.sgeaj.ch\/wp-content\/uploads\/2021\/06\/cropped-logo-xviiies-horiz-abreuviations-bleues.png\",\"width\":659,\"height\":335,\"caption\":\"Schweizerische Gesellschaft f\u00fcr die Erforschung des 18. Jahrhunderts (SGEAJ - SSEDS)\"},\"image\":{\"@id\":\"https:\/\/www.sgeaj.ch\/fr\/#\/schema\/logo\/image\/\"}},{\"@type\":\"Person\",\"@id\":\"https:\/\/www.sgeaj.ch\/fr\/#\/schema\/person\/6bd2b59ee4319b4a54912921450cebf6\",\"name\":\"SGEAJ\",\"url\":\"https:\/\/www.sgeaj.ch\/fr\/author\/sgeaj\/\"}]}<\/script>\n<!-- \/ Yoast SEO plugin. -->","yoast_head_json":{"title":"Penser le rococo (XVIIIe-XXIe s.) - Schweizerische Gesellschaft f\u00fcr die Erforschung des 18. Jahrhunderts (SGEAJ - SSEDS)","robots":{"index":"index","follow":"follow","max-snippet":"max-snippet:-1","max-image-preview":"max-image-preview:large","max-video-preview":"max-video-preview:-1"},"canonical":"https:\/\/www.sgeaj.ch\/fr\/actualite\/colloques\/colloque-penser-le-rococo\/","twitter_misc":{"\u00c9crit par":"SGEAJ","Dur\u00e9e de lecture estim\u00e9e":"2 minutes"},"schema":{"@context":"https:\/\/schema.org","@graph":[{"@type":"Article","@id":"https:\/\/www.sgeaj.ch\/fr\/actualite\/colloques\/colloque-penser-le-rococo\/#article","isPartOf":{"@id":"https:\/\/www.sgeaj.ch\/fr\/actualite\/colloques\/colloque-penser-le-rococo\/"},"author":{"name":"SGEAJ","@id":"https:\/\/www.sgeaj.ch\/fr\/#\/schema\/person\/6bd2b59ee4319b4a54912921450cebf6"},"headline":"Penser le rococo (XVIIIe-XXIe s.)","datePublished":"2015-10-12T11:12:22+00:00","dateModified":"2021-03-30T16:14:55+00:00","mainEntityOfPage":{"@id":"https:\/\/www.sgeaj.ch\/fr\/actualite\/colloques\/colloque-penser-le-rococo\/"},"wordCount":470,"publisher":{"@id":"https:\/\/www.sgeaj.ch\/fr\/#organization"},"image":{"@id":"https:\/\/www.sgeaj.ch\/fr\/actualite\/colloques\/colloque-penser-le-rococo\/#primaryimage"},"thumbnailUrl":"https:\/\/www.sgeaj.ch\/wp-content\/uploads\/2015\/10\/2015-colloque-Rococo-Boucher_Toilette.jpg","articleSection":["Actualit\u00e9","Colloques"],"inLanguage":"fr-FR"},{"@type":"WebPage","@id":"https:\/\/www.sgeaj.ch\/fr\/actualite\/colloques\/colloque-penser-le-rococo\/","url":"https:\/\/www.sgeaj.ch\/fr\/actualite\/colloques\/colloque-penser-le-rococo\/","name":"Penser le rococo (XVIIIe-XXIe s.) - Schweizerische Gesellschaft f\u00fcr die Erforschung des 18. Jahrhunderts (SGEAJ - SSEDS)","isPartOf":{"@id":"https:\/\/www.sgeaj.ch\/fr\/#website"},"primaryImageOfPage":{"@id":"https:\/\/www.sgeaj.ch\/fr\/actualite\/colloques\/colloque-penser-le-rococo\/#primaryimage"},"image":{"@id":"https:\/\/www.sgeaj.ch\/fr\/actualite\/colloques\/colloque-penser-le-rococo\/#primaryimage"},"thumbnailUrl":"https:\/\/www.sgeaj.ch\/wp-content\/uploads\/2015\/10\/2015-colloque-Rococo-Boucher_Toilette.jpg","datePublished":"2015-10-12T11:12:22+00:00","dateModified":"2021-03-30T16:14:55+00:00","inLanguage":"fr-FR","potentialAction":[{"@type":"ReadAction","target":["https:\/\/www.sgeaj.ch\/fr\/actualite\/colloques\/colloque-penser-le-rococo\/"]}]},{"@type":"ImageObject","inLanguage":"fr-FR","@id":"https:\/\/www.sgeaj.ch\/fr\/actualite\/colloques\/colloque-penser-le-rococo\/#primaryimage","url":"https:\/\/www.sgeaj.ch\/wp-content\/uploads\/2015\/10\/2015-colloque-Rococo-Boucher_Toilette.jpg","contentUrl":"https:\/\/www.sgeaj.ch\/wp-content\/uploads\/2015\/10\/2015-colloque-Rococo-Boucher_Toilette.jpg","width":813,"height":658},{"@type":"WebSite","@id":"https:\/\/www.sgeaj.ch\/fr\/#website","url":"https:\/\/www.sgeaj.ch\/fr\/","name":"Schweizerische Gesellschaft f\u00fcr die Erforschung des 18. Jahrhunderts (SGEAJ - SSEDS)","description":"Schweizerische Gesellschaft f\u00fcr die Erforschung des 18. Jahrhunderts","publisher":{"@id":"https:\/\/www.sgeaj.ch\/fr\/#organization"},"potentialAction":[{"@type":"SearchAction","target":{"@type":"EntryPoint","urlTemplate":"https:\/\/www.sgeaj.ch\/fr\/?s={search_term_string}"},"query-input":{"@type":"PropertyValueSpecification","valueRequired":true,"valueName":"search_term_string"}}],"inLanguage":"fr-FR"},{"@type":"Organization","@id":"https:\/\/www.sgeaj.ch\/fr\/#organization","name":"Schweizerische Gesellschaft f\u00fcr die Erforschung des 18. Jahrhunderts (SGEAJ - SSEDS)","url":"https:\/\/www.sgeaj.ch\/fr\/","logo":{"@type":"ImageObject","inLanguage":"fr-FR","@id":"https:\/\/www.sgeaj.ch\/fr\/#\/schema\/logo\/image\/","url":"https:\/\/www.sgeaj.ch\/wp-content\/uploads\/2021\/06\/cropped-logo-xviiies-horiz-abreuviations-bleues.png","contentUrl":"https:\/\/www.sgeaj.ch\/wp-content\/uploads\/2021\/06\/cropped-logo-xviiies-horiz-abreuviations-bleues.png","width":659,"height":335,"caption":"Schweizerische Gesellschaft f\u00fcr die Erforschung des 18. Jahrhunderts (SGEAJ - SSEDS)"},"image":{"@id":"https:\/\/www.sgeaj.ch\/fr\/#\/schema\/logo\/image\/"}},{"@type":"Person","@id":"https:\/\/www.sgeaj.ch\/fr\/#\/schema\/person\/6bd2b59ee4319b4a54912921450cebf6","name":"SGEAJ","url":"https:\/\/www.sgeaj.ch\/fr\/author\/sgeaj\/"}]}},"_links":{"self":[{"href":"https:\/\/www.sgeaj.ch\/fr\/wp-json\/wp\/v2\/posts\/1563","targetHints":{"allow":["GET"]}}],"collection":[{"href":"https:\/\/www.sgeaj.ch\/fr\/wp-json\/wp\/v2\/posts"}],"about":[{"href":"https:\/\/www.sgeaj.ch\/fr\/wp-json\/wp\/v2\/types\/post"}],"author":[{"embeddable":true,"href":"https:\/\/www.sgeaj.ch\/fr\/wp-json\/wp\/v2\/users\/2"}],"replies":[{"embeddable":true,"href":"https:\/\/www.sgeaj.ch\/fr\/wp-json\/wp\/v2\/comments?post=1563"}],"version-history":[{"count":9,"href":"https:\/\/www.sgeaj.ch\/fr\/wp-json\/wp\/v2\/posts\/1563\/revisions"}],"predecessor-version":[{"id":5765,"href":"https:\/\/www.sgeaj.ch\/fr\/wp-json\/wp\/v2\/posts\/1563\/revisions\/5765"}],"wp:featuredmedia":[{"embeddable":true,"href":"https:\/\/www.sgeaj.ch\/fr\/wp-json\/wp\/v2\/media\/3510"}],"wp:attachment":[{"href":"https:\/\/www.sgeaj.ch\/fr\/wp-json\/wp\/v2\/media?parent=1563"}],"wp:term":[{"taxonomy":"category","embeddable":true,"href":"https:\/\/www.sgeaj.ch\/fr\/wp-json\/wp\/v2\/categories?post=1563"},{"taxonomy":"post_tag","embeddable":true,"href":"https:\/\/www.sgeaj.ch\/fr\/wp-json\/wp\/v2\/tags?post=1563"}],"curies":[{"name":"wp","href":"https:\/\/api.w.org\/{rel}","templated":true}]}}