{"id":1628,"date":"2015-10-20T17:52:09","date_gmt":"2015-10-20T15:52:09","guid":{"rendered":"https:\/\/www.sgeaj.ch\/?p=1628"},"modified":"2021-03-30T18:21:31","modified_gmt":"2021-03-30T16:21:31","slug":"colloque-de-la-crosse-a-la-croix-2015","status":"publish","type":"post","link":"https:\/\/www.sgeaj.ch\/fr\/actualite\/colloques\/colloque-de-la-crosse-a-la-croix-2015\/","title":{"rendered":"De la crosse \u00e0 la croix. L&rsquo;ancien Ev\u00each\u00e9 de B\u00e2le devient suisse (1815)"},"content":{"rendered":"<p><strong>De la crosse \u00e0 la croix. L&rsquo;ancien Ev\u00each\u00e9 de B\u00e2le devient suisse (Congr\u00e8s de Vienne &#8211; 1815), Colloque organis\u00e9 par les AAEB \u00e0 l&rsquo;occasion du bicentenaire du rattachement de la \u00ab\u00a0Principaut\u00e9 de Porrentruy\u00a0\u00bb \u00e0 la Suisse, 20 novembre 2015<\/strong><\/p>\n<p>Le Congr\u00e8s de Vienne scelle la disparition d\u00e9finitive de l\u2019ancien Ev\u00each\u00e9 de B\u00e2le (annex\u00e9 \u00e0 la France entre 1793 et 1813) et son int\u00e9gration \u00e0 la Suisse. Le colloque aborde ce moment d\u00e9cisif dans ses dimensions europ\u00e9enne, helv\u00e9tique et r\u00e9gionale : la Restauration n\u2019est-elle qu\u2019un retour en arri\u00e8re ? Comment les nouveaux cantons suisses ont-ils d\u00e9fendu leur int\u00e9grit\u00e9 ? Quel est le destin politique de l\u2019Ev\u00each\u00e9 et comment et par qui ses territoires sont-ils administr\u00e9s en 1814-1815 ? De quelle mani\u00e8re seront-ils ensuite int\u00e9gr\u00e9s aux Cantons de Berne et de B\u00e2le ?<\/p>\n<p>Un dossier plus d\u00e9taill\u00e9 en fran\u00e7ais et en allemand (chronologie de la p\u00e9riode, notices biographiques, r\u00e9sum\u00e9 des conf\u00e9rences, etc.) sera disponible sur place et sur le site Inter- net des AAEB (consulter la page \u00ab1815\u00bb).<\/p>\n<p>Les AAEB participent \u00e0 l\u2019exposition <em>Le Jura en Berne. Bicentenaire du Congr\u00e8s de Vienne (1815-2015)<\/em> au Mus\u00e9e de l\u2019H\u00f4tel-Dieu de Porrentruy (3 octobre 2015 &#8211; 27 mars 2016).<\/p>\n<p>Voir aussi l\u2019exposition du Mus\u00e9e national suisse au Nouveau Mus\u00e9e Bienne : <em>La Suisse redessin\u00e9e. De Napol\u00e9on au Congr\u00e8s de Vienne, <\/em>15 octobre 2015 &#8211; 10 janvier 2016.<\/p>\n<p>Organisation et renseignements<br \/>\nFondation des Archives de l\u2019ancien Ev\u00each\u00e9 de B\u00e2le, Porrentruy: www.aaeb.ch \u2013 info.archives@aaeb.ch<\/p>\n<p>\u2192 <a href=\"https:\/\/www.sgeaj.ch\/wp-content\/uploads\/2015\/10\/2015-Colloque_De_la_crosse_a_la_croix-20.11.2015.pdf\" target=\"_blank\" rel=\"noopener noreferrer\">Programme du colloque<\/a><\/p>\n<hr \/>\n<p>Der Wiener Kongress best\u00e4tigte die Aufl\u00f6sung des ehemaligen F\u00fcrstbistums Basel, das von 1793 bis 1813 zu Frankreich geh\u00f6rte, und verf\u00fcgte dessen Eingliederung in die Schweizerische Eidgenossenschaft. Das Kolloquium behandelt diesen entscheidenden Moment unter einem europ\u00e4ischen, schweizerischen und regionalen Blickwinkel: Bedeutete die Restauration nur die Wiederherstellung alter Verh\u00e4ltnisse? Wie haben die neuen Schweizer Kantone ihre Selbstst\u00e4ndigkeit verteidigt? Welchen Lauf nahm die politische Entwicklung des F\u00fcrstbistums und wie und von wem wurden die Gebiete in den Jahren 1814-1815 verwaltet? Wie wurden sie anschliessend in die Kantone Bern und Basel eingegliedert?<\/p>\n<p>Detaillierte Unterlagen (mit einer Chronologie der Ereignisse, Kurzbiografien und Abstracts auf Franz\u00f6sisch und Deutsch) werden vor Ort und auf der Website des Archivs (s. Seite \u00ab1815\u00bb) bereitgestellt.<\/p>\n<p>Das Archiv des ehemaligen F\u00fcrstbistums Basel beteiligt sich an der Ausstellung <em>Le Jura en Berne. Bicentenaire du Congr\u00e8s de Vienne (1815-2015)<\/em> im Mus\u00e9e de l\u2019H\u00f4tel-Dieu, Pruntrut (3. Oktober 2015 &#8211; 27. M\u00e4rz 2016)<\/p>\n<p>Hinweis: Die Ausstellung des Schweizerischen Nationalmuseums <em>Die Neugestaltung der Schweiz. Von Napoleon bis zum Wiener Kongress<\/em> ist vom 15. Oktober 2015 bis zum 10. Januar 2016 im Neuen Museum Biel zu sehen.<\/p>\n<p>Organisation und Auskunft<br \/>\nStiftung Archiv des ehemaligen F\u00fcrstbistums Basel, Pruntrut<br \/>\nwww.aaeb.ch \u2013 info.archives@aaeb.ch<\/p>\n<p>\u2192 <a href=\"https:\/\/www.sgeaj.ch\/wp-content\/uploads\/2015\/10\/2015-Colloque_De_la_crosse_a_la_croix-20.11.2015.pdf\" target=\"_blank\" rel=\"noopener noreferrer\">Programm<\/a><\/p>\n","protected":false},"excerpt":{"rendered":"<p>De la crosse \u00e0 la croix. L&rsquo;ancien Ev\u00each\u00e9 de B\u00e2le devient suisse (Congr\u00e8s de Vienne &#8211; 1815), Colloque organis\u00e9 par les AAEB \u00e0 l&rsquo;occasion du bicentenaire du rattachement de la \u00ab\u00a0Principaut\u00e9 de Porrentruy\u00a0\u00bb \u00e0 la Suisse, 20 novembre 2015 Le Congr\u00e8s de Vienne scelle la disparition d\u00e9finitive de l\u2019ancien Ev\u00each\u00e9 de B\u00e2le (annex\u00e9 \u00e0 la [&hellip;]<\/p>\n","protected":false},"author":2,"featured_media":3516,"comment_status":"closed","ping_status":"open","sticky":false,"template":"","format":"standard","meta":{"footnotes":""},"categories":[42,27],"tags":[],"class_list":{"0":"post-1628","1":"post","2":"type-post","3":"status-publish","4":"format-standard","5":"has-post-thumbnail","7":"category-actualite","8":"category-colloques","9":"czr-hentry"},"yoast_head":"<!-- This site is optimized with the Yoast SEO plugin v26.9 - https:\/\/yoast.com\/product\/yoast-seo-wordpress\/ -->\n<title>De la crosse \u00e0 la croix. L&#039;ancien Ev\u00each\u00e9 de B\u00e2le devient suisse (1815) - Schweizerische Gesellschaft f\u00fcr die Erforschung des 18. Jahrhunderts (SGEAJ - SSEDS)<\/title>\n<meta name=\"robots\" content=\"index, follow, max-snippet:-1, max-image-preview:large, max-video-preview:-1\" \/>\n<link rel=\"canonical\" href=\"https:\/\/www.sgeaj.ch\/fr\/actualite\/colloques\/colloque-de-la-crosse-a-la-croix-2015\/\" \/>\n<meta name=\"twitter:label1\" content=\"\u00c9crit par\" \/>\n\t<meta name=\"twitter:data1\" content=\"SGEAJ\" \/>\n\t<meta name=\"twitter:label2\" content=\"Dur\u00e9e de lecture estim\u00e9e\" \/>\n\t<meta name=\"twitter:data2\" content=\"2 minutes\" \/>\n<script type=\"application\/ld+json\" class=\"yoast-schema-graph\">{\"@context\":\"https:\/\/schema.org\",\"@graph\":[{\"@type\":\"Article\",\"@id\":\"https:\/\/www.sgeaj.ch\/fr\/actualite\/colloques\/colloque-de-la-crosse-a-la-croix-2015\/#article\",\"isPartOf\":{\"@id\":\"https:\/\/www.sgeaj.ch\/fr\/actualite\/colloques\/colloque-de-la-crosse-a-la-croix-2015\/\"},\"author\":{\"name\":\"SGEAJ\",\"@id\":\"https:\/\/www.sgeaj.ch\/fr\/#\/schema\/person\/6bd2b59ee4319b4a54912921450cebf6\"},\"headline\":\"De la crosse \u00e0 la croix. L&rsquo;ancien Ev\u00each\u00e9 de B\u00e2le devient suisse (1815)\",\"datePublished\":\"2015-10-20T15:52:09+00:00\",\"dateModified\":\"2021-03-30T16:21:31+00:00\",\"mainEntityOfPage\":{\"@id\":\"https:\/\/www.sgeaj.ch\/fr\/actualite\/colloques\/colloque-de-la-crosse-a-la-croix-2015\/\"},\"wordCount\":482,\"publisher\":{\"@id\":\"https:\/\/www.sgeaj.ch\/fr\/#organization\"},\"image\":{\"@id\":\"https:\/\/www.sgeaj.ch\/fr\/actualite\/colloques\/colloque-de-la-crosse-a-la-croix-2015\/#primaryimage\"},\"thumbnailUrl\":\"https:\/\/www.sgeaj.ch\/wp-content\/uploads\/2015\/10\/2015-expo-jura-en-berne-affiche.jpg\",\"articleSection\":[\"Actualit\u00e9\",\"Colloques\"],\"inLanguage\":\"fr-FR\"},{\"@type\":\"WebPage\",\"@id\":\"https:\/\/www.sgeaj.ch\/fr\/actualite\/colloques\/colloque-de-la-crosse-a-la-croix-2015\/\",\"url\":\"https:\/\/www.sgeaj.ch\/fr\/actualite\/colloques\/colloque-de-la-crosse-a-la-croix-2015\/\",\"name\":\"De la crosse \u00e0 la croix. L'ancien Ev\u00each\u00e9 de B\u00e2le devient suisse (1815) - Schweizerische Gesellschaft f\u00fcr die Erforschung des 18. Jahrhunderts (SGEAJ - SSEDS)\",\"isPartOf\":{\"@id\":\"https:\/\/www.sgeaj.ch\/fr\/#website\"},\"primaryImageOfPage\":{\"@id\":\"https:\/\/www.sgeaj.ch\/fr\/actualite\/colloques\/colloque-de-la-crosse-a-la-croix-2015\/#primaryimage\"},\"image\":{\"@id\":\"https:\/\/www.sgeaj.ch\/fr\/actualite\/colloques\/colloque-de-la-crosse-a-la-croix-2015\/#primaryimage\"},\"thumbnailUrl\":\"https:\/\/www.sgeaj.ch\/wp-content\/uploads\/2015\/10\/2015-expo-jura-en-berne-affiche.jpg\",\"datePublished\":\"2015-10-20T15:52:09+00:00\",\"dateModified\":\"2021-03-30T16:21:31+00:00\",\"inLanguage\":\"fr-FR\",\"potentialAction\":[{\"@type\":\"ReadAction\",\"target\":[\"https:\/\/www.sgeaj.ch\/fr\/actualite\/colloques\/colloque-de-la-crosse-a-la-croix-2015\/\"]}]},{\"@type\":\"ImageObject\",\"inLanguage\":\"fr-FR\",\"@id\":\"https:\/\/www.sgeaj.ch\/fr\/actualite\/colloques\/colloque-de-la-crosse-a-la-croix-2015\/#primaryimage\",\"url\":\"https:\/\/www.sgeaj.ch\/wp-content\/uploads\/2015\/10\/2015-expo-jura-en-berne-affiche.jpg\",\"contentUrl\":\"https:\/\/www.sgeaj.ch\/wp-content\/uploads\/2015\/10\/2015-expo-jura-en-berne-affiche.jpg\",\"width\":849,\"height\":1200},{\"@type\":\"WebSite\",\"@id\":\"https:\/\/www.sgeaj.ch\/fr\/#website\",\"url\":\"https:\/\/www.sgeaj.ch\/fr\/\",\"name\":\"Schweizerische Gesellschaft f\u00fcr die Erforschung des 18. Jahrhunderts (SGEAJ - SSEDS)\",\"description\":\"Schweizerische Gesellschaft f\u00fcr die Erforschung des 18. Jahrhunderts\",\"publisher\":{\"@id\":\"https:\/\/www.sgeaj.ch\/fr\/#organization\"},\"potentialAction\":[{\"@type\":\"SearchAction\",\"target\":{\"@type\":\"EntryPoint\",\"urlTemplate\":\"https:\/\/www.sgeaj.ch\/fr\/?s={search_term_string}\"},\"query-input\":{\"@type\":\"PropertyValueSpecification\",\"valueRequired\":true,\"valueName\":\"search_term_string\"}}],\"inLanguage\":\"fr-FR\"},{\"@type\":\"Organization\",\"@id\":\"https:\/\/www.sgeaj.ch\/fr\/#organization\",\"name\":\"Schweizerische Gesellschaft f\u00fcr die Erforschung des 18. Jahrhunderts (SGEAJ - SSEDS)\",\"url\":\"https:\/\/www.sgeaj.ch\/fr\/\",\"logo\":{\"@type\":\"ImageObject\",\"inLanguage\":\"fr-FR\",\"@id\":\"https:\/\/www.sgeaj.ch\/fr\/#\/schema\/logo\/image\/\",\"url\":\"https:\/\/www.sgeaj.ch\/wp-content\/uploads\/2021\/06\/cropped-logo-xviiies-horiz-abreuviations-bleues.png\",\"contentUrl\":\"https:\/\/www.sgeaj.ch\/wp-content\/uploads\/2021\/06\/cropped-logo-xviiies-horiz-abreuviations-bleues.png\",\"width\":659,\"height\":335,\"caption\":\"Schweizerische Gesellschaft f\u00fcr die Erforschung des 18. Jahrhunderts (SGEAJ - SSEDS)\"},\"image\":{\"@id\":\"https:\/\/www.sgeaj.ch\/fr\/#\/schema\/logo\/image\/\"}},{\"@type\":\"Person\",\"@id\":\"https:\/\/www.sgeaj.ch\/fr\/#\/schema\/person\/6bd2b59ee4319b4a54912921450cebf6\",\"name\":\"SGEAJ\",\"url\":\"https:\/\/www.sgeaj.ch\/fr\/author\/sgeaj\/\"}]}<\/script>\n<!-- \/ Yoast SEO plugin. -->","yoast_head_json":{"title":"De la crosse \u00e0 la croix. L'ancien Ev\u00each\u00e9 de B\u00e2le devient suisse (1815) - Schweizerische Gesellschaft f\u00fcr die Erforschung des 18. Jahrhunderts (SGEAJ - SSEDS)","robots":{"index":"index","follow":"follow","max-snippet":"max-snippet:-1","max-image-preview":"max-image-preview:large","max-video-preview":"max-video-preview:-1"},"canonical":"https:\/\/www.sgeaj.ch\/fr\/actualite\/colloques\/colloque-de-la-crosse-a-la-croix-2015\/","twitter_misc":{"\u00c9crit par":"SGEAJ","Dur\u00e9e de lecture estim\u00e9e":"2 minutes"},"schema":{"@context":"https:\/\/schema.org","@graph":[{"@type":"Article","@id":"https:\/\/www.sgeaj.ch\/fr\/actualite\/colloques\/colloque-de-la-crosse-a-la-croix-2015\/#article","isPartOf":{"@id":"https:\/\/www.sgeaj.ch\/fr\/actualite\/colloques\/colloque-de-la-crosse-a-la-croix-2015\/"},"author":{"name":"SGEAJ","@id":"https:\/\/www.sgeaj.ch\/fr\/#\/schema\/person\/6bd2b59ee4319b4a54912921450cebf6"},"headline":"De la crosse \u00e0 la croix. L&rsquo;ancien Ev\u00each\u00e9 de B\u00e2le devient suisse (1815)","datePublished":"2015-10-20T15:52:09+00:00","dateModified":"2021-03-30T16:21:31+00:00","mainEntityOfPage":{"@id":"https:\/\/www.sgeaj.ch\/fr\/actualite\/colloques\/colloque-de-la-crosse-a-la-croix-2015\/"},"wordCount":482,"publisher":{"@id":"https:\/\/www.sgeaj.ch\/fr\/#organization"},"image":{"@id":"https:\/\/www.sgeaj.ch\/fr\/actualite\/colloques\/colloque-de-la-crosse-a-la-croix-2015\/#primaryimage"},"thumbnailUrl":"https:\/\/www.sgeaj.ch\/wp-content\/uploads\/2015\/10\/2015-expo-jura-en-berne-affiche.jpg","articleSection":["Actualit\u00e9","Colloques"],"inLanguage":"fr-FR"},{"@type":"WebPage","@id":"https:\/\/www.sgeaj.ch\/fr\/actualite\/colloques\/colloque-de-la-crosse-a-la-croix-2015\/","url":"https:\/\/www.sgeaj.ch\/fr\/actualite\/colloques\/colloque-de-la-crosse-a-la-croix-2015\/","name":"De la crosse \u00e0 la croix. L'ancien Ev\u00each\u00e9 de B\u00e2le devient suisse (1815) - Schweizerische Gesellschaft f\u00fcr die Erforschung des 18. Jahrhunderts (SGEAJ - SSEDS)","isPartOf":{"@id":"https:\/\/www.sgeaj.ch\/fr\/#website"},"primaryImageOfPage":{"@id":"https:\/\/www.sgeaj.ch\/fr\/actualite\/colloques\/colloque-de-la-crosse-a-la-croix-2015\/#primaryimage"},"image":{"@id":"https:\/\/www.sgeaj.ch\/fr\/actualite\/colloques\/colloque-de-la-crosse-a-la-croix-2015\/#primaryimage"},"thumbnailUrl":"https:\/\/www.sgeaj.ch\/wp-content\/uploads\/2015\/10\/2015-expo-jura-en-berne-affiche.jpg","datePublished":"2015-10-20T15:52:09+00:00","dateModified":"2021-03-30T16:21:31+00:00","inLanguage":"fr-FR","potentialAction":[{"@type":"ReadAction","target":["https:\/\/www.sgeaj.ch\/fr\/actualite\/colloques\/colloque-de-la-crosse-a-la-croix-2015\/"]}]},{"@type":"ImageObject","inLanguage":"fr-FR","@id":"https:\/\/www.sgeaj.ch\/fr\/actualite\/colloques\/colloque-de-la-crosse-a-la-croix-2015\/#primaryimage","url":"https:\/\/www.sgeaj.ch\/wp-content\/uploads\/2015\/10\/2015-expo-jura-en-berne-affiche.jpg","contentUrl":"https:\/\/www.sgeaj.ch\/wp-content\/uploads\/2015\/10\/2015-expo-jura-en-berne-affiche.jpg","width":849,"height":1200},{"@type":"WebSite","@id":"https:\/\/www.sgeaj.ch\/fr\/#website","url":"https:\/\/www.sgeaj.ch\/fr\/","name":"Schweizerische Gesellschaft f\u00fcr die Erforschung des 18. Jahrhunderts (SGEAJ - SSEDS)","description":"Schweizerische Gesellschaft f\u00fcr die Erforschung des 18. Jahrhunderts","publisher":{"@id":"https:\/\/www.sgeaj.ch\/fr\/#organization"},"potentialAction":[{"@type":"SearchAction","target":{"@type":"EntryPoint","urlTemplate":"https:\/\/www.sgeaj.ch\/fr\/?s={search_term_string}"},"query-input":{"@type":"PropertyValueSpecification","valueRequired":true,"valueName":"search_term_string"}}],"inLanguage":"fr-FR"},{"@type":"Organization","@id":"https:\/\/www.sgeaj.ch\/fr\/#organization","name":"Schweizerische Gesellschaft f\u00fcr die Erforschung des 18. Jahrhunderts (SGEAJ - SSEDS)","url":"https:\/\/www.sgeaj.ch\/fr\/","logo":{"@type":"ImageObject","inLanguage":"fr-FR","@id":"https:\/\/www.sgeaj.ch\/fr\/#\/schema\/logo\/image\/","url":"https:\/\/www.sgeaj.ch\/wp-content\/uploads\/2021\/06\/cropped-logo-xviiies-horiz-abreuviations-bleues.png","contentUrl":"https:\/\/www.sgeaj.ch\/wp-content\/uploads\/2021\/06\/cropped-logo-xviiies-horiz-abreuviations-bleues.png","width":659,"height":335,"caption":"Schweizerische Gesellschaft f\u00fcr die Erforschung des 18. Jahrhunderts (SGEAJ - SSEDS)"},"image":{"@id":"https:\/\/www.sgeaj.ch\/fr\/#\/schema\/logo\/image\/"}},{"@type":"Person","@id":"https:\/\/www.sgeaj.ch\/fr\/#\/schema\/person\/6bd2b59ee4319b4a54912921450cebf6","name":"SGEAJ","url":"https:\/\/www.sgeaj.ch\/fr\/author\/sgeaj\/"}]}},"_links":{"self":[{"href":"https:\/\/www.sgeaj.ch\/fr\/wp-json\/wp\/v2\/posts\/1628","targetHints":{"allow":["GET"]}}],"collection":[{"href":"https:\/\/www.sgeaj.ch\/fr\/wp-json\/wp\/v2\/posts"}],"about":[{"href":"https:\/\/www.sgeaj.ch\/fr\/wp-json\/wp\/v2\/types\/post"}],"author":[{"embeddable":true,"href":"https:\/\/www.sgeaj.ch\/fr\/wp-json\/wp\/v2\/users\/2"}],"replies":[{"embeddable":true,"href":"https:\/\/www.sgeaj.ch\/fr\/wp-json\/wp\/v2\/comments?post=1628"}],"version-history":[{"count":7,"href":"https:\/\/www.sgeaj.ch\/fr\/wp-json\/wp\/v2\/posts\/1628\/revisions"}],"predecessor-version":[{"id":5775,"href":"https:\/\/www.sgeaj.ch\/fr\/wp-json\/wp\/v2\/posts\/1628\/revisions\/5775"}],"wp:featuredmedia":[{"embeddable":true,"href":"https:\/\/www.sgeaj.ch\/fr\/wp-json\/wp\/v2\/media\/3516"}],"wp:attachment":[{"href":"https:\/\/www.sgeaj.ch\/fr\/wp-json\/wp\/v2\/media?parent=1628"}],"wp:term":[{"taxonomy":"category","embeddable":true,"href":"https:\/\/www.sgeaj.ch\/fr\/wp-json\/wp\/v2\/categories?post=1628"},{"taxonomy":"post_tag","embeddable":true,"href":"https:\/\/www.sgeaj.ch\/fr\/wp-json\/wp\/v2\/tags?post=1628"}],"curies":[{"name":"wp","href":"https:\/\/api.w.org\/{rel}","templated":true}]}}