{"id":1673,"date":"2015-11-02T18:39:12","date_gmt":"2015-11-02T17:39:12","guid":{"rendered":"https:\/\/www.sgeaj.ch\/fr\/colloque-fodere-a-la-naissance-de-la-medecine-legale-moderne\/"},"modified":"2021-03-30T18:24:32","modified_gmt":"2021-03-30T16:24:32","slug":"colloque-fodere-a-la-naissance-de-la-medecine-legale-moderne","status":"publish","type":"post","link":"https:\/\/www.sgeaj.ch\/fr\/actualite\/colloques\/colloque-fodere-a-la-naissance-de-la-medecine-legale-moderne\/","title":{"rendered":"Fod\u00e9r\u00e9 \u00e0 la naissance de la m\u00e9decine l\u00e9gale moderne"},"content":{"rendered":"<p><strong>\u00ab\u00a0Fod\u00e9r\u00e9 \u00e0 la g\u00e9n\u00e8se de la m\u00e9decine l\u00e9gale moderne: doctrines, pratiques, savoirs et r\u00e9seaux d&rsquo;experts des Lumi\u00e8res au d\u00e9but du XXe si\u00e8cle\u00a0\u00bb, Colloque co-organis\u00e9 par : l&rsquo;Unit\u00e9 d\u2019Histoire moderne, d\u00e9partement d\u2019histoire g\u00e9n\u00e9rale, UNIGE (Equipe DAMOCLES), le CRIHAM (Universit\u00e9s de Poitiers et Limoges), le d\u00e9partement TeSIS (Universit\u00e9 de V\u00e9rone) et le laboratoire ERMES (Universit\u00e9 de Nice &#8211; Sophia Antipolis), 26-28. novembre 2015<\/strong><\/p>\n<p><strong>26-27-28 novembre 2015<\/strong><\/p>\n<p><strong>Gen\u00e8ve, Uni Bastions, salle B111<\/strong><\/p>\n<p>Ce colloque international a pour objectif de (re)penser l\u2019histoire de la m\u00e9decine l\u00e9gale et sa gen\u00e8se au tournant du positivisme du XIXe si\u00e8cle, \u00e0 travers la personnalit\u00e9 et le parcours de l\u2019un de ses p\u00e8res fondateurs, Fran\u00e7ois-Emmanuel Fod\u00e9r\u00e9, auteur notamment du c\u00e9l\u00e8bre Trait\u00e9 de m\u00e9decine l\u00e9gale 1798, r\u00e9\u00e9dit\u00e9 \u00e0 Paris en 1813.<\/p>\n<p>La perspective envisag\u00e9e par ce colloque est celle d\u2019une histoire intellectuelle et d\u2019une histoire sociale de la m\u00e9decine l\u00e9gale \u00e0 travers ses doctrines et ses pratiques, ce projet s\u2019inscrivant dans la lign\u00e9e du colloque de Gen\u00e8ve de 1996 : \u00ab Homo criminalis : pratiques et th\u00e9ories m\u00e9dico-l\u00e9gales, XVIe-XXe si\u00e8cles \u00bb (\u00c9quinoxe. Revue de sciences humaines, 22, 2000).<\/p>\n<p>\u2192 <a href=\"https:\/\/www.sgeaj.ch\/wp-content\/uploads\/2015\/11\/2015-colloque-fodere-programme.pdf\" target=\"_blank\" rel=\"noopener noreferrer\">Programme complet<\/a><\/p>\n","protected":false},"excerpt":{"rendered":"<p>\u00ab\u00a0Fod\u00e9r\u00e9 \u00e0 la g\u00e9n\u00e8se de la m\u00e9decine l\u00e9gale moderne: doctrines, pratiques, savoirs et r\u00e9seaux d&rsquo;experts des Lumi\u00e8res au d\u00e9but du XXe si\u00e8cle\u00a0\u00bb, Colloque co-organis\u00e9 par : l&rsquo;Unit\u00e9 d\u2019Histoire moderne, d\u00e9partement d\u2019histoire g\u00e9n\u00e9rale, UNIGE (Equipe DAMOCLES), le CRIHAM (Universit\u00e9s de Poitiers et Limoges), le d\u00e9partement TeSIS (Universit\u00e9 de V\u00e9rone) et le laboratoire ERMES (Universit\u00e9 de Nice [&hellip;]<\/p>\n","protected":false},"author":2,"featured_media":3442,"comment_status":"closed","ping_status":"open","sticky":false,"template":"","format":"standard","meta":{"footnotes":""},"categories":[42,27],"tags":[],"class_list":{"0":"post-1673","1":"post","2":"type-post","3":"status-publish","4":"format-standard","5":"has-post-thumbnail","7":"category-actualite","8":"category-colloques","9":"czr-hentry"},"yoast_head":"<!-- This site is optimized with the Yoast SEO plugin v26.9 - https:\/\/yoast.com\/product\/yoast-seo-wordpress\/ -->\n<title>Fod\u00e9r\u00e9 \u00e0 la naissance de la m\u00e9decine l\u00e9gale moderne - Schweizerische Gesellschaft f\u00fcr die Erforschung des 18. Jahrhunderts (SGEAJ - SSEDS)<\/title>\n<meta name=\"robots\" content=\"index, follow, max-snippet:-1, max-image-preview:large, max-video-preview:-1\" \/>\n<link rel=\"canonical\" href=\"https:\/\/www.sgeaj.ch\/fr\/actualite\/colloques\/colloque-fodere-a-la-naissance-de-la-medecine-legale-moderne\/\" \/>\n<meta name=\"twitter:label1\" content=\"\u00c9crit par\" \/>\n\t<meta name=\"twitter:data1\" content=\"SGEAJ\" \/>\n\t<meta name=\"twitter:label2\" content=\"Dur\u00e9e de lecture estim\u00e9e\" \/>\n\t<meta name=\"twitter:data2\" content=\"1 minute\" \/>\n<script type=\"application\/ld+json\" class=\"yoast-schema-graph\">{\"@context\":\"https:\/\/schema.org\",\"@graph\":[{\"@type\":\"Article\",\"@id\":\"https:\/\/www.sgeaj.ch\/fr\/actualite\/colloques\/colloque-fodere-a-la-naissance-de-la-medecine-legale-moderne\/#article\",\"isPartOf\":{\"@id\":\"https:\/\/www.sgeaj.ch\/fr\/actualite\/colloques\/colloque-fodere-a-la-naissance-de-la-medecine-legale-moderne\/\"},\"author\":{\"name\":\"SGEAJ\",\"@id\":\"https:\/\/www.sgeaj.ch\/fr\/#\/schema\/person\/6bd2b59ee4319b4a54912921450cebf6\"},\"headline\":\"Fod\u00e9r\u00e9 \u00e0 la naissance de la m\u00e9decine l\u00e9gale moderne\",\"datePublished\":\"2015-11-02T17:39:12+00:00\",\"dateModified\":\"2021-03-30T16:24:32+00:00\",\"mainEntityOfPage\":{\"@id\":\"https:\/\/www.sgeaj.ch\/fr\/actualite\/colloques\/colloque-fodere-a-la-naissance-de-la-medecine-legale-moderne\/\"},\"wordCount\":223,\"publisher\":{\"@id\":\"https:\/\/www.sgeaj.ch\/fr\/#organization\"},\"image\":{\"@id\":\"https:\/\/www.sgeaj.ch\/fr\/actualite\/colloques\/colloque-fodere-a-la-naissance-de-la-medecine-legale-moderne\/#primaryimage\"},\"thumbnailUrl\":\"https:\/\/www.sgeaj.ch\/wp-content\/uploads\/2014\/08\/papier-peint.jpg\",\"articleSection\":[\"Actualit\u00e9\",\"Colloques\"],\"inLanguage\":\"fr-FR\"},{\"@type\":\"WebPage\",\"@id\":\"https:\/\/www.sgeaj.ch\/fr\/actualite\/colloques\/colloque-fodere-a-la-naissance-de-la-medecine-legale-moderne\/\",\"url\":\"https:\/\/www.sgeaj.ch\/fr\/actualite\/colloques\/colloque-fodere-a-la-naissance-de-la-medecine-legale-moderne\/\",\"name\":\"Fod\u00e9r\u00e9 \u00e0 la naissance de la m\u00e9decine l\u00e9gale moderne - Schweizerische Gesellschaft f\u00fcr die Erforschung des 18. Jahrhunderts (SGEAJ - SSEDS)\",\"isPartOf\":{\"@id\":\"https:\/\/www.sgeaj.ch\/fr\/#website\"},\"primaryImageOfPage\":{\"@id\":\"https:\/\/www.sgeaj.ch\/fr\/actualite\/colloques\/colloque-fodere-a-la-naissance-de-la-medecine-legale-moderne\/#primaryimage\"},\"image\":{\"@id\":\"https:\/\/www.sgeaj.ch\/fr\/actualite\/colloques\/colloque-fodere-a-la-naissance-de-la-medecine-legale-moderne\/#primaryimage\"},\"thumbnailUrl\":\"https:\/\/www.sgeaj.ch\/wp-content\/uploads\/2014\/08\/papier-peint.jpg\",\"datePublished\":\"2015-11-02T17:39:12+00:00\",\"dateModified\":\"2021-03-30T16:24:32+00:00\",\"inLanguage\":\"fr-FR\",\"potentialAction\":[{\"@type\":\"ReadAction\",\"target\":[\"https:\/\/www.sgeaj.ch\/fr\/actualite\/colloques\/colloque-fodere-a-la-naissance-de-la-medecine-legale-moderne\/\"]}]},{\"@type\":\"ImageObject\",\"inLanguage\":\"fr-FR\",\"@id\":\"https:\/\/www.sgeaj.ch\/fr\/actualite\/colloques\/colloque-fodere-a-la-naissance-de-la-medecine-legale-moderne\/#primaryimage\",\"url\":\"https:\/\/www.sgeaj.ch\/wp-content\/uploads\/2014\/08\/papier-peint.jpg\",\"contentUrl\":\"https:\/\/www.sgeaj.ch\/wp-content\/uploads\/2014\/08\/papier-peint.jpg\",\"width\":1804,\"height\":2507},{\"@type\":\"WebSite\",\"@id\":\"https:\/\/www.sgeaj.ch\/fr\/#website\",\"url\":\"https:\/\/www.sgeaj.ch\/fr\/\",\"name\":\"Schweizerische Gesellschaft f\u00fcr die Erforschung des 18. Jahrhunderts (SGEAJ - SSEDS)\",\"description\":\"Schweizerische Gesellschaft f\u00fcr die Erforschung des 18. Jahrhunderts\",\"publisher\":{\"@id\":\"https:\/\/www.sgeaj.ch\/fr\/#organization\"},\"potentialAction\":[{\"@type\":\"SearchAction\",\"target\":{\"@type\":\"EntryPoint\",\"urlTemplate\":\"https:\/\/www.sgeaj.ch\/fr\/?s={search_term_string}\"},\"query-input\":{\"@type\":\"PropertyValueSpecification\",\"valueRequired\":true,\"valueName\":\"search_term_string\"}}],\"inLanguage\":\"fr-FR\"},{\"@type\":\"Organization\",\"@id\":\"https:\/\/www.sgeaj.ch\/fr\/#organization\",\"name\":\"Schweizerische Gesellschaft f\u00fcr die Erforschung des 18. Jahrhunderts (SGEAJ - SSEDS)\",\"url\":\"https:\/\/www.sgeaj.ch\/fr\/\",\"logo\":{\"@type\":\"ImageObject\",\"inLanguage\":\"fr-FR\",\"@id\":\"https:\/\/www.sgeaj.ch\/fr\/#\/schema\/logo\/image\/\",\"url\":\"https:\/\/www.sgeaj.ch\/wp-content\/uploads\/2021\/06\/cropped-logo-xviiies-horiz-abreuviations-bleues.png\",\"contentUrl\":\"https:\/\/www.sgeaj.ch\/wp-content\/uploads\/2021\/06\/cropped-logo-xviiies-horiz-abreuviations-bleues.png\",\"width\":659,\"height\":335,\"caption\":\"Schweizerische Gesellschaft f\u00fcr die Erforschung des 18. Jahrhunderts (SGEAJ - SSEDS)\"},\"image\":{\"@id\":\"https:\/\/www.sgeaj.ch\/fr\/#\/schema\/logo\/image\/\"}},{\"@type\":\"Person\",\"@id\":\"https:\/\/www.sgeaj.ch\/fr\/#\/schema\/person\/6bd2b59ee4319b4a54912921450cebf6\",\"name\":\"SGEAJ\",\"url\":\"https:\/\/www.sgeaj.ch\/fr\/author\/sgeaj\/\"}]}<\/script>\n<!-- \/ Yoast SEO plugin. -->","yoast_head_json":{"title":"Fod\u00e9r\u00e9 \u00e0 la naissance de la m\u00e9decine l\u00e9gale moderne - Schweizerische Gesellschaft f\u00fcr die Erforschung des 18. Jahrhunderts (SGEAJ - SSEDS)","robots":{"index":"index","follow":"follow","max-snippet":"max-snippet:-1","max-image-preview":"max-image-preview:large","max-video-preview":"max-video-preview:-1"},"canonical":"https:\/\/www.sgeaj.ch\/fr\/actualite\/colloques\/colloque-fodere-a-la-naissance-de-la-medecine-legale-moderne\/","twitter_misc":{"\u00c9crit par":"SGEAJ","Dur\u00e9e de lecture estim\u00e9e":"1 minute"},"schema":{"@context":"https:\/\/schema.org","@graph":[{"@type":"Article","@id":"https:\/\/www.sgeaj.ch\/fr\/actualite\/colloques\/colloque-fodere-a-la-naissance-de-la-medecine-legale-moderne\/#article","isPartOf":{"@id":"https:\/\/www.sgeaj.ch\/fr\/actualite\/colloques\/colloque-fodere-a-la-naissance-de-la-medecine-legale-moderne\/"},"author":{"name":"SGEAJ","@id":"https:\/\/www.sgeaj.ch\/fr\/#\/schema\/person\/6bd2b59ee4319b4a54912921450cebf6"},"headline":"Fod\u00e9r\u00e9 \u00e0 la naissance de la m\u00e9decine l\u00e9gale moderne","datePublished":"2015-11-02T17:39:12+00:00","dateModified":"2021-03-30T16:24:32+00:00","mainEntityOfPage":{"@id":"https:\/\/www.sgeaj.ch\/fr\/actualite\/colloques\/colloque-fodere-a-la-naissance-de-la-medecine-legale-moderne\/"},"wordCount":223,"publisher":{"@id":"https:\/\/www.sgeaj.ch\/fr\/#organization"},"image":{"@id":"https:\/\/www.sgeaj.ch\/fr\/actualite\/colloques\/colloque-fodere-a-la-naissance-de-la-medecine-legale-moderne\/#primaryimage"},"thumbnailUrl":"https:\/\/www.sgeaj.ch\/wp-content\/uploads\/2014\/08\/papier-peint.jpg","articleSection":["Actualit\u00e9","Colloques"],"inLanguage":"fr-FR"},{"@type":"WebPage","@id":"https:\/\/www.sgeaj.ch\/fr\/actualite\/colloques\/colloque-fodere-a-la-naissance-de-la-medecine-legale-moderne\/","url":"https:\/\/www.sgeaj.ch\/fr\/actualite\/colloques\/colloque-fodere-a-la-naissance-de-la-medecine-legale-moderne\/","name":"Fod\u00e9r\u00e9 \u00e0 la naissance de la m\u00e9decine l\u00e9gale moderne - Schweizerische Gesellschaft f\u00fcr die Erforschung des 18. Jahrhunderts (SGEAJ - SSEDS)","isPartOf":{"@id":"https:\/\/www.sgeaj.ch\/fr\/#website"},"primaryImageOfPage":{"@id":"https:\/\/www.sgeaj.ch\/fr\/actualite\/colloques\/colloque-fodere-a-la-naissance-de-la-medecine-legale-moderne\/#primaryimage"},"image":{"@id":"https:\/\/www.sgeaj.ch\/fr\/actualite\/colloques\/colloque-fodere-a-la-naissance-de-la-medecine-legale-moderne\/#primaryimage"},"thumbnailUrl":"https:\/\/www.sgeaj.ch\/wp-content\/uploads\/2014\/08\/papier-peint.jpg","datePublished":"2015-11-02T17:39:12+00:00","dateModified":"2021-03-30T16:24:32+00:00","inLanguage":"fr-FR","potentialAction":[{"@type":"ReadAction","target":["https:\/\/www.sgeaj.ch\/fr\/actualite\/colloques\/colloque-fodere-a-la-naissance-de-la-medecine-legale-moderne\/"]}]},{"@type":"ImageObject","inLanguage":"fr-FR","@id":"https:\/\/www.sgeaj.ch\/fr\/actualite\/colloques\/colloque-fodere-a-la-naissance-de-la-medecine-legale-moderne\/#primaryimage","url":"https:\/\/www.sgeaj.ch\/wp-content\/uploads\/2014\/08\/papier-peint.jpg","contentUrl":"https:\/\/www.sgeaj.ch\/wp-content\/uploads\/2014\/08\/papier-peint.jpg","width":1804,"height":2507},{"@type":"WebSite","@id":"https:\/\/www.sgeaj.ch\/fr\/#website","url":"https:\/\/www.sgeaj.ch\/fr\/","name":"Schweizerische Gesellschaft f\u00fcr die Erforschung des 18. Jahrhunderts (SGEAJ - SSEDS)","description":"Schweizerische Gesellschaft f\u00fcr die Erforschung des 18. Jahrhunderts","publisher":{"@id":"https:\/\/www.sgeaj.ch\/fr\/#organization"},"potentialAction":[{"@type":"SearchAction","target":{"@type":"EntryPoint","urlTemplate":"https:\/\/www.sgeaj.ch\/fr\/?s={search_term_string}"},"query-input":{"@type":"PropertyValueSpecification","valueRequired":true,"valueName":"search_term_string"}}],"inLanguage":"fr-FR"},{"@type":"Organization","@id":"https:\/\/www.sgeaj.ch\/fr\/#organization","name":"Schweizerische Gesellschaft f\u00fcr die Erforschung des 18. Jahrhunderts (SGEAJ - SSEDS)","url":"https:\/\/www.sgeaj.ch\/fr\/","logo":{"@type":"ImageObject","inLanguage":"fr-FR","@id":"https:\/\/www.sgeaj.ch\/fr\/#\/schema\/logo\/image\/","url":"https:\/\/www.sgeaj.ch\/wp-content\/uploads\/2021\/06\/cropped-logo-xviiies-horiz-abreuviations-bleues.png","contentUrl":"https:\/\/www.sgeaj.ch\/wp-content\/uploads\/2021\/06\/cropped-logo-xviiies-horiz-abreuviations-bleues.png","width":659,"height":335,"caption":"Schweizerische Gesellschaft f\u00fcr die Erforschung des 18. Jahrhunderts (SGEAJ - SSEDS)"},"image":{"@id":"https:\/\/www.sgeaj.ch\/fr\/#\/schema\/logo\/image\/"}},{"@type":"Person","@id":"https:\/\/www.sgeaj.ch\/fr\/#\/schema\/person\/6bd2b59ee4319b4a54912921450cebf6","name":"SGEAJ","url":"https:\/\/www.sgeaj.ch\/fr\/author\/sgeaj\/"}]}},"_links":{"self":[{"href":"https:\/\/www.sgeaj.ch\/fr\/wp-json\/wp\/v2\/posts\/1673","targetHints":{"allow":["GET"]}}],"collection":[{"href":"https:\/\/www.sgeaj.ch\/fr\/wp-json\/wp\/v2\/posts"}],"about":[{"href":"https:\/\/www.sgeaj.ch\/fr\/wp-json\/wp\/v2\/types\/post"}],"author":[{"embeddable":true,"href":"https:\/\/www.sgeaj.ch\/fr\/wp-json\/wp\/v2\/users\/2"}],"replies":[{"embeddable":true,"href":"https:\/\/www.sgeaj.ch\/fr\/wp-json\/wp\/v2\/comments?post=1673"}],"version-history":[{"count":3,"href":"https:\/\/www.sgeaj.ch\/fr\/wp-json\/wp\/v2\/posts\/1673\/revisions"}],"predecessor-version":[{"id":5779,"href":"https:\/\/www.sgeaj.ch\/fr\/wp-json\/wp\/v2\/posts\/1673\/revisions\/5779"}],"wp:featuredmedia":[{"embeddable":true,"href":"https:\/\/www.sgeaj.ch\/fr\/wp-json\/wp\/v2\/media\/3442"}],"wp:attachment":[{"href":"https:\/\/www.sgeaj.ch\/fr\/wp-json\/wp\/v2\/media?parent=1673"}],"wp:term":[{"taxonomy":"category","embeddable":true,"href":"https:\/\/www.sgeaj.ch\/fr\/wp-json\/wp\/v2\/categories?post=1673"},{"taxonomy":"post_tag","embeddable":true,"href":"https:\/\/www.sgeaj.ch\/fr\/wp-json\/wp\/v2\/tags?post=1673"}],"curies":[{"name":"wp","href":"https:\/\/api.w.org\/{rel}","templated":true}]}}