{"id":1676,"date":"2015-11-02T18:54:18","date_gmt":"2015-11-02T17:54:18","guid":{"rendered":"https:\/\/www.sgeaj.ch\/fr\/colloque-talents-au-feminin-mythes-et-realite-paris-25-27-novembre-2015\/"},"modified":"2022-12-24T12:54:06","modified_gmt":"2022-12-24T11:54:06","slug":"colloque-talents-au-feminin-mythes-et-realite","status":"publish","type":"post","link":"https:\/\/www.sgeaj.ch\/fr\/actualite\/colloques\/colloque-talents-au-feminin-mythes-et-realite\/","title":{"rendered":"Talents au f\u00e9minin: mythes et r\u00e9alit\u00e9"},"content":{"rendered":"<p><strong>Talents au f\u00e9minin : mythes et r\u00e9alit\u00e9, 3e Colloque international Maria Szymanowska (1789-1831) et son temps, sous le Haut Patronage de l\u2019Ambassadeur de Pologne en France Son Excellence Monsieur Andrzej Byrt, Paris, 25-27 Novembre 2015, Centre Scientifique de l\u2019Acad\u00e9mie Polonaise des Sciences, 74, rue Lauriston, Paris 16<sup>e<\/sup><\/strong><\/p>\n<p>Pour la 3<sup>e<\/sup> fois, Maria Szymanowska (1789-1831) et son temps deviennent l\u2019objet d\u2019un Colloque international qui, cette fois-ci, est tout particuli\u00e8rement d\u00e9di\u00e9 aux femmes de talent. Il va permettre un large d\u00e9bat entre les chercheurs et les musiciens issus d\u2019\u00e9coles, de g\u00e9n\u00e9rations et de pays diff\u00e9rents sur ce qu\u2019il est d\u00e9sormais plus commun d\u2019appeler le \u00ab\u00a0matrimoine\u00a0\u00bb de cette \u00e9poque. Il y sera question de compositrices, femmes de lettres et femmes peintres parmi lesquelles Isabelle de Charri\u00e8re, Jane AUSTEN, Angelica KAUFFMANN, H\u00e9l\u00e8ne de Montgeroult, Elisabeth Vig\u00e9e Le Brun, Maria Anna Czartoryska de Wittemberg, Maria Szymanowska, Caroline Boissier-Butini\u2026<\/p>\n<p><!--more-->Le Colloque est organis\u00e9 par la Soci\u00e9t\u00e9 Maria Szymanowska (<a href=\"http:\/\/www.maria-szymanowska.eu\">www.maria-szymanowska.eu<\/a>) et le Centre parisien de l\u2019Acad\u00e9mie Polonaise des Sciences (<a href=\"https:\/\/paris.pan.pl\/fr\/\">www.academie-polonaise.org\/fr\/<\/a>) .<\/p>\n<p><strong>Les intervenants<\/strong>: Val\u00e9rie COSSY (Lausanne) &#8211; J\u00e9r\u00f4me DORIVAL (Lyon) \u2013 Helen GEYER (Weimar) &#8211; Ir\u00e8ne MINDER-JEANNERET (Berne) &#8211; Fran\u00e7oise PITT-RIVERS (Paris) &#8211; Irena PONIATOWSKA (Varsovie) &#8211; Maria STOLARZEWICZ (Weimar) &#8211; Maja TROCHIMCZYK (Los Angeles) &#8211; Jean-Marc WARSZAWSKI (Paris)<\/p>\n<p><strong>Mod\u00e9ration: <\/strong>Elisabeth ZAPOLSKA-CHAPELLE (Paris)<\/p>\n<p><strong>Participation musicale: <\/strong>Ekaterina GLAZOVSKAYA &#8211; Marcia HADJIMARKOS &#8211; Claudia Dafne SEVILLA CARRION &#8211; Petra SOMLAI &#8211; Fran\u00e7oise TILLARD &#8211; Edoardo TORBIANELLI &#8211; Bart VAN OORT \u2013 Elisabeth ZAPOLSKA \u2013 Iwo ZALUSKI<\/p>\n<p><strong>Piano d\u2019\u00e9poque: <\/strong>Johann Alois Graff in Wien 1825 (collection Petra Somlai &amp; Bart van Oort)<\/p>\n<p><strong>Concert du 25 novembre \u00e0 18h <\/strong>\u2013 uniquement sur r\u00e9servation\u00a0: <a href=\"mailto:societe.mariasz@laposte.net\">societe.mariasz@laposte.net<\/a><\/p>\n<p>\u2192 <a href=\"https:\/\/www.sgeaj.ch\/wp-content\/uploads\/2015\/11\/2015-MS_colloque.pdf\" target=\"_blank\" rel=\"noopener noreferrer\">Programme du colloque<\/a><br \/>\n\u2192 <a href=\"https:\/\/www.sgeaj.ch\/wp-content\/uploads\/2015\/11\/2015-MS_concert.pdf\" target=\"_blank\" rel=\"noopener noreferrer\">Programme du concert<\/a><\/p>\n<hr \/>\n<p>Vom 25 bis 27.November wird das 3. internationale Kolloquium \u00fcber die Komponistin Maria Szymanowska (1789-1831) und ihre Zeit im Forschungszentrum Paris der Polnischen Akademie der Wissenschaften (74, rue Lauriston, Paris 16e) stattfinden.<br \/>\nDiese Aufgabe wird der Talenten der Frauen gewidmet: wo sind in diesem Thema die Grenzen zwischen die Mythen und die Realit\u00e4t?&#8230; Was wissen wir endlich \u00fcber das kulturelle Erbe von Frauen von dieser Zeit? In Franz\u00f6sisch funktioniert schon das Word \u201eMatrimoine\u201c (wie bis heute existierende \u201ePatrimoine\u201c)\u2026<br \/>\nForscher und Musiker von 10 europ\u00e4ischen L\u00e4ndern und USA werden von ihren Entdeckungen diskutieren. Ein reiches musikalisches Programm mit Werken von Komponistinnen, auf dem Pianoforte Johann Alo\u00efs Graff 1825 gespielt und gesungen, wird mit dem Titel \u201eNaschhaftigkeit an die Musik\u201c am 25.November angeboten.<\/p>\n<p>Das Kolloquium wird von der Maria Szymanowska Gesellschaft und dem Forschungszentrum Paris der PAW organisiert.<br \/>\nMehr Informationen &amp; Reservierung: <a href=\"mailto:societe.mariasz@laposte.net\">societe.mariasz@laposte.net<\/a><\/p>\n<hr \/>\n<p>The 3d international Symposium on the composer Maria Szymanowska (1789-1831) and her times will take place from 25 till 27 November 2015 in the Polish Academy of Sciences\u2019 Paris Center (74, rue Lauriston, Paris 16e).<br \/>\nThis edition will be dedicated especially to Talents of women: where are \u2013 in this subject &#8211; the limits between myths and reality? What do we finally know about the cultural heritage of women (\u201cmatrimoine\u201d in French) of this epoch?<br \/>\nSearchers and musicians from 10 European countries and USA will be discussing about knowledge and last discoverings. A rich musical program of works composed by women, sung and played on Johann Alois Graff pianoforte (1825) will be proposed the 25 November with the title \u201cFondness for music\u201d.<\/p>\n<p>The Symposium is carried out by the Maria Szymanowska Society together with the Polish Academy of Sciences\u2019 Paris Center.<br \/>\nMore information &amp; reservations: <a href=\"mailto:societe.mariasz@laposte.net\">societe.mariasz@laposte.net<\/a><\/p>\n","protected":false},"excerpt":{"rendered":"<p>Talents au f\u00e9minin : mythes et r\u00e9alit\u00e9, 3e Colloque international Maria Szymanowska (1789-1831) et son temps, sous le Haut Patronage de l\u2019Ambassadeur de Pologne en France Son Excellence Monsieur Andrzej Byrt, Paris, 25-27 Novembre 2015, Centre Scientifique de l\u2019Acad\u00e9mie Polonaise des Sciences, 74, rue Lauriston, Paris 16e Pour la 3e fois, Maria Szymanowska (1789-1831) et [&hellip;]<\/p>\n","protected":false},"author":2,"featured_media":3519,"comment_status":"closed","ping_status":"open","sticky":false,"template":"","format":"standard","meta":{"footnotes":""},"categories":[42,27],"tags":[],"class_list":{"0":"post-1676","1":"post","2":"type-post","3":"status-publish","4":"format-standard","5":"has-post-thumbnail","7":"category-actualite","8":"category-colloques","9":"czr-hentry"},"yoast_head":"<!-- This site is optimized with the Yoast SEO plugin v26.9 - https:\/\/yoast.com\/product\/yoast-seo-wordpress\/ -->\n<title>Talents au f\u00e9minin: mythes et r\u00e9alit\u00e9 - Schweizerische Gesellschaft f\u00fcr die Erforschung des 18. Jahrhunderts (SGEAJ - SSEDS)<\/title>\n<meta name=\"robots\" content=\"index, follow, max-snippet:-1, max-image-preview:large, max-video-preview:-1\" \/>\n<link rel=\"canonical\" href=\"https:\/\/www.sgeaj.ch\/fr\/actualite\/colloques\/colloque-talents-au-feminin-mythes-et-realite\/\" \/>\n<meta name=\"twitter:label1\" content=\"\u00c9crit par\" \/>\n\t<meta name=\"twitter:data1\" content=\"SGEAJ\" \/>\n\t<meta name=\"twitter:label2\" content=\"Dur\u00e9e de lecture estim\u00e9e\" \/>\n\t<meta name=\"twitter:data2\" content=\"3 minutes\" \/>\n<script type=\"application\/ld+json\" class=\"yoast-schema-graph\">{\"@context\":\"https:\/\/schema.org\",\"@graph\":[{\"@type\":\"Article\",\"@id\":\"https:\/\/www.sgeaj.ch\/fr\/actualite\/colloques\/colloque-talents-au-feminin-mythes-et-realite\/#article\",\"isPartOf\":{\"@id\":\"https:\/\/www.sgeaj.ch\/fr\/actualite\/colloques\/colloque-talents-au-feminin-mythes-et-realite\/\"},\"author\":{\"name\":\"SGEAJ\",\"@id\":\"https:\/\/www.sgeaj.ch\/fr\/#\/schema\/person\/6bd2b59ee4319b4a54912921450cebf6\"},\"headline\":\"Talents au f\u00e9minin: mythes et r\u00e9alit\u00e9\",\"datePublished\":\"2015-11-02T17:54:18+00:00\",\"dateModified\":\"2022-12-24T11:54:06+00:00\",\"mainEntityOfPage\":{\"@id\":\"https:\/\/www.sgeaj.ch\/fr\/actualite\/colloques\/colloque-talents-au-feminin-mythes-et-realite\/\"},\"wordCount\":592,\"publisher\":{\"@id\":\"https:\/\/www.sgeaj.ch\/fr\/#organization\"},\"image\":{\"@id\":\"https:\/\/www.sgeaj.ch\/fr\/actualite\/colloques\/colloque-talents-au-feminin-mythes-et-realite\/#primaryimage\"},\"thumbnailUrl\":\"https:\/\/www.sgeaj.ch\/wp-content\/uploads\/2015\/11\/2015-MS_affiche_web.jpg\",\"articleSection\":[\"Actualit\u00e9\",\"Colloques\"],\"inLanguage\":\"fr-FR\"},{\"@type\":\"WebPage\",\"@id\":\"https:\/\/www.sgeaj.ch\/fr\/actualite\/colloques\/colloque-talents-au-feminin-mythes-et-realite\/\",\"url\":\"https:\/\/www.sgeaj.ch\/fr\/actualite\/colloques\/colloque-talents-au-feminin-mythes-et-realite\/\",\"name\":\"Talents au f\u00e9minin: mythes et r\u00e9alit\u00e9 - Schweizerische Gesellschaft f\u00fcr die Erforschung des 18. Jahrhunderts (SGEAJ - SSEDS)\",\"isPartOf\":{\"@id\":\"https:\/\/www.sgeaj.ch\/fr\/#website\"},\"primaryImageOfPage\":{\"@id\":\"https:\/\/www.sgeaj.ch\/fr\/actualite\/colloques\/colloque-talents-au-feminin-mythes-et-realite\/#primaryimage\"},\"image\":{\"@id\":\"https:\/\/www.sgeaj.ch\/fr\/actualite\/colloques\/colloque-talents-au-feminin-mythes-et-realite\/#primaryimage\"},\"thumbnailUrl\":\"https:\/\/www.sgeaj.ch\/wp-content\/uploads\/2015\/11\/2015-MS_affiche_web.jpg\",\"datePublished\":\"2015-11-02T17:54:18+00:00\",\"dateModified\":\"2022-12-24T11:54:06+00:00\",\"inLanguage\":\"fr-FR\",\"potentialAction\":[{\"@type\":\"ReadAction\",\"target\":[\"https:\/\/www.sgeaj.ch\/fr\/actualite\/colloques\/colloque-talents-au-feminin-mythes-et-realite\/\"]}]},{\"@type\":\"ImageObject\",\"inLanguage\":\"fr-FR\",\"@id\":\"https:\/\/www.sgeaj.ch\/fr\/actualite\/colloques\/colloque-talents-au-feminin-mythes-et-realite\/#primaryimage\",\"url\":\"https:\/\/www.sgeaj.ch\/wp-content\/uploads\/2015\/11\/2015-MS_affiche_web.jpg\",\"contentUrl\":\"https:\/\/www.sgeaj.ch\/wp-content\/uploads\/2015\/11\/2015-MS_affiche_web.jpg\",\"width\":1754,\"height\":2481},{\"@type\":\"WebSite\",\"@id\":\"https:\/\/www.sgeaj.ch\/fr\/#website\",\"url\":\"https:\/\/www.sgeaj.ch\/fr\/\",\"name\":\"Schweizerische Gesellschaft f\u00fcr die Erforschung des 18. Jahrhunderts (SGEAJ - SSEDS)\",\"description\":\"Schweizerische Gesellschaft f\u00fcr die Erforschung des 18. Jahrhunderts\",\"publisher\":{\"@id\":\"https:\/\/www.sgeaj.ch\/fr\/#organization\"},\"potentialAction\":[{\"@type\":\"SearchAction\",\"target\":{\"@type\":\"EntryPoint\",\"urlTemplate\":\"https:\/\/www.sgeaj.ch\/fr\/?s={search_term_string}\"},\"query-input\":{\"@type\":\"PropertyValueSpecification\",\"valueRequired\":true,\"valueName\":\"search_term_string\"}}],\"inLanguage\":\"fr-FR\"},{\"@type\":\"Organization\",\"@id\":\"https:\/\/www.sgeaj.ch\/fr\/#organization\",\"name\":\"Schweizerische Gesellschaft f\u00fcr die Erforschung des 18. Jahrhunderts (SGEAJ - SSEDS)\",\"url\":\"https:\/\/www.sgeaj.ch\/fr\/\",\"logo\":{\"@type\":\"ImageObject\",\"inLanguage\":\"fr-FR\",\"@id\":\"https:\/\/www.sgeaj.ch\/fr\/#\/schema\/logo\/image\/\",\"url\":\"https:\/\/www.sgeaj.ch\/wp-content\/uploads\/2021\/06\/cropped-logo-xviiies-horiz-abreuviations-bleues.png\",\"contentUrl\":\"https:\/\/www.sgeaj.ch\/wp-content\/uploads\/2021\/06\/cropped-logo-xviiies-horiz-abreuviations-bleues.png\",\"width\":659,\"height\":335,\"caption\":\"Schweizerische Gesellschaft f\u00fcr die Erforschung des 18. Jahrhunderts (SGEAJ - SSEDS)\"},\"image\":{\"@id\":\"https:\/\/www.sgeaj.ch\/fr\/#\/schema\/logo\/image\/\"}},{\"@type\":\"Person\",\"@id\":\"https:\/\/www.sgeaj.ch\/fr\/#\/schema\/person\/6bd2b59ee4319b4a54912921450cebf6\",\"name\":\"SGEAJ\",\"url\":\"https:\/\/www.sgeaj.ch\/fr\/author\/sgeaj\/\"}]}<\/script>\n<!-- \/ Yoast SEO plugin. -->","yoast_head_json":{"title":"Talents au f\u00e9minin: mythes et r\u00e9alit\u00e9 - Schweizerische Gesellschaft f\u00fcr die Erforschung des 18. Jahrhunderts (SGEAJ - SSEDS)","robots":{"index":"index","follow":"follow","max-snippet":"max-snippet:-1","max-image-preview":"max-image-preview:large","max-video-preview":"max-video-preview:-1"},"canonical":"https:\/\/www.sgeaj.ch\/fr\/actualite\/colloques\/colloque-talents-au-feminin-mythes-et-realite\/","twitter_misc":{"\u00c9crit par":"SGEAJ","Dur\u00e9e de lecture estim\u00e9e":"3 minutes"},"schema":{"@context":"https:\/\/schema.org","@graph":[{"@type":"Article","@id":"https:\/\/www.sgeaj.ch\/fr\/actualite\/colloques\/colloque-talents-au-feminin-mythes-et-realite\/#article","isPartOf":{"@id":"https:\/\/www.sgeaj.ch\/fr\/actualite\/colloques\/colloque-talents-au-feminin-mythes-et-realite\/"},"author":{"name":"SGEAJ","@id":"https:\/\/www.sgeaj.ch\/fr\/#\/schema\/person\/6bd2b59ee4319b4a54912921450cebf6"},"headline":"Talents au f\u00e9minin: mythes et r\u00e9alit\u00e9","datePublished":"2015-11-02T17:54:18+00:00","dateModified":"2022-12-24T11:54:06+00:00","mainEntityOfPage":{"@id":"https:\/\/www.sgeaj.ch\/fr\/actualite\/colloques\/colloque-talents-au-feminin-mythes-et-realite\/"},"wordCount":592,"publisher":{"@id":"https:\/\/www.sgeaj.ch\/fr\/#organization"},"image":{"@id":"https:\/\/www.sgeaj.ch\/fr\/actualite\/colloques\/colloque-talents-au-feminin-mythes-et-realite\/#primaryimage"},"thumbnailUrl":"https:\/\/www.sgeaj.ch\/wp-content\/uploads\/2015\/11\/2015-MS_affiche_web.jpg","articleSection":["Actualit\u00e9","Colloques"],"inLanguage":"fr-FR"},{"@type":"WebPage","@id":"https:\/\/www.sgeaj.ch\/fr\/actualite\/colloques\/colloque-talents-au-feminin-mythes-et-realite\/","url":"https:\/\/www.sgeaj.ch\/fr\/actualite\/colloques\/colloque-talents-au-feminin-mythes-et-realite\/","name":"Talents au f\u00e9minin: mythes et r\u00e9alit\u00e9 - Schweizerische Gesellschaft f\u00fcr die Erforschung des 18. Jahrhunderts (SGEAJ - SSEDS)","isPartOf":{"@id":"https:\/\/www.sgeaj.ch\/fr\/#website"},"primaryImageOfPage":{"@id":"https:\/\/www.sgeaj.ch\/fr\/actualite\/colloques\/colloque-talents-au-feminin-mythes-et-realite\/#primaryimage"},"image":{"@id":"https:\/\/www.sgeaj.ch\/fr\/actualite\/colloques\/colloque-talents-au-feminin-mythes-et-realite\/#primaryimage"},"thumbnailUrl":"https:\/\/www.sgeaj.ch\/wp-content\/uploads\/2015\/11\/2015-MS_affiche_web.jpg","datePublished":"2015-11-02T17:54:18+00:00","dateModified":"2022-12-24T11:54:06+00:00","inLanguage":"fr-FR","potentialAction":[{"@type":"ReadAction","target":["https:\/\/www.sgeaj.ch\/fr\/actualite\/colloques\/colloque-talents-au-feminin-mythes-et-realite\/"]}]},{"@type":"ImageObject","inLanguage":"fr-FR","@id":"https:\/\/www.sgeaj.ch\/fr\/actualite\/colloques\/colloque-talents-au-feminin-mythes-et-realite\/#primaryimage","url":"https:\/\/www.sgeaj.ch\/wp-content\/uploads\/2015\/11\/2015-MS_affiche_web.jpg","contentUrl":"https:\/\/www.sgeaj.ch\/wp-content\/uploads\/2015\/11\/2015-MS_affiche_web.jpg","width":1754,"height":2481},{"@type":"WebSite","@id":"https:\/\/www.sgeaj.ch\/fr\/#website","url":"https:\/\/www.sgeaj.ch\/fr\/","name":"Schweizerische Gesellschaft f\u00fcr die Erforschung des 18. Jahrhunderts (SGEAJ - SSEDS)","description":"Schweizerische Gesellschaft f\u00fcr die Erforschung des 18. Jahrhunderts","publisher":{"@id":"https:\/\/www.sgeaj.ch\/fr\/#organization"},"potentialAction":[{"@type":"SearchAction","target":{"@type":"EntryPoint","urlTemplate":"https:\/\/www.sgeaj.ch\/fr\/?s={search_term_string}"},"query-input":{"@type":"PropertyValueSpecification","valueRequired":true,"valueName":"search_term_string"}}],"inLanguage":"fr-FR"},{"@type":"Organization","@id":"https:\/\/www.sgeaj.ch\/fr\/#organization","name":"Schweizerische Gesellschaft f\u00fcr die Erforschung des 18. Jahrhunderts (SGEAJ - SSEDS)","url":"https:\/\/www.sgeaj.ch\/fr\/","logo":{"@type":"ImageObject","inLanguage":"fr-FR","@id":"https:\/\/www.sgeaj.ch\/fr\/#\/schema\/logo\/image\/","url":"https:\/\/www.sgeaj.ch\/wp-content\/uploads\/2021\/06\/cropped-logo-xviiies-horiz-abreuviations-bleues.png","contentUrl":"https:\/\/www.sgeaj.ch\/wp-content\/uploads\/2021\/06\/cropped-logo-xviiies-horiz-abreuviations-bleues.png","width":659,"height":335,"caption":"Schweizerische Gesellschaft f\u00fcr die Erforschung des 18. Jahrhunderts (SGEAJ - SSEDS)"},"image":{"@id":"https:\/\/www.sgeaj.ch\/fr\/#\/schema\/logo\/image\/"}},{"@type":"Person","@id":"https:\/\/www.sgeaj.ch\/fr\/#\/schema\/person\/6bd2b59ee4319b4a54912921450cebf6","name":"SGEAJ","url":"https:\/\/www.sgeaj.ch\/fr\/author\/sgeaj\/"}]}},"_links":{"self":[{"href":"https:\/\/www.sgeaj.ch\/fr\/wp-json\/wp\/v2\/posts\/1676","targetHints":{"allow":["GET"]}}],"collection":[{"href":"https:\/\/www.sgeaj.ch\/fr\/wp-json\/wp\/v2\/posts"}],"about":[{"href":"https:\/\/www.sgeaj.ch\/fr\/wp-json\/wp\/v2\/types\/post"}],"author":[{"embeddable":true,"href":"https:\/\/www.sgeaj.ch\/fr\/wp-json\/wp\/v2\/users\/2"}],"replies":[{"embeddable":true,"href":"https:\/\/www.sgeaj.ch\/fr\/wp-json\/wp\/v2\/comments?post=1676"}],"version-history":[{"count":7,"href":"https:\/\/www.sgeaj.ch\/fr\/wp-json\/wp\/v2\/posts\/1676\/revisions"}],"predecessor-version":[{"id":6937,"href":"https:\/\/www.sgeaj.ch\/fr\/wp-json\/wp\/v2\/posts\/1676\/revisions\/6937"}],"wp:featuredmedia":[{"embeddable":true,"href":"https:\/\/www.sgeaj.ch\/fr\/wp-json\/wp\/v2\/media\/3519"}],"wp:attachment":[{"href":"https:\/\/www.sgeaj.ch\/fr\/wp-json\/wp\/v2\/media?parent=1676"}],"wp:term":[{"taxonomy":"category","embeddable":true,"href":"https:\/\/www.sgeaj.ch\/fr\/wp-json\/wp\/v2\/categories?post=1676"},{"taxonomy":"post_tag","embeddable":true,"href":"https:\/\/www.sgeaj.ch\/fr\/wp-json\/wp\/v2\/tags?post=1676"}],"curies":[{"name":"wp","href":"https:\/\/api.w.org\/{rel}","templated":true}]}}