{"id":1708,"date":"2015-11-12T12:15:07","date_gmt":"2015-11-12T11:15:07","guid":{"rendered":"https:\/\/www.sgeaj.ch\/fr\/le-peintre-saint-ours-au-mah-de-geneve-exposition-et-colloque\/"},"modified":"2021-03-30T18:28:11","modified_gmt":"2021-03-30T16:28:11","slug":"le-peintre-saint-ours-au-mah-de-geneve-exposition-et-colloque","status":"publish","type":"post","link":"https:\/\/www.sgeaj.ch\/fr\/actualite\/colloques\/le-peintre-saint-ours-au-mah-de-geneve-exposition-et-colloque\/","title":{"rendered":"Le peintre Saint-Ours"},"content":{"rendered":"<div id=\"c465\" class=\"box csc-default first\">\n<div class=\"content_detail_cal last\">\n<p class=\"soustitre\"><strong>Jean-Pierre Saint-Ours. Un peintre genevois dans l&rsquo;Europe des Lumi\u00e8res, Mus\u00e9e d\u2019art et d\u2019histoire, Gen\u00e8ve, 25 septembre 2015 &#8211; (prolong\u00e9 au) 28 f\u00e9vrier 2016<\/strong><\/p>\n<\/div>\n<\/div>\n<div id=\"c3785\" class=\"box csc-default\">\n<div class=\"block first last\">\n<p class=\"first\">Le MAH rend hommage \u00e0 ce grand artiste genevois dont le nom orne sa fa\u00e7ade et dont une des \u0153uvres majeures, <em class=\"first last\">Le Tremblement de terre<\/em>, entrait en 1801 dans les collections genevoises. Cette r\u00e9trospective in\u00e9dite permet de d\u00e9couvrir ce peintre d\u2019histoire et de portraits qui s\u2019inscrit avec originalit\u00e9 dans le N\u00e9oclassicisme europ\u00e9en. Form\u00e9 \u00e0 Paris, et apr\u00e8s une p\u00e9riode baroquisante, Saint-Ours participe au mouvement du \u00abretour \u00e0 l\u2019Antique\u00bb, \u00e0 travers la lecture des Anciens et la recherche d\u2019un nouveau classicisme. Apr\u00e8s douze ans pass\u00e9s \u00e0 Rome, il rejoint Gen\u00e8ve en 1792, en pleins troubles politiques, pour d\u00e9fendre sa patrie et ses id\u00e9es. Il pr\u00e9f\u00e8re cependant\u00a0se consacrer aux portraits histori\u00e9s de notables culturels, scientifiques et politiques. L\u2019exposition r\u00e9unit une centaine de peintures, dont certaines in\u00e9dites, avec des\u00a0recherches graphiques originales. Elle pr\u00e9c\u00e8de la publication du catalogue raisonn\u00e9 de son \u0153uvre peint, \u00e9tabli par Anne de Herdt.<\/p>\n<p class=\"first\">Lien vers <a href=\"https:\/\/www.sgeaj.ch\/wp-content\/uploads\/2016\/02\/2015_Saint-Ours_flyer.pdf\" target=\"_blank\" rel=\"noopener noreferrer\">le flyer<\/a>, <a href=\"https:\/\/www.sgeaj.ch\/wp-content\/uploads\/2016\/02\/2015_Saint-Ours_Dossier-presse.pdf\" target=\"_blank\" rel=\"noopener noreferrer\">le dossier de presse<\/a> et <a href=\"https:\/\/www.sgeaj.ch\/wp-content\/uploads\/2016\/02\/2015_Saint-Ours_Visuels-exposition.pdf\" target=\"_blank\" rel=\"noopener noreferrer\">le visuel de l&rsquo;exposition<\/a>.<\/p>\n<p class=\"first\"><strong>Colloque \u00ab\u00a0Saint-Ours aujourd&rsquo;hui\u00a0\u00bb, 3-5 d\u00e9cembre 2015<br \/>\n<\/strong>\u00c0 l\u2019occasion de l\u2019exposition r\u00e9trospective consacr\u00e9e \u00e0 Jean-Pierre Saint-Ours (1752-1809)<br \/>\npar le Mus\u00e9e d\u2019art et d\u2019histoire, ce colloque organis\u00e9 en collaboration avec le D\u00e9partement<br \/>\nd\u2019histoire de l\u2019art de l\u2019Universit\u00e9 de Gen\u00e8ve, souhaiterait faire le point de la recherche, pass\u00e9e et pr\u00e9sente, sur l\u2019un des peintres les plus importants de l\u2019histoire des arts \u00e0 Gen\u00e8ve.<br \/>\nPr\u00e9sent\u00e9es par des sp\u00e9cialistes confirm\u00e9s mais aussi par de jeunes chercheurs, ces<br \/>\ninterventions offriront l\u2019occasion de r\u00e9interroger les relations que les peintres genevois ont<br \/>\n\u00e9tablies avec les autres artistes europ\u00e9ens et la place des arts \u00e0 Gen\u00e8ve \u00e0 la fin du XVIIIe si\u00e8cle et au d\u00e9but du XIXe si\u00e8cle.<br \/>\nLe colloque sera articul\u00e9 autour de quatre grandes sections, qui occuperont quatre demi-journ\u00e9es: Saint-Ours en formation; Saint-Ours dans ses oeuvres; Saint-Ours \u00e0 Gen\u00e8ve; Saint-Ours parmi les siens.<\/p>\n<p class=\"first\">Lien vers le <a href=\"https:\/\/www.sgeaj.ch\/wp-content\/uploads\/2016\/02\/2015_Saint-Ours_Colloque-Programme.pdf\" target=\"_blank\" rel=\"noopener noreferrer\">programme du colloque<\/a>.<\/p>\n<\/div>\n<\/div>\n","protected":false},"excerpt":{"rendered":"<p>Jean-Pierre Saint-Ours. Un peintre genevois dans l&rsquo;Europe des Lumi\u00e8res, Mus\u00e9e d\u2019art et d\u2019histoire, Gen\u00e8ve, 25 septembre 2015 &#8211; (prolong\u00e9 au) 28 f\u00e9vrier 2016 Le MAH rend hommage \u00e0 ce grand artiste genevois dont le nom orne sa fa\u00e7ade et dont une des \u0153uvres majeures, Le Tremblement de terre, entrait en 1801 dans les collections genevoises. [&hellip;]<\/p>\n","protected":false},"author":2,"featured_media":3525,"comment_status":"closed","ping_status":"open","sticky":false,"template":"","format":"standard","meta":{"footnotes":""},"categories":[42,27],"tags":[],"class_list":{"0":"post-1708","1":"post","2":"type-post","3":"status-publish","4":"format-standard","5":"has-post-thumbnail","7":"category-actualite","8":"category-colloques","9":"czr-hentry"},"yoast_head":"<!-- This site is optimized with the Yoast SEO plugin v26.9 - https:\/\/yoast.com\/product\/yoast-seo-wordpress\/ -->\n<title>Le peintre Saint-Ours - Schweizerische Gesellschaft f\u00fcr die Erforschung des 18. Jahrhunderts (SGEAJ - SSEDS)<\/title>\n<meta name=\"robots\" content=\"index, follow, max-snippet:-1, max-image-preview:large, max-video-preview:-1\" \/>\n<link rel=\"canonical\" href=\"https:\/\/www.sgeaj.ch\/fr\/actualite\/colloques\/le-peintre-saint-ours-au-mah-de-geneve-exposition-et-colloque\/\" \/>\n<meta name=\"twitter:label1\" content=\"\u00c9crit par\" \/>\n\t<meta name=\"twitter:data1\" content=\"SGEAJ\" \/>\n\t<meta name=\"twitter:label2\" content=\"Dur\u00e9e de lecture estim\u00e9e\" \/>\n\t<meta name=\"twitter:data2\" content=\"2 minutes\" \/>\n<script type=\"application\/ld+json\" class=\"yoast-schema-graph\">{\"@context\":\"https:\/\/schema.org\",\"@graph\":[{\"@type\":\"Article\",\"@id\":\"https:\/\/www.sgeaj.ch\/fr\/actualite\/colloques\/le-peintre-saint-ours-au-mah-de-geneve-exposition-et-colloque\/#article\",\"isPartOf\":{\"@id\":\"https:\/\/www.sgeaj.ch\/fr\/actualite\/colloques\/le-peintre-saint-ours-au-mah-de-geneve-exposition-et-colloque\/\"},\"author\":{\"name\":\"SGEAJ\",\"@id\":\"https:\/\/www.sgeaj.ch\/fr\/#\/schema\/person\/6bd2b59ee4319b4a54912921450cebf6\"},\"headline\":\"Le peintre Saint-Ours\",\"datePublished\":\"2015-11-12T11:15:07+00:00\",\"dateModified\":\"2021-03-30T16:28:11+00:00\",\"mainEntityOfPage\":{\"@id\":\"https:\/\/www.sgeaj.ch\/fr\/actualite\/colloques\/le-peintre-saint-ours-au-mah-de-geneve-exposition-et-colloque\/\"},\"wordCount\":374,\"publisher\":{\"@id\":\"https:\/\/www.sgeaj.ch\/fr\/#organization\"},\"image\":{\"@id\":\"https:\/\/www.sgeaj.ch\/fr\/actualite\/colloques\/le-peintre-saint-ours-au-mah-de-geneve-exposition-et-colloque\/#primaryimage\"},\"thumbnailUrl\":\"https:\/\/www.sgeaj.ch\/wp-content\/uploads\/2016\/02\/2015_Saint-Ours_expo_grande.jpg\",\"articleSection\":[\"Actualit\u00e9\",\"Colloques\"],\"inLanguage\":\"fr-FR\"},{\"@type\":\"WebPage\",\"@id\":\"https:\/\/www.sgeaj.ch\/fr\/actualite\/colloques\/le-peintre-saint-ours-au-mah-de-geneve-exposition-et-colloque\/\",\"url\":\"https:\/\/www.sgeaj.ch\/fr\/actualite\/colloques\/le-peintre-saint-ours-au-mah-de-geneve-exposition-et-colloque\/\",\"name\":\"Le peintre Saint-Ours - Schweizerische Gesellschaft f\u00fcr die Erforschung des 18. Jahrhunderts (SGEAJ - SSEDS)\",\"isPartOf\":{\"@id\":\"https:\/\/www.sgeaj.ch\/fr\/#website\"},\"primaryImageOfPage\":{\"@id\":\"https:\/\/www.sgeaj.ch\/fr\/actualite\/colloques\/le-peintre-saint-ours-au-mah-de-geneve-exposition-et-colloque\/#primaryimage\"},\"image\":{\"@id\":\"https:\/\/www.sgeaj.ch\/fr\/actualite\/colloques\/le-peintre-saint-ours-au-mah-de-geneve-exposition-et-colloque\/#primaryimage\"},\"thumbnailUrl\":\"https:\/\/www.sgeaj.ch\/wp-content\/uploads\/2016\/02\/2015_Saint-Ours_expo_grande.jpg\",\"datePublished\":\"2015-11-12T11:15:07+00:00\",\"dateModified\":\"2021-03-30T16:28:11+00:00\",\"inLanguage\":\"fr-FR\",\"potentialAction\":[{\"@type\":\"ReadAction\",\"target\":[\"https:\/\/www.sgeaj.ch\/fr\/actualite\/colloques\/le-peintre-saint-ours-au-mah-de-geneve-exposition-et-colloque\/\"]}]},{\"@type\":\"ImageObject\",\"inLanguage\":\"fr-FR\",\"@id\":\"https:\/\/www.sgeaj.ch\/fr\/actualite\/colloques\/le-peintre-saint-ours-au-mah-de-geneve-exposition-et-colloque\/#primaryimage\",\"url\":\"https:\/\/www.sgeaj.ch\/wp-content\/uploads\/2016\/02\/2015_Saint-Ours_expo_grande.jpg\",\"contentUrl\":\"https:\/\/www.sgeaj.ch\/wp-content\/uploads\/2016\/02\/2015_Saint-Ours_expo_grande.jpg\",\"width\":370,\"height\":520},{\"@type\":\"WebSite\",\"@id\":\"https:\/\/www.sgeaj.ch\/fr\/#website\",\"url\":\"https:\/\/www.sgeaj.ch\/fr\/\",\"name\":\"Schweizerische Gesellschaft f\u00fcr die Erforschung des 18. Jahrhunderts (SGEAJ - SSEDS)\",\"description\":\"Schweizerische Gesellschaft f\u00fcr die Erforschung des 18. Jahrhunderts\",\"publisher\":{\"@id\":\"https:\/\/www.sgeaj.ch\/fr\/#organization\"},\"potentialAction\":[{\"@type\":\"SearchAction\",\"target\":{\"@type\":\"EntryPoint\",\"urlTemplate\":\"https:\/\/www.sgeaj.ch\/fr\/?s={search_term_string}\"},\"query-input\":{\"@type\":\"PropertyValueSpecification\",\"valueRequired\":true,\"valueName\":\"search_term_string\"}}],\"inLanguage\":\"fr-FR\"},{\"@type\":\"Organization\",\"@id\":\"https:\/\/www.sgeaj.ch\/fr\/#organization\",\"name\":\"Schweizerische Gesellschaft f\u00fcr die Erforschung des 18. Jahrhunderts (SGEAJ - SSEDS)\",\"url\":\"https:\/\/www.sgeaj.ch\/fr\/\",\"logo\":{\"@type\":\"ImageObject\",\"inLanguage\":\"fr-FR\",\"@id\":\"https:\/\/www.sgeaj.ch\/fr\/#\/schema\/logo\/image\/\",\"url\":\"https:\/\/www.sgeaj.ch\/wp-content\/uploads\/2021\/06\/cropped-logo-xviiies-horiz-abreuviations-bleues.png\",\"contentUrl\":\"https:\/\/www.sgeaj.ch\/wp-content\/uploads\/2021\/06\/cropped-logo-xviiies-horiz-abreuviations-bleues.png\",\"width\":659,\"height\":335,\"caption\":\"Schweizerische Gesellschaft f\u00fcr die Erforschung des 18. Jahrhunderts (SGEAJ - SSEDS)\"},\"image\":{\"@id\":\"https:\/\/www.sgeaj.ch\/fr\/#\/schema\/logo\/image\/\"}},{\"@type\":\"Person\",\"@id\":\"https:\/\/www.sgeaj.ch\/fr\/#\/schema\/person\/6bd2b59ee4319b4a54912921450cebf6\",\"name\":\"SGEAJ\",\"url\":\"https:\/\/www.sgeaj.ch\/fr\/author\/sgeaj\/\"}]}<\/script>\n<!-- \/ Yoast SEO plugin. -->","yoast_head_json":{"title":"Le peintre Saint-Ours - Schweizerische Gesellschaft f\u00fcr die Erforschung des 18. Jahrhunderts (SGEAJ - SSEDS)","robots":{"index":"index","follow":"follow","max-snippet":"max-snippet:-1","max-image-preview":"max-image-preview:large","max-video-preview":"max-video-preview:-1"},"canonical":"https:\/\/www.sgeaj.ch\/fr\/actualite\/colloques\/le-peintre-saint-ours-au-mah-de-geneve-exposition-et-colloque\/","twitter_misc":{"\u00c9crit par":"SGEAJ","Dur\u00e9e de lecture estim\u00e9e":"2 minutes"},"schema":{"@context":"https:\/\/schema.org","@graph":[{"@type":"Article","@id":"https:\/\/www.sgeaj.ch\/fr\/actualite\/colloques\/le-peintre-saint-ours-au-mah-de-geneve-exposition-et-colloque\/#article","isPartOf":{"@id":"https:\/\/www.sgeaj.ch\/fr\/actualite\/colloques\/le-peintre-saint-ours-au-mah-de-geneve-exposition-et-colloque\/"},"author":{"name":"SGEAJ","@id":"https:\/\/www.sgeaj.ch\/fr\/#\/schema\/person\/6bd2b59ee4319b4a54912921450cebf6"},"headline":"Le peintre Saint-Ours","datePublished":"2015-11-12T11:15:07+00:00","dateModified":"2021-03-30T16:28:11+00:00","mainEntityOfPage":{"@id":"https:\/\/www.sgeaj.ch\/fr\/actualite\/colloques\/le-peintre-saint-ours-au-mah-de-geneve-exposition-et-colloque\/"},"wordCount":374,"publisher":{"@id":"https:\/\/www.sgeaj.ch\/fr\/#organization"},"image":{"@id":"https:\/\/www.sgeaj.ch\/fr\/actualite\/colloques\/le-peintre-saint-ours-au-mah-de-geneve-exposition-et-colloque\/#primaryimage"},"thumbnailUrl":"https:\/\/www.sgeaj.ch\/wp-content\/uploads\/2016\/02\/2015_Saint-Ours_expo_grande.jpg","articleSection":["Actualit\u00e9","Colloques"],"inLanguage":"fr-FR"},{"@type":"WebPage","@id":"https:\/\/www.sgeaj.ch\/fr\/actualite\/colloques\/le-peintre-saint-ours-au-mah-de-geneve-exposition-et-colloque\/","url":"https:\/\/www.sgeaj.ch\/fr\/actualite\/colloques\/le-peintre-saint-ours-au-mah-de-geneve-exposition-et-colloque\/","name":"Le peintre Saint-Ours - Schweizerische Gesellschaft f\u00fcr die Erforschung des 18. Jahrhunderts (SGEAJ - SSEDS)","isPartOf":{"@id":"https:\/\/www.sgeaj.ch\/fr\/#website"},"primaryImageOfPage":{"@id":"https:\/\/www.sgeaj.ch\/fr\/actualite\/colloques\/le-peintre-saint-ours-au-mah-de-geneve-exposition-et-colloque\/#primaryimage"},"image":{"@id":"https:\/\/www.sgeaj.ch\/fr\/actualite\/colloques\/le-peintre-saint-ours-au-mah-de-geneve-exposition-et-colloque\/#primaryimage"},"thumbnailUrl":"https:\/\/www.sgeaj.ch\/wp-content\/uploads\/2016\/02\/2015_Saint-Ours_expo_grande.jpg","datePublished":"2015-11-12T11:15:07+00:00","dateModified":"2021-03-30T16:28:11+00:00","inLanguage":"fr-FR","potentialAction":[{"@type":"ReadAction","target":["https:\/\/www.sgeaj.ch\/fr\/actualite\/colloques\/le-peintre-saint-ours-au-mah-de-geneve-exposition-et-colloque\/"]}]},{"@type":"ImageObject","inLanguage":"fr-FR","@id":"https:\/\/www.sgeaj.ch\/fr\/actualite\/colloques\/le-peintre-saint-ours-au-mah-de-geneve-exposition-et-colloque\/#primaryimage","url":"https:\/\/www.sgeaj.ch\/wp-content\/uploads\/2016\/02\/2015_Saint-Ours_expo_grande.jpg","contentUrl":"https:\/\/www.sgeaj.ch\/wp-content\/uploads\/2016\/02\/2015_Saint-Ours_expo_grande.jpg","width":370,"height":520},{"@type":"WebSite","@id":"https:\/\/www.sgeaj.ch\/fr\/#website","url":"https:\/\/www.sgeaj.ch\/fr\/","name":"Schweizerische Gesellschaft f\u00fcr die Erforschung des 18. Jahrhunderts (SGEAJ - SSEDS)","description":"Schweizerische Gesellschaft f\u00fcr die Erforschung des 18. Jahrhunderts","publisher":{"@id":"https:\/\/www.sgeaj.ch\/fr\/#organization"},"potentialAction":[{"@type":"SearchAction","target":{"@type":"EntryPoint","urlTemplate":"https:\/\/www.sgeaj.ch\/fr\/?s={search_term_string}"},"query-input":{"@type":"PropertyValueSpecification","valueRequired":true,"valueName":"search_term_string"}}],"inLanguage":"fr-FR"},{"@type":"Organization","@id":"https:\/\/www.sgeaj.ch\/fr\/#organization","name":"Schweizerische Gesellschaft f\u00fcr die Erforschung des 18. Jahrhunderts (SGEAJ - SSEDS)","url":"https:\/\/www.sgeaj.ch\/fr\/","logo":{"@type":"ImageObject","inLanguage":"fr-FR","@id":"https:\/\/www.sgeaj.ch\/fr\/#\/schema\/logo\/image\/","url":"https:\/\/www.sgeaj.ch\/wp-content\/uploads\/2021\/06\/cropped-logo-xviiies-horiz-abreuviations-bleues.png","contentUrl":"https:\/\/www.sgeaj.ch\/wp-content\/uploads\/2021\/06\/cropped-logo-xviiies-horiz-abreuviations-bleues.png","width":659,"height":335,"caption":"Schweizerische Gesellschaft f\u00fcr die Erforschung des 18. Jahrhunderts (SGEAJ - SSEDS)"},"image":{"@id":"https:\/\/www.sgeaj.ch\/fr\/#\/schema\/logo\/image\/"}},{"@type":"Person","@id":"https:\/\/www.sgeaj.ch\/fr\/#\/schema\/person\/6bd2b59ee4319b4a54912921450cebf6","name":"SGEAJ","url":"https:\/\/www.sgeaj.ch\/fr\/author\/sgeaj\/"}]}},"_links":{"self":[{"href":"https:\/\/www.sgeaj.ch\/fr\/wp-json\/wp\/v2\/posts\/1708","targetHints":{"allow":["GET"]}}],"collection":[{"href":"https:\/\/www.sgeaj.ch\/fr\/wp-json\/wp\/v2\/posts"}],"about":[{"href":"https:\/\/www.sgeaj.ch\/fr\/wp-json\/wp\/v2\/types\/post"}],"author":[{"embeddable":true,"href":"https:\/\/www.sgeaj.ch\/fr\/wp-json\/wp\/v2\/users\/2"}],"replies":[{"embeddable":true,"href":"https:\/\/www.sgeaj.ch\/fr\/wp-json\/wp\/v2\/comments?post=1708"}],"version-history":[{"count":4,"href":"https:\/\/www.sgeaj.ch\/fr\/wp-json\/wp\/v2\/posts\/1708\/revisions"}],"predecessor-version":[{"id":5785,"href":"https:\/\/www.sgeaj.ch\/fr\/wp-json\/wp\/v2\/posts\/1708\/revisions\/5785"}],"wp:featuredmedia":[{"embeddable":true,"href":"https:\/\/www.sgeaj.ch\/fr\/wp-json\/wp\/v2\/media\/3525"}],"wp:attachment":[{"href":"https:\/\/www.sgeaj.ch\/fr\/wp-json\/wp\/v2\/media?parent=1708"}],"wp:term":[{"taxonomy":"category","embeddable":true,"href":"https:\/\/www.sgeaj.ch\/fr\/wp-json\/wp\/v2\/categories?post=1708"},{"taxonomy":"post_tag","embeddable":true,"href":"https:\/\/www.sgeaj.ch\/fr\/wp-json\/wp\/v2\/tags?post=1708"}],"curies":[{"name":"wp","href":"https:\/\/api.w.org\/{rel}","templated":true}]}}