{"id":1750,"date":"2016-02-15T19:11:29","date_gmt":"2016-02-15T18:11:29","guid":{"rendered":"https:\/\/www.sgeaj.ch\/fr\/colloque-art-et-liberalisme-en-france-2016\/"},"modified":"2021-04-11T16:27:02","modified_gmt":"2021-04-11T14:27:02","slug":"colloque-art-et-liberalisme-en-france-2016","status":"publish","type":"post","link":"https:\/\/www.sgeaj.ch\/fr\/actualite\/colloques\/colloque-art-et-liberalisme-en-france-2016\/","title":{"rendered":"Art et lib\u00e9ralisme en France (1814-1830)\u00a0\u00bb"},"content":{"rendered":"<h2><strong>Art et lib\u00e9ralisme en France (1814-1830). La contestation par l\u2019image<\/strong><\/h2>\n<p>Colloque international<\/p>\n<p>Depuis une vingtaine d\u2019ann\u00e9es, l\u2019histoire de l\u2019iconographie politique sous la Restauration a suscit\u00e9 un certain nombre de travaux (Marie-Claude Chaudonneret, Annie Duprat, Emmanuel de Waresquiel, Nina Maria Athanassoglou-Kallmyer et Bruno Chenique). Plusieurs \u00e9tudes consacr\u00e9es \u00e0 des artistes de premier plan (Th. G\u00e9ricault, H. Vernet, J.-B. Isabey, N.-T. Charlet, A. Scheffer, etc.) ont notamment permis de pr\u00e9ciser les cadres d\u2019\u00e9laboration, de diffusion et de r\u00e9ception d\u2019oeuvres \u00e9labor\u00e9es dans les cercles de l\u2019opposition lib\u00e9rale (bonapartistes, r\u00e9publicains, charbonniers, anticl\u00e9ricaux) et consid\u00e9r\u00e9es comme potentiellement subversives par les monarchistes. Durant cette p\u00e9riode, l\u2019estampe et les oeuvres s\u00e9ditieuses font en effet partie int\u00e9grante de la strat\u00e9gie d\u2019opposition, au m\u00eame titre que les luttes \u00e9lectorales, les pamphlets litt\u00e9raires et l\u2019exposition de m\u00e9mentos r\u00e9publicains ou bonapartistes.<\/p>\n<p>Si certaines des modalit\u00e9s de l\u2019engagement politique des artistes et des \u00e9crivains \u00abenr\u00f4l\u00e9s\u00bb dans l\u2019opposition lib\u00e9rale paraissent d\u00e9sormais mieux connues, on peut affirmer que le sujet est loin d\u2019\u00eatre \u00e9puis\u00e9. Ce colloque, organis\u00e9 dans le cadre des activit\u00e9s de recherche de la section d\u2019histoire de l\u2019art et de l\u2019Institut Benjamin Constant de l\u2019Universit\u00e9 de Lausanne, a donc pour objectif de poursuivre la dynamique initi\u00e9e par des travaux ant\u00e9rieurs \u00e0 travers l\u2019\u00e9tude d\u2019un corpus original, avec une attention toute particuli\u00e8re au portrait (peinture, sculpture, gravure\/lithographie, caricature). Il s\u2019agira de pr\u00e9ciser le contexte de production et de r\u00e9ception de ces images en France entre 1814 et 1830 \u00e0 partir de sources vari\u00e9es, souvent m\u00e9connues et relativement peu exploit\u00e9es par les chercheurs, mais encore de mettre en exergue les obstacles auxquels ont pu se heurter les auteurs et\/ou commanditaires de ces images et les pol\u00e9miques que leurs initiatives ont \u00e9ventuellement engendr\u00e9es.<\/p>\n<p>Cyril L\u00e9cosse et Guillaume Poisson, organisateurs<br \/>\n<!--more--><\/p>\n<h3><strong>Jeudi 17 mars 2016, Unith\u00e8que (BCU), salle de conf\u00e9rence<br \/>\n<\/strong><\/h3>\n<p><strong>09h15 <\/strong>Accueil<\/p>\n<p><strong>09h30 <\/strong>Ouverture par Cyril L\u00e9cosse (Section d&rsquo;histoire de l\u2019art, Universit\u00e9 de Lausanne) et Guillaume Poisson (Institut Benjamin Constant, Universit\u00e9 de Lausanne)<\/p>\n<p>Pr\u00e9sident: L\u00e9onard Burnand, Institut Benjamin Constant, Universit\u00e9 de Lausanne<\/p>\n<p><strong>09h45 <\/strong>Annie Duprat, Universit\u00e9 de Cergy-Pontoise, <em>\u00ab Libert\u00e9 d\u2019expression, autocensure et censure en France pendant la Restauration (1814-1830) \u00bb<\/em><\/p>\n<p><strong>10h30 <\/strong>Nina Maria Athanassoglou-Kallmyer, University of Delaware, <em>\u00ab Lutte des signes, lutte des classes : Pour une nouvelle embl\u00e9matique sociale sous la Restauration \u00bb<\/em><\/p>\n<p>Pr\u00e9sident: Prof. Philippe Kaenel, Section d&rsquo;histoire de l\u2019art, Universit\u00e9 de Lausanne<\/p>\n<p><strong>14h00 <\/strong>Guillaume Nicoud, Mus\u00e9e d\u2019\u00c9tat de l\u2019Ermitage, <em>\u00ab La naissance d\u2019un peintre contestataire : Horace Vernet et les premi\u00e8res ann\u00e9es de la Restauration \u00bb<\/em><\/p>\n<p><strong>14h30 <\/strong>Cyril L\u00e9cosse, Universit\u00e9 de Lausanne, <em>\u00ab Le \u2018Roi de Rome pouss\u00e9 par la France\u2019: Jean-Baptiste Isabey et les \u2018partisans z\u00e9l\u00e9s de Bonaparte\u2019 sous la Restauration \u00bb<\/em><\/p>\n<p><strong>16h00 <\/strong>Richard Wrigley, University of Nottingham, <em>\u00ab The fl\u00e2neur in the Restauration: the politics of strolling\u00a0\u00bb<\/em><\/p>\n<p><strong>16h30 <\/strong>Peggy Davis, Universit\u00e9 du Qu\u00e9bec \u00e0 Montr\u00e9al, <em>\u00ab La figure de l\u2019invalide sous la Restauration \u00bb<\/em><\/p>\n<p><strong>17h15 <\/strong>Discussion<\/p>\n<h3><strong>Vendredi 18 mars 2016, Amphip\u00f4le, salle 321<\/strong><\/h3>\n<p>Pr\u00e9sident: Annie Duprat, Professeure \u00e9m\u00e9rite d\u2019Histoire moderne Universit\u00e9 de Cergy-Pontoise<\/p>\n<p><strong>09h00 <\/strong>Andrew Carrington Shelton, The Ohio State University, <em>\u00ab Achille Dev\u00e9ria\u2019s Quatre Sergents de La Rochelle (1822) \u00bb<\/em><\/p>\n<p><strong>09h30 <\/strong>Bruno Chenique, Reims, <em>\u00ab Les portraits de Louvel: ouvrier, monomane ou assassin impersonnel ? \u00bb<\/em><\/p>\n<p><strong>10h30 <\/strong>Guillaume Poisson, Universit\u00e9 de Lausanne, <em>\u00ab \u2018Le vilain animal est leur Benjamin\u2019, les caricatures politiques contre Benjamin Constant sous la Restauration \u00bb<\/em><\/p>\n<p><strong>11h00 <\/strong>J\u00e9r\u00f4me Louis, Institut Napol\u00e9on, Paris, <em>\u00ab Se moquer et fustiger par la caricature le roi Charles X \u00bb<\/em><\/p>\n<p><strong>11h30 <\/strong>Discussion<\/p>\n<p><strong>12h00 <\/strong>Conclusion par Philippe Kaenel, Universit\u00e9 de Lausanne<\/p>\n<p>\u2192 <a href=\"https:\/\/www.sgeaj.ch\/wp-content\/uploads\/2016\/02\/2016-colloque_Art_Liberalisme.pdf\" target=\"_blank\" rel=\"noopener noreferrer\">D\u00e9pliant (pdf)<\/a><\/p>\n","protected":false},"excerpt":{"rendered":"<p>Art et lib\u00e9ralisme en France (1814-1830). La contestation par l\u2019image Colloque international Depuis une vingtaine d\u2019ann\u00e9es, l\u2019histoire de l\u2019iconographie politique sous la Restauration a suscit\u00e9 un certain nombre de travaux (Marie-Claude Chaudonneret, Annie Duprat, Emmanuel de Waresquiel, Nina Maria Athanassoglou-Kallmyer et Bruno Chenique). Plusieurs \u00e9tudes consacr\u00e9es \u00e0 des artistes de premier plan (Th. G\u00e9ricault, H. [&hellip;]<\/p>\n","protected":false},"author":2,"featured_media":3536,"comment_status":"closed","ping_status":"open","sticky":false,"template":"","format":"standard","meta":{"footnotes":""},"categories":[42,27],"tags":[],"class_list":{"0":"post-1750","1":"post","2":"type-post","3":"status-publish","4":"format-standard","5":"has-post-thumbnail","7":"category-actualite","8":"category-colloques","9":"czr-hentry"},"yoast_head":"<!-- This site is optimized with the Yoast SEO plugin v26.9 - https:\/\/yoast.com\/product\/yoast-seo-wordpress\/ -->\n<title>Art et lib\u00e9ralisme en France (1814-1830)&quot; - Schweizerische Gesellschaft f\u00fcr die Erforschung des 18. Jahrhunderts (SGEAJ - SSEDS)<\/title>\n<meta name=\"robots\" content=\"index, follow, max-snippet:-1, max-image-preview:large, max-video-preview:-1\" \/>\n<link rel=\"canonical\" href=\"https:\/\/www.sgeaj.ch\/fr\/actualite\/colloques\/colloque-art-et-liberalisme-en-france-2016\/\" \/>\n<meta name=\"twitter:label1\" content=\"\u00c9crit par\" \/>\n\t<meta name=\"twitter:data1\" content=\"SGEAJ\" \/>\n\t<meta name=\"twitter:label2\" content=\"Dur\u00e9e de lecture estim\u00e9e\" \/>\n\t<meta name=\"twitter:data2\" content=\"3 minutes\" \/>\n<script type=\"application\/ld+json\" class=\"yoast-schema-graph\">{\"@context\":\"https:\/\/schema.org\",\"@graph\":[{\"@type\":\"Article\",\"@id\":\"https:\/\/www.sgeaj.ch\/fr\/actualite\/colloques\/colloque-art-et-liberalisme-en-france-2016\/#article\",\"isPartOf\":{\"@id\":\"https:\/\/www.sgeaj.ch\/fr\/actualite\/colloques\/colloque-art-et-liberalisme-en-france-2016\/\"},\"author\":{\"name\":\"SGEAJ\",\"@id\":\"https:\/\/www.sgeaj.ch\/fr\/#\/schema\/person\/6bd2b59ee4319b4a54912921450cebf6\"},\"headline\":\"Art et lib\u00e9ralisme en France (1814-1830)\u00a0\u00bb\",\"datePublished\":\"2016-02-15T18:11:29+00:00\",\"dateModified\":\"2021-04-11T14:27:02+00:00\",\"mainEntityOfPage\":{\"@id\":\"https:\/\/www.sgeaj.ch\/fr\/actualite\/colloques\/colloque-art-et-liberalisme-en-france-2016\/\"},\"wordCount\":639,\"publisher\":{\"@id\":\"https:\/\/www.sgeaj.ch\/fr\/#organization\"},\"image\":{\"@id\":\"https:\/\/www.sgeaj.ch\/fr\/actualite\/colloques\/colloque-art-et-liberalisme-en-france-2016\/#primaryimage\"},\"thumbnailUrl\":\"https:\/\/www.sgeaj.ch\/wp-content\/uploads\/2016\/02\/2016-colloque_Art_Liberalisme.jpg\",\"articleSection\":[\"Actualit\u00e9\",\"Colloques\"],\"inLanguage\":\"fr-FR\"},{\"@type\":\"WebPage\",\"@id\":\"https:\/\/www.sgeaj.ch\/fr\/actualite\/colloques\/colloque-art-et-liberalisme-en-france-2016\/\",\"url\":\"https:\/\/www.sgeaj.ch\/fr\/actualite\/colloques\/colloque-art-et-liberalisme-en-france-2016\/\",\"name\":\"Art et lib\u00e9ralisme en France (1814-1830)\\\" - Schweizerische Gesellschaft f\u00fcr die Erforschung des 18. Jahrhunderts (SGEAJ - SSEDS)\",\"isPartOf\":{\"@id\":\"https:\/\/www.sgeaj.ch\/fr\/#website\"},\"primaryImageOfPage\":{\"@id\":\"https:\/\/www.sgeaj.ch\/fr\/actualite\/colloques\/colloque-art-et-liberalisme-en-france-2016\/#primaryimage\"},\"image\":{\"@id\":\"https:\/\/www.sgeaj.ch\/fr\/actualite\/colloques\/colloque-art-et-liberalisme-en-france-2016\/#primaryimage\"},\"thumbnailUrl\":\"https:\/\/www.sgeaj.ch\/wp-content\/uploads\/2016\/02\/2016-colloque_Art_Liberalisme.jpg\",\"datePublished\":\"2016-02-15T18:11:29+00:00\",\"dateModified\":\"2021-04-11T14:27:02+00:00\",\"inLanguage\":\"fr-FR\",\"potentialAction\":[{\"@type\":\"ReadAction\",\"target\":[\"https:\/\/www.sgeaj.ch\/fr\/actualite\/colloques\/colloque-art-et-liberalisme-en-france-2016\/\"]}]},{\"@type\":\"ImageObject\",\"inLanguage\":\"fr-FR\",\"@id\":\"https:\/\/www.sgeaj.ch\/fr\/actualite\/colloques\/colloque-art-et-liberalisme-en-france-2016\/#primaryimage\",\"url\":\"https:\/\/www.sgeaj.ch\/wp-content\/uploads\/2016\/02\/2016-colloque_Art_Liberalisme.jpg\",\"contentUrl\":\"https:\/\/www.sgeaj.ch\/wp-content\/uploads\/2016\/02\/2016-colloque_Art_Liberalisme.jpg\",\"width\":840,\"height\":1191},{\"@type\":\"WebSite\",\"@id\":\"https:\/\/www.sgeaj.ch\/fr\/#website\",\"url\":\"https:\/\/www.sgeaj.ch\/fr\/\",\"name\":\"Schweizerische Gesellschaft f\u00fcr die Erforschung des 18. Jahrhunderts (SGEAJ - SSEDS)\",\"description\":\"Schweizerische Gesellschaft f\u00fcr die Erforschung des 18. Jahrhunderts\",\"publisher\":{\"@id\":\"https:\/\/www.sgeaj.ch\/fr\/#organization\"},\"potentialAction\":[{\"@type\":\"SearchAction\",\"target\":{\"@type\":\"EntryPoint\",\"urlTemplate\":\"https:\/\/www.sgeaj.ch\/fr\/?s={search_term_string}\"},\"query-input\":{\"@type\":\"PropertyValueSpecification\",\"valueRequired\":true,\"valueName\":\"search_term_string\"}}],\"inLanguage\":\"fr-FR\"},{\"@type\":\"Organization\",\"@id\":\"https:\/\/www.sgeaj.ch\/fr\/#organization\",\"name\":\"Schweizerische Gesellschaft f\u00fcr die Erforschung des 18. Jahrhunderts (SGEAJ - SSEDS)\",\"url\":\"https:\/\/www.sgeaj.ch\/fr\/\",\"logo\":{\"@type\":\"ImageObject\",\"inLanguage\":\"fr-FR\",\"@id\":\"https:\/\/www.sgeaj.ch\/fr\/#\/schema\/logo\/image\/\",\"url\":\"https:\/\/www.sgeaj.ch\/wp-content\/uploads\/2021\/06\/cropped-logo-xviiies-horiz-abreuviations-bleues.png\",\"contentUrl\":\"https:\/\/www.sgeaj.ch\/wp-content\/uploads\/2021\/06\/cropped-logo-xviiies-horiz-abreuviations-bleues.png\",\"width\":659,\"height\":335,\"caption\":\"Schweizerische Gesellschaft f\u00fcr die Erforschung des 18. Jahrhunderts (SGEAJ - SSEDS)\"},\"image\":{\"@id\":\"https:\/\/www.sgeaj.ch\/fr\/#\/schema\/logo\/image\/\"}},{\"@type\":\"Person\",\"@id\":\"https:\/\/www.sgeaj.ch\/fr\/#\/schema\/person\/6bd2b59ee4319b4a54912921450cebf6\",\"name\":\"SGEAJ\",\"url\":\"https:\/\/www.sgeaj.ch\/fr\/author\/sgeaj\/\"}]}<\/script>\n<!-- \/ Yoast SEO plugin. -->","yoast_head_json":{"title":"Art et lib\u00e9ralisme en France (1814-1830)\" - Schweizerische Gesellschaft f\u00fcr die Erforschung des 18. Jahrhunderts (SGEAJ - SSEDS)","robots":{"index":"index","follow":"follow","max-snippet":"max-snippet:-1","max-image-preview":"max-image-preview:large","max-video-preview":"max-video-preview:-1"},"canonical":"https:\/\/www.sgeaj.ch\/fr\/actualite\/colloques\/colloque-art-et-liberalisme-en-france-2016\/","twitter_misc":{"\u00c9crit par":"SGEAJ","Dur\u00e9e de lecture estim\u00e9e":"3 minutes"},"schema":{"@context":"https:\/\/schema.org","@graph":[{"@type":"Article","@id":"https:\/\/www.sgeaj.ch\/fr\/actualite\/colloques\/colloque-art-et-liberalisme-en-france-2016\/#article","isPartOf":{"@id":"https:\/\/www.sgeaj.ch\/fr\/actualite\/colloques\/colloque-art-et-liberalisme-en-france-2016\/"},"author":{"name":"SGEAJ","@id":"https:\/\/www.sgeaj.ch\/fr\/#\/schema\/person\/6bd2b59ee4319b4a54912921450cebf6"},"headline":"Art et lib\u00e9ralisme en France (1814-1830)\u00a0\u00bb","datePublished":"2016-02-15T18:11:29+00:00","dateModified":"2021-04-11T14:27:02+00:00","mainEntityOfPage":{"@id":"https:\/\/www.sgeaj.ch\/fr\/actualite\/colloques\/colloque-art-et-liberalisme-en-france-2016\/"},"wordCount":639,"publisher":{"@id":"https:\/\/www.sgeaj.ch\/fr\/#organization"},"image":{"@id":"https:\/\/www.sgeaj.ch\/fr\/actualite\/colloques\/colloque-art-et-liberalisme-en-france-2016\/#primaryimage"},"thumbnailUrl":"https:\/\/www.sgeaj.ch\/wp-content\/uploads\/2016\/02\/2016-colloque_Art_Liberalisme.jpg","articleSection":["Actualit\u00e9","Colloques"],"inLanguage":"fr-FR"},{"@type":"WebPage","@id":"https:\/\/www.sgeaj.ch\/fr\/actualite\/colloques\/colloque-art-et-liberalisme-en-france-2016\/","url":"https:\/\/www.sgeaj.ch\/fr\/actualite\/colloques\/colloque-art-et-liberalisme-en-france-2016\/","name":"Art et lib\u00e9ralisme en France (1814-1830)\" - Schweizerische Gesellschaft f\u00fcr die Erforschung des 18. Jahrhunderts (SGEAJ - SSEDS)","isPartOf":{"@id":"https:\/\/www.sgeaj.ch\/fr\/#website"},"primaryImageOfPage":{"@id":"https:\/\/www.sgeaj.ch\/fr\/actualite\/colloques\/colloque-art-et-liberalisme-en-france-2016\/#primaryimage"},"image":{"@id":"https:\/\/www.sgeaj.ch\/fr\/actualite\/colloques\/colloque-art-et-liberalisme-en-france-2016\/#primaryimage"},"thumbnailUrl":"https:\/\/www.sgeaj.ch\/wp-content\/uploads\/2016\/02\/2016-colloque_Art_Liberalisme.jpg","datePublished":"2016-02-15T18:11:29+00:00","dateModified":"2021-04-11T14:27:02+00:00","inLanguage":"fr-FR","potentialAction":[{"@type":"ReadAction","target":["https:\/\/www.sgeaj.ch\/fr\/actualite\/colloques\/colloque-art-et-liberalisme-en-france-2016\/"]}]},{"@type":"ImageObject","inLanguage":"fr-FR","@id":"https:\/\/www.sgeaj.ch\/fr\/actualite\/colloques\/colloque-art-et-liberalisme-en-france-2016\/#primaryimage","url":"https:\/\/www.sgeaj.ch\/wp-content\/uploads\/2016\/02\/2016-colloque_Art_Liberalisme.jpg","contentUrl":"https:\/\/www.sgeaj.ch\/wp-content\/uploads\/2016\/02\/2016-colloque_Art_Liberalisme.jpg","width":840,"height":1191},{"@type":"WebSite","@id":"https:\/\/www.sgeaj.ch\/fr\/#website","url":"https:\/\/www.sgeaj.ch\/fr\/","name":"Schweizerische Gesellschaft f\u00fcr die Erforschung des 18. Jahrhunderts (SGEAJ - SSEDS)","description":"Schweizerische Gesellschaft f\u00fcr die Erforschung des 18. Jahrhunderts","publisher":{"@id":"https:\/\/www.sgeaj.ch\/fr\/#organization"},"potentialAction":[{"@type":"SearchAction","target":{"@type":"EntryPoint","urlTemplate":"https:\/\/www.sgeaj.ch\/fr\/?s={search_term_string}"},"query-input":{"@type":"PropertyValueSpecification","valueRequired":true,"valueName":"search_term_string"}}],"inLanguage":"fr-FR"},{"@type":"Organization","@id":"https:\/\/www.sgeaj.ch\/fr\/#organization","name":"Schweizerische Gesellschaft f\u00fcr die Erforschung des 18. Jahrhunderts (SGEAJ - SSEDS)","url":"https:\/\/www.sgeaj.ch\/fr\/","logo":{"@type":"ImageObject","inLanguage":"fr-FR","@id":"https:\/\/www.sgeaj.ch\/fr\/#\/schema\/logo\/image\/","url":"https:\/\/www.sgeaj.ch\/wp-content\/uploads\/2021\/06\/cropped-logo-xviiies-horiz-abreuviations-bleues.png","contentUrl":"https:\/\/www.sgeaj.ch\/wp-content\/uploads\/2021\/06\/cropped-logo-xviiies-horiz-abreuviations-bleues.png","width":659,"height":335,"caption":"Schweizerische Gesellschaft f\u00fcr die Erforschung des 18. Jahrhunderts (SGEAJ - SSEDS)"},"image":{"@id":"https:\/\/www.sgeaj.ch\/fr\/#\/schema\/logo\/image\/"}},{"@type":"Person","@id":"https:\/\/www.sgeaj.ch\/fr\/#\/schema\/person\/6bd2b59ee4319b4a54912921450cebf6","name":"SGEAJ","url":"https:\/\/www.sgeaj.ch\/fr\/author\/sgeaj\/"}]}},"_links":{"self":[{"href":"https:\/\/www.sgeaj.ch\/fr\/wp-json\/wp\/v2\/posts\/1750","targetHints":{"allow":["GET"]}}],"collection":[{"href":"https:\/\/www.sgeaj.ch\/fr\/wp-json\/wp\/v2\/posts"}],"about":[{"href":"https:\/\/www.sgeaj.ch\/fr\/wp-json\/wp\/v2\/types\/post"}],"author":[{"embeddable":true,"href":"https:\/\/www.sgeaj.ch\/fr\/wp-json\/wp\/v2\/users\/2"}],"replies":[{"embeddable":true,"href":"https:\/\/www.sgeaj.ch\/fr\/wp-json\/wp\/v2\/comments?post=1750"}],"version-history":[{"count":7,"href":"https:\/\/www.sgeaj.ch\/fr\/wp-json\/wp\/v2\/posts\/1750\/revisions"}],"predecessor-version":[{"id":6252,"href":"https:\/\/www.sgeaj.ch\/fr\/wp-json\/wp\/v2\/posts\/1750\/revisions\/6252"}],"wp:featuredmedia":[{"embeddable":true,"href":"https:\/\/www.sgeaj.ch\/fr\/wp-json\/wp\/v2\/media\/3536"}],"wp:attachment":[{"href":"https:\/\/www.sgeaj.ch\/fr\/wp-json\/wp\/v2\/media?parent=1750"}],"wp:term":[{"taxonomy":"category","embeddable":true,"href":"https:\/\/www.sgeaj.ch\/fr\/wp-json\/wp\/v2\/categories?post=1750"},{"taxonomy":"post_tag","embeddable":true,"href":"https:\/\/www.sgeaj.ch\/fr\/wp-json\/wp\/v2\/tags?post=1750"}],"curies":[{"name":"wp","href":"https:\/\/api.w.org\/{rel}","templated":true}]}}