{"id":1761,"date":"2016-02-29T10:54:40","date_gmt":"2016-02-29T09:54:40","guid":{"rendered":"https:\/\/www.sgeaj.ch\/fr\/adolphe-un-succes-constant\/"},"modified":"2021-04-02T14:31:02","modified_gmt":"2021-04-02T12:31:02","slug":"adolphe-un-succes-constant","status":"publish","type":"post","link":"https:\/\/www.sgeaj.ch\/fr\/actualite\/adolphe-un-succes-constant\/","title":{"rendered":"Adolphe, un succ\u00e8s Constant"},"content":{"rendered":"<p class=\"accroche_actudet\"><a href=\"https:\/\/www.sgeaj.ch\/wp-content\/uploads\/2016\/02\/2016-Adolphe_Uniscope.png\"><img loading=\"lazy\" decoding=\"async\" class=\"alignright size-medium wp-image-1759\" src=\"https:\/\/www.sgeaj.ch\/wp-content\/uploads\/2016\/02\/2016-Adolphe_Uniscope-300x214.png\" alt=\"2016 Adolphe_Uniscope\" width=\"300\" height=\"214\" srcset=\"https:\/\/www.sgeaj.ch\/wp-content\/uploads\/2016\/02\/2016-Adolphe_Uniscope-300x214.png 300w, https:\/\/www.sgeaj.ch\/wp-content\/uploads\/2016\/02\/2016-Adolphe_Uniscope-150x107.png 150w, https:\/\/www.sgeaj.ch\/wp-content\/uploads\/2016\/02\/2016-Adolphe_Uniscope.png 791w\" sizes=\"auto, (max-width: 300px) 100vw, 300px\" \/><\/a>L&rsquo;Institut Benjamin Constant f\u00eate le 200e anniversaire d&rsquo;un roman mondialement connu.<\/p>\n<p>Il y a tout juste 200 ans, l&rsquo;\u00e9crivain et homme politique lausannois Benjamin Constant publiait \u00e0 Londres et \u00e0 Paris son c\u00e9l\u00e8bre roman <i>Adolphe<\/i>, une \u0153uvre litt\u00e9raire \u00e9tudi\u00e9e et traduite dans le monde entier.<\/p>\n<p>A l&rsquo;occasion de cet anniversaire, l&rsquo;Institut Benjamin Constant dirige un <a href=\"http:\/\/www.slatkine.com\/fr\/slatkine-reprints-erudition\/69481-book-07102763-9782051027632.html\" target=\"_blank\" rel=\"noopener noreferrer\">ouvrage collectif sur la post\u00e9rit\u00e9 d&rsquo;<i>Adolphe<\/i><\/a> (Editions Slatkine) et organise une exposition \u00e0 la BCU-Lausanne (site Riponne) du 18 f\u00e9vrier au 16 avril 2016.<\/p>\n<p class=\"lien_actudet\"><strong>Les&nbsp;liens:<br \/>\n<\/strong><a class=\"liens\" href=\"http:\/\/www.unil.ch\/ibc\/home.html\" target=\"_blank\" rel=\"noopener noreferrer\">Le site de l&rsquo;Institut Benjamin Constant<\/a><br \/>\n<a class=\"liens\" href=\"http:\/\/www.unil.ch\/ibc\/files\/live\/sites\/ibc\/files\/shared\/Exposition_Adolphe_BCU.pdf\" target=\"_blank\" rel=\"noopener noreferrer\">Le d\u00e9pliant de l&rsquo;exposition \u00e0 la BCU-Lausanne<\/a><br \/>\n<a class=\"liens\" href=\"http:\/\/www.letemps.ch\/culture\/2016\/02\/17\/deux-cents-ans-qu-adolphe-tente-quitter-ellenore\" target=\"_blank\" rel=\"noopener noreferrer\">Un article du <em>Temps<\/em> sur les activit\u00e9s de l\u2019Institut pour le bicentenaire d\u2019Adolphe<br \/>\n<\/a><a href=\"https:\/\/www.sgeaj.ch\/wp-content\/uploads\/2016\/02\/2016.02-Uniscope-Adolphe-IBC.pdf\" target=\"_blank\" rel=\"noopener noreferrer\">Un article de <em>L&rsquo;Uniscope<\/em> sur ces m\u00eames activit\u00e9s<\/a><br \/>\n<a class=\"liens\" href=\"http:\/\/bit.ly\/1TopzXB\" target=\"_blank\" rel=\"noopener noreferrer\">Un article de <em>L&rsquo;Hebdo<\/em> sur ces m\u00eames activit\u00e9s<\/a><br \/>\n<a class=\"liens\" href=\"https:\/\/www.rts.ch\/espace-2\/programmes\/matinales\/7469709-les-matinales-d-espace-2-du-18-02-2016.html\" target=\"_blank\" rel=\"noopener noreferrer\">L\u00e9onard Burnand, directeur de l&rsquo;Institut Benjamin Constant, interview\u00e9 sur Espace 2<\/a><\/p>\n","protected":false},"excerpt":{"rendered":"<p>L&rsquo;Institut Benjamin Constant f\u00eate le 200e anniversaire d&rsquo;un roman mondialement connu. Il y a tout juste 200 ans, l&rsquo;\u00e9crivain et homme politique lausannois Benjamin Constant publiait \u00e0 Londres et \u00e0 Paris son c\u00e9l\u00e8bre roman Adolphe, une \u0153uvre litt\u00e9raire \u00e9tudi\u00e9e et traduite dans le monde entier. A l&rsquo;occasion de cet anniversaire, l&rsquo;Institut Benjamin Constant dirige un [&hellip;]<\/p>\n","protected":false},"author":2,"featured_media":3537,"comment_status":"closed","ping_status":"open","sticky":false,"template":"","format":"standard","meta":{"footnotes":""},"categories":[42,43],"tags":[],"class_list":{"0":"post-1761","1":"post","2":"type-post","3":"status-publish","4":"format-standard","5":"has-post-thumbnail","7":"category-actualite","8":"category-communication","9":"czr-hentry"},"yoast_head":"<!-- This site is optimized with the Yoast SEO plugin v26.9 - https:\/\/yoast.com\/product\/yoast-seo-wordpress\/ -->\n<title>Adolphe, un succ\u00e8s Constant - Schweizerische Gesellschaft f\u00fcr die Erforschung des 18. Jahrhunderts (SGEAJ - SSEDS)<\/title>\n<meta name=\"robots\" content=\"index, follow, max-snippet:-1, max-image-preview:large, max-video-preview:-1\" \/>\n<link rel=\"canonical\" href=\"https:\/\/www.sgeaj.ch\/fr\/actualite\/adolphe-un-succes-constant\/\" \/>\n<meta name=\"twitter:label1\" content=\"\u00c9crit par\" \/>\n\t<meta name=\"twitter:data1\" content=\"SGEAJ\" \/>\n\t<meta name=\"twitter:label2\" content=\"Dur\u00e9e de lecture estim\u00e9e\" \/>\n\t<meta name=\"twitter:data2\" content=\"1 minute\" \/>\n<script type=\"application\/ld+json\" class=\"yoast-schema-graph\">{\"@context\":\"https:\/\/schema.org\",\"@graph\":[{\"@type\":\"Article\",\"@id\":\"https:\/\/www.sgeaj.ch\/fr\/actualite\/adolphe-un-succes-constant\/#article\",\"isPartOf\":{\"@id\":\"https:\/\/www.sgeaj.ch\/fr\/actualite\/adolphe-un-succes-constant\/\"},\"author\":{\"name\":\"SGEAJ\",\"@id\":\"https:\/\/www.sgeaj.ch\/fr\/#\/schema\/person\/6bd2b59ee4319b4a54912921450cebf6\"},\"headline\":\"Adolphe, un succ\u00e8s Constant\",\"datePublished\":\"2016-02-29T09:54:40+00:00\",\"dateModified\":\"2021-04-02T12:31:02+00:00\",\"mainEntityOfPage\":{\"@id\":\"https:\/\/www.sgeaj.ch\/fr\/actualite\/adolphe-un-succes-constant\/\"},\"wordCount\":158,\"publisher\":{\"@id\":\"https:\/\/www.sgeaj.ch\/fr\/#organization\"},\"image\":{\"@id\":\"https:\/\/www.sgeaj.ch\/fr\/actualite\/adolphe-un-succes-constant\/#primaryimage\"},\"thumbnailUrl\":\"https:\/\/www.sgeaj.ch\/wp-content\/uploads\/2016\/02\/2016-Adolphe_Uniscope.png\",\"articleSection\":[\"Actualit\u00e9\",\"Communication\"],\"inLanguage\":\"fr-FR\"},{\"@type\":\"WebPage\",\"@id\":\"https:\/\/www.sgeaj.ch\/fr\/actualite\/adolphe-un-succes-constant\/\",\"url\":\"https:\/\/www.sgeaj.ch\/fr\/actualite\/adolphe-un-succes-constant\/\",\"name\":\"Adolphe, un succ\u00e8s Constant - Schweizerische Gesellschaft f\u00fcr die Erforschung des 18. Jahrhunderts (SGEAJ - SSEDS)\",\"isPartOf\":{\"@id\":\"https:\/\/www.sgeaj.ch\/fr\/#website\"},\"primaryImageOfPage\":{\"@id\":\"https:\/\/www.sgeaj.ch\/fr\/actualite\/adolphe-un-succes-constant\/#primaryimage\"},\"image\":{\"@id\":\"https:\/\/www.sgeaj.ch\/fr\/actualite\/adolphe-un-succes-constant\/#primaryimage\"},\"thumbnailUrl\":\"https:\/\/www.sgeaj.ch\/wp-content\/uploads\/2016\/02\/2016-Adolphe_Uniscope.png\",\"datePublished\":\"2016-02-29T09:54:40+00:00\",\"dateModified\":\"2021-04-02T12:31:02+00:00\",\"inLanguage\":\"fr-FR\",\"potentialAction\":[{\"@type\":\"ReadAction\",\"target\":[\"https:\/\/www.sgeaj.ch\/fr\/actualite\/adolphe-un-succes-constant\/\"]}]},{\"@type\":\"ImageObject\",\"inLanguage\":\"fr-FR\",\"@id\":\"https:\/\/www.sgeaj.ch\/fr\/actualite\/adolphe-un-succes-constant\/#primaryimage\",\"url\":\"https:\/\/www.sgeaj.ch\/wp-content\/uploads\/2016\/02\/2016-Adolphe_Uniscope.png\",\"contentUrl\":\"https:\/\/www.sgeaj.ch\/wp-content\/uploads\/2016\/02\/2016-Adolphe_Uniscope.png\",\"width\":791,\"height\":564},{\"@type\":\"WebSite\",\"@id\":\"https:\/\/www.sgeaj.ch\/fr\/#website\",\"url\":\"https:\/\/www.sgeaj.ch\/fr\/\",\"name\":\"Schweizerische Gesellschaft f\u00fcr die Erforschung des 18. Jahrhunderts (SGEAJ - SSEDS)\",\"description\":\"Schweizerische Gesellschaft f\u00fcr die Erforschung des 18. Jahrhunderts\",\"publisher\":{\"@id\":\"https:\/\/www.sgeaj.ch\/fr\/#organization\"},\"potentialAction\":[{\"@type\":\"SearchAction\",\"target\":{\"@type\":\"EntryPoint\",\"urlTemplate\":\"https:\/\/www.sgeaj.ch\/fr\/?s={search_term_string}\"},\"query-input\":{\"@type\":\"PropertyValueSpecification\",\"valueRequired\":true,\"valueName\":\"search_term_string\"}}],\"inLanguage\":\"fr-FR\"},{\"@type\":\"Organization\",\"@id\":\"https:\/\/www.sgeaj.ch\/fr\/#organization\",\"name\":\"Schweizerische Gesellschaft f\u00fcr die Erforschung des 18. Jahrhunderts (SGEAJ - SSEDS)\",\"url\":\"https:\/\/www.sgeaj.ch\/fr\/\",\"logo\":{\"@type\":\"ImageObject\",\"inLanguage\":\"fr-FR\",\"@id\":\"https:\/\/www.sgeaj.ch\/fr\/#\/schema\/logo\/image\/\",\"url\":\"https:\/\/www.sgeaj.ch\/wp-content\/uploads\/2021\/06\/cropped-logo-xviiies-horiz-abreuviations-bleues.png\",\"contentUrl\":\"https:\/\/www.sgeaj.ch\/wp-content\/uploads\/2021\/06\/cropped-logo-xviiies-horiz-abreuviations-bleues.png\",\"width\":659,\"height\":335,\"caption\":\"Schweizerische Gesellschaft f\u00fcr die Erforschung des 18. Jahrhunderts (SGEAJ - SSEDS)\"},\"image\":{\"@id\":\"https:\/\/www.sgeaj.ch\/fr\/#\/schema\/logo\/image\/\"}},{\"@type\":\"Person\",\"@id\":\"https:\/\/www.sgeaj.ch\/fr\/#\/schema\/person\/6bd2b59ee4319b4a54912921450cebf6\",\"name\":\"SGEAJ\",\"url\":\"https:\/\/www.sgeaj.ch\/fr\/author\/sgeaj\/\"}]}<\/script>\n<!-- \/ Yoast SEO plugin. -->","yoast_head_json":{"title":"Adolphe, un succ\u00e8s Constant - Schweizerische Gesellschaft f\u00fcr die Erforschung des 18. Jahrhunderts (SGEAJ - SSEDS)","robots":{"index":"index","follow":"follow","max-snippet":"max-snippet:-1","max-image-preview":"max-image-preview:large","max-video-preview":"max-video-preview:-1"},"canonical":"https:\/\/www.sgeaj.ch\/fr\/actualite\/adolphe-un-succes-constant\/","twitter_misc":{"\u00c9crit par":"SGEAJ","Dur\u00e9e de lecture estim\u00e9e":"1 minute"},"schema":{"@context":"https:\/\/schema.org","@graph":[{"@type":"Article","@id":"https:\/\/www.sgeaj.ch\/fr\/actualite\/adolphe-un-succes-constant\/#article","isPartOf":{"@id":"https:\/\/www.sgeaj.ch\/fr\/actualite\/adolphe-un-succes-constant\/"},"author":{"name":"SGEAJ","@id":"https:\/\/www.sgeaj.ch\/fr\/#\/schema\/person\/6bd2b59ee4319b4a54912921450cebf6"},"headline":"Adolphe, un succ\u00e8s Constant","datePublished":"2016-02-29T09:54:40+00:00","dateModified":"2021-04-02T12:31:02+00:00","mainEntityOfPage":{"@id":"https:\/\/www.sgeaj.ch\/fr\/actualite\/adolphe-un-succes-constant\/"},"wordCount":158,"publisher":{"@id":"https:\/\/www.sgeaj.ch\/fr\/#organization"},"image":{"@id":"https:\/\/www.sgeaj.ch\/fr\/actualite\/adolphe-un-succes-constant\/#primaryimage"},"thumbnailUrl":"https:\/\/www.sgeaj.ch\/wp-content\/uploads\/2016\/02\/2016-Adolphe_Uniscope.png","articleSection":["Actualit\u00e9","Communication"],"inLanguage":"fr-FR"},{"@type":"WebPage","@id":"https:\/\/www.sgeaj.ch\/fr\/actualite\/adolphe-un-succes-constant\/","url":"https:\/\/www.sgeaj.ch\/fr\/actualite\/adolphe-un-succes-constant\/","name":"Adolphe, un succ\u00e8s Constant - Schweizerische Gesellschaft f\u00fcr die Erforschung des 18. Jahrhunderts (SGEAJ - SSEDS)","isPartOf":{"@id":"https:\/\/www.sgeaj.ch\/fr\/#website"},"primaryImageOfPage":{"@id":"https:\/\/www.sgeaj.ch\/fr\/actualite\/adolphe-un-succes-constant\/#primaryimage"},"image":{"@id":"https:\/\/www.sgeaj.ch\/fr\/actualite\/adolphe-un-succes-constant\/#primaryimage"},"thumbnailUrl":"https:\/\/www.sgeaj.ch\/wp-content\/uploads\/2016\/02\/2016-Adolphe_Uniscope.png","datePublished":"2016-02-29T09:54:40+00:00","dateModified":"2021-04-02T12:31:02+00:00","inLanguage":"fr-FR","potentialAction":[{"@type":"ReadAction","target":["https:\/\/www.sgeaj.ch\/fr\/actualite\/adolphe-un-succes-constant\/"]}]},{"@type":"ImageObject","inLanguage":"fr-FR","@id":"https:\/\/www.sgeaj.ch\/fr\/actualite\/adolphe-un-succes-constant\/#primaryimage","url":"https:\/\/www.sgeaj.ch\/wp-content\/uploads\/2016\/02\/2016-Adolphe_Uniscope.png","contentUrl":"https:\/\/www.sgeaj.ch\/wp-content\/uploads\/2016\/02\/2016-Adolphe_Uniscope.png","width":791,"height":564},{"@type":"WebSite","@id":"https:\/\/www.sgeaj.ch\/fr\/#website","url":"https:\/\/www.sgeaj.ch\/fr\/","name":"Schweizerische Gesellschaft f\u00fcr die Erforschung des 18. Jahrhunderts (SGEAJ - SSEDS)","description":"Schweizerische Gesellschaft f\u00fcr die Erforschung des 18. Jahrhunderts","publisher":{"@id":"https:\/\/www.sgeaj.ch\/fr\/#organization"},"potentialAction":[{"@type":"SearchAction","target":{"@type":"EntryPoint","urlTemplate":"https:\/\/www.sgeaj.ch\/fr\/?s={search_term_string}"},"query-input":{"@type":"PropertyValueSpecification","valueRequired":true,"valueName":"search_term_string"}}],"inLanguage":"fr-FR"},{"@type":"Organization","@id":"https:\/\/www.sgeaj.ch\/fr\/#organization","name":"Schweizerische Gesellschaft f\u00fcr die Erforschung des 18. Jahrhunderts (SGEAJ - SSEDS)","url":"https:\/\/www.sgeaj.ch\/fr\/","logo":{"@type":"ImageObject","inLanguage":"fr-FR","@id":"https:\/\/www.sgeaj.ch\/fr\/#\/schema\/logo\/image\/","url":"https:\/\/www.sgeaj.ch\/wp-content\/uploads\/2021\/06\/cropped-logo-xviiies-horiz-abreuviations-bleues.png","contentUrl":"https:\/\/www.sgeaj.ch\/wp-content\/uploads\/2021\/06\/cropped-logo-xviiies-horiz-abreuviations-bleues.png","width":659,"height":335,"caption":"Schweizerische Gesellschaft f\u00fcr die Erforschung des 18. Jahrhunderts (SGEAJ - SSEDS)"},"image":{"@id":"https:\/\/www.sgeaj.ch\/fr\/#\/schema\/logo\/image\/"}},{"@type":"Person","@id":"https:\/\/www.sgeaj.ch\/fr\/#\/schema\/person\/6bd2b59ee4319b4a54912921450cebf6","name":"SGEAJ","url":"https:\/\/www.sgeaj.ch\/fr\/author\/sgeaj\/"}]}},"_links":{"self":[{"href":"https:\/\/www.sgeaj.ch\/fr\/wp-json\/wp\/v2\/posts\/1761","targetHints":{"allow":["GET"]}}],"collection":[{"href":"https:\/\/www.sgeaj.ch\/fr\/wp-json\/wp\/v2\/posts"}],"about":[{"href":"https:\/\/www.sgeaj.ch\/fr\/wp-json\/wp\/v2\/types\/post"}],"author":[{"embeddable":true,"href":"https:\/\/www.sgeaj.ch\/fr\/wp-json\/wp\/v2\/users\/2"}],"replies":[{"embeddable":true,"href":"https:\/\/www.sgeaj.ch\/fr\/wp-json\/wp\/v2\/comments?post=1761"}],"version-history":[{"count":5,"href":"https:\/\/www.sgeaj.ch\/fr\/wp-json\/wp\/v2\/posts\/1761\/revisions"}],"predecessor-version":[{"id":5904,"href":"https:\/\/www.sgeaj.ch\/fr\/wp-json\/wp\/v2\/posts\/1761\/revisions\/5904"}],"wp:featuredmedia":[{"embeddable":true,"href":"https:\/\/www.sgeaj.ch\/fr\/wp-json\/wp\/v2\/media\/3537"}],"wp:attachment":[{"href":"https:\/\/www.sgeaj.ch\/fr\/wp-json\/wp\/v2\/media?parent=1761"}],"wp:term":[{"taxonomy":"category","embeddable":true,"href":"https:\/\/www.sgeaj.ch\/fr\/wp-json\/wp\/v2\/categories?post=1761"},{"taxonomy":"post_tag","embeddable":true,"href":"https:\/\/www.sgeaj.ch\/fr\/wp-json\/wp\/v2\/tags?post=1761"}],"curies":[{"name":"wp","href":"https:\/\/api.w.org\/{rel}","templated":true}]}}