{"id":1765,"date":"2016-01-27T11:01:00","date_gmt":"2016-01-27T10:01:00","guid":{"rendered":"https:\/\/www.sgeaj.ch\/fr\/exposition-de-lencre-au-livre-du-29-janvier-au-20-mars-2016-a-sion\/"},"modified":"2021-03-30T18:31:47","modified_gmt":"2021-03-30T16:31:47","slug":"exposition-de-lencre-au-livre-du-29-janvier-au-20-mars-2016-a-sion","status":"publish","type":"post","link":"https:\/\/www.sgeaj.ch\/fr\/actualite\/colloques\/exposition-de-lencre-au-livre-du-29-janvier-au-20-mars-2016-a-sion\/","title":{"rendered":"De l&rsquo;encre au livre"},"content":{"rendered":"<p class=\"normal\"><strong>\u00ab\u00a0De l&rsquo;encre au livre. L&rsquo;aventure de l&rsquo;imprimerie au XVIIIe si\u00e8cle\u00a0\u00bb, du 29 janvier au 20 mars 2016, Galerie de la Grenette, Sion<\/strong><\/p>\n<p>\u00ab\u00a0L&rsquo;exposition, dirig\u00e9e par Guillaume Poisson, s&rsquo;articule autour de trois axes: l&rsquo;histoire des techniques de l&rsquo;imprimerie au XVIIIe si\u00e8cle, le parcours extraordinaire de l&rsquo;encyclop\u00e9diste et imprimeur-\u00e9diteur yverdonnois Fortunato Bartolomeo De Felice (1723-1789), et les pr\u00e9mices de l&rsquo;imprimerie s\u00e9dunoise (1644-1798), \u00e0 travers quelques tr\u00e9sors parvenus jusqu&rsquo;\u00e0 nous. Manuscrits, livres anciens, objets et outils permettront de retracer l&rsquo;aventure de l&rsquo;imprimerie au si\u00e8cle des Lumi\u00e8res.\u00a0\u00bb<\/p>\n<p>Le vernissage se tiendra le vendredi 29 janvier 2016 \u00e0 18h.<\/p>\n<p>Pour de plus amples informations sur les activit\u00e9s (conf\u00e9rence, visites guid\u00e9es et ateliers) organis\u00e9s dans le cadre de cette exposition, voir le programme ci-contre.<\/p>\n","protected":false},"excerpt":{"rendered":"<p>\u00ab\u00a0De l&rsquo;encre au livre. L&rsquo;aventure de l&rsquo;imprimerie au XVIIIe si\u00e8cle\u00a0\u00bb, du 29 janvier au 20 mars 2016, Galerie de la Grenette, Sion \u00ab\u00a0L&rsquo;exposition, dirig\u00e9e par Guillaume Poisson, s&rsquo;articule autour de trois axes: l&rsquo;histoire des techniques de l&rsquo;imprimerie au XVIIIe si\u00e8cle, le parcours extraordinaire de l&rsquo;encyclop\u00e9diste et imprimeur-\u00e9diteur yverdonnois Fortunato Bartolomeo De Felice (1723-1789), et les [&hellip;]<\/p>\n","protected":false},"author":2,"featured_media":3428,"comment_status":"closed","ping_status":"open","sticky":false,"template":"","format":"standard","meta":{"footnotes":""},"categories":[42,27],"tags":[],"class_list":{"0":"post-1765","1":"post","2":"type-post","3":"status-publish","4":"format-standard","5":"has-post-thumbnail","7":"category-actualite","8":"category-colloques","9":"czr-hentry"},"yoast_head":"<!-- This site is optimized with the Yoast SEO plugin v26.9 - https:\/\/yoast.com\/product\/yoast-seo-wordpress\/ -->\n<title>De l&#039;encre au livre - Schweizerische Gesellschaft f\u00fcr die Erforschung des 18. Jahrhunderts (SGEAJ - SSEDS)<\/title>\n<meta name=\"robots\" content=\"index, follow, max-snippet:-1, max-image-preview:large, max-video-preview:-1\" \/>\n<link rel=\"canonical\" href=\"https:\/\/www.sgeaj.ch\/fr\/actualite\/colloques\/exposition-de-lencre-au-livre-du-29-janvier-au-20-mars-2016-a-sion\/\" \/>\n<meta name=\"twitter:label1\" content=\"\u00c9crit par\" \/>\n\t<meta name=\"twitter:data1\" content=\"SGEAJ\" \/>\n\t<meta name=\"twitter:label2\" content=\"Dur\u00e9e de lecture estim\u00e9e\" \/>\n\t<meta name=\"twitter:data2\" content=\"1 minute\" \/>\n<script type=\"application\/ld+json\" class=\"yoast-schema-graph\">{\"@context\":\"https:\/\/schema.org\",\"@graph\":[{\"@type\":\"Article\",\"@id\":\"https:\/\/www.sgeaj.ch\/fr\/actualite\/colloques\/exposition-de-lencre-au-livre-du-29-janvier-au-20-mars-2016-a-sion\/#article\",\"isPartOf\":{\"@id\":\"https:\/\/www.sgeaj.ch\/fr\/actualite\/colloques\/exposition-de-lencre-au-livre-du-29-janvier-au-20-mars-2016-a-sion\/\"},\"author\":{\"name\":\"SGEAJ\",\"@id\":\"https:\/\/www.sgeaj.ch\/fr\/#\/schema\/person\/6bd2b59ee4319b4a54912921450cebf6\"},\"headline\":\"De l&rsquo;encre au livre\",\"datePublished\":\"2016-01-27T10:01:00+00:00\",\"dateModified\":\"2021-03-30T16:31:47+00:00\",\"mainEntityOfPage\":{\"@id\":\"https:\/\/www.sgeaj.ch\/fr\/actualite\/colloques\/exposition-de-lencre-au-livre-du-29-janvier-au-20-mars-2016-a-sion\/\"},\"wordCount\":141,\"publisher\":{\"@id\":\"https:\/\/www.sgeaj.ch\/fr\/#organization\"},\"image\":{\"@id\":\"https:\/\/www.sgeaj.ch\/fr\/actualite\/colloques\/exposition-de-lencre-au-livre-du-29-janvier-au-20-mars-2016-a-sion\/#primaryimage\"},\"thumbnailUrl\":\"https:\/\/www.sgeaj.ch\/wp-content\/uploads\/2014\/03\/cropped-Colloque-JH.jpg\",\"articleSection\":[\"Actualit\u00e9\",\"Colloques\"],\"inLanguage\":\"fr-FR\"},{\"@type\":\"WebPage\",\"@id\":\"https:\/\/www.sgeaj.ch\/fr\/actualite\/colloques\/exposition-de-lencre-au-livre-du-29-janvier-au-20-mars-2016-a-sion\/\",\"url\":\"https:\/\/www.sgeaj.ch\/fr\/actualite\/colloques\/exposition-de-lencre-au-livre-du-29-janvier-au-20-mars-2016-a-sion\/\",\"name\":\"De l'encre au livre - Schweizerische Gesellschaft f\u00fcr die Erforschung des 18. Jahrhunderts (SGEAJ - SSEDS)\",\"isPartOf\":{\"@id\":\"https:\/\/www.sgeaj.ch\/fr\/#website\"},\"primaryImageOfPage\":{\"@id\":\"https:\/\/www.sgeaj.ch\/fr\/actualite\/colloques\/exposition-de-lencre-au-livre-du-29-janvier-au-20-mars-2016-a-sion\/#primaryimage\"},\"image\":{\"@id\":\"https:\/\/www.sgeaj.ch\/fr\/actualite\/colloques\/exposition-de-lencre-au-livre-du-29-janvier-au-20-mars-2016-a-sion\/#primaryimage\"},\"thumbnailUrl\":\"https:\/\/www.sgeaj.ch\/wp-content\/uploads\/2014\/03\/cropped-Colloque-JH.jpg\",\"datePublished\":\"2016-01-27T10:01:00+00:00\",\"dateModified\":\"2021-03-30T16:31:47+00:00\",\"inLanguage\":\"fr-FR\",\"potentialAction\":[{\"@type\":\"ReadAction\",\"target\":[\"https:\/\/www.sgeaj.ch\/fr\/actualite\/colloques\/exposition-de-lencre-au-livre-du-29-janvier-au-20-mars-2016-a-sion\/\"]}]},{\"@type\":\"ImageObject\",\"inLanguage\":\"fr-FR\",\"@id\":\"https:\/\/www.sgeaj.ch\/fr\/actualite\/colloques\/exposition-de-lencre-au-livre-du-29-janvier-au-20-mars-2016-a-sion\/#primaryimage\",\"url\":\"https:\/\/www.sgeaj.ch\/wp-content\/uploads\/2014\/03\/cropped-Colloque-JH.jpg\",\"contentUrl\":\"https:\/\/www.sgeaj.ch\/wp-content\/uploads\/2014\/03\/cropped-Colloque-JH.jpg\",\"width\":974,\"height\":240},{\"@type\":\"WebSite\",\"@id\":\"https:\/\/www.sgeaj.ch\/fr\/#website\",\"url\":\"https:\/\/www.sgeaj.ch\/fr\/\",\"name\":\"Schweizerische Gesellschaft f\u00fcr die Erforschung des 18. Jahrhunderts (SGEAJ - SSEDS)\",\"description\":\"Schweizerische Gesellschaft f\u00fcr die Erforschung des 18. Jahrhunderts\",\"publisher\":{\"@id\":\"https:\/\/www.sgeaj.ch\/fr\/#organization\"},\"potentialAction\":[{\"@type\":\"SearchAction\",\"target\":{\"@type\":\"EntryPoint\",\"urlTemplate\":\"https:\/\/www.sgeaj.ch\/fr\/?s={search_term_string}\"},\"query-input\":{\"@type\":\"PropertyValueSpecification\",\"valueRequired\":true,\"valueName\":\"search_term_string\"}}],\"inLanguage\":\"fr-FR\"},{\"@type\":\"Organization\",\"@id\":\"https:\/\/www.sgeaj.ch\/fr\/#organization\",\"name\":\"Schweizerische Gesellschaft f\u00fcr die Erforschung des 18. Jahrhunderts (SGEAJ - SSEDS)\",\"url\":\"https:\/\/www.sgeaj.ch\/fr\/\",\"logo\":{\"@type\":\"ImageObject\",\"inLanguage\":\"fr-FR\",\"@id\":\"https:\/\/www.sgeaj.ch\/fr\/#\/schema\/logo\/image\/\",\"url\":\"https:\/\/www.sgeaj.ch\/wp-content\/uploads\/2021\/06\/cropped-logo-xviiies-horiz-abreuviations-bleues.png\",\"contentUrl\":\"https:\/\/www.sgeaj.ch\/wp-content\/uploads\/2021\/06\/cropped-logo-xviiies-horiz-abreuviations-bleues.png\",\"width\":659,\"height\":335,\"caption\":\"Schweizerische Gesellschaft f\u00fcr die Erforschung des 18. Jahrhunderts (SGEAJ - SSEDS)\"},\"image\":{\"@id\":\"https:\/\/www.sgeaj.ch\/fr\/#\/schema\/logo\/image\/\"}},{\"@type\":\"Person\",\"@id\":\"https:\/\/www.sgeaj.ch\/fr\/#\/schema\/person\/6bd2b59ee4319b4a54912921450cebf6\",\"name\":\"SGEAJ\",\"url\":\"https:\/\/www.sgeaj.ch\/fr\/author\/sgeaj\/\"}]}<\/script>\n<!-- \/ Yoast SEO plugin. -->","yoast_head_json":{"title":"De l'encre au livre - Schweizerische Gesellschaft f\u00fcr die Erforschung des 18. Jahrhunderts (SGEAJ - SSEDS)","robots":{"index":"index","follow":"follow","max-snippet":"max-snippet:-1","max-image-preview":"max-image-preview:large","max-video-preview":"max-video-preview:-1"},"canonical":"https:\/\/www.sgeaj.ch\/fr\/actualite\/colloques\/exposition-de-lencre-au-livre-du-29-janvier-au-20-mars-2016-a-sion\/","twitter_misc":{"\u00c9crit par":"SGEAJ","Dur\u00e9e de lecture estim\u00e9e":"1 minute"},"schema":{"@context":"https:\/\/schema.org","@graph":[{"@type":"Article","@id":"https:\/\/www.sgeaj.ch\/fr\/actualite\/colloques\/exposition-de-lencre-au-livre-du-29-janvier-au-20-mars-2016-a-sion\/#article","isPartOf":{"@id":"https:\/\/www.sgeaj.ch\/fr\/actualite\/colloques\/exposition-de-lencre-au-livre-du-29-janvier-au-20-mars-2016-a-sion\/"},"author":{"name":"SGEAJ","@id":"https:\/\/www.sgeaj.ch\/fr\/#\/schema\/person\/6bd2b59ee4319b4a54912921450cebf6"},"headline":"De l&rsquo;encre au livre","datePublished":"2016-01-27T10:01:00+00:00","dateModified":"2021-03-30T16:31:47+00:00","mainEntityOfPage":{"@id":"https:\/\/www.sgeaj.ch\/fr\/actualite\/colloques\/exposition-de-lencre-au-livre-du-29-janvier-au-20-mars-2016-a-sion\/"},"wordCount":141,"publisher":{"@id":"https:\/\/www.sgeaj.ch\/fr\/#organization"},"image":{"@id":"https:\/\/www.sgeaj.ch\/fr\/actualite\/colloques\/exposition-de-lencre-au-livre-du-29-janvier-au-20-mars-2016-a-sion\/#primaryimage"},"thumbnailUrl":"https:\/\/www.sgeaj.ch\/wp-content\/uploads\/2014\/03\/cropped-Colloque-JH.jpg","articleSection":["Actualit\u00e9","Colloques"],"inLanguage":"fr-FR"},{"@type":"WebPage","@id":"https:\/\/www.sgeaj.ch\/fr\/actualite\/colloques\/exposition-de-lencre-au-livre-du-29-janvier-au-20-mars-2016-a-sion\/","url":"https:\/\/www.sgeaj.ch\/fr\/actualite\/colloques\/exposition-de-lencre-au-livre-du-29-janvier-au-20-mars-2016-a-sion\/","name":"De l'encre au livre - Schweizerische Gesellschaft f\u00fcr die Erforschung des 18. Jahrhunderts (SGEAJ - SSEDS)","isPartOf":{"@id":"https:\/\/www.sgeaj.ch\/fr\/#website"},"primaryImageOfPage":{"@id":"https:\/\/www.sgeaj.ch\/fr\/actualite\/colloques\/exposition-de-lencre-au-livre-du-29-janvier-au-20-mars-2016-a-sion\/#primaryimage"},"image":{"@id":"https:\/\/www.sgeaj.ch\/fr\/actualite\/colloques\/exposition-de-lencre-au-livre-du-29-janvier-au-20-mars-2016-a-sion\/#primaryimage"},"thumbnailUrl":"https:\/\/www.sgeaj.ch\/wp-content\/uploads\/2014\/03\/cropped-Colloque-JH.jpg","datePublished":"2016-01-27T10:01:00+00:00","dateModified":"2021-03-30T16:31:47+00:00","inLanguage":"fr-FR","potentialAction":[{"@type":"ReadAction","target":["https:\/\/www.sgeaj.ch\/fr\/actualite\/colloques\/exposition-de-lencre-au-livre-du-29-janvier-au-20-mars-2016-a-sion\/"]}]},{"@type":"ImageObject","inLanguage":"fr-FR","@id":"https:\/\/www.sgeaj.ch\/fr\/actualite\/colloques\/exposition-de-lencre-au-livre-du-29-janvier-au-20-mars-2016-a-sion\/#primaryimage","url":"https:\/\/www.sgeaj.ch\/wp-content\/uploads\/2014\/03\/cropped-Colloque-JH.jpg","contentUrl":"https:\/\/www.sgeaj.ch\/wp-content\/uploads\/2014\/03\/cropped-Colloque-JH.jpg","width":974,"height":240},{"@type":"WebSite","@id":"https:\/\/www.sgeaj.ch\/fr\/#website","url":"https:\/\/www.sgeaj.ch\/fr\/","name":"Schweizerische Gesellschaft f\u00fcr die Erforschung des 18. Jahrhunderts (SGEAJ - SSEDS)","description":"Schweizerische Gesellschaft f\u00fcr die Erforschung des 18. Jahrhunderts","publisher":{"@id":"https:\/\/www.sgeaj.ch\/fr\/#organization"},"potentialAction":[{"@type":"SearchAction","target":{"@type":"EntryPoint","urlTemplate":"https:\/\/www.sgeaj.ch\/fr\/?s={search_term_string}"},"query-input":{"@type":"PropertyValueSpecification","valueRequired":true,"valueName":"search_term_string"}}],"inLanguage":"fr-FR"},{"@type":"Organization","@id":"https:\/\/www.sgeaj.ch\/fr\/#organization","name":"Schweizerische Gesellschaft f\u00fcr die Erforschung des 18. Jahrhunderts (SGEAJ - SSEDS)","url":"https:\/\/www.sgeaj.ch\/fr\/","logo":{"@type":"ImageObject","inLanguage":"fr-FR","@id":"https:\/\/www.sgeaj.ch\/fr\/#\/schema\/logo\/image\/","url":"https:\/\/www.sgeaj.ch\/wp-content\/uploads\/2021\/06\/cropped-logo-xviiies-horiz-abreuviations-bleues.png","contentUrl":"https:\/\/www.sgeaj.ch\/wp-content\/uploads\/2021\/06\/cropped-logo-xviiies-horiz-abreuviations-bleues.png","width":659,"height":335,"caption":"Schweizerische Gesellschaft f\u00fcr die Erforschung des 18. Jahrhunderts (SGEAJ - SSEDS)"},"image":{"@id":"https:\/\/www.sgeaj.ch\/fr\/#\/schema\/logo\/image\/"}},{"@type":"Person","@id":"https:\/\/www.sgeaj.ch\/fr\/#\/schema\/person\/6bd2b59ee4319b4a54912921450cebf6","name":"SGEAJ","url":"https:\/\/www.sgeaj.ch\/fr\/author\/sgeaj\/"}]}},"_links":{"self":[{"href":"https:\/\/www.sgeaj.ch\/fr\/wp-json\/wp\/v2\/posts\/1765","targetHints":{"allow":["GET"]}}],"collection":[{"href":"https:\/\/www.sgeaj.ch\/fr\/wp-json\/wp\/v2\/posts"}],"about":[{"href":"https:\/\/www.sgeaj.ch\/fr\/wp-json\/wp\/v2\/types\/post"}],"author":[{"embeddable":true,"href":"https:\/\/www.sgeaj.ch\/fr\/wp-json\/wp\/v2\/users\/2"}],"replies":[{"embeddable":true,"href":"https:\/\/www.sgeaj.ch\/fr\/wp-json\/wp\/v2\/comments?post=1765"}],"version-history":[{"count":3,"href":"https:\/\/www.sgeaj.ch\/fr\/wp-json\/wp\/v2\/posts\/1765\/revisions"}],"predecessor-version":[{"id":5788,"href":"https:\/\/www.sgeaj.ch\/fr\/wp-json\/wp\/v2\/posts\/1765\/revisions\/5788"}],"wp:featuredmedia":[{"embeddable":true,"href":"https:\/\/www.sgeaj.ch\/fr\/wp-json\/wp\/v2\/media\/3428"}],"wp:attachment":[{"href":"https:\/\/www.sgeaj.ch\/fr\/wp-json\/wp\/v2\/media?parent=1765"}],"wp:term":[{"taxonomy":"category","embeddable":true,"href":"https:\/\/www.sgeaj.ch\/fr\/wp-json\/wp\/v2\/categories?post=1765"},{"taxonomy":"post_tag","embeddable":true,"href":"https:\/\/www.sgeaj.ch\/fr\/wp-json\/wp\/v2\/tags?post=1765"}],"curies":[{"name":"wp","href":"https:\/\/api.w.org\/{rel}","templated":true}]}}