{"id":1775,"date":"2015-10-15T11:11:10","date_gmt":"2015-10-15T09:11:10","guid":{"rendered":"https:\/\/www.sgeaj.ch\/fr\/lancement-du-multimedia-une-science-emerveillee\/"},"modified":"2021-03-30T18:19:19","modified_gmt":"2021-03-30T16:19:19","slug":"lancement-du-multimedia-une-science-emerveillee","status":"publish","type":"post","link":"https:\/\/www.sgeaj.ch\/fr\/actualite\/colloques\/lancement-du-multimedia-une-science-emerveillee\/","title":{"rendered":"Une science \u00e9merveill\u00e9e"},"content":{"rendered":"<div class=\"entry-content clearfix\">\n<p><strong>Lancement du multim\u00e9dia \u00ab Une science \u00e9merveill\u00e9e \u00bb, Biblioth\u00e8que cantonale et universitaire de Lausanne, Riponne, 27 octobre 2015, 19h00<\/strong><\/p>\n<p>L\u2019ACVS a soutenu la production d\u2019un nouveau produit multim\u00e9dia en obtenant des subventions importantes de la Loterie romande et de la Fondation de Famille Sandoz. Ce produit, r\u00e9alis\u00e9 par Claude Reichler et nomm\u00e9 <strong><a href=\"https:\/\/itunes.apple.com\/ch\/app\/wonderalp\/id1042221833?l=fr&amp;mt=8\" target=\"_blank\" rel=\"noopener noreferrer\">WonderAlp<\/a><\/strong>, sera lanc\u00e9 lors de la Journ\u00e9e mondiale du patrimoine audiovisuel, le 27 octobre 2015, \u00e0 19h, au Palais de Rumine, dans le cadre des manifestations culturelles de la BCU Lausanne. WonderAlp est le nom que porte l\u2019application dans Apple Store et dans Google Play, o\u00f9 elle est accessible gratuitement pour tablette iPad et andro\u00efd. Son titre complet est\u00a0:<\/p>\n<p><em>Une science \u00e9merveill\u00e9e. Les Alpes et la culture de la curiosit\u00e9.<\/em><\/p>\n<p>Il s\u2019agit d\u2019un cabinet de curiosit\u00e9s interactif qui r\u00e9invente, avec les techniques d\u2019aujourd\u2019hui, les collections de curiosit\u00e9s, ces \u00ab\u00a0chambres des merveilles\u00a0\u00bb c\u00e9l\u00e8bres aux XVIIe et XVIIIe si\u00e8cles, qui furent les anc\u00eatres des mus\u00e9es d\u2019histoire naturelle. Les objets expos\u00e9s \u2013 ou plut\u00f4t les images affich\u00e9es sur l\u2019\u00e9cran \u2013 proviennent principalement de l\u2019ouvrage de Johann Jakob Scheuchzer, les <em>Itinera alpina<\/em> (1723) ainsi que d\u2019un livre de Johann Gerhard Andreae, paru en 1776, et lui aussi richement illustr\u00e9. L\u2019application comprend trois espaces\u00a0: \u00ab\u00a0Les dragons des Alpes\u00a0\u00bb, \u00ab\u00a0Fossiles et cristaux\u00a0\u00bb, \u00ab\u00a0Des plantes aux paysages\u00a0\u00bb. Chacun d\u2019eux comporte 12 \u00e9crans\u00a0; et dans chaque \u00e9cran, il y a un ou plusieurs objets. On peut zoomer sur les images, \u00e9couter les audio qui sont la voix des auteurs anciens, lire les \u00e9tiquettes qui d\u00e9crivent les objets, ou encore acc\u00e9der aux notices \u00ab\u00a0En savoir plus\u00a0\u00bb, qui apportent des compl\u00e9ments historiques et culturels.<\/p>\n<p><!--more--><\/p>\n<p>L\u2019application privil\u00e9gie une approche par l\u2019image, appuy\u00e9e sur les documents \u00e9crits et audio. Elle apporte des explications accessibles par niveaux, d\u2019un niveau simple pour tout public \u00e0 un niveau scientifique. Le visiteur est invit\u00e9 \u00e0 \u00eatre actif : il choisit un th\u00e8me, ouvre des dossiers, passe de l\u2019un \u00e0 l\u2019autre en \u00e9coutant les s\u00e9quences audio et en lisant les textes propos\u00e9. Il manipule les objets, les agrandit, les compare, retrouve leur contexte, etc. S\u2019il peut aller librement vers les dossiers et les objets pr\u00e9sent\u00e9s, il est \u00e9vident que l\u2019application cherche \u00e0 retenir son attention et \u00e0 susciter des explorations approfondies. Elle veut amener les visiteurs \u00e0 interroger leurs trouvailles et \u00e0 acqu\u00e9rir des connaissances.<\/p>\n<p>Le design, la programmation et l\u2019expertise en applications multim\u00e9dia ont \u00e9t\u00e9 assur\u00e9s par l\u2019agence Bread &amp; Butter \u00e0 Lausanne.<\/p>\n<p>Une version sous forme de site internet est en cours d&rsquo;\u00e9laboration.<\/p>\n<p>\u2192 <a href=\"https:\/\/itunes.apple.com\/ch\/app\/wonderalp\/id1042221833?l=fr&amp;mt=8\" target=\"_blank\" rel=\"noopener noreferrer\">Lien pour t\u00e9l\u00e9charger l\u2019application (uniquement sur ipad)<br \/>\n<\/a>\u2192 <a class=\"mtli_attachment mtli_pdf\" href=\"http:\/\/www.levoyageensuisse.ch\/wp-content\/uploads\/2015\/09\/2015-CP-WonderAlp.pdf\" target=\"_blank\" rel=\"noopener noreferrer\">Communiqu\u00e9 de presse<\/a><\/p>\n<\/div>\n","protected":false},"excerpt":{"rendered":"<p>Lancement du multim\u00e9dia \u00ab Une science \u00e9merveill\u00e9e \u00bb, Biblioth\u00e8que cantonale et universitaire de Lausanne, Riponne, 27 octobre 2015, 19h00 L\u2019ACVS a soutenu la production d\u2019un nouveau produit multim\u00e9dia en obtenant des subventions importantes de la Loterie romande et de la Fondation de Famille Sandoz. Ce produit, r\u00e9alis\u00e9 par Claude Reichler et nomm\u00e9 WonderAlp, sera lanc\u00e9 [&hellip;]<\/p>\n","protected":false},"author":2,"featured_media":4285,"comment_status":"closed","ping_status":"open","sticky":false,"template":"","format":"standard","meta":{"footnotes":""},"categories":[42,27],"tags":[],"class_list":{"0":"post-1775","1":"post","2":"type-post","3":"status-publish","4":"format-standard","5":"has-post-thumbnail","7":"category-actualite","8":"category-colloques","9":"czr-hentry"},"yoast_head":"<!-- This site is optimized with the Yoast SEO plugin v26.9 - https:\/\/yoast.com\/product\/yoast-seo-wordpress\/ -->\n<title>Une science \u00e9merveill\u00e9e - Schweizerische Gesellschaft f\u00fcr die Erforschung des 18. Jahrhunderts (SGEAJ - SSEDS)<\/title>\n<meta name=\"robots\" content=\"index, follow, max-snippet:-1, max-image-preview:large, max-video-preview:-1\" \/>\n<link rel=\"canonical\" href=\"https:\/\/www.sgeaj.ch\/fr\/actualite\/colloques\/lancement-du-multimedia-une-science-emerveillee\/\" \/>\n<meta name=\"twitter:label1\" content=\"\u00c9crit par\" \/>\n\t<meta name=\"twitter:data1\" content=\"SGEAJ\" \/>\n\t<meta name=\"twitter:label2\" content=\"Dur\u00e9e de lecture estim\u00e9e\" \/>\n\t<meta name=\"twitter:data2\" content=\"2 minutes\" \/>\n<script type=\"application\/ld+json\" class=\"yoast-schema-graph\">{\"@context\":\"https:\/\/schema.org\",\"@graph\":[{\"@type\":\"Article\",\"@id\":\"https:\/\/www.sgeaj.ch\/fr\/actualite\/colloques\/lancement-du-multimedia-une-science-emerveillee\/#article\",\"isPartOf\":{\"@id\":\"https:\/\/www.sgeaj.ch\/fr\/actualite\/colloques\/lancement-du-multimedia-une-science-emerveillee\/\"},\"author\":{\"name\":\"SGEAJ\",\"@id\":\"https:\/\/www.sgeaj.ch\/fr\/#\/schema\/person\/6bd2b59ee4319b4a54912921450cebf6\"},\"headline\":\"Une science \u00e9merveill\u00e9e\",\"datePublished\":\"2015-10-15T09:11:10+00:00\",\"dateModified\":\"2021-03-30T16:19:19+00:00\",\"mainEntityOfPage\":{\"@id\":\"https:\/\/www.sgeaj.ch\/fr\/actualite\/colloques\/lancement-du-multimedia-une-science-emerveillee\/\"},\"wordCount\":460,\"publisher\":{\"@id\":\"https:\/\/www.sgeaj.ch\/fr\/#organization\"},\"image\":{\"@id\":\"https:\/\/www.sgeaj.ch\/fr\/actualite\/colloques\/lancement-du-multimedia-une-science-emerveillee\/#primaryimage\"},\"thumbnailUrl\":\"https:\/\/www.sgeaj.ch\/wp-content\/uploads\/2020\/10\/cropped-lumieres-Lausanne.jpg\",\"articleSection\":[\"Actualit\u00e9\",\"Colloques\"],\"inLanguage\":\"fr-FR\"},{\"@type\":\"WebPage\",\"@id\":\"https:\/\/www.sgeaj.ch\/fr\/actualite\/colloques\/lancement-du-multimedia-une-science-emerveillee\/\",\"url\":\"https:\/\/www.sgeaj.ch\/fr\/actualite\/colloques\/lancement-du-multimedia-une-science-emerveillee\/\",\"name\":\"Une science \u00e9merveill\u00e9e - Schweizerische Gesellschaft f\u00fcr die Erforschung des 18. Jahrhunderts (SGEAJ - SSEDS)\",\"isPartOf\":{\"@id\":\"https:\/\/www.sgeaj.ch\/fr\/#website\"},\"primaryImageOfPage\":{\"@id\":\"https:\/\/www.sgeaj.ch\/fr\/actualite\/colloques\/lancement-du-multimedia-une-science-emerveillee\/#primaryimage\"},\"image\":{\"@id\":\"https:\/\/www.sgeaj.ch\/fr\/actualite\/colloques\/lancement-du-multimedia-une-science-emerveillee\/#primaryimage\"},\"thumbnailUrl\":\"https:\/\/www.sgeaj.ch\/wp-content\/uploads\/2020\/10\/cropped-lumieres-Lausanne.jpg\",\"datePublished\":\"2015-10-15T09:11:10+00:00\",\"dateModified\":\"2021-03-30T16:19:19+00:00\",\"inLanguage\":\"fr-FR\",\"potentialAction\":[{\"@type\":\"ReadAction\",\"target\":[\"https:\/\/www.sgeaj.ch\/fr\/actualite\/colloques\/lancement-du-multimedia-une-science-emerveillee\/\"]}]},{\"@type\":\"ImageObject\",\"inLanguage\":\"fr-FR\",\"@id\":\"https:\/\/www.sgeaj.ch\/fr\/actualite\/colloques\/lancement-du-multimedia-une-science-emerveillee\/#primaryimage\",\"url\":\"https:\/\/www.sgeaj.ch\/wp-content\/uploads\/2020\/10\/cropped-lumieres-Lausanne.jpg\",\"contentUrl\":\"https:\/\/www.sgeaj.ch\/wp-content\/uploads\/2020\/10\/cropped-lumieres-Lausanne.jpg\",\"width\":2000,\"height\":1199},{\"@type\":\"WebSite\",\"@id\":\"https:\/\/www.sgeaj.ch\/fr\/#website\",\"url\":\"https:\/\/www.sgeaj.ch\/fr\/\",\"name\":\"Schweizerische Gesellschaft f\u00fcr die Erforschung des 18. Jahrhunderts (SGEAJ - SSEDS)\",\"description\":\"Schweizerische Gesellschaft f\u00fcr die Erforschung des 18. Jahrhunderts\",\"publisher\":{\"@id\":\"https:\/\/www.sgeaj.ch\/fr\/#organization\"},\"potentialAction\":[{\"@type\":\"SearchAction\",\"target\":{\"@type\":\"EntryPoint\",\"urlTemplate\":\"https:\/\/www.sgeaj.ch\/fr\/?s={search_term_string}\"},\"query-input\":{\"@type\":\"PropertyValueSpecification\",\"valueRequired\":true,\"valueName\":\"search_term_string\"}}],\"inLanguage\":\"fr-FR\"},{\"@type\":\"Organization\",\"@id\":\"https:\/\/www.sgeaj.ch\/fr\/#organization\",\"name\":\"Schweizerische Gesellschaft f\u00fcr die Erforschung des 18. Jahrhunderts (SGEAJ - SSEDS)\",\"url\":\"https:\/\/www.sgeaj.ch\/fr\/\",\"logo\":{\"@type\":\"ImageObject\",\"inLanguage\":\"fr-FR\",\"@id\":\"https:\/\/www.sgeaj.ch\/fr\/#\/schema\/logo\/image\/\",\"url\":\"https:\/\/www.sgeaj.ch\/wp-content\/uploads\/2021\/06\/cropped-logo-xviiies-horiz-abreuviations-bleues.png\",\"contentUrl\":\"https:\/\/www.sgeaj.ch\/wp-content\/uploads\/2021\/06\/cropped-logo-xviiies-horiz-abreuviations-bleues.png\",\"width\":659,\"height\":335,\"caption\":\"Schweizerische Gesellschaft f\u00fcr die Erforschung des 18. Jahrhunderts (SGEAJ - SSEDS)\"},\"image\":{\"@id\":\"https:\/\/www.sgeaj.ch\/fr\/#\/schema\/logo\/image\/\"}},{\"@type\":\"Person\",\"@id\":\"https:\/\/www.sgeaj.ch\/fr\/#\/schema\/person\/6bd2b59ee4319b4a54912921450cebf6\",\"name\":\"SGEAJ\",\"url\":\"https:\/\/www.sgeaj.ch\/fr\/author\/sgeaj\/\"}]}<\/script>\n<!-- \/ Yoast SEO plugin. -->","yoast_head_json":{"title":"Une science \u00e9merveill\u00e9e - Schweizerische Gesellschaft f\u00fcr die Erforschung des 18. Jahrhunderts (SGEAJ - SSEDS)","robots":{"index":"index","follow":"follow","max-snippet":"max-snippet:-1","max-image-preview":"max-image-preview:large","max-video-preview":"max-video-preview:-1"},"canonical":"https:\/\/www.sgeaj.ch\/fr\/actualite\/colloques\/lancement-du-multimedia-une-science-emerveillee\/","twitter_misc":{"\u00c9crit par":"SGEAJ","Dur\u00e9e de lecture estim\u00e9e":"2 minutes"},"schema":{"@context":"https:\/\/schema.org","@graph":[{"@type":"Article","@id":"https:\/\/www.sgeaj.ch\/fr\/actualite\/colloques\/lancement-du-multimedia-une-science-emerveillee\/#article","isPartOf":{"@id":"https:\/\/www.sgeaj.ch\/fr\/actualite\/colloques\/lancement-du-multimedia-une-science-emerveillee\/"},"author":{"name":"SGEAJ","@id":"https:\/\/www.sgeaj.ch\/fr\/#\/schema\/person\/6bd2b59ee4319b4a54912921450cebf6"},"headline":"Une science \u00e9merveill\u00e9e","datePublished":"2015-10-15T09:11:10+00:00","dateModified":"2021-03-30T16:19:19+00:00","mainEntityOfPage":{"@id":"https:\/\/www.sgeaj.ch\/fr\/actualite\/colloques\/lancement-du-multimedia-une-science-emerveillee\/"},"wordCount":460,"publisher":{"@id":"https:\/\/www.sgeaj.ch\/fr\/#organization"},"image":{"@id":"https:\/\/www.sgeaj.ch\/fr\/actualite\/colloques\/lancement-du-multimedia-une-science-emerveillee\/#primaryimage"},"thumbnailUrl":"https:\/\/www.sgeaj.ch\/wp-content\/uploads\/2020\/10\/cropped-lumieres-Lausanne.jpg","articleSection":["Actualit\u00e9","Colloques"],"inLanguage":"fr-FR"},{"@type":"WebPage","@id":"https:\/\/www.sgeaj.ch\/fr\/actualite\/colloques\/lancement-du-multimedia-une-science-emerveillee\/","url":"https:\/\/www.sgeaj.ch\/fr\/actualite\/colloques\/lancement-du-multimedia-une-science-emerveillee\/","name":"Une science \u00e9merveill\u00e9e - Schweizerische Gesellschaft f\u00fcr die Erforschung des 18. Jahrhunderts (SGEAJ - SSEDS)","isPartOf":{"@id":"https:\/\/www.sgeaj.ch\/fr\/#website"},"primaryImageOfPage":{"@id":"https:\/\/www.sgeaj.ch\/fr\/actualite\/colloques\/lancement-du-multimedia-une-science-emerveillee\/#primaryimage"},"image":{"@id":"https:\/\/www.sgeaj.ch\/fr\/actualite\/colloques\/lancement-du-multimedia-une-science-emerveillee\/#primaryimage"},"thumbnailUrl":"https:\/\/www.sgeaj.ch\/wp-content\/uploads\/2020\/10\/cropped-lumieres-Lausanne.jpg","datePublished":"2015-10-15T09:11:10+00:00","dateModified":"2021-03-30T16:19:19+00:00","inLanguage":"fr-FR","potentialAction":[{"@type":"ReadAction","target":["https:\/\/www.sgeaj.ch\/fr\/actualite\/colloques\/lancement-du-multimedia-une-science-emerveillee\/"]}]},{"@type":"ImageObject","inLanguage":"fr-FR","@id":"https:\/\/www.sgeaj.ch\/fr\/actualite\/colloques\/lancement-du-multimedia-une-science-emerveillee\/#primaryimage","url":"https:\/\/www.sgeaj.ch\/wp-content\/uploads\/2020\/10\/cropped-lumieres-Lausanne.jpg","contentUrl":"https:\/\/www.sgeaj.ch\/wp-content\/uploads\/2020\/10\/cropped-lumieres-Lausanne.jpg","width":2000,"height":1199},{"@type":"WebSite","@id":"https:\/\/www.sgeaj.ch\/fr\/#website","url":"https:\/\/www.sgeaj.ch\/fr\/","name":"Schweizerische Gesellschaft f\u00fcr die Erforschung des 18. Jahrhunderts (SGEAJ - SSEDS)","description":"Schweizerische Gesellschaft f\u00fcr die Erforschung des 18. Jahrhunderts","publisher":{"@id":"https:\/\/www.sgeaj.ch\/fr\/#organization"},"potentialAction":[{"@type":"SearchAction","target":{"@type":"EntryPoint","urlTemplate":"https:\/\/www.sgeaj.ch\/fr\/?s={search_term_string}"},"query-input":{"@type":"PropertyValueSpecification","valueRequired":true,"valueName":"search_term_string"}}],"inLanguage":"fr-FR"},{"@type":"Organization","@id":"https:\/\/www.sgeaj.ch\/fr\/#organization","name":"Schweizerische Gesellschaft f\u00fcr die Erforschung des 18. Jahrhunderts (SGEAJ - SSEDS)","url":"https:\/\/www.sgeaj.ch\/fr\/","logo":{"@type":"ImageObject","inLanguage":"fr-FR","@id":"https:\/\/www.sgeaj.ch\/fr\/#\/schema\/logo\/image\/","url":"https:\/\/www.sgeaj.ch\/wp-content\/uploads\/2021\/06\/cropped-logo-xviiies-horiz-abreuviations-bleues.png","contentUrl":"https:\/\/www.sgeaj.ch\/wp-content\/uploads\/2021\/06\/cropped-logo-xviiies-horiz-abreuviations-bleues.png","width":659,"height":335,"caption":"Schweizerische Gesellschaft f\u00fcr die Erforschung des 18. Jahrhunderts (SGEAJ - SSEDS)"},"image":{"@id":"https:\/\/www.sgeaj.ch\/fr\/#\/schema\/logo\/image\/"}},{"@type":"Person","@id":"https:\/\/www.sgeaj.ch\/fr\/#\/schema\/person\/6bd2b59ee4319b4a54912921450cebf6","name":"SGEAJ","url":"https:\/\/www.sgeaj.ch\/fr\/author\/sgeaj\/"}]}},"_links":{"self":[{"href":"https:\/\/www.sgeaj.ch\/fr\/wp-json\/wp\/v2\/posts\/1775","targetHints":{"allow":["GET"]}}],"collection":[{"href":"https:\/\/www.sgeaj.ch\/fr\/wp-json\/wp\/v2\/posts"}],"about":[{"href":"https:\/\/www.sgeaj.ch\/fr\/wp-json\/wp\/v2\/types\/post"}],"author":[{"embeddable":true,"href":"https:\/\/www.sgeaj.ch\/fr\/wp-json\/wp\/v2\/users\/2"}],"replies":[{"embeddable":true,"href":"https:\/\/www.sgeaj.ch\/fr\/wp-json\/wp\/v2\/comments?post=1775"}],"version-history":[{"count":7,"href":"https:\/\/www.sgeaj.ch\/fr\/wp-json\/wp\/v2\/posts\/1775\/revisions"}],"predecessor-version":[{"id":5773,"href":"https:\/\/www.sgeaj.ch\/fr\/wp-json\/wp\/v2\/posts\/1775\/revisions\/5773"}],"wp:featuredmedia":[{"embeddable":true,"href":"https:\/\/www.sgeaj.ch\/fr\/wp-json\/wp\/v2\/media\/4285"}],"wp:attachment":[{"href":"https:\/\/www.sgeaj.ch\/fr\/wp-json\/wp\/v2\/media?parent=1775"}],"wp:term":[{"taxonomy":"category","embeddable":true,"href":"https:\/\/www.sgeaj.ch\/fr\/wp-json\/wp\/v2\/categories?post=1775"},{"taxonomy":"post_tag","embeddable":true,"href":"https:\/\/www.sgeaj.ch\/fr\/wp-json\/wp\/v2\/tags?post=1775"}],"curies":[{"name":"wp","href":"https:\/\/api.w.org\/{rel}","templated":true}]}}