{"id":1867,"date":"2016-04-08T17:17:59","date_gmt":"2016-04-08T15:17:59","guid":{"rendered":"https:\/\/www.sgeaj.ch\/fr\/journee-detude-le-materialise-en-france-au-xviiie-s-bale-12-mais-2016\/"},"modified":"2021-04-11T16:25:17","modified_gmt":"2021-04-11T14:25:17","slug":"journee-detude-le-materialisme-en-france-au-xviiie-s-bale-12-mai-2016","status":"publish","type":"post","link":"https:\/\/www.sgeaj.ch\/fr\/actualite\/colloques\/journee-detude-le-materialisme-en-france-au-xviiie-s-bale-12-mai-2016\/","title":{"rendered":"Le mat\u00e9rialisme en France au XVIIIe s."},"content":{"rendered":"<h2>Le mat\u00e9rialisme dans la France du XVIIIe si\u00e8cle<\/h2>\n<p><strong>B\u00e2le, 12 mai 2016<\/strong><\/p>\n<p>Bernoullistrasse 14\/16, kleiner Seminarraum, 2e \u00e9tage<\/p>\n<p>8h30\u00a0 Ouverture par Adrien Paschoud et Barbara Selmeci<\/p>\n<p>8h45\u00a0 Franck Salau\u0308n, \u00ab Mat\u00e9rialisme et politique \u00bb<\/p>\n<p>9h30\u00a0 Maria Susana Seguin, \u00ab Des id\u00e9es mat\u00e9rialistes dans le discours officiel\u00a0 sur les sciences : Fontenelle, de l\u2019Acad\u00e9mie aux manuscrits clandestins \u00bb<\/p>\n<p>10h45\u00a0 Nathalie Vuillemin, \u00ab Voir la mati\u00e8re anim\u00e9e : exp\u00e9rimentateurs et microscopistes au d\u00e9fi d\u2019une nouvelle repr\u00e9sentation de la nature \u00bb<\/p>\n<p>11h30\u00a0 Caroline Jacot Grapa, \u00ab M\u00e9decine et mat\u00e9rialisme : la fibre, le vivant et la sensibilit\u00e9 \u00bb<\/p>\n<p>14h00\u00a0 Caroline Warman, \u00ab Les <em>\u00c9l\u00e9ments de physiologie<\/em> de Diderot et leur place dans les d\u00e9bats autour du mat\u00e9rialisme \u00bb<\/p>\n<p>14h45\u00a0 Fran\u00e7ois P\u00e9pin, \u00ab Penser l\u2019histoire de la philosophie en mat\u00e9rialiste. Diderot et le travail des mat\u00e9riaux \u00bb<\/p>\n<p>16h00\u00a0 Paolo Quintili, \u00ab Les enjeux du mat\u00e9rialisme au tournant du XVIIIe si\u00e8cle : les ennemis de Diderot \u00bb<\/p>\n<p>16h45\u00a0 Colas Duflo, \u00ab Les mots \u2018Mat\u00e9rialisme\u2019 et \u2018Mat\u00e9rialiste\u2019 dans l\u2019<em>Encyclop\u00e9die <\/em>\u00bb<\/p>\n<p>\u2192\u00a0 <a href=\"https:\/\/www.sgeaj.ch\/wp-content\/uploads\/2016\/04\/2016.05-Journee-sur-le-materialisme-programme.pdf\" target=\"_blank\" rel=\"noopener noreferrer\">T\u00e9l\u00e9charger le programme<\/a><\/p>\n","protected":false},"excerpt":{"rendered":"<p>Le mat\u00e9rialisme dans la France du XVIIIe si\u00e8cle B\u00e2le, 12 mai 2016 Bernoullistrasse 14\/16, kleiner Seminarraum, 2e \u00e9tage 8h30\u00a0 Ouverture par Adrien Paschoud et Barbara Selmeci 8h45\u00a0 Franck Salau\u0308n, \u00ab Mat\u00e9rialisme et politique \u00bb 9h30\u00a0 Maria Susana Seguin, \u00ab Des id\u00e9es mat\u00e9rialistes dans le discours officiel\u00a0 sur les sciences : Fontenelle, de l\u2019Acad\u00e9mie aux manuscrits [&hellip;]<\/p>\n","protected":false},"author":2,"featured_media":3508,"comment_status":"closed","ping_status":"open","sticky":false,"template":"","format":"standard","meta":{"footnotes":""},"categories":[42,27],"tags":[],"class_list":{"0":"post-1867","1":"post","2":"type-post","3":"status-publish","4":"format-standard","5":"has-post-thumbnail","7":"category-actualite","8":"category-colloques","9":"czr-hentry"},"yoast_head":"<!-- This site is optimized with the Yoast SEO plugin v26.9 - https:\/\/yoast.com\/product\/yoast-seo-wordpress\/ -->\n<title>Le mat\u00e9rialisme en France au XVIIIe s. - Schweizerische Gesellschaft f\u00fcr die Erforschung des 18. Jahrhunderts (SGEAJ - SSEDS)<\/title>\n<meta name=\"robots\" content=\"index, follow, max-snippet:-1, max-image-preview:large, max-video-preview:-1\" \/>\n<link rel=\"canonical\" href=\"https:\/\/www.sgeaj.ch\/fr\/actualite\/colloques\/journee-detude-le-materialisme-en-france-au-xviiie-s-bale-12-mai-2016\/\" \/>\n<meta name=\"twitter:label1\" content=\"\u00c9crit par\" \/>\n\t<meta name=\"twitter:data1\" content=\"SGEAJ\" \/>\n\t<meta name=\"twitter:label2\" content=\"Dur\u00e9e de lecture estim\u00e9e\" \/>\n\t<meta name=\"twitter:data2\" content=\"1 minute\" \/>\n<script type=\"application\/ld+json\" class=\"yoast-schema-graph\">{\"@context\":\"https:\/\/schema.org\",\"@graph\":[{\"@type\":\"Article\",\"@id\":\"https:\/\/www.sgeaj.ch\/fr\/actualite\/colloques\/journee-detude-le-materialisme-en-france-au-xviiie-s-bale-12-mai-2016\/#article\",\"isPartOf\":{\"@id\":\"https:\/\/www.sgeaj.ch\/fr\/actualite\/colloques\/journee-detude-le-materialisme-en-france-au-xviiie-s-bale-12-mai-2016\/\"},\"author\":{\"name\":\"SGEAJ\",\"@id\":\"https:\/\/www.sgeaj.ch\/fr\/#\/schema\/person\/6bd2b59ee4319b4a54912921450cebf6\"},\"headline\":\"Le mat\u00e9rialisme en France au XVIIIe s.\",\"datePublished\":\"2016-04-08T15:17:59+00:00\",\"dateModified\":\"2021-04-11T14:25:17+00:00\",\"mainEntityOfPage\":{\"@id\":\"https:\/\/www.sgeaj.ch\/fr\/actualite\/colloques\/journee-detude-le-materialisme-en-france-au-xviiie-s-bale-12-mai-2016\/\"},\"wordCount\":185,\"publisher\":{\"@id\":\"https:\/\/www.sgeaj.ch\/fr\/#organization\"},\"image\":{\"@id\":\"https:\/\/www.sgeaj.ch\/fr\/actualite\/colloques\/journee-detude-le-materialisme-en-france-au-xviiie-s-bale-12-mai-2016\/#primaryimage\"},\"thumbnailUrl\":\"https:\/\/www.sgeaj.ch\/wp-content\/uploads\/2013\/08\/2015-Projet-de-recherche-FNS-Vuillemin.jpg\",\"articleSection\":[\"Actualit\u00e9\",\"Colloques\"],\"inLanguage\":\"fr-FR\"},{\"@type\":\"WebPage\",\"@id\":\"https:\/\/www.sgeaj.ch\/fr\/actualite\/colloques\/journee-detude-le-materialisme-en-france-au-xviiie-s-bale-12-mai-2016\/\",\"url\":\"https:\/\/www.sgeaj.ch\/fr\/actualite\/colloques\/journee-detude-le-materialisme-en-france-au-xviiie-s-bale-12-mai-2016\/\",\"name\":\"Le mat\u00e9rialisme en France au XVIIIe s. - Schweizerische Gesellschaft f\u00fcr die Erforschung des 18. Jahrhunderts (SGEAJ - SSEDS)\",\"isPartOf\":{\"@id\":\"https:\/\/www.sgeaj.ch\/fr\/#website\"},\"primaryImageOfPage\":{\"@id\":\"https:\/\/www.sgeaj.ch\/fr\/actualite\/colloques\/journee-detude-le-materialisme-en-france-au-xviiie-s-bale-12-mai-2016\/#primaryimage\"},\"image\":{\"@id\":\"https:\/\/www.sgeaj.ch\/fr\/actualite\/colloques\/journee-detude-le-materialisme-en-france-au-xviiie-s-bale-12-mai-2016\/#primaryimage\"},\"thumbnailUrl\":\"https:\/\/www.sgeaj.ch\/wp-content\/uploads\/2013\/08\/2015-Projet-de-recherche-FNS-Vuillemin.jpg\",\"datePublished\":\"2016-04-08T15:17:59+00:00\",\"dateModified\":\"2021-04-11T14:25:17+00:00\",\"inLanguage\":\"fr-FR\",\"potentialAction\":[{\"@type\":\"ReadAction\",\"target\":[\"https:\/\/www.sgeaj.ch\/fr\/actualite\/colloques\/journee-detude-le-materialisme-en-france-au-xviiie-s-bale-12-mai-2016\/\"]}]},{\"@type\":\"ImageObject\",\"inLanguage\":\"fr-FR\",\"@id\":\"https:\/\/www.sgeaj.ch\/fr\/actualite\/colloques\/journee-detude-le-materialisme-en-france-au-xviiie-s-bale-12-mai-2016\/#primaryimage\",\"url\":\"https:\/\/www.sgeaj.ch\/wp-content\/uploads\/2013\/08\/2015-Projet-de-recherche-FNS-Vuillemin.jpg\",\"contentUrl\":\"https:\/\/www.sgeaj.ch\/wp-content\/uploads\/2013\/08\/2015-Projet-de-recherche-FNS-Vuillemin.jpg\",\"width\":1000,\"height\":875},{\"@type\":\"WebSite\",\"@id\":\"https:\/\/www.sgeaj.ch\/fr\/#website\",\"url\":\"https:\/\/www.sgeaj.ch\/fr\/\",\"name\":\"Schweizerische Gesellschaft f\u00fcr die Erforschung des 18. Jahrhunderts (SGEAJ - SSEDS)\",\"description\":\"Schweizerische Gesellschaft f\u00fcr die Erforschung des 18. Jahrhunderts\",\"publisher\":{\"@id\":\"https:\/\/www.sgeaj.ch\/fr\/#organization\"},\"potentialAction\":[{\"@type\":\"SearchAction\",\"target\":{\"@type\":\"EntryPoint\",\"urlTemplate\":\"https:\/\/www.sgeaj.ch\/fr\/?s={search_term_string}\"},\"query-input\":{\"@type\":\"PropertyValueSpecification\",\"valueRequired\":true,\"valueName\":\"search_term_string\"}}],\"inLanguage\":\"fr-FR\"},{\"@type\":\"Organization\",\"@id\":\"https:\/\/www.sgeaj.ch\/fr\/#organization\",\"name\":\"Schweizerische Gesellschaft f\u00fcr die Erforschung des 18. Jahrhunderts (SGEAJ - SSEDS)\",\"url\":\"https:\/\/www.sgeaj.ch\/fr\/\",\"logo\":{\"@type\":\"ImageObject\",\"inLanguage\":\"fr-FR\",\"@id\":\"https:\/\/www.sgeaj.ch\/fr\/#\/schema\/logo\/image\/\",\"url\":\"https:\/\/www.sgeaj.ch\/wp-content\/uploads\/2021\/06\/cropped-logo-xviiies-horiz-abreuviations-bleues.png\",\"contentUrl\":\"https:\/\/www.sgeaj.ch\/wp-content\/uploads\/2021\/06\/cropped-logo-xviiies-horiz-abreuviations-bleues.png\",\"width\":659,\"height\":335,\"caption\":\"Schweizerische Gesellschaft f\u00fcr die Erforschung des 18. Jahrhunderts (SGEAJ - SSEDS)\"},\"image\":{\"@id\":\"https:\/\/www.sgeaj.ch\/fr\/#\/schema\/logo\/image\/\"}},{\"@type\":\"Person\",\"@id\":\"https:\/\/www.sgeaj.ch\/fr\/#\/schema\/person\/6bd2b59ee4319b4a54912921450cebf6\",\"name\":\"SGEAJ\",\"url\":\"https:\/\/www.sgeaj.ch\/fr\/author\/sgeaj\/\"}]}<\/script>\n<!-- \/ Yoast SEO plugin. -->","yoast_head_json":{"title":"Le mat\u00e9rialisme en France au XVIIIe s. - Schweizerische Gesellschaft f\u00fcr die Erforschung des 18. Jahrhunderts (SGEAJ - SSEDS)","robots":{"index":"index","follow":"follow","max-snippet":"max-snippet:-1","max-image-preview":"max-image-preview:large","max-video-preview":"max-video-preview:-1"},"canonical":"https:\/\/www.sgeaj.ch\/fr\/actualite\/colloques\/journee-detude-le-materialisme-en-france-au-xviiie-s-bale-12-mai-2016\/","twitter_misc":{"\u00c9crit par":"SGEAJ","Dur\u00e9e de lecture estim\u00e9e":"1 minute"},"schema":{"@context":"https:\/\/schema.org","@graph":[{"@type":"Article","@id":"https:\/\/www.sgeaj.ch\/fr\/actualite\/colloques\/journee-detude-le-materialisme-en-france-au-xviiie-s-bale-12-mai-2016\/#article","isPartOf":{"@id":"https:\/\/www.sgeaj.ch\/fr\/actualite\/colloques\/journee-detude-le-materialisme-en-france-au-xviiie-s-bale-12-mai-2016\/"},"author":{"name":"SGEAJ","@id":"https:\/\/www.sgeaj.ch\/fr\/#\/schema\/person\/6bd2b59ee4319b4a54912921450cebf6"},"headline":"Le mat\u00e9rialisme en France au XVIIIe s.","datePublished":"2016-04-08T15:17:59+00:00","dateModified":"2021-04-11T14:25:17+00:00","mainEntityOfPage":{"@id":"https:\/\/www.sgeaj.ch\/fr\/actualite\/colloques\/journee-detude-le-materialisme-en-france-au-xviiie-s-bale-12-mai-2016\/"},"wordCount":185,"publisher":{"@id":"https:\/\/www.sgeaj.ch\/fr\/#organization"},"image":{"@id":"https:\/\/www.sgeaj.ch\/fr\/actualite\/colloques\/journee-detude-le-materialisme-en-france-au-xviiie-s-bale-12-mai-2016\/#primaryimage"},"thumbnailUrl":"https:\/\/www.sgeaj.ch\/wp-content\/uploads\/2013\/08\/2015-Projet-de-recherche-FNS-Vuillemin.jpg","articleSection":["Actualit\u00e9","Colloques"],"inLanguage":"fr-FR"},{"@type":"WebPage","@id":"https:\/\/www.sgeaj.ch\/fr\/actualite\/colloques\/journee-detude-le-materialisme-en-france-au-xviiie-s-bale-12-mai-2016\/","url":"https:\/\/www.sgeaj.ch\/fr\/actualite\/colloques\/journee-detude-le-materialisme-en-france-au-xviiie-s-bale-12-mai-2016\/","name":"Le mat\u00e9rialisme en France au XVIIIe s. - Schweizerische Gesellschaft f\u00fcr die Erforschung des 18. Jahrhunderts (SGEAJ - SSEDS)","isPartOf":{"@id":"https:\/\/www.sgeaj.ch\/fr\/#website"},"primaryImageOfPage":{"@id":"https:\/\/www.sgeaj.ch\/fr\/actualite\/colloques\/journee-detude-le-materialisme-en-france-au-xviiie-s-bale-12-mai-2016\/#primaryimage"},"image":{"@id":"https:\/\/www.sgeaj.ch\/fr\/actualite\/colloques\/journee-detude-le-materialisme-en-france-au-xviiie-s-bale-12-mai-2016\/#primaryimage"},"thumbnailUrl":"https:\/\/www.sgeaj.ch\/wp-content\/uploads\/2013\/08\/2015-Projet-de-recherche-FNS-Vuillemin.jpg","datePublished":"2016-04-08T15:17:59+00:00","dateModified":"2021-04-11T14:25:17+00:00","inLanguage":"fr-FR","potentialAction":[{"@type":"ReadAction","target":["https:\/\/www.sgeaj.ch\/fr\/actualite\/colloques\/journee-detude-le-materialisme-en-france-au-xviiie-s-bale-12-mai-2016\/"]}]},{"@type":"ImageObject","inLanguage":"fr-FR","@id":"https:\/\/www.sgeaj.ch\/fr\/actualite\/colloques\/journee-detude-le-materialisme-en-france-au-xviiie-s-bale-12-mai-2016\/#primaryimage","url":"https:\/\/www.sgeaj.ch\/wp-content\/uploads\/2013\/08\/2015-Projet-de-recherche-FNS-Vuillemin.jpg","contentUrl":"https:\/\/www.sgeaj.ch\/wp-content\/uploads\/2013\/08\/2015-Projet-de-recherche-FNS-Vuillemin.jpg","width":1000,"height":875},{"@type":"WebSite","@id":"https:\/\/www.sgeaj.ch\/fr\/#website","url":"https:\/\/www.sgeaj.ch\/fr\/","name":"Schweizerische Gesellschaft f\u00fcr die Erforschung des 18. Jahrhunderts (SGEAJ - SSEDS)","description":"Schweizerische Gesellschaft f\u00fcr die Erforschung des 18. Jahrhunderts","publisher":{"@id":"https:\/\/www.sgeaj.ch\/fr\/#organization"},"potentialAction":[{"@type":"SearchAction","target":{"@type":"EntryPoint","urlTemplate":"https:\/\/www.sgeaj.ch\/fr\/?s={search_term_string}"},"query-input":{"@type":"PropertyValueSpecification","valueRequired":true,"valueName":"search_term_string"}}],"inLanguage":"fr-FR"},{"@type":"Organization","@id":"https:\/\/www.sgeaj.ch\/fr\/#organization","name":"Schweizerische Gesellschaft f\u00fcr die Erforschung des 18. Jahrhunderts (SGEAJ - SSEDS)","url":"https:\/\/www.sgeaj.ch\/fr\/","logo":{"@type":"ImageObject","inLanguage":"fr-FR","@id":"https:\/\/www.sgeaj.ch\/fr\/#\/schema\/logo\/image\/","url":"https:\/\/www.sgeaj.ch\/wp-content\/uploads\/2021\/06\/cropped-logo-xviiies-horiz-abreuviations-bleues.png","contentUrl":"https:\/\/www.sgeaj.ch\/wp-content\/uploads\/2021\/06\/cropped-logo-xviiies-horiz-abreuviations-bleues.png","width":659,"height":335,"caption":"Schweizerische Gesellschaft f\u00fcr die Erforschung des 18. Jahrhunderts (SGEAJ - SSEDS)"},"image":{"@id":"https:\/\/www.sgeaj.ch\/fr\/#\/schema\/logo\/image\/"}},{"@type":"Person","@id":"https:\/\/www.sgeaj.ch\/fr\/#\/schema\/person\/6bd2b59ee4319b4a54912921450cebf6","name":"SGEAJ","url":"https:\/\/www.sgeaj.ch\/fr\/author\/sgeaj\/"}]}},"_links":{"self":[{"href":"https:\/\/www.sgeaj.ch\/fr\/wp-json\/wp\/v2\/posts\/1867","targetHints":{"allow":["GET"]}}],"collection":[{"href":"https:\/\/www.sgeaj.ch\/fr\/wp-json\/wp\/v2\/posts"}],"about":[{"href":"https:\/\/www.sgeaj.ch\/fr\/wp-json\/wp\/v2\/types\/post"}],"author":[{"embeddable":true,"href":"https:\/\/www.sgeaj.ch\/fr\/wp-json\/wp\/v2\/users\/2"}],"replies":[{"embeddable":true,"href":"https:\/\/www.sgeaj.ch\/fr\/wp-json\/wp\/v2\/comments?post=1867"}],"version-history":[{"count":7,"href":"https:\/\/www.sgeaj.ch\/fr\/wp-json\/wp\/v2\/posts\/1867\/revisions"}],"predecessor-version":[{"id":6246,"href":"https:\/\/www.sgeaj.ch\/fr\/wp-json\/wp\/v2\/posts\/1867\/revisions\/6246"}],"wp:featuredmedia":[{"embeddable":true,"href":"https:\/\/www.sgeaj.ch\/fr\/wp-json\/wp\/v2\/media\/3508"}],"wp:attachment":[{"href":"https:\/\/www.sgeaj.ch\/fr\/wp-json\/wp\/v2\/media?parent=1867"}],"wp:term":[{"taxonomy":"category","embeddable":true,"href":"https:\/\/www.sgeaj.ch\/fr\/wp-json\/wp\/v2\/categories?post=1867"},{"taxonomy":"post_tag","embeddable":true,"href":"https:\/\/www.sgeaj.ch\/fr\/wp-json\/wp\/v2\/tags?post=1867"}],"curies":[{"name":"wp","href":"https:\/\/api.w.org\/{rel}","templated":true}]}}