{"id":1883,"date":"2016-04-07T10:44:32","date_gmt":"2016-04-07T08:44:32","guid":{"rendered":"https:\/\/www.sgeaj.ch\/fr\/rencontre-autour-de-ledition-de-la-correspondance-de-francois-tronchin\/"},"modified":"2022-12-24T12:57:45","modified_gmt":"2022-12-24T11:57:45","slug":"rencontre-autour-de-ledition-de-la-correspondance-de-francois-tronchin","status":"publish","type":"post","link":"https:\/\/www.sgeaj.ch\/fr\/actualite\/colloques\/rencontre-autour-de-ledition-de-la-correspondance-de-francois-tronchin\/","title":{"rendered":"L&rsquo;\u00e9dition de la correspondance de Fran\u00e7ois Tronchin"},"content":{"rendered":"<h2>Un Genevois au si\u00e8cle des Lumi\u00e8res. \u00c9dition critique de la correspondance de Fran\u00e7ois Tronchin (1704-1798)<\/h2>\n<p>Mus\u00e9e Voltaire, rue des D\u00e9lices 25, Gen\u00e8ve<br \/>\nVendredi 6 mai \u00e0 18h00<\/p>\n<p>Banquier, magistrat, protecteur des artistes et grand collectionneur, Fran\u00e7ois Tronchin a correspondu avec de nombreuses personnalit\u00e9s en Europe, parmi lesquelles Voltaire, Diderot, Grimm, Joseph Vernet et \u00c9tienne-Maurice Falconet. De ces \u00e9changes, il reste quelques 900 lettres et divers documents manuscrits. Conserv\u00e9s pour la plupart \u00e0 la Biblioth\u00e8que de Gen\u00e8ve, ils feront l\u2019objet (en partenariat avec les universit\u00e9s de Lille 3 et de Gen\u00e8ve) d\u2019une publication critique sur notre site d\u2019\u00e9dition num\u00e9rique.<br \/>\nLa premi\u00e8re phase du projet s\u2019est concr\u00e9tis\u00e9e par un outil informatique destin\u00e9 \u00e0 la saisie des documents. La seconde phase, \u00e0 venir, consistera \u00e0 transcrire les manuscrits et \u00e0 cr\u00e9er une \u00e9dition num\u00e9rique pour les rendre accessibles au public.<\/p>\n<h2>Programme<\/h2>\n<p><strong>L\u2019Officine num\u00e9rique<br \/>\n<\/strong>Alexandre Vanautgaerden, directeur de la Biblioth\u00e8que de Gen\u00e8ve<\/p>\n<p><strong>Le XVIIIe si\u00e8cle dans les archives Tronchin<br \/>\n<\/strong>Barbara Roth-Lochner, conservatrice des manuscrits et des archives priv\u00e9es de la Biblioth\u00e8que de Gen\u00e8ve<\/p>\n<p><strong>Pourquoi une association Tronchin ?<br \/>\n<\/strong>Fr\u00e9d\u00e9ric Elsig, professeur \u00e0 l\u2019Universit\u00e9 de Gen\u00e8ve<\/p>\n<p><strong>Pr\u00e9sentation de l\u2019outil num\u00e9rique de saisie des documents<\/strong><br \/>\nMartine Hart et Vincent Chenal, historiens de l\u2019art<\/p>\n<p><strong>Les archives Tronchin : un regard sur le march\u00e9 de l\u2019art<br \/>\n<\/strong>Patrick Michel, professeur \u00e0 Universit\u00e9 de Lille 3<\/p>\n<p>La pr\u00e9sentation sera suivie d\u2019un ap\u00e9ritif<\/p>\n<p>\u2192 <a href=\"https:\/\/www.sgeaj.ch\/wp-content\/uploads\/2016\/04\/2016_Correspondance-Tronchin_06.05.16.pdf\" target=\"_blank\" rel=\"noopener noreferrer\">T\u00e9l\u00e9charger le pdf<\/a>.<\/p>\n","protected":false},"excerpt":{"rendered":"<p>Un Genevois au si\u00e8cle des Lumi\u00e8res. \u00c9dition critique de la correspondance de Fran\u00e7ois Tronchin (1704-1798) Mus\u00e9e Voltaire, rue des D\u00e9lices 25, Gen\u00e8ve Vendredi 6 mai \u00e0 18h00 Banquier, magistrat, protecteur des artistes et grand collectionneur, Fran\u00e7ois Tronchin a correspondu avec de nombreuses personnalit\u00e9s en Europe, parmi lesquelles Voltaire, Diderot, Grimm, Joseph Vernet et \u00c9tienne-Maurice Falconet. [&hellip;]<\/p>\n","protected":false},"author":2,"featured_media":4314,"comment_status":"closed","ping_status":"open","sticky":false,"template":"","format":"standard","meta":{"footnotes":""},"categories":[42,27],"tags":[],"class_list":{"0":"post-1883","1":"post","2":"type-post","3":"status-publish","4":"format-standard","5":"has-post-thumbnail","7":"category-actualite","8":"category-colloques","9":"czr-hentry"},"yoast_head":"<!-- This site is optimized with the Yoast SEO plugin v26.9 - https:\/\/yoast.com\/product\/yoast-seo-wordpress\/ -->\n<title>L&#039;\u00e9dition de la correspondance de Fran\u00e7ois Tronchin - Schweizerische Gesellschaft f\u00fcr die Erforschung des 18. Jahrhunderts (SGEAJ - SSEDS)<\/title>\n<meta name=\"robots\" content=\"index, follow, max-snippet:-1, max-image-preview:large, max-video-preview:-1\" \/>\n<link rel=\"canonical\" href=\"https:\/\/www.sgeaj.ch\/fr\/actualite\/colloques\/rencontre-autour-de-ledition-de-la-correspondance-de-francois-tronchin\/\" \/>\n<meta name=\"twitter:label1\" content=\"\u00c9crit par\" \/>\n\t<meta name=\"twitter:data1\" content=\"SGEAJ\" \/>\n\t<meta name=\"twitter:label2\" content=\"Dur\u00e9e de lecture estim\u00e9e\" \/>\n\t<meta name=\"twitter:data2\" content=\"1 minute\" \/>\n<script type=\"application\/ld+json\" class=\"yoast-schema-graph\">{\"@context\":\"https:\/\/schema.org\",\"@graph\":[{\"@type\":\"Article\",\"@id\":\"https:\/\/www.sgeaj.ch\/fr\/actualite\/colloques\/rencontre-autour-de-ledition-de-la-correspondance-de-francois-tronchin\/#article\",\"isPartOf\":{\"@id\":\"https:\/\/www.sgeaj.ch\/fr\/actualite\/colloques\/rencontre-autour-de-ledition-de-la-correspondance-de-francois-tronchin\/\"},\"author\":{\"name\":\"SGEAJ\",\"@id\":\"https:\/\/www.sgeaj.ch\/fr\/#\/schema\/person\/6bd2b59ee4319b4a54912921450cebf6\"},\"headline\":\"L&rsquo;\u00e9dition de la correspondance de Fran\u00e7ois Tronchin\",\"datePublished\":\"2016-04-07T08:44:32+00:00\",\"dateModified\":\"2022-12-24T11:57:45+00:00\",\"mainEntityOfPage\":{\"@id\":\"https:\/\/www.sgeaj.ch\/fr\/actualite\/colloques\/rencontre-autour-de-ledition-de-la-correspondance-de-francois-tronchin\/\"},\"wordCount\":264,\"publisher\":{\"@id\":\"https:\/\/www.sgeaj.ch\/fr\/#organization\"},\"image\":{\"@id\":\"https:\/\/www.sgeaj.ch\/fr\/actualite\/colloques\/rencontre-autour-de-ledition-de-la-correspondance-de-francois-tronchin\/#primaryimage\"},\"thumbnailUrl\":\"https:\/\/www.sgeaj.ch\/wp-content\/uploads\/2016\/04\/cropped-J.E_Liotard_Portrait-de-F.-Tronchin-2.jpg\",\"articleSection\":[\"Actualit\u00e9\",\"Colloques\"],\"inLanguage\":\"fr-FR\"},{\"@type\":\"WebPage\",\"@id\":\"https:\/\/www.sgeaj.ch\/fr\/actualite\/colloques\/rencontre-autour-de-ledition-de-la-correspondance-de-francois-tronchin\/\",\"url\":\"https:\/\/www.sgeaj.ch\/fr\/actualite\/colloques\/rencontre-autour-de-ledition-de-la-correspondance-de-francois-tronchin\/\",\"name\":\"L'\u00e9dition de la correspondance de Fran\u00e7ois Tronchin - Schweizerische Gesellschaft f\u00fcr die Erforschung des 18. Jahrhunderts (SGEAJ - SSEDS)\",\"isPartOf\":{\"@id\":\"https:\/\/www.sgeaj.ch\/fr\/#website\"},\"primaryImageOfPage\":{\"@id\":\"https:\/\/www.sgeaj.ch\/fr\/actualite\/colloques\/rencontre-autour-de-ledition-de-la-correspondance-de-francois-tronchin\/#primaryimage\"},\"image\":{\"@id\":\"https:\/\/www.sgeaj.ch\/fr\/actualite\/colloques\/rencontre-autour-de-ledition-de-la-correspondance-de-francois-tronchin\/#primaryimage\"},\"thumbnailUrl\":\"https:\/\/www.sgeaj.ch\/wp-content\/uploads\/2016\/04\/cropped-J.E_Liotard_Portrait-de-F.-Tronchin-2.jpg\",\"datePublished\":\"2016-04-07T08:44:32+00:00\",\"dateModified\":\"2022-12-24T11:57:45+00:00\",\"inLanguage\":\"fr-FR\",\"potentialAction\":[{\"@type\":\"ReadAction\",\"target\":[\"https:\/\/www.sgeaj.ch\/fr\/actualite\/colloques\/rencontre-autour-de-ledition-de-la-correspondance-de-francois-tronchin\/\"]}]},{\"@type\":\"ImageObject\",\"inLanguage\":\"fr-FR\",\"@id\":\"https:\/\/www.sgeaj.ch\/fr\/actualite\/colloques\/rencontre-autour-de-ledition-de-la-correspondance-de-francois-tronchin\/#primaryimage\",\"url\":\"https:\/\/www.sgeaj.ch\/wp-content\/uploads\/2016\/04\/cropped-J.E_Liotard_Portrait-de-F.-Tronchin-2.jpg\",\"contentUrl\":\"https:\/\/www.sgeaj.ch\/wp-content\/uploads\/2016\/04\/cropped-J.E_Liotard_Portrait-de-F.-Tronchin-2.jpg\",\"width\":940,\"height\":197},{\"@type\":\"WebSite\",\"@id\":\"https:\/\/www.sgeaj.ch\/fr\/#website\",\"url\":\"https:\/\/www.sgeaj.ch\/fr\/\",\"name\":\"Schweizerische Gesellschaft f\u00fcr die Erforschung des 18. Jahrhunderts (SGEAJ - SSEDS)\",\"description\":\"Schweizerische Gesellschaft f\u00fcr die Erforschung des 18. Jahrhunderts\",\"publisher\":{\"@id\":\"https:\/\/www.sgeaj.ch\/fr\/#organization\"},\"potentialAction\":[{\"@type\":\"SearchAction\",\"target\":{\"@type\":\"EntryPoint\",\"urlTemplate\":\"https:\/\/www.sgeaj.ch\/fr\/?s={search_term_string}\"},\"query-input\":{\"@type\":\"PropertyValueSpecification\",\"valueRequired\":true,\"valueName\":\"search_term_string\"}}],\"inLanguage\":\"fr-FR\"},{\"@type\":\"Organization\",\"@id\":\"https:\/\/www.sgeaj.ch\/fr\/#organization\",\"name\":\"Schweizerische Gesellschaft f\u00fcr die Erforschung des 18. Jahrhunderts (SGEAJ - SSEDS)\",\"url\":\"https:\/\/www.sgeaj.ch\/fr\/\",\"logo\":{\"@type\":\"ImageObject\",\"inLanguage\":\"fr-FR\",\"@id\":\"https:\/\/www.sgeaj.ch\/fr\/#\/schema\/logo\/image\/\",\"url\":\"https:\/\/www.sgeaj.ch\/wp-content\/uploads\/2021\/06\/cropped-logo-xviiies-horiz-abreuviations-bleues.png\",\"contentUrl\":\"https:\/\/www.sgeaj.ch\/wp-content\/uploads\/2021\/06\/cropped-logo-xviiies-horiz-abreuviations-bleues.png\",\"width\":659,\"height\":335,\"caption\":\"Schweizerische Gesellschaft f\u00fcr die Erforschung des 18. Jahrhunderts (SGEAJ - SSEDS)\"},\"image\":{\"@id\":\"https:\/\/www.sgeaj.ch\/fr\/#\/schema\/logo\/image\/\"}},{\"@type\":\"Person\",\"@id\":\"https:\/\/www.sgeaj.ch\/fr\/#\/schema\/person\/6bd2b59ee4319b4a54912921450cebf6\",\"name\":\"SGEAJ\",\"url\":\"https:\/\/www.sgeaj.ch\/fr\/author\/sgeaj\/\"}]}<\/script>\n<!-- \/ Yoast SEO plugin. -->","yoast_head_json":{"title":"L'\u00e9dition de la correspondance de Fran\u00e7ois Tronchin - Schweizerische Gesellschaft f\u00fcr die Erforschung des 18. Jahrhunderts (SGEAJ - SSEDS)","robots":{"index":"index","follow":"follow","max-snippet":"max-snippet:-1","max-image-preview":"max-image-preview:large","max-video-preview":"max-video-preview:-1"},"canonical":"https:\/\/www.sgeaj.ch\/fr\/actualite\/colloques\/rencontre-autour-de-ledition-de-la-correspondance-de-francois-tronchin\/","twitter_misc":{"\u00c9crit par":"SGEAJ","Dur\u00e9e de lecture estim\u00e9e":"1 minute"},"schema":{"@context":"https:\/\/schema.org","@graph":[{"@type":"Article","@id":"https:\/\/www.sgeaj.ch\/fr\/actualite\/colloques\/rencontre-autour-de-ledition-de-la-correspondance-de-francois-tronchin\/#article","isPartOf":{"@id":"https:\/\/www.sgeaj.ch\/fr\/actualite\/colloques\/rencontre-autour-de-ledition-de-la-correspondance-de-francois-tronchin\/"},"author":{"name":"SGEAJ","@id":"https:\/\/www.sgeaj.ch\/fr\/#\/schema\/person\/6bd2b59ee4319b4a54912921450cebf6"},"headline":"L&rsquo;\u00e9dition de la correspondance de Fran\u00e7ois Tronchin","datePublished":"2016-04-07T08:44:32+00:00","dateModified":"2022-12-24T11:57:45+00:00","mainEntityOfPage":{"@id":"https:\/\/www.sgeaj.ch\/fr\/actualite\/colloques\/rencontre-autour-de-ledition-de-la-correspondance-de-francois-tronchin\/"},"wordCount":264,"publisher":{"@id":"https:\/\/www.sgeaj.ch\/fr\/#organization"},"image":{"@id":"https:\/\/www.sgeaj.ch\/fr\/actualite\/colloques\/rencontre-autour-de-ledition-de-la-correspondance-de-francois-tronchin\/#primaryimage"},"thumbnailUrl":"https:\/\/www.sgeaj.ch\/wp-content\/uploads\/2016\/04\/cropped-J.E_Liotard_Portrait-de-F.-Tronchin-2.jpg","articleSection":["Actualit\u00e9","Colloques"],"inLanguage":"fr-FR"},{"@type":"WebPage","@id":"https:\/\/www.sgeaj.ch\/fr\/actualite\/colloques\/rencontre-autour-de-ledition-de-la-correspondance-de-francois-tronchin\/","url":"https:\/\/www.sgeaj.ch\/fr\/actualite\/colloques\/rencontre-autour-de-ledition-de-la-correspondance-de-francois-tronchin\/","name":"L'\u00e9dition de la correspondance de Fran\u00e7ois Tronchin - Schweizerische Gesellschaft f\u00fcr die Erforschung des 18. Jahrhunderts (SGEAJ - SSEDS)","isPartOf":{"@id":"https:\/\/www.sgeaj.ch\/fr\/#website"},"primaryImageOfPage":{"@id":"https:\/\/www.sgeaj.ch\/fr\/actualite\/colloques\/rencontre-autour-de-ledition-de-la-correspondance-de-francois-tronchin\/#primaryimage"},"image":{"@id":"https:\/\/www.sgeaj.ch\/fr\/actualite\/colloques\/rencontre-autour-de-ledition-de-la-correspondance-de-francois-tronchin\/#primaryimage"},"thumbnailUrl":"https:\/\/www.sgeaj.ch\/wp-content\/uploads\/2016\/04\/cropped-J.E_Liotard_Portrait-de-F.-Tronchin-2.jpg","datePublished":"2016-04-07T08:44:32+00:00","dateModified":"2022-12-24T11:57:45+00:00","inLanguage":"fr-FR","potentialAction":[{"@type":"ReadAction","target":["https:\/\/www.sgeaj.ch\/fr\/actualite\/colloques\/rencontre-autour-de-ledition-de-la-correspondance-de-francois-tronchin\/"]}]},{"@type":"ImageObject","inLanguage":"fr-FR","@id":"https:\/\/www.sgeaj.ch\/fr\/actualite\/colloques\/rencontre-autour-de-ledition-de-la-correspondance-de-francois-tronchin\/#primaryimage","url":"https:\/\/www.sgeaj.ch\/wp-content\/uploads\/2016\/04\/cropped-J.E_Liotard_Portrait-de-F.-Tronchin-2.jpg","contentUrl":"https:\/\/www.sgeaj.ch\/wp-content\/uploads\/2016\/04\/cropped-J.E_Liotard_Portrait-de-F.-Tronchin-2.jpg","width":940,"height":197},{"@type":"WebSite","@id":"https:\/\/www.sgeaj.ch\/fr\/#website","url":"https:\/\/www.sgeaj.ch\/fr\/","name":"Schweizerische Gesellschaft f\u00fcr die Erforschung des 18. Jahrhunderts (SGEAJ - SSEDS)","description":"Schweizerische Gesellschaft f\u00fcr die Erforschung des 18. Jahrhunderts","publisher":{"@id":"https:\/\/www.sgeaj.ch\/fr\/#organization"},"potentialAction":[{"@type":"SearchAction","target":{"@type":"EntryPoint","urlTemplate":"https:\/\/www.sgeaj.ch\/fr\/?s={search_term_string}"},"query-input":{"@type":"PropertyValueSpecification","valueRequired":true,"valueName":"search_term_string"}}],"inLanguage":"fr-FR"},{"@type":"Organization","@id":"https:\/\/www.sgeaj.ch\/fr\/#organization","name":"Schweizerische Gesellschaft f\u00fcr die Erforschung des 18. Jahrhunderts (SGEAJ - SSEDS)","url":"https:\/\/www.sgeaj.ch\/fr\/","logo":{"@type":"ImageObject","inLanguage":"fr-FR","@id":"https:\/\/www.sgeaj.ch\/fr\/#\/schema\/logo\/image\/","url":"https:\/\/www.sgeaj.ch\/wp-content\/uploads\/2021\/06\/cropped-logo-xviiies-horiz-abreuviations-bleues.png","contentUrl":"https:\/\/www.sgeaj.ch\/wp-content\/uploads\/2021\/06\/cropped-logo-xviiies-horiz-abreuviations-bleues.png","width":659,"height":335,"caption":"Schweizerische Gesellschaft f\u00fcr die Erforschung des 18. Jahrhunderts (SGEAJ - SSEDS)"},"image":{"@id":"https:\/\/www.sgeaj.ch\/fr\/#\/schema\/logo\/image\/"}},{"@type":"Person","@id":"https:\/\/www.sgeaj.ch\/fr\/#\/schema\/person\/6bd2b59ee4319b4a54912921450cebf6","name":"SGEAJ","url":"https:\/\/www.sgeaj.ch\/fr\/author\/sgeaj\/"}]}},"_links":{"self":[{"href":"https:\/\/www.sgeaj.ch\/fr\/wp-json\/wp\/v2\/posts\/1883","targetHints":{"allow":["GET"]}}],"collection":[{"href":"https:\/\/www.sgeaj.ch\/fr\/wp-json\/wp\/v2\/posts"}],"about":[{"href":"https:\/\/www.sgeaj.ch\/fr\/wp-json\/wp\/v2\/types\/post"}],"author":[{"embeddable":true,"href":"https:\/\/www.sgeaj.ch\/fr\/wp-json\/wp\/v2\/users\/2"}],"replies":[{"embeddable":true,"href":"https:\/\/www.sgeaj.ch\/fr\/wp-json\/wp\/v2\/comments?post=1883"}],"version-history":[{"count":7,"href":"https:\/\/www.sgeaj.ch\/fr\/wp-json\/wp\/v2\/posts\/1883\/revisions"}],"predecessor-version":[{"id":6941,"href":"https:\/\/www.sgeaj.ch\/fr\/wp-json\/wp\/v2\/posts\/1883\/revisions\/6941"}],"wp:featuredmedia":[{"embeddable":true,"href":"https:\/\/www.sgeaj.ch\/fr\/wp-json\/wp\/v2\/media\/4314"}],"wp:attachment":[{"href":"https:\/\/www.sgeaj.ch\/fr\/wp-json\/wp\/v2\/media?parent=1883"}],"wp:term":[{"taxonomy":"category","embeddable":true,"href":"https:\/\/www.sgeaj.ch\/fr\/wp-json\/wp\/v2\/categories?post=1883"},{"taxonomy":"post_tag","embeddable":true,"href":"https:\/\/www.sgeaj.ch\/fr\/wp-json\/wp\/v2\/tags?post=1883"}],"curies":[{"name":"wp","href":"https:\/\/api.w.org\/{rel}","templated":true}]}}