{"id":1893,"date":"2016-04-25T13:13:21","date_gmt":"2016-04-25T11:13:21","guid":{"rendered":"https:\/\/www.sgeaj.ch\/fr\/colloque-la-plume-et-le-calumet-geneve-2-3-juin-2016\/"},"modified":"2021-04-11T16:24:33","modified_gmt":"2021-04-11T14:24:33","slug":"colloque-la-plume-et-le-calumet-geneve-2-3-juin-2016","status":"publish","type":"post","link":"https:\/\/www.sgeaj.ch\/fr\/actualite\/colloques\/colloque-la-plume-et-le-calumet-geneve-2-3-juin-2016\/","title":{"rendered":"La plume et le calumet: Joseph Fran\u00e7ois Lafitau"},"content":{"rendered":"<h2>La plume et le calumet: Joseph Fran\u00e7ois Lafitau et les \u00ab\u00a0sauvages ameriquains\u00a0\u00bb<\/h2>\n<p>Colloque international<br \/>\nMus\u00e9e d&rsquo;ethnographie, Auditorium<br \/>\nJeudi 2 &#8211; vendredi 3 juin 2016<\/p>\n<p>Au d\u00e9but du XVIIIe si\u00e8cle, le p\u00e8re j\u00e9suite Joseph Fran\u00e7ois Lafitau s\u00e9journa dans une mission huronne-iroquoise de la Nouvelle France. Il devait r\u00e9diger une des premi\u00e8res monographies ethnographiques jamais r\u00e9alis\u00e9es: les <em>M\u0153urs des sauvages ameriquains<\/em> <em>compar\u00e9es aux m\u0153urs des premiers temps<\/em> (1724). L\u2019entreprise du p\u00e8re Lafitau se situe au carrefour entre la repr\u00e9sentation traditionnelle des \u00absauvages\u00bb, h\u00e9rit\u00e9e des premiers colons et voyageurs, et une nouvelle approche de type anthropologique. Mais comment appr\u00e9hender un pass\u00e9 si complexe, au sein duquel se m\u00ealent des questions li\u00e9es au d\u00e9but de l\u2019ethnographie, au colonialisme, aux civilisations am\u00e9rindiennes (pour la plupart disparues) et \u00e0 leur mise en image? Ce colloque a pour objectif de comprendre comment, au XVIIIe si\u00e8cle, en m\u00eame temps que s\u2019impose une repr\u00e9sentation st\u00e9r\u00e9otyp\u00e9e de l\u2019Am\u00e9rindien, Lafitau met en place un \u00absyst\u00e8me\u00bb qui instaure un dialogue entre les \u00absauvages\u00bb et les Anciens. Les th\u00e9matiques abord\u00e9es lors de cette rencontre permettront d\u2019\u00e9valuer les outils mis en place pour repr\u00e9senter l\u2019Autre. Comment Lafitau fait-il appel aux savoirs ant\u00e9rieurs? Et surtout, comment use-t-il de l\u2019analogie et de la comparaison pour \u00e9tablir cette nouvelle repr\u00e9sentation? Au croisement de diverses disciplines, nous discuterons plus sp\u00e9cifiquement des rapports entre texte et image, entre \u00e9criture de voyage et histoire des religions.<\/p>\n<h2>Programme<\/h2>\n<p>8h45 Accueil<br \/>\n9h00 Ouverture du colloque, par Dominique Jaillard (UNIGE) et Fr\u00e9d\u00e9ric Tinguely (UNIGE)<br \/>\n9h15 Introduction, par M\u00e9lanie Lozat (UNIGE) et Sara Petrella (UNIGE)<\/p>\n<p>CONF\u00c9RENCE D\u2019OUVERTURE<br \/>\n9h45 \u00ab\u00a0Lafitau pluriel. Archives et m\u00e9thodes au seuil des Lumi\u00e8res\u00a0\u00bb, par Andreas Motsch (University of Toronto)<\/p>\n<p>TEXTE-IMAGE: PR\u00c9SENTATION, REPR\u00c9SENTATION ET ALT\u00c9RATION<br \/>\n11h00 \u00ab\u00a0La femme sauvage dans les illustrations des <em>Moeurs des sauvages ameriquains<\/em> de J.-F. Lafitau\u00a0\u00bb, par Sara Petrella (UNIGE)<br \/>\n11h45 \u00ab\u00a0La Pyrol\u00e2trie des peuples de l\u2019Am\u00e9rique, selon Lafitau\u00a0\u00bb, par Frank Lestringant (Universit\u00e9 Paris-Sorbonne)<\/p>\n<p>14h30 \u00ab\u00a0Lafitau and the Gods of Asia. Some Thoughts on the Representation of Indian and Chinese Deities in the Illustrations for <em>M\u0153urs des sauvages am\u00e9riquains\u00a0<\/em>\u00bb, par Paola von Wyss-Giacosa (UZH)<br \/>\n15h15 \u00ab\u00a0Lafitau au miroir de la curiosit\u00e9\u00a0\u00bb, par Myriam Marrach-Gourand (Universit\u00e9 de Bretagne occidentale)<br \/>\n16h30 \u00ab\u00a0Sur quelques rapports entre texte et images chez Lafitau\u00a0\u00bb, par Matthieu Bernhardt (UNIGE)<\/p>\n<p>18h30 TABLE RONDE \u00ab\u00a0Sauvages d\u2019Am\u00e9rique. Images et imaginaire du XVIIIe \u00e0 nos jours\u00a0\u00bb. Invit\u00e9s\u00a0: Vincent Barras, Jan Blanc, Martin Rueff<\/p>\n<p><!--more-->\u00c9CRITURE DE VOYAGE, ANALOGIE ET COMPARATISME<br \/>\n9h00 \u00ab\u00a0Sacred History and Comparative Ethnography in Lafitau\u00a0\u00bb, par Joan-Pau Rubies (Universitat Pompeu Fabra, Barcelone)<br \/>\n9h45 \u00ab\u00a0L\u2019espace du sacr\u00e9: l\u2019interpr\u00e9tation de l\u2019\u00c9gypte ancienne dans les <em>M\u0153urs<\/em> <em>des sauvages am\u00e9riquains<\/em> de Lafitau\u00a0\u00bb par Adrien Paschoud (UNIL)<br \/>\n11h00 \u00ab\u00a0Les Cour\u00e8tes: de Strabon \u00e0 Lafitau\u00a0\u00bb, M\u00e9lanie Lozat (UNIGE)<br \/>\n11h45 \u00ab\u00a0Lafitau \u00e9crivain\u00a0\u00bb, par Philippe Borgeaud (UNIGE)<\/p>\n<p>LAFITAU ET L\u2019HISTOIRE DES RELIGIONS<br \/>\n14h30 \u00ab\u00a0Lafitau et la th\u00e9orie des Mo\u00efses\u00a0\u00bb, par Marc Kolakowski (UNIL)<br \/>\n15h15 \u00ab\u00a0Lafitau entre Perrault et de Brosses: fortunes de la conformit\u00e9 des anciens et des modernes\u00a0\u00bb, par Christian Grosse (UNIL)<br \/>\n16h30 \u00ab\u00a0Lafitau and the Horizon of Enlightenment Sacrifice\u00a0\u00bb, par Jonathan Sheehan (University of California, Berkeley)<br \/>\n17h15 Synth\u00e8se<\/p>\n<p>\u2192 <a href=\"https:\/\/www.sgeaj.ch\/wp-content\/uploads\/2016\/04\/2016.06-Programme_ColloqueLafitau.pdf\" target=\"_blank\" rel=\"noopener noreferrer\">T\u00e9l\u00e9charger le programme du colloque<\/a>.<\/p>\n<p><strong>Journ\u00e9e d&rsquo;\u00e9tude et de formation doctorale, 1er juin 2016<br \/>\n<\/strong>\u00ab\u00a0Les origines de l&rsquo;ethnographie et la figure du sauvage au XVIIIe si\u00e8cle\u00a0\u00bb, le mercredi 1er juin 2015, Uni Bastions, Salle A206. Anim\u00e9 par Andrea Motsch et Fr\u00e9d\u00e9ric Tinguely. Inscription avant le 29 mai.<\/p>\n<p>\u2192 <a href=\"https:\/\/www.sgeaj.ch\/wp-content\/uploads\/2016\/04\/2016.06-Journee_Etudes_Lafitau.pdf\" target=\"_blank\" rel=\"noopener noreferrer\">T\u00e9l\u00e9charger le programme de la journ\u00e9e d&rsquo;\u00e9tude<\/a>.<\/p>\n<p>Informations et contacts:<br \/>\nMelanie.Lozat@unifr.ch et Sara.Petrella@unige.ch<\/p>\n","protected":false},"excerpt":{"rendered":"<p>La plume et le calumet: Joseph Fran\u00e7ois Lafitau et les \u00ab\u00a0sauvages ameriquains\u00a0\u00bb Colloque international Mus\u00e9e d&rsquo;ethnographie, Auditorium Jeudi 2 &#8211; vendredi 3 juin 2016 Au d\u00e9but du XVIIIe si\u00e8cle, le p\u00e8re j\u00e9suite Joseph Fran\u00e7ois Lafitau s\u00e9journa dans une mission huronne-iroquoise de la Nouvelle France. Il devait r\u00e9diger une des premi\u00e8res monographies ethnographiques jamais r\u00e9alis\u00e9es: les [&hellip;]<\/p>\n","protected":false},"author":2,"featured_media":3560,"comment_status":"closed","ping_status":"open","sticky":false,"template":"","format":"standard","meta":{"footnotes":""},"categories":[42,27],"tags":[],"class_list":{"0":"post-1893","1":"post","2":"type-post","3":"status-publish","4":"format-standard","5":"has-post-thumbnail","7":"category-actualite","8":"category-colloques","9":"czr-hentry"},"yoast_head":"<!-- This site is optimized with the Yoast SEO plugin v26.9 - https:\/\/yoast.com\/product\/yoast-seo-wordpress\/ -->\n<title>La plume et le calumet: Joseph Fran\u00e7ois Lafitau - Schweizerische Gesellschaft f\u00fcr die Erforschung des 18. Jahrhunderts (SGEAJ - SSEDS)<\/title>\n<meta name=\"robots\" content=\"index, follow, max-snippet:-1, max-image-preview:large, max-video-preview:-1\" \/>\n<link rel=\"canonical\" href=\"https:\/\/www.sgeaj.ch\/fr\/actualite\/colloques\/colloque-la-plume-et-le-calumet-geneve-2-3-juin-2016\/\" \/>\n<meta name=\"twitter:label1\" content=\"\u00c9crit par\" \/>\n\t<meta name=\"twitter:data1\" content=\"SGEAJ\" \/>\n\t<meta name=\"twitter:label2\" content=\"Dur\u00e9e de lecture estim\u00e9e\" \/>\n\t<meta name=\"twitter:data2\" content=\"3 minutes\" \/>\n<script type=\"application\/ld+json\" class=\"yoast-schema-graph\">{\"@context\":\"https:\/\/schema.org\",\"@graph\":[{\"@type\":\"Article\",\"@id\":\"https:\/\/www.sgeaj.ch\/fr\/actualite\/colloques\/colloque-la-plume-et-le-calumet-geneve-2-3-juin-2016\/#article\",\"isPartOf\":{\"@id\":\"https:\/\/www.sgeaj.ch\/fr\/actualite\/colloques\/colloque-la-plume-et-le-calumet-geneve-2-3-juin-2016\/\"},\"author\":{\"name\":\"SGEAJ\",\"@id\":\"https:\/\/www.sgeaj.ch\/fr\/#\/schema\/person\/6bd2b59ee4319b4a54912921450cebf6\"},\"headline\":\"La plume et le calumet: Joseph Fran\u00e7ois Lafitau\",\"datePublished\":\"2016-04-25T11:13:21+00:00\",\"dateModified\":\"2021-04-11T14:24:33+00:00\",\"mainEntityOfPage\":{\"@id\":\"https:\/\/www.sgeaj.ch\/fr\/actualite\/colloques\/colloque-la-plume-et-le-calumet-geneve-2-3-juin-2016\/\"},\"wordCount\":650,\"publisher\":{\"@id\":\"https:\/\/www.sgeaj.ch\/fr\/#organization\"},\"image\":{\"@id\":\"https:\/\/www.sgeaj.ch\/fr\/actualite\/colloques\/colloque-la-plume-et-le-calumet-geneve-2-3-juin-2016\/#primaryimage\"},\"thumbnailUrl\":\"https:\/\/www.sgeaj.ch\/wp-content\/uploads\/2016\/04\/2016.06-Affiche_ColloqueLafitau.jpg\",\"articleSection\":[\"Actualit\u00e9\",\"Colloques\"],\"inLanguage\":\"fr-FR\"},{\"@type\":\"WebPage\",\"@id\":\"https:\/\/www.sgeaj.ch\/fr\/actualite\/colloques\/colloque-la-plume-et-le-calumet-geneve-2-3-juin-2016\/\",\"url\":\"https:\/\/www.sgeaj.ch\/fr\/actualite\/colloques\/colloque-la-plume-et-le-calumet-geneve-2-3-juin-2016\/\",\"name\":\"La plume et le calumet: Joseph Fran\u00e7ois Lafitau - Schweizerische Gesellschaft f\u00fcr die Erforschung des 18. Jahrhunderts (SGEAJ - SSEDS)\",\"isPartOf\":{\"@id\":\"https:\/\/www.sgeaj.ch\/fr\/#website\"},\"primaryImageOfPage\":{\"@id\":\"https:\/\/www.sgeaj.ch\/fr\/actualite\/colloques\/colloque-la-plume-et-le-calumet-geneve-2-3-juin-2016\/#primaryimage\"},\"image\":{\"@id\":\"https:\/\/www.sgeaj.ch\/fr\/actualite\/colloques\/colloque-la-plume-et-le-calumet-geneve-2-3-juin-2016\/#primaryimage\"},\"thumbnailUrl\":\"https:\/\/www.sgeaj.ch\/wp-content\/uploads\/2016\/04\/2016.06-Affiche_ColloqueLafitau.jpg\",\"datePublished\":\"2016-04-25T11:13:21+00:00\",\"dateModified\":\"2021-04-11T14:24:33+00:00\",\"inLanguage\":\"fr-FR\",\"potentialAction\":[{\"@type\":\"ReadAction\",\"target\":[\"https:\/\/www.sgeaj.ch\/fr\/actualite\/colloques\/colloque-la-plume-et-le-calumet-geneve-2-3-juin-2016\/\"]}]},{\"@type\":\"ImageObject\",\"inLanguage\":\"fr-FR\",\"@id\":\"https:\/\/www.sgeaj.ch\/fr\/actualite\/colloques\/colloque-la-plume-et-le-calumet-geneve-2-3-juin-2016\/#primaryimage\",\"url\":\"https:\/\/www.sgeaj.ch\/wp-content\/uploads\/2016\/04\/2016.06-Affiche_ColloqueLafitau.jpg\",\"contentUrl\":\"https:\/\/www.sgeaj.ch\/wp-content\/uploads\/2016\/04\/2016.06-Affiche_ColloqueLafitau.jpg\",\"width\":2246,\"height\":3175},{\"@type\":\"WebSite\",\"@id\":\"https:\/\/www.sgeaj.ch\/fr\/#website\",\"url\":\"https:\/\/www.sgeaj.ch\/fr\/\",\"name\":\"Schweizerische Gesellschaft f\u00fcr die Erforschung des 18. Jahrhunderts (SGEAJ - SSEDS)\",\"description\":\"Schweizerische Gesellschaft f\u00fcr die Erforschung des 18. Jahrhunderts\",\"publisher\":{\"@id\":\"https:\/\/www.sgeaj.ch\/fr\/#organization\"},\"potentialAction\":[{\"@type\":\"SearchAction\",\"target\":{\"@type\":\"EntryPoint\",\"urlTemplate\":\"https:\/\/www.sgeaj.ch\/fr\/?s={search_term_string}\"},\"query-input\":{\"@type\":\"PropertyValueSpecification\",\"valueRequired\":true,\"valueName\":\"search_term_string\"}}],\"inLanguage\":\"fr-FR\"},{\"@type\":\"Organization\",\"@id\":\"https:\/\/www.sgeaj.ch\/fr\/#organization\",\"name\":\"Schweizerische Gesellschaft f\u00fcr die Erforschung des 18. Jahrhunderts (SGEAJ - SSEDS)\",\"url\":\"https:\/\/www.sgeaj.ch\/fr\/\",\"logo\":{\"@type\":\"ImageObject\",\"inLanguage\":\"fr-FR\",\"@id\":\"https:\/\/www.sgeaj.ch\/fr\/#\/schema\/logo\/image\/\",\"url\":\"https:\/\/www.sgeaj.ch\/wp-content\/uploads\/2021\/06\/cropped-logo-xviiies-horiz-abreuviations-bleues.png\",\"contentUrl\":\"https:\/\/www.sgeaj.ch\/wp-content\/uploads\/2021\/06\/cropped-logo-xviiies-horiz-abreuviations-bleues.png\",\"width\":659,\"height\":335,\"caption\":\"Schweizerische Gesellschaft f\u00fcr die Erforschung des 18. Jahrhunderts (SGEAJ - SSEDS)\"},\"image\":{\"@id\":\"https:\/\/www.sgeaj.ch\/fr\/#\/schema\/logo\/image\/\"}},{\"@type\":\"Person\",\"@id\":\"https:\/\/www.sgeaj.ch\/fr\/#\/schema\/person\/6bd2b59ee4319b4a54912921450cebf6\",\"name\":\"SGEAJ\",\"url\":\"https:\/\/www.sgeaj.ch\/fr\/author\/sgeaj\/\"}]}<\/script>\n<!-- \/ Yoast SEO plugin. -->","yoast_head_json":{"title":"La plume et le calumet: Joseph Fran\u00e7ois Lafitau - Schweizerische Gesellschaft f\u00fcr die Erforschung des 18. Jahrhunderts (SGEAJ - SSEDS)","robots":{"index":"index","follow":"follow","max-snippet":"max-snippet:-1","max-image-preview":"max-image-preview:large","max-video-preview":"max-video-preview:-1"},"canonical":"https:\/\/www.sgeaj.ch\/fr\/actualite\/colloques\/colloque-la-plume-et-le-calumet-geneve-2-3-juin-2016\/","twitter_misc":{"\u00c9crit par":"SGEAJ","Dur\u00e9e de lecture estim\u00e9e":"3 minutes"},"schema":{"@context":"https:\/\/schema.org","@graph":[{"@type":"Article","@id":"https:\/\/www.sgeaj.ch\/fr\/actualite\/colloques\/colloque-la-plume-et-le-calumet-geneve-2-3-juin-2016\/#article","isPartOf":{"@id":"https:\/\/www.sgeaj.ch\/fr\/actualite\/colloques\/colloque-la-plume-et-le-calumet-geneve-2-3-juin-2016\/"},"author":{"name":"SGEAJ","@id":"https:\/\/www.sgeaj.ch\/fr\/#\/schema\/person\/6bd2b59ee4319b4a54912921450cebf6"},"headline":"La plume et le calumet: Joseph Fran\u00e7ois Lafitau","datePublished":"2016-04-25T11:13:21+00:00","dateModified":"2021-04-11T14:24:33+00:00","mainEntityOfPage":{"@id":"https:\/\/www.sgeaj.ch\/fr\/actualite\/colloques\/colloque-la-plume-et-le-calumet-geneve-2-3-juin-2016\/"},"wordCount":650,"publisher":{"@id":"https:\/\/www.sgeaj.ch\/fr\/#organization"},"image":{"@id":"https:\/\/www.sgeaj.ch\/fr\/actualite\/colloques\/colloque-la-plume-et-le-calumet-geneve-2-3-juin-2016\/#primaryimage"},"thumbnailUrl":"https:\/\/www.sgeaj.ch\/wp-content\/uploads\/2016\/04\/2016.06-Affiche_ColloqueLafitau.jpg","articleSection":["Actualit\u00e9","Colloques"],"inLanguage":"fr-FR"},{"@type":"WebPage","@id":"https:\/\/www.sgeaj.ch\/fr\/actualite\/colloques\/colloque-la-plume-et-le-calumet-geneve-2-3-juin-2016\/","url":"https:\/\/www.sgeaj.ch\/fr\/actualite\/colloques\/colloque-la-plume-et-le-calumet-geneve-2-3-juin-2016\/","name":"La plume et le calumet: Joseph Fran\u00e7ois Lafitau - Schweizerische Gesellschaft f\u00fcr die Erforschung des 18. Jahrhunderts (SGEAJ - SSEDS)","isPartOf":{"@id":"https:\/\/www.sgeaj.ch\/fr\/#website"},"primaryImageOfPage":{"@id":"https:\/\/www.sgeaj.ch\/fr\/actualite\/colloques\/colloque-la-plume-et-le-calumet-geneve-2-3-juin-2016\/#primaryimage"},"image":{"@id":"https:\/\/www.sgeaj.ch\/fr\/actualite\/colloques\/colloque-la-plume-et-le-calumet-geneve-2-3-juin-2016\/#primaryimage"},"thumbnailUrl":"https:\/\/www.sgeaj.ch\/wp-content\/uploads\/2016\/04\/2016.06-Affiche_ColloqueLafitau.jpg","datePublished":"2016-04-25T11:13:21+00:00","dateModified":"2021-04-11T14:24:33+00:00","inLanguage":"fr-FR","potentialAction":[{"@type":"ReadAction","target":["https:\/\/www.sgeaj.ch\/fr\/actualite\/colloques\/colloque-la-plume-et-le-calumet-geneve-2-3-juin-2016\/"]}]},{"@type":"ImageObject","inLanguage":"fr-FR","@id":"https:\/\/www.sgeaj.ch\/fr\/actualite\/colloques\/colloque-la-plume-et-le-calumet-geneve-2-3-juin-2016\/#primaryimage","url":"https:\/\/www.sgeaj.ch\/wp-content\/uploads\/2016\/04\/2016.06-Affiche_ColloqueLafitau.jpg","contentUrl":"https:\/\/www.sgeaj.ch\/wp-content\/uploads\/2016\/04\/2016.06-Affiche_ColloqueLafitau.jpg","width":2246,"height":3175},{"@type":"WebSite","@id":"https:\/\/www.sgeaj.ch\/fr\/#website","url":"https:\/\/www.sgeaj.ch\/fr\/","name":"Schweizerische Gesellschaft f\u00fcr die Erforschung des 18. Jahrhunderts (SGEAJ - SSEDS)","description":"Schweizerische Gesellschaft f\u00fcr die Erforschung des 18. Jahrhunderts","publisher":{"@id":"https:\/\/www.sgeaj.ch\/fr\/#organization"},"potentialAction":[{"@type":"SearchAction","target":{"@type":"EntryPoint","urlTemplate":"https:\/\/www.sgeaj.ch\/fr\/?s={search_term_string}"},"query-input":{"@type":"PropertyValueSpecification","valueRequired":true,"valueName":"search_term_string"}}],"inLanguage":"fr-FR"},{"@type":"Organization","@id":"https:\/\/www.sgeaj.ch\/fr\/#organization","name":"Schweizerische Gesellschaft f\u00fcr die Erforschung des 18. Jahrhunderts (SGEAJ - SSEDS)","url":"https:\/\/www.sgeaj.ch\/fr\/","logo":{"@type":"ImageObject","inLanguage":"fr-FR","@id":"https:\/\/www.sgeaj.ch\/fr\/#\/schema\/logo\/image\/","url":"https:\/\/www.sgeaj.ch\/wp-content\/uploads\/2021\/06\/cropped-logo-xviiies-horiz-abreuviations-bleues.png","contentUrl":"https:\/\/www.sgeaj.ch\/wp-content\/uploads\/2021\/06\/cropped-logo-xviiies-horiz-abreuviations-bleues.png","width":659,"height":335,"caption":"Schweizerische Gesellschaft f\u00fcr die Erforschung des 18. Jahrhunderts (SGEAJ - SSEDS)"},"image":{"@id":"https:\/\/www.sgeaj.ch\/fr\/#\/schema\/logo\/image\/"}},{"@type":"Person","@id":"https:\/\/www.sgeaj.ch\/fr\/#\/schema\/person\/6bd2b59ee4319b4a54912921450cebf6","name":"SGEAJ","url":"https:\/\/www.sgeaj.ch\/fr\/author\/sgeaj\/"}]}},"_links":{"self":[{"href":"https:\/\/www.sgeaj.ch\/fr\/wp-json\/wp\/v2\/posts\/1893","targetHints":{"allow":["GET"]}}],"collection":[{"href":"https:\/\/www.sgeaj.ch\/fr\/wp-json\/wp\/v2\/posts"}],"about":[{"href":"https:\/\/www.sgeaj.ch\/fr\/wp-json\/wp\/v2\/types\/post"}],"author":[{"embeddable":true,"href":"https:\/\/www.sgeaj.ch\/fr\/wp-json\/wp\/v2\/users\/2"}],"replies":[{"embeddable":true,"href":"https:\/\/www.sgeaj.ch\/fr\/wp-json\/wp\/v2\/comments?post=1893"}],"version-history":[{"count":7,"href":"https:\/\/www.sgeaj.ch\/fr\/wp-json\/wp\/v2\/posts\/1893\/revisions"}],"predecessor-version":[{"id":6243,"href":"https:\/\/www.sgeaj.ch\/fr\/wp-json\/wp\/v2\/posts\/1893\/revisions\/6243"}],"wp:featuredmedia":[{"embeddable":true,"href":"https:\/\/www.sgeaj.ch\/fr\/wp-json\/wp\/v2\/media\/3560"}],"wp:attachment":[{"href":"https:\/\/www.sgeaj.ch\/fr\/wp-json\/wp\/v2\/media?parent=1893"}],"wp:term":[{"taxonomy":"category","embeddable":true,"href":"https:\/\/www.sgeaj.ch\/fr\/wp-json\/wp\/v2\/categories?post=1893"},{"taxonomy":"post_tag","embeddable":true,"href":"https:\/\/www.sgeaj.ch\/fr\/wp-json\/wp\/v2\/tags?post=1893"}],"curies":[{"name":"wp","href":"https:\/\/api.w.org\/{rel}","templated":true}]}}