{"id":2000,"date":"2016-08-09T11:13:02","date_gmt":"2016-08-09T09:13:02","guid":{"rendered":"https:\/\/www.sgeaj.ch\/fr\/publication-2016-jean-potocki-lhomme-a-lepreuve-du-relatif-par-emilie-klene\/"},"modified":"2021-04-02T14:20:46","modified_gmt":"2021-04-02T12:20:46","slug":"publication-2016-jean-potocki-lhomme-a-lepreuve-du-relatif-par-emilie-klene","status":"publish","type":"post","link":"https:\/\/www.sgeaj.ch\/fr\/actualite\/nouvelles-publications\/publication-2016-jean-potocki-lhomme-a-lepreuve-du-relatif-par-emilie-klene\/","title":{"rendered":"Jean Potocki. L&rsquo;Homme \u00e0 l&rsquo;\u00e9preuve du relatif"},"content":{"rendered":"\n<h2 class=\"wp-block-heading\">Klene, Emilie, Jean Potocki. L\u2019Homme \u00e0 l\u2019\u00e9preuve du relatif, Presses universitaires de la M\u00e9diterran\u00e9e 2016<\/h2>\n\n\n<p>Les multiples voyages que r\u00e9alise Jean Potocki, de l\u2019Empire de Maroc \u00e0 Astrakan, de l\u2019\u00c9gypte \u00e0 la Mongolie, lui permettent de faire l\u2019exp\u00e9rience d\u2019un monde relatif. La vari\u00e9t\u00e9 des normes, des croyances et des valeurs qu\u2019il enregistre t\u00e9moigne d\u2019une infinie diversit\u00e9 des hommes. Parall\u00e8lement \u00e0 ses r\u00e9cits de voyage, l\u2019auteur revendique pourtant, dans ses \u00e9crits historiques et politiques, un universel humain, appr\u00e9hend\u00e9 \u00e0 l\u2019aune de la libert\u00e9. Aussi particularismes et universalisme ne sont-ils pas contradictoires chez cet \u00e9crivain \u00e0 la fois moraliste au sens classique et anthropologue au sens moderne, mais ils participent d\u2019une dynamique au sein de laquelle notre modernit\u00e9 est appel\u00e9e \u00e0 s\u2019orienter depuis plus de deux si\u00e8cles. Dans son roman con\u00e7u comme laboratoire, l\u2019auteur soumet l\u2019homme \u00e0 l\u2019exp\u00e9rience de la philosophie du \u00ab\u00a0comme si\u00a0\u00bb pour mettre \u00e0 l\u2019\u00e9preuve sa nature ontologique. Si l\u2019articulation entre diversit\u00e9 et unit\u00e9 humaines ne se fait pas sans heurts \u00e0 l\u2019\u00e9chelle des <em>\u0152uvres<\/em>, elle trouve ainsi sa pleine expression dans la synth\u00e8se propos\u00e9e par le <em>Manuscrit trouv\u00e9 \u00e0 Saragosse<\/em> qui offre une des plus belles illustrations de la complexit\u00e9 de la philosophie relationniste.<\/p>\n<p><a href=\"https:\/\/www.pulm.fr\/index.php\/9782367811925.html\" target=\"_blank\" rel=\"noopener noreferrer\">Lien vers la commande.<\/a><\/p>","protected":false},"excerpt":{"rendered":"<p>Klene, Emilie, Jean Potocki. L\u2019Homme \u00e0 l\u2019\u00e9preuve du relatif, Presses universitaires de la M\u00e9diterran\u00e9e 2016 Les multiples voyages que r\u00e9alise Jean Potocki, de l\u2019Empire de Maroc \u00e0 Astrakan, de l\u2019\u00c9gypte \u00e0 la Mongolie, lui permettent de faire l\u2019exp\u00e9rience d\u2019un monde relatif. La vari\u00e9t\u00e9 des normes, des croyances et des valeurs qu\u2019il enregistre t\u00e9moigne d\u2019une infinie [&hellip;]<\/p>\n","protected":false},"author":2,"featured_media":3568,"comment_status":"closed","ping_status":"open","sticky":false,"template":"","format":"standard","meta":{"footnotes":""},"categories":[42,25],"tags":[],"class_list":{"0":"post-2000","1":"post","2":"type-post","3":"status-publish","4":"format-standard","5":"has-post-thumbnail","7":"category-actualite","8":"category-nouvelles-publications","9":"czr-hentry"},"yoast_head":"<!-- This site is optimized with the Yoast SEO plugin v26.9 - https:\/\/yoast.com\/product\/yoast-seo-wordpress\/ -->\n<title>Jean Potocki. L&#039;Homme \u00e0 l&#039;\u00e9preuve du relatif - Schweizerische Gesellschaft f\u00fcr die Erforschung des 18. Jahrhunderts (SGEAJ - SSEDS)<\/title>\n<meta name=\"robots\" content=\"index, follow, max-snippet:-1, max-image-preview:large, max-video-preview:-1\" \/>\n<link rel=\"canonical\" href=\"https:\/\/www.sgeaj.ch\/fr\/actualite\/nouvelles-publications\/publication-2016-jean-potocki-lhomme-a-lepreuve-du-relatif-par-emilie-klene\/\" \/>\n<meta name=\"twitter:label1\" content=\"\u00c9crit par\" \/>\n\t<meta name=\"twitter:data1\" content=\"SGEAJ\" \/>\n\t<meta name=\"twitter:label2\" content=\"Dur\u00e9e de lecture estim\u00e9e\" \/>\n\t<meta name=\"twitter:data2\" content=\"1 minute\" \/>\n<script type=\"application\/ld+json\" class=\"yoast-schema-graph\">{\"@context\":\"https:\/\/schema.org\",\"@graph\":[{\"@type\":\"Article\",\"@id\":\"https:\/\/www.sgeaj.ch\/fr\/actualite\/nouvelles-publications\/publication-2016-jean-potocki-lhomme-a-lepreuve-du-relatif-par-emilie-klene\/#article\",\"isPartOf\":{\"@id\":\"https:\/\/www.sgeaj.ch\/fr\/actualite\/nouvelles-publications\/publication-2016-jean-potocki-lhomme-a-lepreuve-du-relatif-par-emilie-klene\/\"},\"author\":{\"name\":\"SGEAJ\",\"@id\":\"https:\/\/www.sgeaj.ch\/fr\/#\/schema\/person\/6bd2b59ee4319b4a54912921450cebf6\"},\"headline\":\"Jean Potocki. L&rsquo;Homme \u00e0 l&rsquo;\u00e9preuve du relatif\",\"datePublished\":\"2016-08-09T09:13:02+00:00\",\"dateModified\":\"2021-04-02T12:20:46+00:00\",\"mainEntityOfPage\":{\"@id\":\"https:\/\/www.sgeaj.ch\/fr\/actualite\/nouvelles-publications\/publication-2016-jean-potocki-lhomme-a-lepreuve-du-relatif-par-emilie-klene\/\"},\"wordCount\":229,\"publisher\":{\"@id\":\"https:\/\/www.sgeaj.ch\/fr\/#organization\"},\"image\":{\"@id\":\"https:\/\/www.sgeaj.ch\/fr\/actualite\/nouvelles-publications\/publication-2016-jean-potocki-lhomme-a-lepreuve-du-relatif-par-emilie-klene\/#primaryimage\"},\"thumbnailUrl\":\"https:\/\/www.sgeaj.ch\/wp-content\/uploads\/2016\/08\/2016-Emilie-Klene-these.jpg\",\"articleSection\":[\"Actualit\u00e9\",\"Nouvelles publications\"],\"inLanguage\":\"fr-FR\"},{\"@type\":\"WebPage\",\"@id\":\"https:\/\/www.sgeaj.ch\/fr\/actualite\/nouvelles-publications\/publication-2016-jean-potocki-lhomme-a-lepreuve-du-relatif-par-emilie-klene\/\",\"url\":\"https:\/\/www.sgeaj.ch\/fr\/actualite\/nouvelles-publications\/publication-2016-jean-potocki-lhomme-a-lepreuve-du-relatif-par-emilie-klene\/\",\"name\":\"Jean Potocki. L'Homme \u00e0 l'\u00e9preuve du relatif - Schweizerische Gesellschaft f\u00fcr die Erforschung des 18. Jahrhunderts (SGEAJ - SSEDS)\",\"isPartOf\":{\"@id\":\"https:\/\/www.sgeaj.ch\/fr\/#website\"},\"primaryImageOfPage\":{\"@id\":\"https:\/\/www.sgeaj.ch\/fr\/actualite\/nouvelles-publications\/publication-2016-jean-potocki-lhomme-a-lepreuve-du-relatif-par-emilie-klene\/#primaryimage\"},\"image\":{\"@id\":\"https:\/\/www.sgeaj.ch\/fr\/actualite\/nouvelles-publications\/publication-2016-jean-potocki-lhomme-a-lepreuve-du-relatif-par-emilie-klene\/#primaryimage\"},\"thumbnailUrl\":\"https:\/\/www.sgeaj.ch\/wp-content\/uploads\/2016\/08\/2016-Emilie-Klene-these.jpg\",\"datePublished\":\"2016-08-09T09:13:02+00:00\",\"dateModified\":\"2021-04-02T12:20:46+00:00\",\"inLanguage\":\"fr-FR\",\"potentialAction\":[{\"@type\":\"ReadAction\",\"target\":[\"https:\/\/www.sgeaj.ch\/fr\/actualite\/nouvelles-publications\/publication-2016-jean-potocki-lhomme-a-lepreuve-du-relatif-par-emilie-klene\/\"]}]},{\"@type\":\"ImageObject\",\"inLanguage\":\"fr-FR\",\"@id\":\"https:\/\/www.sgeaj.ch\/fr\/actualite\/nouvelles-publications\/publication-2016-jean-potocki-lhomme-a-lepreuve-du-relatif-par-emilie-klene\/#primaryimage\",\"url\":\"https:\/\/www.sgeaj.ch\/wp-content\/uploads\/2016\/08\/2016-Emilie-Klene-these.jpg\",\"contentUrl\":\"https:\/\/www.sgeaj.ch\/wp-content\/uploads\/2016\/08\/2016-Emilie-Klene-these.jpg\",\"width\":700,\"height\":1000},{\"@type\":\"WebSite\",\"@id\":\"https:\/\/www.sgeaj.ch\/fr\/#website\",\"url\":\"https:\/\/www.sgeaj.ch\/fr\/\",\"name\":\"Schweizerische Gesellschaft f\u00fcr die Erforschung des 18. Jahrhunderts (SGEAJ - SSEDS)\",\"description\":\"Schweizerische Gesellschaft f\u00fcr die Erforschung des 18. Jahrhunderts\",\"publisher\":{\"@id\":\"https:\/\/www.sgeaj.ch\/fr\/#organization\"},\"potentialAction\":[{\"@type\":\"SearchAction\",\"target\":{\"@type\":\"EntryPoint\",\"urlTemplate\":\"https:\/\/www.sgeaj.ch\/fr\/?s={search_term_string}\"},\"query-input\":{\"@type\":\"PropertyValueSpecification\",\"valueRequired\":true,\"valueName\":\"search_term_string\"}}],\"inLanguage\":\"fr-FR\"},{\"@type\":\"Organization\",\"@id\":\"https:\/\/www.sgeaj.ch\/fr\/#organization\",\"name\":\"Schweizerische Gesellschaft f\u00fcr die Erforschung des 18. Jahrhunderts (SGEAJ - SSEDS)\",\"url\":\"https:\/\/www.sgeaj.ch\/fr\/\",\"logo\":{\"@type\":\"ImageObject\",\"inLanguage\":\"fr-FR\",\"@id\":\"https:\/\/www.sgeaj.ch\/fr\/#\/schema\/logo\/image\/\",\"url\":\"https:\/\/www.sgeaj.ch\/wp-content\/uploads\/2021\/06\/cropped-logo-xviiies-horiz-abreuviations-bleues.png\",\"contentUrl\":\"https:\/\/www.sgeaj.ch\/wp-content\/uploads\/2021\/06\/cropped-logo-xviiies-horiz-abreuviations-bleues.png\",\"width\":659,\"height\":335,\"caption\":\"Schweizerische Gesellschaft f\u00fcr die Erforschung des 18. Jahrhunderts (SGEAJ - SSEDS)\"},\"image\":{\"@id\":\"https:\/\/www.sgeaj.ch\/fr\/#\/schema\/logo\/image\/\"}},{\"@type\":\"Person\",\"@id\":\"https:\/\/www.sgeaj.ch\/fr\/#\/schema\/person\/6bd2b59ee4319b4a54912921450cebf6\",\"name\":\"SGEAJ\",\"url\":\"https:\/\/www.sgeaj.ch\/fr\/author\/sgeaj\/\"}]}<\/script>\n<!-- \/ Yoast SEO plugin. -->","yoast_head_json":{"title":"Jean Potocki. L'Homme \u00e0 l'\u00e9preuve du relatif - Schweizerische Gesellschaft f\u00fcr die Erforschung des 18. Jahrhunderts (SGEAJ - SSEDS)","robots":{"index":"index","follow":"follow","max-snippet":"max-snippet:-1","max-image-preview":"max-image-preview:large","max-video-preview":"max-video-preview:-1"},"canonical":"https:\/\/www.sgeaj.ch\/fr\/actualite\/nouvelles-publications\/publication-2016-jean-potocki-lhomme-a-lepreuve-du-relatif-par-emilie-klene\/","twitter_misc":{"\u00c9crit par":"SGEAJ","Dur\u00e9e de lecture estim\u00e9e":"1 minute"},"schema":{"@context":"https:\/\/schema.org","@graph":[{"@type":"Article","@id":"https:\/\/www.sgeaj.ch\/fr\/actualite\/nouvelles-publications\/publication-2016-jean-potocki-lhomme-a-lepreuve-du-relatif-par-emilie-klene\/#article","isPartOf":{"@id":"https:\/\/www.sgeaj.ch\/fr\/actualite\/nouvelles-publications\/publication-2016-jean-potocki-lhomme-a-lepreuve-du-relatif-par-emilie-klene\/"},"author":{"name":"SGEAJ","@id":"https:\/\/www.sgeaj.ch\/fr\/#\/schema\/person\/6bd2b59ee4319b4a54912921450cebf6"},"headline":"Jean Potocki. L&rsquo;Homme \u00e0 l&rsquo;\u00e9preuve du relatif","datePublished":"2016-08-09T09:13:02+00:00","dateModified":"2021-04-02T12:20:46+00:00","mainEntityOfPage":{"@id":"https:\/\/www.sgeaj.ch\/fr\/actualite\/nouvelles-publications\/publication-2016-jean-potocki-lhomme-a-lepreuve-du-relatif-par-emilie-klene\/"},"wordCount":229,"publisher":{"@id":"https:\/\/www.sgeaj.ch\/fr\/#organization"},"image":{"@id":"https:\/\/www.sgeaj.ch\/fr\/actualite\/nouvelles-publications\/publication-2016-jean-potocki-lhomme-a-lepreuve-du-relatif-par-emilie-klene\/#primaryimage"},"thumbnailUrl":"https:\/\/www.sgeaj.ch\/wp-content\/uploads\/2016\/08\/2016-Emilie-Klene-these.jpg","articleSection":["Actualit\u00e9","Nouvelles publications"],"inLanguage":"fr-FR"},{"@type":"WebPage","@id":"https:\/\/www.sgeaj.ch\/fr\/actualite\/nouvelles-publications\/publication-2016-jean-potocki-lhomme-a-lepreuve-du-relatif-par-emilie-klene\/","url":"https:\/\/www.sgeaj.ch\/fr\/actualite\/nouvelles-publications\/publication-2016-jean-potocki-lhomme-a-lepreuve-du-relatif-par-emilie-klene\/","name":"Jean Potocki. L'Homme \u00e0 l'\u00e9preuve du relatif - Schweizerische Gesellschaft f\u00fcr die Erforschung des 18. Jahrhunderts (SGEAJ - SSEDS)","isPartOf":{"@id":"https:\/\/www.sgeaj.ch\/fr\/#website"},"primaryImageOfPage":{"@id":"https:\/\/www.sgeaj.ch\/fr\/actualite\/nouvelles-publications\/publication-2016-jean-potocki-lhomme-a-lepreuve-du-relatif-par-emilie-klene\/#primaryimage"},"image":{"@id":"https:\/\/www.sgeaj.ch\/fr\/actualite\/nouvelles-publications\/publication-2016-jean-potocki-lhomme-a-lepreuve-du-relatif-par-emilie-klene\/#primaryimage"},"thumbnailUrl":"https:\/\/www.sgeaj.ch\/wp-content\/uploads\/2016\/08\/2016-Emilie-Klene-these.jpg","datePublished":"2016-08-09T09:13:02+00:00","dateModified":"2021-04-02T12:20:46+00:00","inLanguage":"fr-FR","potentialAction":[{"@type":"ReadAction","target":["https:\/\/www.sgeaj.ch\/fr\/actualite\/nouvelles-publications\/publication-2016-jean-potocki-lhomme-a-lepreuve-du-relatif-par-emilie-klene\/"]}]},{"@type":"ImageObject","inLanguage":"fr-FR","@id":"https:\/\/www.sgeaj.ch\/fr\/actualite\/nouvelles-publications\/publication-2016-jean-potocki-lhomme-a-lepreuve-du-relatif-par-emilie-klene\/#primaryimage","url":"https:\/\/www.sgeaj.ch\/wp-content\/uploads\/2016\/08\/2016-Emilie-Klene-these.jpg","contentUrl":"https:\/\/www.sgeaj.ch\/wp-content\/uploads\/2016\/08\/2016-Emilie-Klene-these.jpg","width":700,"height":1000},{"@type":"WebSite","@id":"https:\/\/www.sgeaj.ch\/fr\/#website","url":"https:\/\/www.sgeaj.ch\/fr\/","name":"Schweizerische Gesellschaft f\u00fcr die Erforschung des 18. Jahrhunderts (SGEAJ - SSEDS)","description":"Schweizerische Gesellschaft f\u00fcr die Erforschung des 18. Jahrhunderts","publisher":{"@id":"https:\/\/www.sgeaj.ch\/fr\/#organization"},"potentialAction":[{"@type":"SearchAction","target":{"@type":"EntryPoint","urlTemplate":"https:\/\/www.sgeaj.ch\/fr\/?s={search_term_string}"},"query-input":{"@type":"PropertyValueSpecification","valueRequired":true,"valueName":"search_term_string"}}],"inLanguage":"fr-FR"},{"@type":"Organization","@id":"https:\/\/www.sgeaj.ch\/fr\/#organization","name":"Schweizerische Gesellschaft f\u00fcr die Erforschung des 18. Jahrhunderts (SGEAJ - SSEDS)","url":"https:\/\/www.sgeaj.ch\/fr\/","logo":{"@type":"ImageObject","inLanguage":"fr-FR","@id":"https:\/\/www.sgeaj.ch\/fr\/#\/schema\/logo\/image\/","url":"https:\/\/www.sgeaj.ch\/wp-content\/uploads\/2021\/06\/cropped-logo-xviiies-horiz-abreuviations-bleues.png","contentUrl":"https:\/\/www.sgeaj.ch\/wp-content\/uploads\/2021\/06\/cropped-logo-xviiies-horiz-abreuviations-bleues.png","width":659,"height":335,"caption":"Schweizerische Gesellschaft f\u00fcr die Erforschung des 18. Jahrhunderts (SGEAJ - SSEDS)"},"image":{"@id":"https:\/\/www.sgeaj.ch\/fr\/#\/schema\/logo\/image\/"}},{"@type":"Person","@id":"https:\/\/www.sgeaj.ch\/fr\/#\/schema\/person\/6bd2b59ee4319b4a54912921450cebf6","name":"SGEAJ","url":"https:\/\/www.sgeaj.ch\/fr\/author\/sgeaj\/"}]}},"_links":{"self":[{"href":"https:\/\/www.sgeaj.ch\/fr\/wp-json\/wp\/v2\/posts\/2000","targetHints":{"allow":["GET"]}}],"collection":[{"href":"https:\/\/www.sgeaj.ch\/fr\/wp-json\/wp\/v2\/posts"}],"about":[{"href":"https:\/\/www.sgeaj.ch\/fr\/wp-json\/wp\/v2\/types\/post"}],"author":[{"embeddable":true,"href":"https:\/\/www.sgeaj.ch\/fr\/wp-json\/wp\/v2\/users\/2"}],"replies":[{"embeddable":true,"href":"https:\/\/www.sgeaj.ch\/fr\/wp-json\/wp\/v2\/comments?post=2000"}],"version-history":[{"count":3,"href":"https:\/\/www.sgeaj.ch\/fr\/wp-json\/wp\/v2\/posts\/2000\/revisions"}],"predecessor-version":[{"id":5890,"href":"https:\/\/www.sgeaj.ch\/fr\/wp-json\/wp\/v2\/posts\/2000\/revisions\/5890"}],"wp:featuredmedia":[{"embeddable":true,"href":"https:\/\/www.sgeaj.ch\/fr\/wp-json\/wp\/v2\/media\/3568"}],"wp:attachment":[{"href":"https:\/\/www.sgeaj.ch\/fr\/wp-json\/wp\/v2\/media?parent=2000"}],"wp:term":[{"taxonomy":"category","embeddable":true,"href":"https:\/\/www.sgeaj.ch\/fr\/wp-json\/wp\/v2\/categories?post=2000"},{"taxonomy":"post_tag","embeddable":true,"href":"https:\/\/www.sgeaj.ch\/fr\/wp-json\/wp\/v2\/tags?post=2000"}],"curies":[{"name":"wp","href":"https:\/\/api.w.org\/{rel}","templated":true}]}}