{"id":2005,"date":"2016-08-09T11:25:50","date_gmt":"2016-08-09T09:25:50","guid":{"rendered":"https:\/\/www.sgeaj.ch\/fr\/journee-de-soutien-portes-ouvertes-du-salon-isabelle-de-charriere-pontet-3-septembre-2016\/"},"modified":"2021-04-11T16:23:54","modified_gmt":"2021-04-11T14:23:54","slug":"journee-de-soutien-isabelle-de-charriere-pontet-2016","status":"publish","type":"post","link":"https:\/\/www.sgeaj.ch\/fr\/actualite\/colloques\/journee-de-soutien-isabelle-de-charriere-pontet-2016\/","title":{"rendered":"Portes ouvertes du Salon Isabelle de Charri\u00e8re"},"content":{"rendered":"<p><strong>Programme de la Journ\u00e9e de soutien \u00ab\u00a0Isabelle de Charri\u00e8re\u00a0\u00bb<\/strong><\/p>\n<p>10h30 Accueil en musique avec le Trio Bourgogne<\/p>\n<p>11h00-11h30 Jacques Bujard, \u00ab\u00a0A la d\u00e9couverte d\u2019un joyau du patrimoine : le Salon du Pontet\u00a0\u00bb<\/p>\n<p>11h45 Ap\u00e9ritif de bienvenue, petite restauration<\/p>\n<p>13h00-13h30 Christian H\u00f6rack et Martine Noirjean de Ceuninck, \u00ab\u00a0Partitions et manuscrits: des autographes d\u2019Isabelle de Charri\u00e8re\u00a0\u00bb<\/p>\n<p>14h00-14h30 Jean-Pierre Jelmini, \u00ab\u00a0Neuch\u00e2tel au temps d\u2019Isabelle : la vie anim\u00e9e d\u2019une petite capitale de province\u00a0\u00bb<\/p>\n<p>15h00-15h30 Bernard de Muralt, \u00ab\u00a0Beat-Louis de Muralt : aristocrate, homme de lettres, rebelle\u00a0\u00bb<\/p>\n<p>16h00-16h30 Val\u00e9rie Cossy, \u00ab\u00a0Une sociabilit\u00e9 d\u2019avant-garde au Pontet sous Isabelle de Charri\u00e8re\u00a0\u00bb<\/p>\n<p>17h00-17h30 Bernt Frenkel et Martine Noirjean de Ceuninck, \u00ab\u00a0Lecture \u00e0 deux voix : choix de lettres d\u2019Isabelle de Charri\u00e8re\u00a0\u00bb. Interm\u00e8des musicaux : Claude Favez et \u00e9l\u00e8ves du Conservatoire neuch\u00e2telois<\/p>\n<p>20h00 Concert organis\u00e9 par C. Favez Rumeurs des Balkans, avec No\u00e9my Braun, violoncelle et Dimitar Ivanov, guitare<\/p>\n<p>Sans inscription, chapeau \u00e0 la sortie.<\/p>\n<p><a href=\"https:\/\/www.sgeaj.ch\/wp-content\/uploads\/2016\/08\/2016-Journee-soutien-Pontet.pdf\" target=\"_blank\" rel=\"noopener noreferrer\">Programme (pdf) pour impression.<\/a><\/p>\n","protected":false},"excerpt":{"rendered":"<p>Programme de la Journ\u00e9e de soutien \u00ab\u00a0Isabelle de Charri\u00e8re\u00a0\u00bb 10h30 Accueil en musique avec le Trio Bourgogne 11h00-11h30 Jacques Bujard, \u00ab\u00a0A la d\u00e9couverte d\u2019un joyau du patrimoine : le Salon du Pontet\u00a0\u00bb 11h45 Ap\u00e9ritif de bienvenue, petite restauration 13h00-13h30 Christian H\u00f6rack et Martine Noirjean de Ceuninck, \u00ab\u00a0Partitions et manuscrits: des autographes d\u2019Isabelle de Charri\u00e8re\u00a0\u00bb 14h00-14h30 [&hellip;]<\/p>\n","protected":false},"author":2,"featured_media":3504,"comment_status":"closed","ping_status":"open","sticky":false,"template":"","format":"standard","meta":{"footnotes":""},"categories":[42,27],"tags":[],"class_list":{"0":"post-2005","1":"post","2":"type-post","3":"status-publish","4":"format-standard","5":"has-post-thumbnail","7":"category-actualite","8":"category-colloques","9":"czr-hentry"},"yoast_head":"<!-- This site is optimized with the Yoast SEO plugin v26.9 - https:\/\/yoast.com\/product\/yoast-seo-wordpress\/ -->\n<title>Portes ouvertes du Salon Isabelle de Charri\u00e8re - Schweizerische Gesellschaft f\u00fcr die Erforschung des 18. Jahrhunderts (SGEAJ - SSEDS)<\/title>\n<meta name=\"robots\" content=\"index, follow, max-snippet:-1, max-image-preview:large, max-video-preview:-1\" \/>\n<link rel=\"canonical\" href=\"https:\/\/www.sgeaj.ch\/fr\/actualite\/colloques\/journee-de-soutien-isabelle-de-charriere-pontet-2016\/\" \/>\n<meta name=\"twitter:label1\" content=\"\u00c9crit par\" \/>\n\t<meta name=\"twitter:data1\" content=\"SGEAJ\" \/>\n\t<meta name=\"twitter:label2\" content=\"Dur\u00e9e de lecture estim\u00e9e\" \/>\n\t<meta name=\"twitter:data2\" content=\"1 minute\" \/>\n<script type=\"application\/ld+json\" class=\"yoast-schema-graph\">{\"@context\":\"https:\/\/schema.org\",\"@graph\":[{\"@type\":\"Article\",\"@id\":\"https:\/\/www.sgeaj.ch\/fr\/actualite\/colloques\/journee-de-soutien-isabelle-de-charriere-pontet-2016\/#article\",\"isPartOf\":{\"@id\":\"https:\/\/www.sgeaj.ch\/fr\/actualite\/colloques\/journee-de-soutien-isabelle-de-charriere-pontet-2016\/\"},\"author\":{\"name\":\"SGEAJ\",\"@id\":\"https:\/\/www.sgeaj.ch\/fr\/#\/schema\/person\/6bd2b59ee4319b4a54912921450cebf6\"},\"headline\":\"Portes ouvertes du Salon Isabelle de Charri\u00e8re\",\"datePublished\":\"2016-08-09T09:25:50+00:00\",\"dateModified\":\"2021-04-11T14:23:54+00:00\",\"mainEntityOfPage\":{\"@id\":\"https:\/\/www.sgeaj.ch\/fr\/actualite\/colloques\/journee-de-soutien-isabelle-de-charriere-pontet-2016\/\"},\"wordCount\":185,\"publisher\":{\"@id\":\"https:\/\/www.sgeaj.ch\/fr\/#organization\"},\"image\":{\"@id\":\"https:\/\/www.sgeaj.ch\/fr\/actualite\/colloques\/journee-de-soutien-isabelle-de-charriere-pontet-2016\/#primaryimage\"},\"thumbnailUrl\":\"https:\/\/www.sgeaj.ch\/wp-content\/uploads\/2015\/08\/2015-Isabelle-de-Charriere-Colloque.jpg\",\"articleSection\":[\"Actualit\u00e9\",\"Colloques\"],\"inLanguage\":\"fr-FR\"},{\"@type\":\"WebPage\",\"@id\":\"https:\/\/www.sgeaj.ch\/fr\/actualite\/colloques\/journee-de-soutien-isabelle-de-charriere-pontet-2016\/\",\"url\":\"https:\/\/www.sgeaj.ch\/fr\/actualite\/colloques\/journee-de-soutien-isabelle-de-charriere-pontet-2016\/\",\"name\":\"Portes ouvertes du Salon Isabelle de Charri\u00e8re - Schweizerische Gesellschaft f\u00fcr die Erforschung des 18. Jahrhunderts (SGEAJ - SSEDS)\",\"isPartOf\":{\"@id\":\"https:\/\/www.sgeaj.ch\/fr\/#website\"},\"primaryImageOfPage\":{\"@id\":\"https:\/\/www.sgeaj.ch\/fr\/actualite\/colloques\/journee-de-soutien-isabelle-de-charriere-pontet-2016\/#primaryimage\"},\"image\":{\"@id\":\"https:\/\/www.sgeaj.ch\/fr\/actualite\/colloques\/journee-de-soutien-isabelle-de-charriere-pontet-2016\/#primaryimage\"},\"thumbnailUrl\":\"https:\/\/www.sgeaj.ch\/wp-content\/uploads\/2015\/08\/2015-Isabelle-de-Charriere-Colloque.jpg\",\"datePublished\":\"2016-08-09T09:25:50+00:00\",\"dateModified\":\"2021-04-11T14:23:54+00:00\",\"inLanguage\":\"fr-FR\",\"potentialAction\":[{\"@type\":\"ReadAction\",\"target\":[\"https:\/\/www.sgeaj.ch\/fr\/actualite\/colloques\/journee-de-soutien-isabelle-de-charriere-pontet-2016\/\"]}]},{\"@type\":\"ImageObject\",\"inLanguage\":\"fr-FR\",\"@id\":\"https:\/\/www.sgeaj.ch\/fr\/actualite\/colloques\/journee-de-soutien-isabelle-de-charriere-pontet-2016\/#primaryimage\",\"url\":\"https:\/\/www.sgeaj.ch\/wp-content\/uploads\/2015\/08\/2015-Isabelle-de-Charriere-Colloque.jpg\",\"contentUrl\":\"https:\/\/www.sgeaj.ch\/wp-content\/uploads\/2015\/08\/2015-Isabelle-de-Charriere-Colloque.jpg\",\"width\":418,\"height\":512},{\"@type\":\"WebSite\",\"@id\":\"https:\/\/www.sgeaj.ch\/fr\/#website\",\"url\":\"https:\/\/www.sgeaj.ch\/fr\/\",\"name\":\"Schweizerische Gesellschaft f\u00fcr die Erforschung des 18. Jahrhunderts (SGEAJ - SSEDS)\",\"description\":\"Schweizerische Gesellschaft f\u00fcr die Erforschung des 18. Jahrhunderts\",\"publisher\":{\"@id\":\"https:\/\/www.sgeaj.ch\/fr\/#organization\"},\"potentialAction\":[{\"@type\":\"SearchAction\",\"target\":{\"@type\":\"EntryPoint\",\"urlTemplate\":\"https:\/\/www.sgeaj.ch\/fr\/?s={search_term_string}\"},\"query-input\":{\"@type\":\"PropertyValueSpecification\",\"valueRequired\":true,\"valueName\":\"search_term_string\"}}],\"inLanguage\":\"fr-FR\"},{\"@type\":\"Organization\",\"@id\":\"https:\/\/www.sgeaj.ch\/fr\/#organization\",\"name\":\"Schweizerische Gesellschaft f\u00fcr die Erforschung des 18. Jahrhunderts (SGEAJ - SSEDS)\",\"url\":\"https:\/\/www.sgeaj.ch\/fr\/\",\"logo\":{\"@type\":\"ImageObject\",\"inLanguage\":\"fr-FR\",\"@id\":\"https:\/\/www.sgeaj.ch\/fr\/#\/schema\/logo\/image\/\",\"url\":\"https:\/\/www.sgeaj.ch\/wp-content\/uploads\/2021\/06\/cropped-logo-xviiies-horiz-abreuviations-bleues.png\",\"contentUrl\":\"https:\/\/www.sgeaj.ch\/wp-content\/uploads\/2021\/06\/cropped-logo-xviiies-horiz-abreuviations-bleues.png\",\"width\":659,\"height\":335,\"caption\":\"Schweizerische Gesellschaft f\u00fcr die Erforschung des 18. Jahrhunderts (SGEAJ - SSEDS)\"},\"image\":{\"@id\":\"https:\/\/www.sgeaj.ch\/fr\/#\/schema\/logo\/image\/\"}},{\"@type\":\"Person\",\"@id\":\"https:\/\/www.sgeaj.ch\/fr\/#\/schema\/person\/6bd2b59ee4319b4a54912921450cebf6\",\"name\":\"SGEAJ\",\"url\":\"https:\/\/www.sgeaj.ch\/fr\/author\/sgeaj\/\"}]}<\/script>\n<!-- \/ Yoast SEO plugin. -->","yoast_head_json":{"title":"Portes ouvertes du Salon Isabelle de Charri\u00e8re - Schweizerische Gesellschaft f\u00fcr die Erforschung des 18. Jahrhunderts (SGEAJ - SSEDS)","robots":{"index":"index","follow":"follow","max-snippet":"max-snippet:-1","max-image-preview":"max-image-preview:large","max-video-preview":"max-video-preview:-1"},"canonical":"https:\/\/www.sgeaj.ch\/fr\/actualite\/colloques\/journee-de-soutien-isabelle-de-charriere-pontet-2016\/","twitter_misc":{"\u00c9crit par":"SGEAJ","Dur\u00e9e de lecture estim\u00e9e":"1 minute"},"schema":{"@context":"https:\/\/schema.org","@graph":[{"@type":"Article","@id":"https:\/\/www.sgeaj.ch\/fr\/actualite\/colloques\/journee-de-soutien-isabelle-de-charriere-pontet-2016\/#article","isPartOf":{"@id":"https:\/\/www.sgeaj.ch\/fr\/actualite\/colloques\/journee-de-soutien-isabelle-de-charriere-pontet-2016\/"},"author":{"name":"SGEAJ","@id":"https:\/\/www.sgeaj.ch\/fr\/#\/schema\/person\/6bd2b59ee4319b4a54912921450cebf6"},"headline":"Portes ouvertes du Salon Isabelle de Charri\u00e8re","datePublished":"2016-08-09T09:25:50+00:00","dateModified":"2021-04-11T14:23:54+00:00","mainEntityOfPage":{"@id":"https:\/\/www.sgeaj.ch\/fr\/actualite\/colloques\/journee-de-soutien-isabelle-de-charriere-pontet-2016\/"},"wordCount":185,"publisher":{"@id":"https:\/\/www.sgeaj.ch\/fr\/#organization"},"image":{"@id":"https:\/\/www.sgeaj.ch\/fr\/actualite\/colloques\/journee-de-soutien-isabelle-de-charriere-pontet-2016\/#primaryimage"},"thumbnailUrl":"https:\/\/www.sgeaj.ch\/wp-content\/uploads\/2015\/08\/2015-Isabelle-de-Charriere-Colloque.jpg","articleSection":["Actualit\u00e9","Colloques"],"inLanguage":"fr-FR"},{"@type":"WebPage","@id":"https:\/\/www.sgeaj.ch\/fr\/actualite\/colloques\/journee-de-soutien-isabelle-de-charriere-pontet-2016\/","url":"https:\/\/www.sgeaj.ch\/fr\/actualite\/colloques\/journee-de-soutien-isabelle-de-charriere-pontet-2016\/","name":"Portes ouvertes du Salon Isabelle de Charri\u00e8re - Schweizerische Gesellschaft f\u00fcr die Erforschung des 18. Jahrhunderts (SGEAJ - SSEDS)","isPartOf":{"@id":"https:\/\/www.sgeaj.ch\/fr\/#website"},"primaryImageOfPage":{"@id":"https:\/\/www.sgeaj.ch\/fr\/actualite\/colloques\/journee-de-soutien-isabelle-de-charriere-pontet-2016\/#primaryimage"},"image":{"@id":"https:\/\/www.sgeaj.ch\/fr\/actualite\/colloques\/journee-de-soutien-isabelle-de-charriere-pontet-2016\/#primaryimage"},"thumbnailUrl":"https:\/\/www.sgeaj.ch\/wp-content\/uploads\/2015\/08\/2015-Isabelle-de-Charriere-Colloque.jpg","datePublished":"2016-08-09T09:25:50+00:00","dateModified":"2021-04-11T14:23:54+00:00","inLanguage":"fr-FR","potentialAction":[{"@type":"ReadAction","target":["https:\/\/www.sgeaj.ch\/fr\/actualite\/colloques\/journee-de-soutien-isabelle-de-charriere-pontet-2016\/"]}]},{"@type":"ImageObject","inLanguage":"fr-FR","@id":"https:\/\/www.sgeaj.ch\/fr\/actualite\/colloques\/journee-de-soutien-isabelle-de-charriere-pontet-2016\/#primaryimage","url":"https:\/\/www.sgeaj.ch\/wp-content\/uploads\/2015\/08\/2015-Isabelle-de-Charriere-Colloque.jpg","contentUrl":"https:\/\/www.sgeaj.ch\/wp-content\/uploads\/2015\/08\/2015-Isabelle-de-Charriere-Colloque.jpg","width":418,"height":512},{"@type":"WebSite","@id":"https:\/\/www.sgeaj.ch\/fr\/#website","url":"https:\/\/www.sgeaj.ch\/fr\/","name":"Schweizerische Gesellschaft f\u00fcr die Erforschung des 18. Jahrhunderts (SGEAJ - SSEDS)","description":"Schweizerische Gesellschaft f\u00fcr die Erforschung des 18. Jahrhunderts","publisher":{"@id":"https:\/\/www.sgeaj.ch\/fr\/#organization"},"potentialAction":[{"@type":"SearchAction","target":{"@type":"EntryPoint","urlTemplate":"https:\/\/www.sgeaj.ch\/fr\/?s={search_term_string}"},"query-input":{"@type":"PropertyValueSpecification","valueRequired":true,"valueName":"search_term_string"}}],"inLanguage":"fr-FR"},{"@type":"Organization","@id":"https:\/\/www.sgeaj.ch\/fr\/#organization","name":"Schweizerische Gesellschaft f\u00fcr die Erforschung des 18. Jahrhunderts (SGEAJ - SSEDS)","url":"https:\/\/www.sgeaj.ch\/fr\/","logo":{"@type":"ImageObject","inLanguage":"fr-FR","@id":"https:\/\/www.sgeaj.ch\/fr\/#\/schema\/logo\/image\/","url":"https:\/\/www.sgeaj.ch\/wp-content\/uploads\/2021\/06\/cropped-logo-xviiies-horiz-abreuviations-bleues.png","contentUrl":"https:\/\/www.sgeaj.ch\/wp-content\/uploads\/2021\/06\/cropped-logo-xviiies-horiz-abreuviations-bleues.png","width":659,"height":335,"caption":"Schweizerische Gesellschaft f\u00fcr die Erforschung des 18. Jahrhunderts (SGEAJ - SSEDS)"},"image":{"@id":"https:\/\/www.sgeaj.ch\/fr\/#\/schema\/logo\/image\/"}},{"@type":"Person","@id":"https:\/\/www.sgeaj.ch\/fr\/#\/schema\/person\/6bd2b59ee4319b4a54912921450cebf6","name":"SGEAJ","url":"https:\/\/www.sgeaj.ch\/fr\/author\/sgeaj\/"}]}},"_links":{"self":[{"href":"https:\/\/www.sgeaj.ch\/fr\/wp-json\/wp\/v2\/posts\/2005","targetHints":{"allow":["GET"]}}],"collection":[{"href":"https:\/\/www.sgeaj.ch\/fr\/wp-json\/wp\/v2\/posts"}],"about":[{"href":"https:\/\/www.sgeaj.ch\/fr\/wp-json\/wp\/v2\/types\/post"}],"author":[{"embeddable":true,"href":"https:\/\/www.sgeaj.ch\/fr\/wp-json\/wp\/v2\/users\/2"}],"replies":[{"embeddable":true,"href":"https:\/\/www.sgeaj.ch\/fr\/wp-json\/wp\/v2\/comments?post=2005"}],"version-history":[{"count":3,"href":"https:\/\/www.sgeaj.ch\/fr\/wp-json\/wp\/v2\/posts\/2005\/revisions"}],"predecessor-version":[{"id":6241,"href":"https:\/\/www.sgeaj.ch\/fr\/wp-json\/wp\/v2\/posts\/2005\/revisions\/6241"}],"wp:featuredmedia":[{"embeddable":true,"href":"https:\/\/www.sgeaj.ch\/fr\/wp-json\/wp\/v2\/media\/3504"}],"wp:attachment":[{"href":"https:\/\/www.sgeaj.ch\/fr\/wp-json\/wp\/v2\/media?parent=2005"}],"wp:term":[{"taxonomy":"category","embeddable":true,"href":"https:\/\/www.sgeaj.ch\/fr\/wp-json\/wp\/v2\/categories?post=2005"},{"taxonomy":"post_tag","embeddable":true,"href":"https:\/\/www.sgeaj.ch\/fr\/wp-json\/wp\/v2\/tags?post=2005"}],"curies":[{"name":"wp","href":"https:\/\/api.w.org\/{rel}","templated":true}]}}