{"id":2012,"date":"2016-08-09T13:47:31","date_gmt":"2016-08-09T11:47:31","guid":{"rendered":"https:\/\/www.sgeaj.ch\/fr\/exposition-le-voyage-aux-indes-nyon\/"},"modified":"2021-04-03T17:45:55","modified_gmt":"2021-04-03T15:45:55","slug":"exposition-le-voyage-aux-indes-nyon","status":"publish","type":"post","link":"https:\/\/www.sgeaj.ch\/fr\/actualite\/exposition-le-voyage-aux-indes-nyon\/","title":{"rendered":"Porcelaines chinoises pour des familles suisses"},"content":{"rendered":"\n<h2 class=\"wp-block-heading\">Le voyage aux Indes. Porcelaines chinoises pour des familles suisses, 1740-1780, Ch\u00e2teau de Nyon, <a href=\"https:\/\/www.sgeaj.ch\/wp-content\/uploads\/2016\/08\/2016-expo-Nyon-Indes.jpg\"><\/a>Jusqu&rsquo;au 23 octobre 2016<\/h2>\n\n\n<p>Les grandes compagnies de marchands, qu\u2019on nommait Compagnies des Indes, rapport\u00e8rent nombre de denr\u00e9es exotiques d\u2019Orient en Occident au XVIII<sup>e<\/sup> si\u00e8cle, dont de pr\u00e9cieuses porcelaines. Cette exposition r\u00e9v\u00e8le pour la premi\u00e8re fois les commandes que des familles suisses pass\u00e8rent en Chine \u00e0 cette \u00e9poque et dont quelques t\u00e9moins, parfois fastueux, nous sont parvenus.<\/p>\n<p><a href=\"https:\/\/www.sgeaj.ch\/wp-content\/uploads\/2016\/08\/2016-expo-Nyon-Indes-dossier-de-presse.pdf\" target=\"_blank\" rel=\"noopener noreferrer\">Descriptif d\u00e9taill\u00e9 de l&rsquo;exposition (dossier de presse)<\/a><\/p>\n<p>Rendez-vous: <a href=\"https:\/\/www.sgeaj.ch\/wp-content\/uploads\/2016\/08\/2016-expo-Nyon-Indes-dossier-de-presse.pdf\" target=\"_blank\" rel=\"noopener noreferrer\">activit\u00e9s li\u00e9es \u00e0 l&rsquo;exposition<br \/><\/a>Site du mus\u00e9e: <a href=\"http:\/\/www.chateaudenyon.ch\" target=\"_blank\" rel=\"noopener noreferrer\">www.chateaudenyon.ch<\/a><\/p>","protected":false},"excerpt":{"rendered":"<p>Le voyage aux Indes. Porcelaines chinoises pour des familles suisses, 1740-1780, Ch\u00e2teau de Nyon, Jusqu&rsquo;au 23 octobre 2016 Les grandes compagnies de marchands, qu\u2019on nommait Compagnies des Indes, rapport\u00e8rent nombre de denr\u00e9es exotiques d\u2019Orient en Occident au XVIIIe si\u00e8cle, dont de pr\u00e9cieuses porcelaines. Cette exposition r\u00e9v\u00e8le pour la premi\u00e8re fois les commandes que des familles [&hellip;]<\/p>\n","protected":false},"author":2,"featured_media":3570,"comment_status":"closed","ping_status":"open","sticky":false,"template":"","format":"standard","meta":{"footnotes":""},"categories":[42,55],"tags":[],"class_list":{"0":"post-2012","1":"post","2":"type-post","3":"status-publish","4":"format-standard","5":"has-post-thumbnail","7":"category-actualite","8":"category-expositions","9":"czr-hentry"},"yoast_head":"<!-- This site is optimized with the Yoast SEO plugin v26.9 - https:\/\/yoast.com\/product\/yoast-seo-wordpress\/ -->\n<title>Porcelaines chinoises pour des familles suisses - Schweizerische Gesellschaft f\u00fcr die Erforschung des 18. Jahrhunderts (SGEAJ - SSEDS)<\/title>\n<meta name=\"robots\" content=\"index, follow, max-snippet:-1, max-image-preview:large, max-video-preview:-1\" \/>\n<link rel=\"canonical\" href=\"https:\/\/www.sgeaj.ch\/fr\/actualite\/exposition-le-voyage-aux-indes-nyon\/\" \/>\n<meta name=\"twitter:label1\" content=\"\u00c9crit par\" \/>\n\t<meta name=\"twitter:data1\" content=\"SGEAJ\" \/>\n\t<meta name=\"twitter:label2\" content=\"Dur\u00e9e de lecture estim\u00e9e\" \/>\n\t<meta name=\"twitter:data2\" content=\"1 minute\" \/>\n<script type=\"application\/ld+json\" class=\"yoast-schema-graph\">{\"@context\":\"https:\/\/schema.org\",\"@graph\":[{\"@type\":\"Article\",\"@id\":\"https:\/\/www.sgeaj.ch\/fr\/actualite\/exposition-le-voyage-aux-indes-nyon\/#article\",\"isPartOf\":{\"@id\":\"https:\/\/www.sgeaj.ch\/fr\/actualite\/exposition-le-voyage-aux-indes-nyon\/\"},\"author\":{\"name\":\"SGEAJ\",\"@id\":\"https:\/\/www.sgeaj.ch\/fr\/#\/schema\/person\/6bd2b59ee4319b4a54912921450cebf6\"},\"headline\":\"Porcelaines chinoises pour des familles suisses\",\"datePublished\":\"2016-08-09T11:47:31+00:00\",\"dateModified\":\"2021-04-03T15:45:55+00:00\",\"mainEntityOfPage\":{\"@id\":\"https:\/\/www.sgeaj.ch\/fr\/actualite\/exposition-le-voyage-aux-indes-nyon\/\"},\"wordCount\":110,\"publisher\":{\"@id\":\"https:\/\/www.sgeaj.ch\/fr\/#organization\"},\"image\":{\"@id\":\"https:\/\/www.sgeaj.ch\/fr\/actualite\/exposition-le-voyage-aux-indes-nyon\/#primaryimage\"},\"thumbnailUrl\":\"https:\/\/www.sgeaj.ch\/wp-content\/uploads\/2016\/08\/2016-expo-Nyon-Indes.jpg\",\"articleSection\":[\"Actualit\u00e9\",\"Expositions\"],\"inLanguage\":\"fr-FR\"},{\"@type\":\"WebPage\",\"@id\":\"https:\/\/www.sgeaj.ch\/fr\/actualite\/exposition-le-voyage-aux-indes-nyon\/\",\"url\":\"https:\/\/www.sgeaj.ch\/fr\/actualite\/exposition-le-voyage-aux-indes-nyon\/\",\"name\":\"Porcelaines chinoises pour des familles suisses - Schweizerische Gesellschaft f\u00fcr die Erforschung des 18. Jahrhunderts (SGEAJ - SSEDS)\",\"isPartOf\":{\"@id\":\"https:\/\/www.sgeaj.ch\/fr\/#website\"},\"primaryImageOfPage\":{\"@id\":\"https:\/\/www.sgeaj.ch\/fr\/actualite\/exposition-le-voyage-aux-indes-nyon\/#primaryimage\"},\"image\":{\"@id\":\"https:\/\/www.sgeaj.ch\/fr\/actualite\/exposition-le-voyage-aux-indes-nyon\/#primaryimage\"},\"thumbnailUrl\":\"https:\/\/www.sgeaj.ch\/wp-content\/uploads\/2016\/08\/2016-expo-Nyon-Indes.jpg\",\"datePublished\":\"2016-08-09T11:47:31+00:00\",\"dateModified\":\"2021-04-03T15:45:55+00:00\",\"inLanguage\":\"fr-FR\",\"potentialAction\":[{\"@type\":\"ReadAction\",\"target\":[\"https:\/\/www.sgeaj.ch\/fr\/actualite\/exposition-le-voyage-aux-indes-nyon\/\"]}]},{\"@type\":\"ImageObject\",\"inLanguage\":\"fr-FR\",\"@id\":\"https:\/\/www.sgeaj.ch\/fr\/actualite\/exposition-le-voyage-aux-indes-nyon\/#primaryimage\",\"url\":\"https:\/\/www.sgeaj.ch\/wp-content\/uploads\/2016\/08\/2016-expo-Nyon-Indes.jpg\",\"contentUrl\":\"https:\/\/www.sgeaj.ch\/wp-content\/uploads\/2016\/08\/2016-expo-Nyon-Indes.jpg\",\"width\":295,\"height\":420},{\"@type\":\"WebSite\",\"@id\":\"https:\/\/www.sgeaj.ch\/fr\/#website\",\"url\":\"https:\/\/www.sgeaj.ch\/fr\/\",\"name\":\"Schweizerische Gesellschaft f\u00fcr die Erforschung des 18. Jahrhunderts (SGEAJ - SSEDS)\",\"description\":\"Schweizerische Gesellschaft f\u00fcr die Erforschung des 18. Jahrhunderts\",\"publisher\":{\"@id\":\"https:\/\/www.sgeaj.ch\/fr\/#organization\"},\"potentialAction\":[{\"@type\":\"SearchAction\",\"target\":{\"@type\":\"EntryPoint\",\"urlTemplate\":\"https:\/\/www.sgeaj.ch\/fr\/?s={search_term_string}\"},\"query-input\":{\"@type\":\"PropertyValueSpecification\",\"valueRequired\":true,\"valueName\":\"search_term_string\"}}],\"inLanguage\":\"fr-FR\"},{\"@type\":\"Organization\",\"@id\":\"https:\/\/www.sgeaj.ch\/fr\/#organization\",\"name\":\"Schweizerische Gesellschaft f\u00fcr die Erforschung des 18. Jahrhunderts (SGEAJ - SSEDS)\",\"url\":\"https:\/\/www.sgeaj.ch\/fr\/\",\"logo\":{\"@type\":\"ImageObject\",\"inLanguage\":\"fr-FR\",\"@id\":\"https:\/\/www.sgeaj.ch\/fr\/#\/schema\/logo\/image\/\",\"url\":\"https:\/\/www.sgeaj.ch\/wp-content\/uploads\/2021\/06\/cropped-logo-xviiies-horiz-abreuviations-bleues.png\",\"contentUrl\":\"https:\/\/www.sgeaj.ch\/wp-content\/uploads\/2021\/06\/cropped-logo-xviiies-horiz-abreuviations-bleues.png\",\"width\":659,\"height\":335,\"caption\":\"Schweizerische Gesellschaft f\u00fcr die Erforschung des 18. Jahrhunderts (SGEAJ - SSEDS)\"},\"image\":{\"@id\":\"https:\/\/www.sgeaj.ch\/fr\/#\/schema\/logo\/image\/\"}},{\"@type\":\"Person\",\"@id\":\"https:\/\/www.sgeaj.ch\/fr\/#\/schema\/person\/6bd2b59ee4319b4a54912921450cebf6\",\"name\":\"SGEAJ\",\"url\":\"https:\/\/www.sgeaj.ch\/fr\/author\/sgeaj\/\"}]}<\/script>\n<!-- \/ Yoast SEO plugin. -->","yoast_head_json":{"title":"Porcelaines chinoises pour des familles suisses - Schweizerische Gesellschaft f\u00fcr die Erforschung des 18. Jahrhunderts (SGEAJ - SSEDS)","robots":{"index":"index","follow":"follow","max-snippet":"max-snippet:-1","max-image-preview":"max-image-preview:large","max-video-preview":"max-video-preview:-1"},"canonical":"https:\/\/www.sgeaj.ch\/fr\/actualite\/exposition-le-voyage-aux-indes-nyon\/","twitter_misc":{"\u00c9crit par":"SGEAJ","Dur\u00e9e de lecture estim\u00e9e":"1 minute"},"schema":{"@context":"https:\/\/schema.org","@graph":[{"@type":"Article","@id":"https:\/\/www.sgeaj.ch\/fr\/actualite\/exposition-le-voyage-aux-indes-nyon\/#article","isPartOf":{"@id":"https:\/\/www.sgeaj.ch\/fr\/actualite\/exposition-le-voyage-aux-indes-nyon\/"},"author":{"name":"SGEAJ","@id":"https:\/\/www.sgeaj.ch\/fr\/#\/schema\/person\/6bd2b59ee4319b4a54912921450cebf6"},"headline":"Porcelaines chinoises pour des familles suisses","datePublished":"2016-08-09T11:47:31+00:00","dateModified":"2021-04-03T15:45:55+00:00","mainEntityOfPage":{"@id":"https:\/\/www.sgeaj.ch\/fr\/actualite\/exposition-le-voyage-aux-indes-nyon\/"},"wordCount":110,"publisher":{"@id":"https:\/\/www.sgeaj.ch\/fr\/#organization"},"image":{"@id":"https:\/\/www.sgeaj.ch\/fr\/actualite\/exposition-le-voyage-aux-indes-nyon\/#primaryimage"},"thumbnailUrl":"https:\/\/www.sgeaj.ch\/wp-content\/uploads\/2016\/08\/2016-expo-Nyon-Indes.jpg","articleSection":["Actualit\u00e9","Expositions"],"inLanguage":"fr-FR"},{"@type":"WebPage","@id":"https:\/\/www.sgeaj.ch\/fr\/actualite\/exposition-le-voyage-aux-indes-nyon\/","url":"https:\/\/www.sgeaj.ch\/fr\/actualite\/exposition-le-voyage-aux-indes-nyon\/","name":"Porcelaines chinoises pour des familles suisses - Schweizerische Gesellschaft f\u00fcr die Erforschung des 18. Jahrhunderts (SGEAJ - SSEDS)","isPartOf":{"@id":"https:\/\/www.sgeaj.ch\/fr\/#website"},"primaryImageOfPage":{"@id":"https:\/\/www.sgeaj.ch\/fr\/actualite\/exposition-le-voyage-aux-indes-nyon\/#primaryimage"},"image":{"@id":"https:\/\/www.sgeaj.ch\/fr\/actualite\/exposition-le-voyage-aux-indes-nyon\/#primaryimage"},"thumbnailUrl":"https:\/\/www.sgeaj.ch\/wp-content\/uploads\/2016\/08\/2016-expo-Nyon-Indes.jpg","datePublished":"2016-08-09T11:47:31+00:00","dateModified":"2021-04-03T15:45:55+00:00","inLanguage":"fr-FR","potentialAction":[{"@type":"ReadAction","target":["https:\/\/www.sgeaj.ch\/fr\/actualite\/exposition-le-voyage-aux-indes-nyon\/"]}]},{"@type":"ImageObject","inLanguage":"fr-FR","@id":"https:\/\/www.sgeaj.ch\/fr\/actualite\/exposition-le-voyage-aux-indes-nyon\/#primaryimage","url":"https:\/\/www.sgeaj.ch\/wp-content\/uploads\/2016\/08\/2016-expo-Nyon-Indes.jpg","contentUrl":"https:\/\/www.sgeaj.ch\/wp-content\/uploads\/2016\/08\/2016-expo-Nyon-Indes.jpg","width":295,"height":420},{"@type":"WebSite","@id":"https:\/\/www.sgeaj.ch\/fr\/#website","url":"https:\/\/www.sgeaj.ch\/fr\/","name":"Schweizerische Gesellschaft f\u00fcr die Erforschung des 18. Jahrhunderts (SGEAJ - SSEDS)","description":"Schweizerische Gesellschaft f\u00fcr die Erforschung des 18. Jahrhunderts","publisher":{"@id":"https:\/\/www.sgeaj.ch\/fr\/#organization"},"potentialAction":[{"@type":"SearchAction","target":{"@type":"EntryPoint","urlTemplate":"https:\/\/www.sgeaj.ch\/fr\/?s={search_term_string}"},"query-input":{"@type":"PropertyValueSpecification","valueRequired":true,"valueName":"search_term_string"}}],"inLanguage":"fr-FR"},{"@type":"Organization","@id":"https:\/\/www.sgeaj.ch\/fr\/#organization","name":"Schweizerische Gesellschaft f\u00fcr die Erforschung des 18. Jahrhunderts (SGEAJ - SSEDS)","url":"https:\/\/www.sgeaj.ch\/fr\/","logo":{"@type":"ImageObject","inLanguage":"fr-FR","@id":"https:\/\/www.sgeaj.ch\/fr\/#\/schema\/logo\/image\/","url":"https:\/\/www.sgeaj.ch\/wp-content\/uploads\/2021\/06\/cropped-logo-xviiies-horiz-abreuviations-bleues.png","contentUrl":"https:\/\/www.sgeaj.ch\/wp-content\/uploads\/2021\/06\/cropped-logo-xviiies-horiz-abreuviations-bleues.png","width":659,"height":335,"caption":"Schweizerische Gesellschaft f\u00fcr die Erforschung des 18. Jahrhunderts (SGEAJ - SSEDS)"},"image":{"@id":"https:\/\/www.sgeaj.ch\/fr\/#\/schema\/logo\/image\/"}},{"@type":"Person","@id":"https:\/\/www.sgeaj.ch\/fr\/#\/schema\/person\/6bd2b59ee4319b4a54912921450cebf6","name":"SGEAJ","url":"https:\/\/www.sgeaj.ch\/fr\/author\/sgeaj\/"}]}},"_links":{"self":[{"href":"https:\/\/www.sgeaj.ch\/fr\/wp-json\/wp\/v2\/posts\/2012","targetHints":{"allow":["GET"]}}],"collection":[{"href":"https:\/\/www.sgeaj.ch\/fr\/wp-json\/wp\/v2\/posts"}],"about":[{"href":"https:\/\/www.sgeaj.ch\/fr\/wp-json\/wp\/v2\/types\/post"}],"author":[{"embeddable":true,"href":"https:\/\/www.sgeaj.ch\/fr\/wp-json\/wp\/v2\/users\/2"}],"replies":[{"embeddable":true,"href":"https:\/\/www.sgeaj.ch\/fr\/wp-json\/wp\/v2\/comments?post=2012"}],"version-history":[{"count":5,"href":"https:\/\/www.sgeaj.ch\/fr\/wp-json\/wp\/v2\/posts\/2012\/revisions"}],"predecessor-version":[{"id":6058,"href":"https:\/\/www.sgeaj.ch\/fr\/wp-json\/wp\/v2\/posts\/2012\/revisions\/6058"}],"wp:featuredmedia":[{"embeddable":true,"href":"https:\/\/www.sgeaj.ch\/fr\/wp-json\/wp\/v2\/media\/3570"}],"wp:attachment":[{"href":"https:\/\/www.sgeaj.ch\/fr\/wp-json\/wp\/v2\/media?parent=2012"}],"wp:term":[{"taxonomy":"category","embeddable":true,"href":"https:\/\/www.sgeaj.ch\/fr\/wp-json\/wp\/v2\/categories?post=2012"},{"taxonomy":"post_tag","embeddable":true,"href":"https:\/\/www.sgeaj.ch\/fr\/wp-json\/wp\/v2\/tags?post=2012"}],"curies":[{"name":"wp","href":"https:\/\/api.w.org\/{rel}","templated":true}]}}