{"id":2078,"date":"2016-10-17T14:30:18","date_gmt":"2016-10-17T12:30:18","guid":{"rendered":"https:\/\/www.sgeaj.ch\/fr\/tagung-aufklaerung-als-prozess-luzern-2016\/"},"modified":"2021-04-11T16:21:16","modified_gmt":"2021-04-11T14:21:16","slug":"tagung-aufklaerung-als-prozess-luzern-2016","status":"publish","type":"post","link":"https:\/\/www.sgeaj.ch\/fr\/actualite\/colloques\/tagung-aufklaerung-als-prozess-luzern-2016\/","title":{"rendered":"Aufkl\u00e4rung als Prozess"},"content":{"rendered":"<h2>\u00a0Konzerttagung<\/h2>\n<h2><strong>Aufkl\u00e4rung als Prozess<\/strong><\/h2>\n<h2><strong>17.-18. November 2016<\/strong><\/h2>\n<p>Neubad, Bireggstrasse 36, Luzern<\/p>\n<p><strong>Konzeption: Prof. Dr. Boris Previ\u0161ic (Universit\u00e4t Luzern)<br \/>\n<\/strong><\/p>\n<p><strong>Prof. em. Dr. Armin Wildermuth (HSG) von der Stiftung Lucerna in Kooperation mit der Universit\u00e4t Luzern<\/strong><\/p>\n<p>\u201aGrundwerte\u2018 der Aufkl\u00e4rung werden heute hochgehalten und unisono verteidigt, wenn sie angegriffen werden: so auch im Januar 2015 bei den Anschl\u00e4gen auf Charlie Hebdo, als es um die Meinungsfreiheit ging. Zweierlei Problembereiche pr\u00e4gen die Grundsatzdebatte heute und sind neu zu \u00fcberdenken: Erstens wird die Aufkl\u00e4rung historisch wie philosophisch oft noch als Einheit missverstanden. Dadurch wird sie auf festgeschriebene Errungenschaften reduziert, n\u00e4mlich auf Grunds\u00e4tze der Amerikanischen und Franz\u00f6sischen Revolution \u2013 als Kulminationspunkt der Epoche \u2013 und auf eine reine Rationalisierung des Menschen- und Wissenschaftsbilds, das \u2013 aus dem Blickwinkel Horkheimer\/Adornos \u2013 in sein Gegenteil kippt. Zweitens wird die Aufkl\u00e4rung durch die doppelte Reduktion zur Anschauungs- und Meinungsfrage degradiert. Die auf der Aufkl\u00e4rung basierenden Grundwerte werden im pluralistischen Konzert wieder \u2013 erstarkender Religions- und Individualisierungskonzepte kulturalistisch relativiert und zur\u00fcckgestutzt auf eine Weltsicht unter vielen, welche entweder in komplement\u00e4rer Konkurrenz zueinander stehen oder sogar zum \u201aClash of Civilizations\u2018 beitragen. Damit wird zwar der Virulenz der Aufkl\u00e4rung heute weiterhin Beachtung geschenkt, doch ihrem vielstimmigen universalistischen und gerade nicht vereinheitlichenden Anspruch in keinerlei Weise Rechnung getragen.<\/p>\n<p><strong>Aufkl\u00e4rung als Prozess<br \/>\n<\/strong>Die renommierte Stiftung Lucerna wurde 1924 gegr\u00fcndet und hat zum Ziel, den interdisziplin\u00e4ren Dialog auch mit den K\u00fcnsten zu relevanten aktuellen Fragen der heutigen Zeit zu bef\u00f6rdern. Die Tagung \u00abAufkl\u00e4rung als Prozess\u00bb sucht innerhalb der inzwischen breit aufgestellten Forschung zum 17. und 18. Jahrhundert nach Str\u00f6mungen, welche den Menschen als empfindendes, denkendes und handelndes Wesen in den Mittelpunkt stellen. Dabei sollen spezifische Themen und Verfahren in den Blick kommen, welche gemeinhin nicht zuerst unter Aufkl\u00e4rung abgebucht werden: die Rolle der Musik, die Haltung gegen\u00fcber dem Islam, der Einfluss der Pariser Salons, der Selbstreflexion der K\u00fcnste, der Radikalaufkl\u00e4rung oder der Volksaufkl\u00e4rung. Diese Zug\u00e4nge werden aber nicht einfach als historisches Wissen gesichtet, sondern auf unsere Gegenwart \u00fcbertragen, indem aktuelle Fragen nach der heutigen Rolle des Menschseins, der Religion und ihr Verh\u00e4ltnis zur Aufkl\u00e4rung, der K\u00fcnste, des Universal-anspruchs der Aufkl\u00e4rung oder des P\u00e4dagogischen mit den spezifischen Zug\u00e4ngen der Epoche der Aufkl\u00e4rung verkn\u00fcpft werden.<\/p>\n<p><strong>Formen<br \/>\n<\/strong>Um die dialogische Form m\u00f6glichst abwechslungsreich und fruchtbar zu gestalten, besteht die Tagung neben kurzen Vortr\u00e4gen aus thematischen Kurzinputs sowie k\u00fcnstlerisch-reflexiven Kommentaren in erster Linie aus der Musik und richtet sich an ein breites Publikum aus dem gesamten Bildungs- und Kunstbereich.<\/p>\n<h2>Programm<\/h2>\n<p><strong>Donnerstag, 17. November 2016 <\/strong><\/p>\n<p>14.15 Aufkl\u00e4rung als Prozess, einf\u00fchrende Worte und Musik<br \/>\nBoris Previ\u0161ic und Armin Wildermuth zusammen mit Conrad Steinmann,Blockfl\u00f6ten; Plamena Nikitassova, Violine; J\u00f6rg-Andreas B\u00f6tticher, Cembalo (Schola Cantorum Basiliensis)<\/p>\n<p>15.00 Nichts als reden. Zu Diderots Philosophie der Geselligkeit<br \/>\nChristine Abbt<\/p>\n<p>15.45 Die Erfindung der P\u00e4dagogik in der Aufkl\u00e4rung (Kurzinput)<br \/>\nRudolf Meyer<\/p>\n<p>16.45 Eine Temperierung des Menschen? (Kurzinput mit Musik)<br \/>\nLaure Spaltenstein und Silvan Moosm\u00fcller<\/p>\n<p>17.15 Perceptions of Islam in the (radical) Enlightenment<br \/>\nWiep van Bunge<\/p>\n<p>18.30 Radikale Aufkl\u00e4rung<br \/>\nPhilipp Blom<strong><br \/>\n<\/strong><\/p>\n<p><strong>Freitag, 18. November 2016<\/strong><\/p>\n<p><strong>\u00a0<\/strong>09.30 Musik. Die Melodie als Vision gelungener Subjektivit\u00e4t (Kurzinput)<br \/>\nThomas Steinfeld<\/p>\n<p>10.00 Junge Nationen \u2013 Keine Aufkl\u00e4rung. Und doch!<br \/>\nBettina Gockel<\/p>\n<p>11.15 Wer reitet denn da durch Nacht und Wind? Und vor allem: Wohin? \u2013 Goethes Balladen \u00abErlk\u00f6nig\u00bb [1782] und \u00abDer Fischer\u00bb [1779]<br \/>\nWolfgang Braungart<\/p>\n<p>12.00 Musik \/ Schlusswort<br \/>\nBoris Previ\u0161ic und Armin Wildermuth zusammen mit Conrad Steinmann, Plamena Nikitassova, Violine; J\u00f6rg-Andreas B\u00f6tticher, Cembalo<\/p>\n<p>13.15 Tagungsschluss<\/p>\n<p>\u2192 <a href=\"https:\/\/www.sgeaj.ch\/wp-content\/uploads\/2016\/10\/2016.11-Luzern-Programm-Aufklaerung-als-Prozess.pdf\" target=\"_blank\" rel=\"noopener noreferrer\">Programm der Tagung (pdf)<\/a><\/p>\n","protected":false},"excerpt":{"rendered":"<p>\u00a0Konzerttagung Aufkl\u00e4rung als Prozess 17.-18. November 2016 Neubad, Bireggstrasse 36, Luzern Konzeption: Prof. Dr. Boris Previ\u0161ic (Universit\u00e4t Luzern) Prof. em. Dr. Armin Wildermuth (HSG) von der Stiftung Lucerna in Kooperation mit der Universit\u00e4t Luzern \u201aGrundwerte\u2018 der Aufkl\u00e4rung werden heute hochgehalten und unisono verteidigt, wenn sie angegriffen werden: so auch im Januar 2015 bei den Anschl\u00e4gen [&hellip;]<\/p>\n","protected":false},"author":2,"featured_media":3580,"comment_status":"closed","ping_status":"open","sticky":false,"template":"","format":"standard","meta":{"footnotes":""},"categories":[42,27],"tags":[],"class_list":{"0":"post-2078","1":"post","2":"type-post","3":"status-publish","4":"format-standard","5":"has-post-thumbnail","7":"category-actualite","8":"category-colloques","9":"czr-hentry"},"yoast_head":"<!-- This site is optimized with the Yoast SEO plugin v26.9 - https:\/\/yoast.com\/product\/yoast-seo-wordpress\/ -->\n<title>Aufkl\u00e4rung als Prozess - Schweizerische Gesellschaft f\u00fcr die Erforschung des 18. Jahrhunderts (SGEAJ - SSEDS)<\/title>\n<meta name=\"robots\" content=\"index, follow, max-snippet:-1, max-image-preview:large, max-video-preview:-1\" \/>\n<link rel=\"canonical\" href=\"https:\/\/www.sgeaj.ch\/fr\/actualite\/colloques\/tagung-aufklaerung-als-prozess-luzern-2016\/\" \/>\n<meta name=\"twitter:label1\" content=\"\u00c9crit par\" \/>\n\t<meta name=\"twitter:data1\" content=\"SGEAJ\" \/>\n\t<meta name=\"twitter:label2\" content=\"Dur\u00e9e de lecture estim\u00e9e\" \/>\n\t<meta name=\"twitter:data2\" content=\"3 minutes\" \/>\n<script type=\"application\/ld+json\" class=\"yoast-schema-graph\">{\"@context\":\"https:\/\/schema.org\",\"@graph\":[{\"@type\":\"Article\",\"@id\":\"https:\/\/www.sgeaj.ch\/fr\/actualite\/colloques\/tagung-aufklaerung-als-prozess-luzern-2016\/#article\",\"isPartOf\":{\"@id\":\"https:\/\/www.sgeaj.ch\/fr\/actualite\/colloques\/tagung-aufklaerung-als-prozess-luzern-2016\/\"},\"author\":{\"name\":\"SGEAJ\",\"@id\":\"https:\/\/www.sgeaj.ch\/fr\/#\/schema\/person\/6bd2b59ee4319b4a54912921450cebf6\"},\"headline\":\"Aufkl\u00e4rung als Prozess\",\"datePublished\":\"2016-10-17T12:30:18+00:00\",\"dateModified\":\"2021-04-11T14:21:16+00:00\",\"mainEntityOfPage\":{\"@id\":\"https:\/\/www.sgeaj.ch\/fr\/actualite\/colloques\/tagung-aufklaerung-als-prozess-luzern-2016\/\"},\"wordCount\":587,\"publisher\":{\"@id\":\"https:\/\/www.sgeaj.ch\/fr\/#organization\"},\"image\":{\"@id\":\"https:\/\/www.sgeaj.ch\/fr\/actualite\/colloques\/tagung-aufklaerung-als-prozess-luzern-2016\/#primaryimage\"},\"thumbnailUrl\":\"https:\/\/www.sgeaj.ch\/wp-content\/uploads\/2016\/10\/2016.11.-Lucerne-affiche.jpg\",\"articleSection\":[\"Actualit\u00e9\",\"Colloques\"],\"inLanguage\":\"fr-FR\"},{\"@type\":\"WebPage\",\"@id\":\"https:\/\/www.sgeaj.ch\/fr\/actualite\/colloques\/tagung-aufklaerung-als-prozess-luzern-2016\/\",\"url\":\"https:\/\/www.sgeaj.ch\/fr\/actualite\/colloques\/tagung-aufklaerung-als-prozess-luzern-2016\/\",\"name\":\"Aufkl\u00e4rung als Prozess - Schweizerische Gesellschaft f\u00fcr die Erforschung des 18. Jahrhunderts (SGEAJ - SSEDS)\",\"isPartOf\":{\"@id\":\"https:\/\/www.sgeaj.ch\/fr\/#website\"},\"primaryImageOfPage\":{\"@id\":\"https:\/\/www.sgeaj.ch\/fr\/actualite\/colloques\/tagung-aufklaerung-als-prozess-luzern-2016\/#primaryimage\"},\"image\":{\"@id\":\"https:\/\/www.sgeaj.ch\/fr\/actualite\/colloques\/tagung-aufklaerung-als-prozess-luzern-2016\/#primaryimage\"},\"thumbnailUrl\":\"https:\/\/www.sgeaj.ch\/wp-content\/uploads\/2016\/10\/2016.11.-Lucerne-affiche.jpg\",\"datePublished\":\"2016-10-17T12:30:18+00:00\",\"dateModified\":\"2021-04-11T14:21:16+00:00\",\"inLanguage\":\"fr-FR\",\"potentialAction\":[{\"@type\":\"ReadAction\",\"target\":[\"https:\/\/www.sgeaj.ch\/fr\/actualite\/colloques\/tagung-aufklaerung-als-prozess-luzern-2016\/\"]}]},{\"@type\":\"ImageObject\",\"inLanguage\":\"fr-FR\",\"@id\":\"https:\/\/www.sgeaj.ch\/fr\/actualite\/colloques\/tagung-aufklaerung-als-prozess-luzern-2016\/#primaryimage\",\"url\":\"https:\/\/www.sgeaj.ch\/wp-content\/uploads\/2016\/10\/2016.11.-Lucerne-affiche.jpg\",\"contentUrl\":\"https:\/\/www.sgeaj.ch\/wp-content\/uploads\/2016\/10\/2016.11.-Lucerne-affiche.jpg\",\"width\":824,\"height\":1654},{\"@type\":\"WebSite\",\"@id\":\"https:\/\/www.sgeaj.ch\/fr\/#website\",\"url\":\"https:\/\/www.sgeaj.ch\/fr\/\",\"name\":\"Schweizerische Gesellschaft f\u00fcr die Erforschung des 18. Jahrhunderts (SGEAJ - SSEDS)\",\"description\":\"Schweizerische Gesellschaft f\u00fcr die Erforschung des 18. Jahrhunderts\",\"publisher\":{\"@id\":\"https:\/\/www.sgeaj.ch\/fr\/#organization\"},\"potentialAction\":[{\"@type\":\"SearchAction\",\"target\":{\"@type\":\"EntryPoint\",\"urlTemplate\":\"https:\/\/www.sgeaj.ch\/fr\/?s={search_term_string}\"},\"query-input\":{\"@type\":\"PropertyValueSpecification\",\"valueRequired\":true,\"valueName\":\"search_term_string\"}}],\"inLanguage\":\"fr-FR\"},{\"@type\":\"Organization\",\"@id\":\"https:\/\/www.sgeaj.ch\/fr\/#organization\",\"name\":\"Schweizerische Gesellschaft f\u00fcr die Erforschung des 18. Jahrhunderts (SGEAJ - SSEDS)\",\"url\":\"https:\/\/www.sgeaj.ch\/fr\/\",\"logo\":{\"@type\":\"ImageObject\",\"inLanguage\":\"fr-FR\",\"@id\":\"https:\/\/www.sgeaj.ch\/fr\/#\/schema\/logo\/image\/\",\"url\":\"https:\/\/www.sgeaj.ch\/wp-content\/uploads\/2021\/06\/cropped-logo-xviiies-horiz-abreuviations-bleues.png\",\"contentUrl\":\"https:\/\/www.sgeaj.ch\/wp-content\/uploads\/2021\/06\/cropped-logo-xviiies-horiz-abreuviations-bleues.png\",\"width\":659,\"height\":335,\"caption\":\"Schweizerische Gesellschaft f\u00fcr die Erforschung des 18. Jahrhunderts (SGEAJ - SSEDS)\"},\"image\":{\"@id\":\"https:\/\/www.sgeaj.ch\/fr\/#\/schema\/logo\/image\/\"}},{\"@type\":\"Person\",\"@id\":\"https:\/\/www.sgeaj.ch\/fr\/#\/schema\/person\/6bd2b59ee4319b4a54912921450cebf6\",\"name\":\"SGEAJ\",\"url\":\"https:\/\/www.sgeaj.ch\/fr\/author\/sgeaj\/\"}]}<\/script>\n<!-- \/ Yoast SEO plugin. -->","yoast_head_json":{"title":"Aufkl\u00e4rung als Prozess - Schweizerische Gesellschaft f\u00fcr die Erforschung des 18. Jahrhunderts (SGEAJ - SSEDS)","robots":{"index":"index","follow":"follow","max-snippet":"max-snippet:-1","max-image-preview":"max-image-preview:large","max-video-preview":"max-video-preview:-1"},"canonical":"https:\/\/www.sgeaj.ch\/fr\/actualite\/colloques\/tagung-aufklaerung-als-prozess-luzern-2016\/","twitter_misc":{"\u00c9crit par":"SGEAJ","Dur\u00e9e de lecture estim\u00e9e":"3 minutes"},"schema":{"@context":"https:\/\/schema.org","@graph":[{"@type":"Article","@id":"https:\/\/www.sgeaj.ch\/fr\/actualite\/colloques\/tagung-aufklaerung-als-prozess-luzern-2016\/#article","isPartOf":{"@id":"https:\/\/www.sgeaj.ch\/fr\/actualite\/colloques\/tagung-aufklaerung-als-prozess-luzern-2016\/"},"author":{"name":"SGEAJ","@id":"https:\/\/www.sgeaj.ch\/fr\/#\/schema\/person\/6bd2b59ee4319b4a54912921450cebf6"},"headline":"Aufkl\u00e4rung als Prozess","datePublished":"2016-10-17T12:30:18+00:00","dateModified":"2021-04-11T14:21:16+00:00","mainEntityOfPage":{"@id":"https:\/\/www.sgeaj.ch\/fr\/actualite\/colloques\/tagung-aufklaerung-als-prozess-luzern-2016\/"},"wordCount":587,"publisher":{"@id":"https:\/\/www.sgeaj.ch\/fr\/#organization"},"image":{"@id":"https:\/\/www.sgeaj.ch\/fr\/actualite\/colloques\/tagung-aufklaerung-als-prozess-luzern-2016\/#primaryimage"},"thumbnailUrl":"https:\/\/www.sgeaj.ch\/wp-content\/uploads\/2016\/10\/2016.11.-Lucerne-affiche.jpg","articleSection":["Actualit\u00e9","Colloques"],"inLanguage":"fr-FR"},{"@type":"WebPage","@id":"https:\/\/www.sgeaj.ch\/fr\/actualite\/colloques\/tagung-aufklaerung-als-prozess-luzern-2016\/","url":"https:\/\/www.sgeaj.ch\/fr\/actualite\/colloques\/tagung-aufklaerung-als-prozess-luzern-2016\/","name":"Aufkl\u00e4rung als Prozess - Schweizerische Gesellschaft f\u00fcr die Erforschung des 18. Jahrhunderts (SGEAJ - SSEDS)","isPartOf":{"@id":"https:\/\/www.sgeaj.ch\/fr\/#website"},"primaryImageOfPage":{"@id":"https:\/\/www.sgeaj.ch\/fr\/actualite\/colloques\/tagung-aufklaerung-als-prozess-luzern-2016\/#primaryimage"},"image":{"@id":"https:\/\/www.sgeaj.ch\/fr\/actualite\/colloques\/tagung-aufklaerung-als-prozess-luzern-2016\/#primaryimage"},"thumbnailUrl":"https:\/\/www.sgeaj.ch\/wp-content\/uploads\/2016\/10\/2016.11.-Lucerne-affiche.jpg","datePublished":"2016-10-17T12:30:18+00:00","dateModified":"2021-04-11T14:21:16+00:00","inLanguage":"fr-FR","potentialAction":[{"@type":"ReadAction","target":["https:\/\/www.sgeaj.ch\/fr\/actualite\/colloques\/tagung-aufklaerung-als-prozess-luzern-2016\/"]}]},{"@type":"ImageObject","inLanguage":"fr-FR","@id":"https:\/\/www.sgeaj.ch\/fr\/actualite\/colloques\/tagung-aufklaerung-als-prozess-luzern-2016\/#primaryimage","url":"https:\/\/www.sgeaj.ch\/wp-content\/uploads\/2016\/10\/2016.11.-Lucerne-affiche.jpg","contentUrl":"https:\/\/www.sgeaj.ch\/wp-content\/uploads\/2016\/10\/2016.11.-Lucerne-affiche.jpg","width":824,"height":1654},{"@type":"WebSite","@id":"https:\/\/www.sgeaj.ch\/fr\/#website","url":"https:\/\/www.sgeaj.ch\/fr\/","name":"Schweizerische Gesellschaft f\u00fcr die Erforschung des 18. Jahrhunderts (SGEAJ - SSEDS)","description":"Schweizerische Gesellschaft f\u00fcr die Erforschung des 18. Jahrhunderts","publisher":{"@id":"https:\/\/www.sgeaj.ch\/fr\/#organization"},"potentialAction":[{"@type":"SearchAction","target":{"@type":"EntryPoint","urlTemplate":"https:\/\/www.sgeaj.ch\/fr\/?s={search_term_string}"},"query-input":{"@type":"PropertyValueSpecification","valueRequired":true,"valueName":"search_term_string"}}],"inLanguage":"fr-FR"},{"@type":"Organization","@id":"https:\/\/www.sgeaj.ch\/fr\/#organization","name":"Schweizerische Gesellschaft f\u00fcr die Erforschung des 18. Jahrhunderts (SGEAJ - SSEDS)","url":"https:\/\/www.sgeaj.ch\/fr\/","logo":{"@type":"ImageObject","inLanguage":"fr-FR","@id":"https:\/\/www.sgeaj.ch\/fr\/#\/schema\/logo\/image\/","url":"https:\/\/www.sgeaj.ch\/wp-content\/uploads\/2021\/06\/cropped-logo-xviiies-horiz-abreuviations-bleues.png","contentUrl":"https:\/\/www.sgeaj.ch\/wp-content\/uploads\/2021\/06\/cropped-logo-xviiies-horiz-abreuviations-bleues.png","width":659,"height":335,"caption":"Schweizerische Gesellschaft f\u00fcr die Erforschung des 18. Jahrhunderts (SGEAJ - SSEDS)"},"image":{"@id":"https:\/\/www.sgeaj.ch\/fr\/#\/schema\/logo\/image\/"}},{"@type":"Person","@id":"https:\/\/www.sgeaj.ch\/fr\/#\/schema\/person\/6bd2b59ee4319b4a54912921450cebf6","name":"SGEAJ","url":"https:\/\/www.sgeaj.ch\/fr\/author\/sgeaj\/"}]}},"_links":{"self":[{"href":"https:\/\/www.sgeaj.ch\/fr\/wp-json\/wp\/v2\/posts\/2078","targetHints":{"allow":["GET"]}}],"collection":[{"href":"https:\/\/www.sgeaj.ch\/fr\/wp-json\/wp\/v2\/posts"}],"about":[{"href":"https:\/\/www.sgeaj.ch\/fr\/wp-json\/wp\/v2\/types\/post"}],"author":[{"embeddable":true,"href":"https:\/\/www.sgeaj.ch\/fr\/wp-json\/wp\/v2\/users\/2"}],"replies":[{"embeddable":true,"href":"https:\/\/www.sgeaj.ch\/fr\/wp-json\/wp\/v2\/comments?post=2078"}],"version-history":[{"count":4,"href":"https:\/\/www.sgeaj.ch\/fr\/wp-json\/wp\/v2\/posts\/2078\/revisions"}],"predecessor-version":[{"id":6233,"href":"https:\/\/www.sgeaj.ch\/fr\/wp-json\/wp\/v2\/posts\/2078\/revisions\/6233"}],"wp:featuredmedia":[{"embeddable":true,"href":"https:\/\/www.sgeaj.ch\/fr\/wp-json\/wp\/v2\/media\/3580"}],"wp:attachment":[{"href":"https:\/\/www.sgeaj.ch\/fr\/wp-json\/wp\/v2\/media?parent=2078"}],"wp:term":[{"taxonomy":"category","embeddable":true,"href":"https:\/\/www.sgeaj.ch\/fr\/wp-json\/wp\/v2\/categories?post=2078"},{"taxonomy":"post_tag","embeddable":true,"href":"https:\/\/www.sgeaj.ch\/fr\/wp-json\/wp\/v2\/tags?post=2078"}],"curies":[{"name":"wp","href":"https:\/\/api.w.org\/{rel}","templated":true}]}}