{"id":2088,"date":"2016-10-10T14:57:39","date_gmt":"2016-10-10T12:57:39","guid":{"rendered":"https:\/\/www.sgeaj.ch\/fr\/hermes-philosophe-theories-et-pratiques-de-linterpretation-au-temps-des-lumieres\/"},"modified":"2021-04-11T16:22:58","modified_gmt":"2021-04-11T14:22:58","slug":"hermes-philosophe-theories-et-pratiques-de-linterpretation-au-temps-des-lumieres","status":"publish","type":"post","link":"https:\/\/www.sgeaj.ch\/fr\/actualite\/colloques\/hermes-philosophe-theories-et-pratiques-de-linterpretation-au-temps-des-lumieres\/","title":{"rendered":"Herm\u00e8s philosophe"},"content":{"rendered":"<div class=\"page\" title=\"Page 1\">\n<div class=\"layoutArea\">\n<div class=\"column\">\n<h2>Colloque \u00ab\u00a0Th\u00e9ories et pratiques de l\u2019interpr\u00e9tation au temps des Lumi\u00e8res\u00a0\u00bb<\/h2>\n<\/div>\n<\/div>\n<\/div>\n<div class=\"page\" title=\"Page 2\">\n<div class=\"layoutArea\">\n<div class=\"column\">\n<p>Universit\u00e9 de Gen\u00e8ve, 13-15 octobre 2016<\/p>\n<p>Dans l\u2019histoire de l\u2019herm\u00e9neutique moderne on voudrait que les Lumi\u00e8res fussent un temps faible: c\u2019est qu\u2019elles affaiblirent les prestiges de l\u2019autorit\u00e9 des textes. Cette critique est partag\u00e9e par les partisans de l\u2019herm\u00e9neutique ph\u00e9nom\u00e9nologique d\u2019inspiration heidegg\u00e9rienne (on pense surtout \u00e0 Gadamer); on la trouve aussi chez Foucault. Elle court chez Ricoeur et chez le renouveau contemporain de l\u2019herm\u00e9neutique.<\/p>\n<p>Or, exclure l\u2019herm\u00e9neutique des Lumi\u00e8res, c\u2019est commettre une double m\u00e9prise: d\u2019une part, c\u2019est ne pas comprendre comment s\u2019articulent si bien herm\u00e9neutique et critique qu\u2019on pourrait compl\u00e9ter la formule de Kant \u2013 \u00abnotre si\u00e8cle est vraiment le si\u00e8cle de la critique\u00bb par: \u00abnotre si\u00e8cle fut vraiment le si\u00e8cle de l\u2019herm\u00e9neutique\u00bb (pr\u00e9face de la Critique de la raison pure, 1781); d\u2019autre part, c\u2019est ne pas comprendre le rapport des Lumi\u00e8res et des romantismes et s\u2019interdire de comprendre ce que les unes et les autres entendirent par herm\u00e9neutique. C\u2019est surtout se tromper sur la raison des Lumi\u00e8res et l\u2019horizon de la compr\u00e9hension qu\u2019elles d\u00e9ploy\u00e8rent \u2013 \u00e0 la fois critique et participative, la raison des Lumi\u00e8res est compr\u00e9hensive. Son inqui\u00e9tude se fait jour partout: les puissances de l\u2019irrationnel. Faut- il se rendre aveugles, aujourd\u2019hui, \u00e0 une raison inqui\u00e8te de son autre?<\/p>\n<p>Encore faut-il chercher l\u2019herm\u00e9neutique l\u00e0 o\u00f9 elle s\u2019est d\u00e9velopp\u00e9e et non pas l\u00e0 o\u00f9 l\u2019on sait qu\u2019on ne la trouvera pas. Et si l\u2019herm\u00e9neutique moderne naissait moins de la canonisation de la litt\u00e9rature dont l\u2019autorit\u00e9 remplacerait celle des Textes sacr\u00e9s, que d\u2019un nouvel horizon de la compr\u00e9hension moins li\u00e9 \u00e0 l\u2019autorit\u00e9, mais \u00e0 sa critique et au jeu des significations qu\u2019elle permet d\u2019ouvrir? Nous essaierons de comprendre comment les philosophes furent herm\u00e9neutes et comment Herm\u00e8s devint philosophe. Nous nous interrogerons frontalement sur l\u2019herm\u00e9neutique des Lumi\u00e8res.<\/p>\n<p>\u2192 <a href=\"https:\/\/www.sgeaj.ch\/wp-content\/uploads\/2016\/10\/2016.10-colloque-GE-Hermes-philosophique.pdf\" target=\"_blank\" rel=\"noopener noreferrer\">Programme du colloque<\/a><\/p>\n<\/div>\n<\/div>\n<\/div>\n","protected":false},"excerpt":{"rendered":"<p>Colloque \u00ab\u00a0Th\u00e9ories et pratiques de l\u2019interpr\u00e9tation au temps des Lumi\u00e8res\u00a0\u00bb Universit\u00e9 de Gen\u00e8ve, 13-15 octobre 2016 Dans l\u2019histoire de l\u2019herm\u00e9neutique moderne on voudrait que les Lumi\u00e8res fussent un temps faible: c\u2019est qu\u2019elles affaiblirent les prestiges de l\u2019autorit\u00e9 des textes. Cette critique est partag\u00e9e par les partisans de l\u2019herm\u00e9neutique ph\u00e9nom\u00e9nologique d\u2019inspiration heidegg\u00e9rienne (on pense surtout \u00e0 [&hellip;]<\/p>\n","protected":false},"author":2,"featured_media":6236,"comment_status":"closed","ping_status":"open","sticky":false,"template":"","format":"standard","meta":{"footnotes":""},"categories":[42,27],"tags":[],"class_list":{"0":"post-2088","1":"post","2":"type-post","3":"status-publish","4":"format-standard","5":"has-post-thumbnail","7":"category-actualite","8":"category-colloques","9":"czr-hentry"},"yoast_head":"<!-- This site is optimized with the Yoast SEO plugin v26.9 - https:\/\/yoast.com\/product\/yoast-seo-wordpress\/ -->\n<title>Herm\u00e8s philosophe - Schweizerische Gesellschaft f\u00fcr die Erforschung des 18. Jahrhunderts (SGEAJ - SSEDS)<\/title>\n<meta name=\"robots\" content=\"index, follow, max-snippet:-1, max-image-preview:large, max-video-preview:-1\" \/>\n<link rel=\"canonical\" href=\"https:\/\/www.sgeaj.ch\/fr\/actualite\/colloques\/hermes-philosophe-theories-et-pratiques-de-linterpretation-au-temps-des-lumieres\/\" \/>\n<meta name=\"twitter:label1\" content=\"\u00c9crit par\" \/>\n\t<meta name=\"twitter:data1\" content=\"SGEAJ\" \/>\n\t<meta name=\"twitter:label2\" content=\"Dur\u00e9e de lecture estim\u00e9e\" \/>\n\t<meta name=\"twitter:data2\" content=\"2 minutes\" \/>\n<script type=\"application\/ld+json\" class=\"yoast-schema-graph\">{\"@context\":\"https:\/\/schema.org\",\"@graph\":[{\"@type\":\"Article\",\"@id\":\"https:\/\/www.sgeaj.ch\/fr\/actualite\/colloques\/hermes-philosophe-theories-et-pratiques-de-linterpretation-au-temps-des-lumieres\/#article\",\"isPartOf\":{\"@id\":\"https:\/\/www.sgeaj.ch\/fr\/actualite\/colloques\/hermes-philosophe-theories-et-pratiques-de-linterpretation-au-temps-des-lumieres\/\"},\"author\":{\"name\":\"SGEAJ\",\"@id\":\"https:\/\/www.sgeaj.ch\/fr\/#\/schema\/person\/6bd2b59ee4319b4a54912921450cebf6\"},\"headline\":\"Herm\u00e8s philosophe\",\"datePublished\":\"2016-10-10T12:57:39+00:00\",\"dateModified\":\"2021-04-11T14:22:58+00:00\",\"mainEntityOfPage\":{\"@id\":\"https:\/\/www.sgeaj.ch\/fr\/actualite\/colloques\/hermes-philosophe-theories-et-pratiques-de-linterpretation-au-temps-des-lumieres\/\"},\"wordCount\":371,\"publisher\":{\"@id\":\"https:\/\/www.sgeaj.ch\/fr\/#organization\"},\"image\":{\"@id\":\"https:\/\/www.sgeaj.ch\/fr\/actualite\/colloques\/hermes-philosophe-theories-et-pratiques-de-linterpretation-au-temps-des-lumieres\/#primaryimage\"},\"thumbnailUrl\":\"https:\/\/www.sgeaj.ch\/wp-content\/uploads\/2016\/10\/johann-timotheus-hermes.jpg\",\"articleSection\":[\"Actualit\u00e9\",\"Colloques\"],\"inLanguage\":\"fr-FR\"},{\"@type\":\"WebPage\",\"@id\":\"https:\/\/www.sgeaj.ch\/fr\/actualite\/colloques\/hermes-philosophe-theories-et-pratiques-de-linterpretation-au-temps-des-lumieres\/\",\"url\":\"https:\/\/www.sgeaj.ch\/fr\/actualite\/colloques\/hermes-philosophe-theories-et-pratiques-de-linterpretation-au-temps-des-lumieres\/\",\"name\":\"Herm\u00e8s philosophe - Schweizerische Gesellschaft f\u00fcr die Erforschung des 18. Jahrhunderts (SGEAJ - SSEDS)\",\"isPartOf\":{\"@id\":\"https:\/\/www.sgeaj.ch\/fr\/#website\"},\"primaryImageOfPage\":{\"@id\":\"https:\/\/www.sgeaj.ch\/fr\/actualite\/colloques\/hermes-philosophe-theories-et-pratiques-de-linterpretation-au-temps-des-lumieres\/#primaryimage\"},\"image\":{\"@id\":\"https:\/\/www.sgeaj.ch\/fr\/actualite\/colloques\/hermes-philosophe-theories-et-pratiques-de-linterpretation-au-temps-des-lumieres\/#primaryimage\"},\"thumbnailUrl\":\"https:\/\/www.sgeaj.ch\/wp-content\/uploads\/2016\/10\/johann-timotheus-hermes.jpg\",\"datePublished\":\"2016-10-10T12:57:39+00:00\",\"dateModified\":\"2021-04-11T14:22:58+00:00\",\"inLanguage\":\"fr-FR\",\"potentialAction\":[{\"@type\":\"ReadAction\",\"target\":[\"https:\/\/www.sgeaj.ch\/fr\/actualite\/colloques\/hermes-philosophe-theories-et-pratiques-de-linterpretation-au-temps-des-lumieres\/\"]}]},{\"@type\":\"ImageObject\",\"inLanguage\":\"fr-FR\",\"@id\":\"https:\/\/www.sgeaj.ch\/fr\/actualite\/colloques\/hermes-philosophe-theories-et-pratiques-de-linterpretation-au-temps-des-lumieres\/#primaryimage\",\"url\":\"https:\/\/www.sgeaj.ch\/wp-content\/uploads\/2016\/10\/johann-timotheus-hermes.jpg\",\"contentUrl\":\"https:\/\/www.sgeaj.ch\/wp-content\/uploads\/2016\/10\/johann-timotheus-hermes.jpg\",\"width\":1600,\"height\":1950},{\"@type\":\"WebSite\",\"@id\":\"https:\/\/www.sgeaj.ch\/fr\/#website\",\"url\":\"https:\/\/www.sgeaj.ch\/fr\/\",\"name\":\"Schweizerische Gesellschaft f\u00fcr die Erforschung des 18. Jahrhunderts (SGEAJ - SSEDS)\",\"description\":\"Schweizerische Gesellschaft f\u00fcr die Erforschung des 18. Jahrhunderts\",\"publisher\":{\"@id\":\"https:\/\/www.sgeaj.ch\/fr\/#organization\"},\"potentialAction\":[{\"@type\":\"SearchAction\",\"target\":{\"@type\":\"EntryPoint\",\"urlTemplate\":\"https:\/\/www.sgeaj.ch\/fr\/?s={search_term_string}\"},\"query-input\":{\"@type\":\"PropertyValueSpecification\",\"valueRequired\":true,\"valueName\":\"search_term_string\"}}],\"inLanguage\":\"fr-FR\"},{\"@type\":\"Organization\",\"@id\":\"https:\/\/www.sgeaj.ch\/fr\/#organization\",\"name\":\"Schweizerische Gesellschaft f\u00fcr die Erforschung des 18. Jahrhunderts (SGEAJ - SSEDS)\",\"url\":\"https:\/\/www.sgeaj.ch\/fr\/\",\"logo\":{\"@type\":\"ImageObject\",\"inLanguage\":\"fr-FR\",\"@id\":\"https:\/\/www.sgeaj.ch\/fr\/#\/schema\/logo\/image\/\",\"url\":\"https:\/\/www.sgeaj.ch\/wp-content\/uploads\/2021\/06\/cropped-logo-xviiies-horiz-abreuviations-bleues.png\",\"contentUrl\":\"https:\/\/www.sgeaj.ch\/wp-content\/uploads\/2021\/06\/cropped-logo-xviiies-horiz-abreuviations-bleues.png\",\"width\":659,\"height\":335,\"caption\":\"Schweizerische Gesellschaft f\u00fcr die Erforschung des 18. Jahrhunderts (SGEAJ - SSEDS)\"},\"image\":{\"@id\":\"https:\/\/www.sgeaj.ch\/fr\/#\/schema\/logo\/image\/\"}},{\"@type\":\"Person\",\"@id\":\"https:\/\/www.sgeaj.ch\/fr\/#\/schema\/person\/6bd2b59ee4319b4a54912921450cebf6\",\"name\":\"SGEAJ\",\"url\":\"https:\/\/www.sgeaj.ch\/fr\/author\/sgeaj\/\"}]}<\/script>\n<!-- \/ Yoast SEO plugin. -->","yoast_head_json":{"title":"Herm\u00e8s philosophe - Schweizerische Gesellschaft f\u00fcr die Erforschung des 18. Jahrhunderts (SGEAJ - SSEDS)","robots":{"index":"index","follow":"follow","max-snippet":"max-snippet:-1","max-image-preview":"max-image-preview:large","max-video-preview":"max-video-preview:-1"},"canonical":"https:\/\/www.sgeaj.ch\/fr\/actualite\/colloques\/hermes-philosophe-theories-et-pratiques-de-linterpretation-au-temps-des-lumieres\/","twitter_misc":{"\u00c9crit par":"SGEAJ","Dur\u00e9e de lecture estim\u00e9e":"2 minutes"},"schema":{"@context":"https:\/\/schema.org","@graph":[{"@type":"Article","@id":"https:\/\/www.sgeaj.ch\/fr\/actualite\/colloques\/hermes-philosophe-theories-et-pratiques-de-linterpretation-au-temps-des-lumieres\/#article","isPartOf":{"@id":"https:\/\/www.sgeaj.ch\/fr\/actualite\/colloques\/hermes-philosophe-theories-et-pratiques-de-linterpretation-au-temps-des-lumieres\/"},"author":{"name":"SGEAJ","@id":"https:\/\/www.sgeaj.ch\/fr\/#\/schema\/person\/6bd2b59ee4319b4a54912921450cebf6"},"headline":"Herm\u00e8s philosophe","datePublished":"2016-10-10T12:57:39+00:00","dateModified":"2021-04-11T14:22:58+00:00","mainEntityOfPage":{"@id":"https:\/\/www.sgeaj.ch\/fr\/actualite\/colloques\/hermes-philosophe-theories-et-pratiques-de-linterpretation-au-temps-des-lumieres\/"},"wordCount":371,"publisher":{"@id":"https:\/\/www.sgeaj.ch\/fr\/#organization"},"image":{"@id":"https:\/\/www.sgeaj.ch\/fr\/actualite\/colloques\/hermes-philosophe-theories-et-pratiques-de-linterpretation-au-temps-des-lumieres\/#primaryimage"},"thumbnailUrl":"https:\/\/www.sgeaj.ch\/wp-content\/uploads\/2016\/10\/johann-timotheus-hermes.jpg","articleSection":["Actualit\u00e9","Colloques"],"inLanguage":"fr-FR"},{"@type":"WebPage","@id":"https:\/\/www.sgeaj.ch\/fr\/actualite\/colloques\/hermes-philosophe-theories-et-pratiques-de-linterpretation-au-temps-des-lumieres\/","url":"https:\/\/www.sgeaj.ch\/fr\/actualite\/colloques\/hermes-philosophe-theories-et-pratiques-de-linterpretation-au-temps-des-lumieres\/","name":"Herm\u00e8s philosophe - Schweizerische Gesellschaft f\u00fcr die Erforschung des 18. Jahrhunderts (SGEAJ - SSEDS)","isPartOf":{"@id":"https:\/\/www.sgeaj.ch\/fr\/#website"},"primaryImageOfPage":{"@id":"https:\/\/www.sgeaj.ch\/fr\/actualite\/colloques\/hermes-philosophe-theories-et-pratiques-de-linterpretation-au-temps-des-lumieres\/#primaryimage"},"image":{"@id":"https:\/\/www.sgeaj.ch\/fr\/actualite\/colloques\/hermes-philosophe-theories-et-pratiques-de-linterpretation-au-temps-des-lumieres\/#primaryimage"},"thumbnailUrl":"https:\/\/www.sgeaj.ch\/wp-content\/uploads\/2016\/10\/johann-timotheus-hermes.jpg","datePublished":"2016-10-10T12:57:39+00:00","dateModified":"2021-04-11T14:22:58+00:00","inLanguage":"fr-FR","potentialAction":[{"@type":"ReadAction","target":["https:\/\/www.sgeaj.ch\/fr\/actualite\/colloques\/hermes-philosophe-theories-et-pratiques-de-linterpretation-au-temps-des-lumieres\/"]}]},{"@type":"ImageObject","inLanguage":"fr-FR","@id":"https:\/\/www.sgeaj.ch\/fr\/actualite\/colloques\/hermes-philosophe-theories-et-pratiques-de-linterpretation-au-temps-des-lumieres\/#primaryimage","url":"https:\/\/www.sgeaj.ch\/wp-content\/uploads\/2016\/10\/johann-timotheus-hermes.jpg","contentUrl":"https:\/\/www.sgeaj.ch\/wp-content\/uploads\/2016\/10\/johann-timotheus-hermes.jpg","width":1600,"height":1950},{"@type":"WebSite","@id":"https:\/\/www.sgeaj.ch\/fr\/#website","url":"https:\/\/www.sgeaj.ch\/fr\/","name":"Schweizerische Gesellschaft f\u00fcr die Erforschung des 18. Jahrhunderts (SGEAJ - SSEDS)","description":"Schweizerische Gesellschaft f\u00fcr die Erforschung des 18. Jahrhunderts","publisher":{"@id":"https:\/\/www.sgeaj.ch\/fr\/#organization"},"potentialAction":[{"@type":"SearchAction","target":{"@type":"EntryPoint","urlTemplate":"https:\/\/www.sgeaj.ch\/fr\/?s={search_term_string}"},"query-input":{"@type":"PropertyValueSpecification","valueRequired":true,"valueName":"search_term_string"}}],"inLanguage":"fr-FR"},{"@type":"Organization","@id":"https:\/\/www.sgeaj.ch\/fr\/#organization","name":"Schweizerische Gesellschaft f\u00fcr die Erforschung des 18. Jahrhunderts (SGEAJ - SSEDS)","url":"https:\/\/www.sgeaj.ch\/fr\/","logo":{"@type":"ImageObject","inLanguage":"fr-FR","@id":"https:\/\/www.sgeaj.ch\/fr\/#\/schema\/logo\/image\/","url":"https:\/\/www.sgeaj.ch\/wp-content\/uploads\/2021\/06\/cropped-logo-xviiies-horiz-abreuviations-bleues.png","contentUrl":"https:\/\/www.sgeaj.ch\/wp-content\/uploads\/2021\/06\/cropped-logo-xviiies-horiz-abreuviations-bleues.png","width":659,"height":335,"caption":"Schweizerische Gesellschaft f\u00fcr die Erforschung des 18. Jahrhunderts (SGEAJ - SSEDS)"},"image":{"@id":"https:\/\/www.sgeaj.ch\/fr\/#\/schema\/logo\/image\/"}},{"@type":"Person","@id":"https:\/\/www.sgeaj.ch\/fr\/#\/schema\/person\/6bd2b59ee4319b4a54912921450cebf6","name":"SGEAJ","url":"https:\/\/www.sgeaj.ch\/fr\/author\/sgeaj\/"}]}},"_links":{"self":[{"href":"https:\/\/www.sgeaj.ch\/fr\/wp-json\/wp\/v2\/posts\/2088","targetHints":{"allow":["GET"]}}],"collection":[{"href":"https:\/\/www.sgeaj.ch\/fr\/wp-json\/wp\/v2\/posts"}],"about":[{"href":"https:\/\/www.sgeaj.ch\/fr\/wp-json\/wp\/v2\/types\/post"}],"author":[{"embeddable":true,"href":"https:\/\/www.sgeaj.ch\/fr\/wp-json\/wp\/v2\/users\/2"}],"replies":[{"embeddable":true,"href":"https:\/\/www.sgeaj.ch\/fr\/wp-json\/wp\/v2\/comments?post=2088"}],"version-history":[{"count":9,"href":"https:\/\/www.sgeaj.ch\/fr\/wp-json\/wp\/v2\/posts\/2088\/revisions"}],"predecessor-version":[{"id":6238,"href":"https:\/\/www.sgeaj.ch\/fr\/wp-json\/wp\/v2\/posts\/2088\/revisions\/6238"}],"wp:featuredmedia":[{"embeddable":true,"href":"https:\/\/www.sgeaj.ch\/fr\/wp-json\/wp\/v2\/media\/6236"}],"wp:attachment":[{"href":"https:\/\/www.sgeaj.ch\/fr\/wp-json\/wp\/v2\/media?parent=2088"}],"wp:term":[{"taxonomy":"category","embeddable":true,"href":"https:\/\/www.sgeaj.ch\/fr\/wp-json\/wp\/v2\/categories?post=2088"},{"taxonomy":"post_tag","embeddable":true,"href":"https:\/\/www.sgeaj.ch\/fr\/wp-json\/wp\/v2\/tags?post=2088"}],"curies":[{"name":"wp","href":"https:\/\/api.w.org\/{rel}","templated":true}]}}