{"id":2102,"date":"2016-10-17T15:16:37","date_gmt":"2016-10-17T13:16:37","guid":{"rendered":"https:\/\/www.sgeaj.ch\/fr\/?p=2102"},"modified":"2021-04-11T16:33:06","modified_gmt":"2021-04-11T14:33:06","slug":"colloque-transferts-circulations-et-reseaux-savants-franco-allemands-16-17-novembre-2016","status":"publish","type":"post","link":"https:\/\/www.sgeaj.ch\/fr\/actualite\/colloques\/colloque-transferts-circulations-et-reseaux-savants-franco-allemands-16-17-novembre-2016\/","title":{"rendered":"Transferts, circulations et r\u00e9seaux savants franco-allemands"},"content":{"rendered":"<p><strong><em>Transferts, circulations et r\u00e9seaux savants franco-allemands au XVIII<sup>e<\/sup> si\u00e8cle<\/em><\/strong><\/p>\n<p><strong>16.11.2016<\/strong><br \/>\nAccueil \/ Begr\u00fcssung\u00a0:\u00a0<em>Bernadette Charlier<\/em>\u00a0(Fribourg, Doyenne \/ Dekanin)<\/p>\n<p>Introduction \/ Einf\u00fchrung\u00a0:\u00a0<em>Claire Gantet<\/em>\u00a0(Fribourg)<\/p>\n<p><strong>Espaces, \u00e9chelles, constructions \/ R\u00e4ume, Massst\u00e4be, Konstruktionen\u00a0<\/strong>(14h00 \u2013 18h, salle J\u00e4ggi)<\/p>\n<p><em>Simona Boscani<\/em>\u00a0(Bern)\u00a0: Le transfert des savoirs naturalistes entre espaces germanophone et francophone\u00a0: th\u00e8mes, acteurs, r\u00e9seaux<\/p>\n<p><em>Anne Saada<\/em>\u00a0(Paris)\u00a0: La construction de G\u00f6ttingen comme carrefour de l\u2019Europe\u00a0: choix, enjeux et mise en \u0153uvre<\/p>\n<p><em>\u00c9lisabeth D\u00e9cultot<\/em>\u00a0(Halle)\u00a0: \u00c4sthetik \u2013 Zur franz\u00f6sischen Rezeption eines deutschen Begriffs, 1750-1810<\/p>\n<p><em>B\u00e9la Kapossy (Lausanne)\u00a0<\/em>: commentaire<\/p>\n<p><strong>17.11.2016<\/strong><\/p>\n<p><strong>Intertextualit\u00e9s, langues, circulations \/ Intertextualit\u00e4ten, Sprachen, Zirkulationen\u00a0<\/strong>(8h \u2013 12h, salle Rossier)<\/p>\n<p><em>Helmut Zedelmaier<\/em>\u00a0(Halle)\u00a0: Gelehrter Flei\u00df versus selbst\u00e4ndiges Denken. Anmerkungen zu einem deutsch-franz\u00f6sischen Klischee in der Fr\u00fchen Neuzeit<\/p>\n<p><em>Flemming Schock<\/em>\u00a0(Leipzig)\u00a0: Journale aus Journalen. Die Rezeption franz\u00f6sischer Zeitschriften in deutschen Periodika des 18. Jahrhunderts<\/p>\n<p><em>Avi Lifschitz<\/em>\u00a0(London\/Halle)\u00a0: The Berlin Academy as a Centre of Franco-German Intellectual Transfer, 1746-1786<\/p>\n<p><em>Ulrich Johannes Schneider<\/em>\u00a0(Leipzig)\u00a0: Stadt, Land, Fluss. \u00dcber die Entlokalisierung des Wissens in Enzyklop\u00e4dien<\/p>\n<p><em>Thomas Lau<\/em>\u00a0(Fribourg)\u00a0: Kommentar<\/p>\n<p><strong>Radicalit\u00e9s, clandestinit\u00e9s \/ Radikalit\u00e4t, Untergrund\u00a0<\/strong>(14h \u2013 18h, salle Rossier)<\/p>\n<p><em>C\u00e9cile Lambert<\/em>\u00a0(Paris)\u00a0: De la presse savante au roman de la\u00a0<em>Sp\u00e4taufkl\u00e4rung<\/em>\u00a0: les r\u00e9ceptions contrast\u00e9es de La Mettrie en Allemagne<\/p>\n<p><em>Markus Meumann<\/em>\u00a0(Gotha\/Erfurt)\u00a0: Der Illuminatenorden und Frankreich<\/p>\n<p><em>Martin Mulsow<\/em>\u00a0(Gotha\/Erfurt)\u00a0: Paalzow und Abauzit: Clandestiner Transfer und Kritik am Biblischen Kanon<\/p>\n<p><em>Caspar Hirschi\u00a0<\/em>(St. Gallen)\u00a0: Kommentar<\/p>\n<p><strong>18.11.2016<\/strong><\/p>\n<p><strong>Institutions, politiques, organisations du savoir \/Institutionen, Politik, Organisation des Wissens\u00a0<\/strong>(8h \u2013 12h, salle Rossier)<\/p>\n<p><em>K<\/em><em>irill Abrosimov<\/em>\u00a0(Augsburg)\u00a0: Die Kulturpolitik des Kurf\u00fcrsten Max Emanuel von Bayern und das \u201eModell Colbert\u201c. Transfer des staatsbezogenen Praxiswissens im Europa des fr\u00fchen 18. Jahrhunderts<\/p>\n<p><em>Florence Catherine<\/em>\u00a0(Strasbourg)\u00a0: Diffuser les savoirs pour embrasser l\u2019ordre de la nature\u00a0: les m\u00e9canismes d\u2019\u00e9changes informatifs entre Albrecht von Haller et les lettr\u00e9s fran\u00e7ais<\/p>\n<p><em>Vincent Robadey<\/em>\u00a0(Fribourg)\u00a0: Soci\u00e9t\u00e9 \u00e9conomique de Berne et\u00a0<em>Encyclop\u00e9die Economique (1770-1771),\u00a0<\/em>de la compilation au transfert de savoirs agronomiques\u00a0?<\/p>\n<p><em>Martin Stuber<\/em>\u00a0(Bern)\u00a0: Kommentar<\/p>\n<p><strong>Discussion finale \/ Abschlussdiskussion<\/strong><\/p>\n<p><strong><em>Lieux\u00a0:<br \/>\n<\/em><\/strong><span style=\"color: #ff0000;\"><em>16.11.2016\u00a0: Salle J\u00e4ggi (Mis 4112, universit\u00e9 de Fribourg, Mis\u00e9ricorde)<br \/>\n<\/em><\/span><span style=\"color: #ff0000;\"><em>17.-18.11.2016\u00a0: Salle Rossier, H\u00f4pital des bourgeois, rue de l\u2019H\u00f4pital 2, CH-1700 Fribourg<\/em><\/span><\/p>\n<p><strong><em>Contact<\/em><\/strong>\u00a0: P.a. Claire Gantet, Mis 4129,\u00a0<a href=\"mailto:claire.gantet@unifr.ch\">claire.gantet@unifr.ch<\/a>, Tel. +46 26 300 7925<\/p>\n<p>\u2192\u00a0<a href=\"https:\/\/www.sgeaj.ch\/wp-content\/uploads\/2016\/10\/2016.11.16-18-Programme-colloque-transferts-2.pdf\">Programm der Tagung<\/a><\/p>\n","protected":false},"excerpt":{"rendered":"<p>Transferts, circulations et r\u00e9seaux savants franco-allemands au XVIIIe si\u00e8cle 16.11.2016 Accueil \/ Begr\u00fcssung\u00a0:\u00a0Bernadette Charlier\u00a0(Fribourg, Doyenne \/ Dekanin) Introduction \/ Einf\u00fchrung\u00a0:\u00a0Claire Gantet\u00a0(Fribourg) Espaces, \u00e9chelles, constructions \/ R\u00e4ume, Massst\u00e4be, Konstruktionen\u00a0(14h00 \u2013 18h, salle J\u00e4ggi) Simona Boscani\u00a0(Bern)\u00a0: Le transfert des savoirs naturalistes entre espaces germanophone et francophone\u00a0: th\u00e8mes, acteurs, r\u00e9seaux Anne Saada\u00a0(Paris)\u00a0: La construction de G\u00f6ttingen comme carrefour [&hellip;]<\/p>\n","protected":false},"author":2,"featured_media":3583,"comment_status":"closed","ping_status":"open","sticky":false,"template":"","format":"standard","meta":{"footnotes":""},"categories":[42,27],"tags":[],"class_list":{"0":"post-2102","1":"post","2":"type-post","3":"status-publish","4":"format-standard","5":"has-post-thumbnail","7":"category-actualite","8":"category-colloques","9":"czr-hentry"},"yoast_head":"<!-- This site is optimized with the Yoast SEO plugin v26.9 - https:\/\/yoast.com\/product\/yoast-seo-wordpress\/ -->\n<title>Transferts, circulations et r\u00e9seaux savants franco-allemands - Schweizerische Gesellschaft f\u00fcr die Erforschung des 18. Jahrhunderts (SGEAJ - SSEDS)<\/title>\n<meta name=\"robots\" content=\"index, follow, max-snippet:-1, max-image-preview:large, max-video-preview:-1\" \/>\n<link rel=\"canonical\" href=\"https:\/\/www.sgeaj.ch\/fr\/actualite\/colloques\/colloque-transferts-circulations-et-reseaux-savants-franco-allemands-16-17-novembre-2016\/\" \/>\n<meta name=\"twitter:label1\" content=\"\u00c9crit par\" \/>\n\t<meta name=\"twitter:data1\" content=\"SGEAJ\" \/>\n\t<meta name=\"twitter:label2\" content=\"Dur\u00e9e de lecture estim\u00e9e\" \/>\n\t<meta name=\"twitter:data2\" content=\"2 minutes\" \/>\n<script type=\"application\/ld+json\" class=\"yoast-schema-graph\">{\"@context\":\"https:\/\/schema.org\",\"@graph\":[{\"@type\":\"Article\",\"@id\":\"https:\/\/www.sgeaj.ch\/fr\/actualite\/colloques\/colloque-transferts-circulations-et-reseaux-savants-franco-allemands-16-17-novembre-2016\/#article\",\"isPartOf\":{\"@id\":\"https:\/\/www.sgeaj.ch\/fr\/actualite\/colloques\/colloque-transferts-circulations-et-reseaux-savants-franco-allemands-16-17-novembre-2016\/\"},\"author\":{\"name\":\"SGEAJ\",\"@id\":\"https:\/\/www.sgeaj.ch\/fr\/#\/schema\/person\/6bd2b59ee4319b4a54912921450cebf6\"},\"headline\":\"Transferts, circulations et r\u00e9seaux savants franco-allemands\",\"datePublished\":\"2016-10-17T13:16:37+00:00\",\"dateModified\":\"2021-04-11T14:33:06+00:00\",\"mainEntityOfPage\":{\"@id\":\"https:\/\/www.sgeaj.ch\/fr\/actualite\/colloques\/colloque-transferts-circulations-et-reseaux-savants-franco-allemands-16-17-novembre-2016\/\"},\"wordCount\":381,\"publisher\":{\"@id\":\"https:\/\/www.sgeaj.ch\/fr\/#organization\"},\"image\":{\"@id\":\"https:\/\/www.sgeaj.ch\/fr\/actualite\/colloques\/colloque-transferts-circulations-et-reseaux-savants-franco-allemands-16-17-novembre-2016\/#primaryimage\"},\"thumbnailUrl\":\"https:\/\/www.sgeaj.ch\/wp-content\/uploads\/2016\/10\/2016.11.16-18-Image.jpeg\",\"articleSection\":[\"Actualit\u00e9\",\"Colloques\"],\"inLanguage\":\"fr-FR\"},{\"@type\":\"WebPage\",\"@id\":\"https:\/\/www.sgeaj.ch\/fr\/actualite\/colloques\/colloque-transferts-circulations-et-reseaux-savants-franco-allemands-16-17-novembre-2016\/\",\"url\":\"https:\/\/www.sgeaj.ch\/fr\/actualite\/colloques\/colloque-transferts-circulations-et-reseaux-savants-franco-allemands-16-17-novembre-2016\/\",\"name\":\"Transferts, circulations et r\u00e9seaux savants franco-allemands - Schweizerische Gesellschaft f\u00fcr die Erforschung des 18. Jahrhunderts (SGEAJ - SSEDS)\",\"isPartOf\":{\"@id\":\"https:\/\/www.sgeaj.ch\/fr\/#website\"},\"primaryImageOfPage\":{\"@id\":\"https:\/\/www.sgeaj.ch\/fr\/actualite\/colloques\/colloque-transferts-circulations-et-reseaux-savants-franco-allemands-16-17-novembre-2016\/#primaryimage\"},\"image\":{\"@id\":\"https:\/\/www.sgeaj.ch\/fr\/actualite\/colloques\/colloque-transferts-circulations-et-reseaux-savants-franco-allemands-16-17-novembre-2016\/#primaryimage\"},\"thumbnailUrl\":\"https:\/\/www.sgeaj.ch\/wp-content\/uploads\/2016\/10\/2016.11.16-18-Image.jpeg\",\"datePublished\":\"2016-10-17T13:16:37+00:00\",\"dateModified\":\"2021-04-11T14:33:06+00:00\",\"inLanguage\":\"fr-FR\",\"potentialAction\":[{\"@type\":\"ReadAction\",\"target\":[\"https:\/\/www.sgeaj.ch\/fr\/actualite\/colloques\/colloque-transferts-circulations-et-reseaux-savants-franco-allemands-16-17-novembre-2016\/\"]}]},{\"@type\":\"ImageObject\",\"inLanguage\":\"fr-FR\",\"@id\":\"https:\/\/www.sgeaj.ch\/fr\/actualite\/colloques\/colloque-transferts-circulations-et-reseaux-savants-franco-allemands-16-17-novembre-2016\/#primaryimage\",\"url\":\"https:\/\/www.sgeaj.ch\/wp-content\/uploads\/2016\/10\/2016.11.16-18-Image.jpeg\",\"contentUrl\":\"https:\/\/www.sgeaj.ch\/wp-content\/uploads\/2016\/10\/2016.11.16-18-Image.jpeg\",\"width\":491,\"height\":650},{\"@type\":\"WebSite\",\"@id\":\"https:\/\/www.sgeaj.ch\/fr\/#website\",\"url\":\"https:\/\/www.sgeaj.ch\/fr\/\",\"name\":\"Schweizerische Gesellschaft f\u00fcr die Erforschung des 18. Jahrhunderts (SGEAJ - SSEDS)\",\"description\":\"Schweizerische Gesellschaft f\u00fcr die Erforschung des 18. Jahrhunderts\",\"publisher\":{\"@id\":\"https:\/\/www.sgeaj.ch\/fr\/#organization\"},\"potentialAction\":[{\"@type\":\"SearchAction\",\"target\":{\"@type\":\"EntryPoint\",\"urlTemplate\":\"https:\/\/www.sgeaj.ch\/fr\/?s={search_term_string}\"},\"query-input\":{\"@type\":\"PropertyValueSpecification\",\"valueRequired\":true,\"valueName\":\"search_term_string\"}}],\"inLanguage\":\"fr-FR\"},{\"@type\":\"Organization\",\"@id\":\"https:\/\/www.sgeaj.ch\/fr\/#organization\",\"name\":\"Schweizerische Gesellschaft f\u00fcr die Erforschung des 18. Jahrhunderts (SGEAJ - SSEDS)\",\"url\":\"https:\/\/www.sgeaj.ch\/fr\/\",\"logo\":{\"@type\":\"ImageObject\",\"inLanguage\":\"fr-FR\",\"@id\":\"https:\/\/www.sgeaj.ch\/fr\/#\/schema\/logo\/image\/\",\"url\":\"https:\/\/www.sgeaj.ch\/wp-content\/uploads\/2021\/06\/cropped-logo-xviiies-horiz-abreuviations-bleues.png\",\"contentUrl\":\"https:\/\/www.sgeaj.ch\/wp-content\/uploads\/2021\/06\/cropped-logo-xviiies-horiz-abreuviations-bleues.png\",\"width\":659,\"height\":335,\"caption\":\"Schweizerische Gesellschaft f\u00fcr die Erforschung des 18. Jahrhunderts (SGEAJ - SSEDS)\"},\"image\":{\"@id\":\"https:\/\/www.sgeaj.ch\/fr\/#\/schema\/logo\/image\/\"}},{\"@type\":\"Person\",\"@id\":\"https:\/\/www.sgeaj.ch\/fr\/#\/schema\/person\/6bd2b59ee4319b4a54912921450cebf6\",\"name\":\"SGEAJ\",\"url\":\"https:\/\/www.sgeaj.ch\/fr\/author\/sgeaj\/\"}]}<\/script>\n<!-- \/ Yoast SEO plugin. -->","yoast_head_json":{"title":"Transferts, circulations et r\u00e9seaux savants franco-allemands - Schweizerische Gesellschaft f\u00fcr die Erforschung des 18. Jahrhunderts (SGEAJ - SSEDS)","robots":{"index":"index","follow":"follow","max-snippet":"max-snippet:-1","max-image-preview":"max-image-preview:large","max-video-preview":"max-video-preview:-1"},"canonical":"https:\/\/www.sgeaj.ch\/fr\/actualite\/colloques\/colloque-transferts-circulations-et-reseaux-savants-franco-allemands-16-17-novembre-2016\/","twitter_misc":{"\u00c9crit par":"SGEAJ","Dur\u00e9e de lecture estim\u00e9e":"2 minutes"},"schema":{"@context":"https:\/\/schema.org","@graph":[{"@type":"Article","@id":"https:\/\/www.sgeaj.ch\/fr\/actualite\/colloques\/colloque-transferts-circulations-et-reseaux-savants-franco-allemands-16-17-novembre-2016\/#article","isPartOf":{"@id":"https:\/\/www.sgeaj.ch\/fr\/actualite\/colloques\/colloque-transferts-circulations-et-reseaux-savants-franco-allemands-16-17-novembre-2016\/"},"author":{"name":"SGEAJ","@id":"https:\/\/www.sgeaj.ch\/fr\/#\/schema\/person\/6bd2b59ee4319b4a54912921450cebf6"},"headline":"Transferts, circulations et r\u00e9seaux savants franco-allemands","datePublished":"2016-10-17T13:16:37+00:00","dateModified":"2021-04-11T14:33:06+00:00","mainEntityOfPage":{"@id":"https:\/\/www.sgeaj.ch\/fr\/actualite\/colloques\/colloque-transferts-circulations-et-reseaux-savants-franco-allemands-16-17-novembre-2016\/"},"wordCount":381,"publisher":{"@id":"https:\/\/www.sgeaj.ch\/fr\/#organization"},"image":{"@id":"https:\/\/www.sgeaj.ch\/fr\/actualite\/colloques\/colloque-transferts-circulations-et-reseaux-savants-franco-allemands-16-17-novembre-2016\/#primaryimage"},"thumbnailUrl":"https:\/\/www.sgeaj.ch\/wp-content\/uploads\/2016\/10\/2016.11.16-18-Image.jpeg","articleSection":["Actualit\u00e9","Colloques"],"inLanguage":"fr-FR"},{"@type":"WebPage","@id":"https:\/\/www.sgeaj.ch\/fr\/actualite\/colloques\/colloque-transferts-circulations-et-reseaux-savants-franco-allemands-16-17-novembre-2016\/","url":"https:\/\/www.sgeaj.ch\/fr\/actualite\/colloques\/colloque-transferts-circulations-et-reseaux-savants-franco-allemands-16-17-novembre-2016\/","name":"Transferts, circulations et r\u00e9seaux savants franco-allemands - Schweizerische Gesellschaft f\u00fcr die Erforschung des 18. Jahrhunderts (SGEAJ - SSEDS)","isPartOf":{"@id":"https:\/\/www.sgeaj.ch\/fr\/#website"},"primaryImageOfPage":{"@id":"https:\/\/www.sgeaj.ch\/fr\/actualite\/colloques\/colloque-transferts-circulations-et-reseaux-savants-franco-allemands-16-17-novembre-2016\/#primaryimage"},"image":{"@id":"https:\/\/www.sgeaj.ch\/fr\/actualite\/colloques\/colloque-transferts-circulations-et-reseaux-savants-franco-allemands-16-17-novembre-2016\/#primaryimage"},"thumbnailUrl":"https:\/\/www.sgeaj.ch\/wp-content\/uploads\/2016\/10\/2016.11.16-18-Image.jpeg","datePublished":"2016-10-17T13:16:37+00:00","dateModified":"2021-04-11T14:33:06+00:00","inLanguage":"fr-FR","potentialAction":[{"@type":"ReadAction","target":["https:\/\/www.sgeaj.ch\/fr\/actualite\/colloques\/colloque-transferts-circulations-et-reseaux-savants-franco-allemands-16-17-novembre-2016\/"]}]},{"@type":"ImageObject","inLanguage":"fr-FR","@id":"https:\/\/www.sgeaj.ch\/fr\/actualite\/colloques\/colloque-transferts-circulations-et-reseaux-savants-franco-allemands-16-17-novembre-2016\/#primaryimage","url":"https:\/\/www.sgeaj.ch\/wp-content\/uploads\/2016\/10\/2016.11.16-18-Image.jpeg","contentUrl":"https:\/\/www.sgeaj.ch\/wp-content\/uploads\/2016\/10\/2016.11.16-18-Image.jpeg","width":491,"height":650},{"@type":"WebSite","@id":"https:\/\/www.sgeaj.ch\/fr\/#website","url":"https:\/\/www.sgeaj.ch\/fr\/","name":"Schweizerische Gesellschaft f\u00fcr die Erforschung des 18. Jahrhunderts (SGEAJ - SSEDS)","description":"Schweizerische Gesellschaft f\u00fcr die Erforschung des 18. Jahrhunderts","publisher":{"@id":"https:\/\/www.sgeaj.ch\/fr\/#organization"},"potentialAction":[{"@type":"SearchAction","target":{"@type":"EntryPoint","urlTemplate":"https:\/\/www.sgeaj.ch\/fr\/?s={search_term_string}"},"query-input":{"@type":"PropertyValueSpecification","valueRequired":true,"valueName":"search_term_string"}}],"inLanguage":"fr-FR"},{"@type":"Organization","@id":"https:\/\/www.sgeaj.ch\/fr\/#organization","name":"Schweizerische Gesellschaft f\u00fcr die Erforschung des 18. Jahrhunderts (SGEAJ - SSEDS)","url":"https:\/\/www.sgeaj.ch\/fr\/","logo":{"@type":"ImageObject","inLanguage":"fr-FR","@id":"https:\/\/www.sgeaj.ch\/fr\/#\/schema\/logo\/image\/","url":"https:\/\/www.sgeaj.ch\/wp-content\/uploads\/2021\/06\/cropped-logo-xviiies-horiz-abreuviations-bleues.png","contentUrl":"https:\/\/www.sgeaj.ch\/wp-content\/uploads\/2021\/06\/cropped-logo-xviiies-horiz-abreuviations-bleues.png","width":659,"height":335,"caption":"Schweizerische Gesellschaft f\u00fcr die Erforschung des 18. Jahrhunderts (SGEAJ - SSEDS)"},"image":{"@id":"https:\/\/www.sgeaj.ch\/fr\/#\/schema\/logo\/image\/"}},{"@type":"Person","@id":"https:\/\/www.sgeaj.ch\/fr\/#\/schema\/person\/6bd2b59ee4319b4a54912921450cebf6","name":"SGEAJ","url":"https:\/\/www.sgeaj.ch\/fr\/author\/sgeaj\/"}]}},"_links":{"self":[{"href":"https:\/\/www.sgeaj.ch\/fr\/wp-json\/wp\/v2\/posts\/2102","targetHints":{"allow":["GET"]}}],"collection":[{"href":"https:\/\/www.sgeaj.ch\/fr\/wp-json\/wp\/v2\/posts"}],"about":[{"href":"https:\/\/www.sgeaj.ch\/fr\/wp-json\/wp\/v2\/types\/post"}],"author":[{"embeddable":true,"href":"https:\/\/www.sgeaj.ch\/fr\/wp-json\/wp\/v2\/users\/2"}],"replies":[{"embeddable":true,"href":"https:\/\/www.sgeaj.ch\/fr\/wp-json\/wp\/v2\/comments?post=2102"}],"version-history":[{"count":5,"href":"https:\/\/www.sgeaj.ch\/fr\/wp-json\/wp\/v2\/posts\/2102\/revisions"}],"predecessor-version":[{"id":6255,"href":"https:\/\/www.sgeaj.ch\/fr\/wp-json\/wp\/v2\/posts\/2102\/revisions\/6255"}],"wp:featuredmedia":[{"embeddable":true,"href":"https:\/\/www.sgeaj.ch\/fr\/wp-json\/wp\/v2\/media\/3583"}],"wp:attachment":[{"href":"https:\/\/www.sgeaj.ch\/fr\/wp-json\/wp\/v2\/media?parent=2102"}],"wp:term":[{"taxonomy":"category","embeddable":true,"href":"https:\/\/www.sgeaj.ch\/fr\/wp-json\/wp\/v2\/categories?post=2102"},{"taxonomy":"post_tag","embeddable":true,"href":"https:\/\/www.sgeaj.ch\/fr\/wp-json\/wp\/v2\/tags?post=2102"}],"curies":[{"name":"wp","href":"https:\/\/api.w.org\/{rel}","templated":true}]}}