{"id":2127,"date":"2016-10-26T10:43:16","date_gmt":"2016-10-26T08:43:16","guid":{"rendered":"https:\/\/www.sgeaj.ch\/fr\/colloque-decor-et-architecture-xviie-xviiie-siecle-lausanne-24-25-novembre-2016\/"},"modified":"2021-04-11T16:19:53","modified_gmt":"2021-04-11T14:19:53","slug":"colloque-decor-et-architecture-xviie-xviiie-siecle-lausanne-24-25-novembre-2016","status":"publish","type":"post","link":"https:\/\/www.sgeaj.ch\/fr\/actualite\/colloques\/colloque-decor-et-architecture-xviie-xviiie-siecle-lausanne-24-25-novembre-2016\/","title":{"rendered":"D\u00e9cor et architecture"},"content":{"rendered":"<h2>D\u00e9cor et architecture (XVIIe-XVIIIe si\u00e8cle) :\u00a0entre union et s\u00e9paration des arts \/\u00a0<em>D\u00e9cor and Architecture in the 17th and 18th centuries:\u00a0Between Adherence and Autonomy<\/em><\/h2>\n<p>Universit\u00e9 de Lausanne, 24-25 novembre 2016<\/p>\n<p>Le d\u00e9cor, \u00e0 la p\u00e9riode moderne, est consid\u00e9r\u00e9 comme l\u2019une des parties fondamentales de\u00a0l\u2019architecture. Gr\u00e2ce \u00e0 lui, celle-ci se distingue de la simple ma\u00e7onnerie et peut revendiquer\u00a0une forme d\u2019excellence. Dans une telle perspective, le d\u00e9cor est une condition essentielle \u00e0\u00a0l\u2019architecture et non pas un \u00e9l\u00e9ment marginal. Ce statut privil\u00e9gi\u00e9 n\u2019emp\u00eache cependant pas\u00a0les commentateurs de s\u2019en m\u00e9fier : ils craignent la prolif\u00e9ration incontr\u00f4l\u00e9e de l\u2019ornement,\u00a0qu\u2019ils jugent nuisible \u00e0 l\u2019architecture. Le pr\u00e9sent colloque ambitionne d\u2019interroger la mani\u00e8re\u00a0dont les rapports entre d\u00e9cor et architecture ont \u00e9t\u00e9 pens\u00e9s et pratiqu\u00e9s dans l\u2019Europe des\u00a0XVIIe et XVIIIe si\u00e8cles.<\/p>\n<p>Notre perception de ces liens est souvent inform\u00e9e par des approches t\u00e9l\u00e9ologiques. Ainsi,\u00a0les th\u00e8ses radicales v\u00e9hicul\u00e9es par certains \u00e9crits au XXe si\u00e8cle, renvoyant le d\u00e9cor \u00e0 la\u00a0p\u00e9riph\u00e9rie de l\u2019architecture, ont-elles agi \u00e0 la mani\u00e8re de prismes d\u00e9formants. L\u2019histoire de\u00a0l\u2019art, pour sa part, a souvent s\u00e9par\u00e9 l\u2019\u00e9tude du d\u00e9cor de celle de l\u2019architecture, instituant de\u00a0fait une rupture entre ces deux champs, susceptible de biaiser notre compr\u00e9hension de la\u00a0production artistique \u00e0 la p\u00e9riode moderne et d\u2019en r\u00e9duire la port\u00e9e. Les \u00e9tudes de cas\u00a0r\u00e9v\u00e8lent des diff\u00e9rences notables dans les modalit\u00e9s de l\u2019invention du d\u00e9cor d\u2019un \u00e9difice \u00e0\u00a0l\u2019autre. Les pr\u00e9rogatives des architectes s\u2019av\u00e8rent variables selon les circonstances et les\u00a0contraintes auxquels ils sont soumis, certains \u00e9tant fortement impliqu\u00e9s dans la conception\u00a0du d\u00e9cor, tandis que d\u2019autres en laissent le dessein aux artistes ou hommes de m\u00e9tiers.<\/p>\n<p><em>During the Early Modern Period, d\u00e9cor was considered to be one of the most fundamental elements of\u00a0architecture. Thanks to d\u00e9cor, architecture could elevate itself beyond simple masonry and claim a superior\u00a0status. D\u00e9cor was thus defined as a necessary prerequisite for architecture, rather than a marginal component.\u00a0However, despite its privileged status, many authors mistrusted it, fearing the harmful effect which an\u00a0uncontrollable proliferation of ornament would surely have on architecture. This conference aims to question\u00a0how the relations between d\u00e9cor and architecture were defined and implemented in Europe in the 17th and\u00a018th centuries.\u00a0<\/em><\/p>\n<p><em>Our perception of these relations has often been informed by teleological approaches: indeed, the radical\u00a0ideas conveyed by certain 20th-century texts, which define d\u00e9cor as an unnecessary bi-product of architecture,\u00a0have acted as a distorting prism. History of art, for its part, has often separated d\u00e9cor-related studies from\u00a0architecture-related ones, suggesting a de facto rupture between these fields and potentially biasing our\u00a0understanding of the artistic production of the Early Modern Period by reducing its scope. As various case\u00a0studies have shown, the conditions to which the invention of a d\u00e9cor was subjected varied greatly from one\u00a0building to another. The architects\u2019 prerogatives differed according to the circumstances and constraints\u00a0imposed on them: while some were largely involved in the invention of the d\u00e9cor, others delegated its conception\u00a0to artists or workmen.<\/em><\/p>\n<p>\u2192 <a href=\"https:\/\/www.sgeaj.ch\/wp-content\/uploads\/2016\/10\/2016.11-Lausanne-Decor.pdf\">Programme du colloque<\/a><\/p>\n","protected":false},"excerpt":{"rendered":"<p>D\u00e9cor et architecture (XVIIe-XVIIIe si\u00e8cle) :\u00a0entre union et s\u00e9paration des arts \/\u00a0D\u00e9cor and Architecture in the 17th and 18th centuries:\u00a0Between Adherence and Autonomy Universit\u00e9 de Lausanne, 24-25 novembre 2016 Le d\u00e9cor, \u00e0 la p\u00e9riode moderne, est consid\u00e9r\u00e9 comme l\u2019une des parties fondamentales de\u00a0l\u2019architecture. Gr\u00e2ce \u00e0 lui, celle-ci se distingue de la simple ma\u00e7onnerie et peut [&hellip;]<\/p>\n","protected":false},"author":2,"featured_media":3556,"comment_status":"closed","ping_status":"open","sticky":false,"template":"","format":"standard","meta":{"footnotes":""},"categories":[42,27],"tags":[],"class_list":{"0":"post-2127","1":"post","2":"type-post","3":"status-publish","4":"format-standard","5":"has-post-thumbnail","7":"category-actualite","8":"category-colloques","9":"czr-hentry"},"yoast_head":"<!-- This site is optimized with the Yoast SEO plugin v26.9 - https:\/\/yoast.com\/product\/yoast-seo-wordpress\/ -->\n<title>D\u00e9cor et architecture - Schweizerische Gesellschaft f\u00fcr die Erforschung des 18. Jahrhunderts (SGEAJ - SSEDS)<\/title>\n<meta name=\"robots\" content=\"index, follow, max-snippet:-1, max-image-preview:large, max-video-preview:-1\" \/>\n<link rel=\"canonical\" href=\"https:\/\/www.sgeaj.ch\/fr\/actualite\/colloques\/colloque-decor-et-architecture-xviie-xviiie-siecle-lausanne-24-25-novembre-2016\/\" \/>\n<meta name=\"twitter:label1\" content=\"\u00c9crit par\" \/>\n\t<meta name=\"twitter:data1\" content=\"SGEAJ\" \/>\n\t<meta name=\"twitter:label2\" content=\"Dur\u00e9e de lecture estim\u00e9e\" \/>\n\t<meta name=\"twitter:data2\" content=\"3 minutes\" \/>\n<script type=\"application\/ld+json\" class=\"yoast-schema-graph\">{\"@context\":\"https:\/\/schema.org\",\"@graph\":[{\"@type\":\"Article\",\"@id\":\"https:\/\/www.sgeaj.ch\/fr\/actualite\/colloques\/colloque-decor-et-architecture-xviie-xviiie-siecle-lausanne-24-25-novembre-2016\/#article\",\"isPartOf\":{\"@id\":\"https:\/\/www.sgeaj.ch\/fr\/actualite\/colloques\/colloque-decor-et-architecture-xviie-xviiie-siecle-lausanne-24-25-novembre-2016\/\"},\"author\":{\"name\":\"SGEAJ\",\"@id\":\"https:\/\/www.sgeaj.ch\/fr\/#\/schema\/person\/6bd2b59ee4319b4a54912921450cebf6\"},\"headline\":\"D\u00e9cor et architecture\",\"datePublished\":\"2016-10-26T08:43:16+00:00\",\"dateModified\":\"2021-04-11T14:19:53+00:00\",\"mainEntityOfPage\":{\"@id\":\"https:\/\/www.sgeaj.ch\/fr\/actualite\/colloques\/colloque-decor-et-architecture-xviie-xviiie-siecle-lausanne-24-25-novembre-2016\/\"},\"wordCount\":574,\"publisher\":{\"@id\":\"https:\/\/www.sgeaj.ch\/fr\/#organization\"},\"image\":{\"@id\":\"https:\/\/www.sgeaj.ch\/fr\/actualite\/colloques\/colloque-decor-et-architecture-xviie-xviiie-siecle-lausanne-24-25-novembre-2016\/#primaryimage\"},\"thumbnailUrl\":\"https:\/\/www.sgeaj.ch\/wp-content\/uploads\/2016\/03\/2016-Call-for-papers-Decor-et-architecture.jpg\",\"articleSection\":[\"Actualit\u00e9\",\"Colloques\"],\"inLanguage\":\"fr-FR\"},{\"@type\":\"WebPage\",\"@id\":\"https:\/\/www.sgeaj.ch\/fr\/actualite\/colloques\/colloque-decor-et-architecture-xviie-xviiie-siecle-lausanne-24-25-novembre-2016\/\",\"url\":\"https:\/\/www.sgeaj.ch\/fr\/actualite\/colloques\/colloque-decor-et-architecture-xviie-xviiie-siecle-lausanne-24-25-novembre-2016\/\",\"name\":\"D\u00e9cor et architecture - Schweizerische Gesellschaft f\u00fcr die Erforschung des 18. Jahrhunderts (SGEAJ - SSEDS)\",\"isPartOf\":{\"@id\":\"https:\/\/www.sgeaj.ch\/fr\/#website\"},\"primaryImageOfPage\":{\"@id\":\"https:\/\/www.sgeaj.ch\/fr\/actualite\/colloques\/colloque-decor-et-architecture-xviie-xviiie-siecle-lausanne-24-25-novembre-2016\/#primaryimage\"},\"image\":{\"@id\":\"https:\/\/www.sgeaj.ch\/fr\/actualite\/colloques\/colloque-decor-et-architecture-xviie-xviiie-siecle-lausanne-24-25-novembre-2016\/#primaryimage\"},\"thumbnailUrl\":\"https:\/\/www.sgeaj.ch\/wp-content\/uploads\/2016\/03\/2016-Call-for-papers-Decor-et-architecture.jpg\",\"datePublished\":\"2016-10-26T08:43:16+00:00\",\"dateModified\":\"2021-04-11T14:19:53+00:00\",\"inLanguage\":\"fr-FR\",\"potentialAction\":[{\"@type\":\"ReadAction\",\"target\":[\"https:\/\/www.sgeaj.ch\/fr\/actualite\/colloques\/colloque-decor-et-architecture-xviie-xviiie-siecle-lausanne-24-25-novembre-2016\/\"]}]},{\"@type\":\"ImageObject\",\"inLanguage\":\"fr-FR\",\"@id\":\"https:\/\/www.sgeaj.ch\/fr\/actualite\/colloques\/colloque-decor-et-architecture-xviie-xviiie-siecle-lausanne-24-25-novembre-2016\/#primaryimage\",\"url\":\"https:\/\/www.sgeaj.ch\/wp-content\/uploads\/2016\/03\/2016-Call-for-papers-Decor-et-architecture.jpg\",\"contentUrl\":\"https:\/\/www.sgeaj.ch\/wp-content\/uploads\/2016\/03\/2016-Call-for-papers-Decor-et-architecture.jpg\",\"width\":261,\"height\":205},{\"@type\":\"WebSite\",\"@id\":\"https:\/\/www.sgeaj.ch\/fr\/#website\",\"url\":\"https:\/\/www.sgeaj.ch\/fr\/\",\"name\":\"Schweizerische Gesellschaft f\u00fcr die Erforschung des 18. Jahrhunderts (SGEAJ - SSEDS)\",\"description\":\"Schweizerische Gesellschaft f\u00fcr die Erforschung des 18. Jahrhunderts\",\"publisher\":{\"@id\":\"https:\/\/www.sgeaj.ch\/fr\/#organization\"},\"potentialAction\":[{\"@type\":\"SearchAction\",\"target\":{\"@type\":\"EntryPoint\",\"urlTemplate\":\"https:\/\/www.sgeaj.ch\/fr\/?s={search_term_string}\"},\"query-input\":{\"@type\":\"PropertyValueSpecification\",\"valueRequired\":true,\"valueName\":\"search_term_string\"}}],\"inLanguage\":\"fr-FR\"},{\"@type\":\"Organization\",\"@id\":\"https:\/\/www.sgeaj.ch\/fr\/#organization\",\"name\":\"Schweizerische Gesellschaft f\u00fcr die Erforschung des 18. Jahrhunderts (SGEAJ - SSEDS)\",\"url\":\"https:\/\/www.sgeaj.ch\/fr\/\",\"logo\":{\"@type\":\"ImageObject\",\"inLanguage\":\"fr-FR\",\"@id\":\"https:\/\/www.sgeaj.ch\/fr\/#\/schema\/logo\/image\/\",\"url\":\"https:\/\/www.sgeaj.ch\/wp-content\/uploads\/2021\/06\/cropped-logo-xviiies-horiz-abreuviations-bleues.png\",\"contentUrl\":\"https:\/\/www.sgeaj.ch\/wp-content\/uploads\/2021\/06\/cropped-logo-xviiies-horiz-abreuviations-bleues.png\",\"width\":659,\"height\":335,\"caption\":\"Schweizerische Gesellschaft f\u00fcr die Erforschung des 18. Jahrhunderts (SGEAJ - SSEDS)\"},\"image\":{\"@id\":\"https:\/\/www.sgeaj.ch\/fr\/#\/schema\/logo\/image\/\"}},{\"@type\":\"Person\",\"@id\":\"https:\/\/www.sgeaj.ch\/fr\/#\/schema\/person\/6bd2b59ee4319b4a54912921450cebf6\",\"name\":\"SGEAJ\",\"url\":\"https:\/\/www.sgeaj.ch\/fr\/author\/sgeaj\/\"}]}<\/script>\n<!-- \/ Yoast SEO plugin. -->","yoast_head_json":{"title":"D\u00e9cor et architecture - Schweizerische Gesellschaft f\u00fcr die Erforschung des 18. Jahrhunderts (SGEAJ - SSEDS)","robots":{"index":"index","follow":"follow","max-snippet":"max-snippet:-1","max-image-preview":"max-image-preview:large","max-video-preview":"max-video-preview:-1"},"canonical":"https:\/\/www.sgeaj.ch\/fr\/actualite\/colloques\/colloque-decor-et-architecture-xviie-xviiie-siecle-lausanne-24-25-novembre-2016\/","twitter_misc":{"\u00c9crit par":"SGEAJ","Dur\u00e9e de lecture estim\u00e9e":"3 minutes"},"schema":{"@context":"https:\/\/schema.org","@graph":[{"@type":"Article","@id":"https:\/\/www.sgeaj.ch\/fr\/actualite\/colloques\/colloque-decor-et-architecture-xviie-xviiie-siecle-lausanne-24-25-novembre-2016\/#article","isPartOf":{"@id":"https:\/\/www.sgeaj.ch\/fr\/actualite\/colloques\/colloque-decor-et-architecture-xviie-xviiie-siecle-lausanne-24-25-novembre-2016\/"},"author":{"name":"SGEAJ","@id":"https:\/\/www.sgeaj.ch\/fr\/#\/schema\/person\/6bd2b59ee4319b4a54912921450cebf6"},"headline":"D\u00e9cor et architecture","datePublished":"2016-10-26T08:43:16+00:00","dateModified":"2021-04-11T14:19:53+00:00","mainEntityOfPage":{"@id":"https:\/\/www.sgeaj.ch\/fr\/actualite\/colloques\/colloque-decor-et-architecture-xviie-xviiie-siecle-lausanne-24-25-novembre-2016\/"},"wordCount":574,"publisher":{"@id":"https:\/\/www.sgeaj.ch\/fr\/#organization"},"image":{"@id":"https:\/\/www.sgeaj.ch\/fr\/actualite\/colloques\/colloque-decor-et-architecture-xviie-xviiie-siecle-lausanne-24-25-novembre-2016\/#primaryimage"},"thumbnailUrl":"https:\/\/www.sgeaj.ch\/wp-content\/uploads\/2016\/03\/2016-Call-for-papers-Decor-et-architecture.jpg","articleSection":["Actualit\u00e9","Colloques"],"inLanguage":"fr-FR"},{"@type":"WebPage","@id":"https:\/\/www.sgeaj.ch\/fr\/actualite\/colloques\/colloque-decor-et-architecture-xviie-xviiie-siecle-lausanne-24-25-novembre-2016\/","url":"https:\/\/www.sgeaj.ch\/fr\/actualite\/colloques\/colloque-decor-et-architecture-xviie-xviiie-siecle-lausanne-24-25-novembre-2016\/","name":"D\u00e9cor et architecture - Schweizerische Gesellschaft f\u00fcr die Erforschung des 18. Jahrhunderts (SGEAJ - SSEDS)","isPartOf":{"@id":"https:\/\/www.sgeaj.ch\/fr\/#website"},"primaryImageOfPage":{"@id":"https:\/\/www.sgeaj.ch\/fr\/actualite\/colloques\/colloque-decor-et-architecture-xviie-xviiie-siecle-lausanne-24-25-novembre-2016\/#primaryimage"},"image":{"@id":"https:\/\/www.sgeaj.ch\/fr\/actualite\/colloques\/colloque-decor-et-architecture-xviie-xviiie-siecle-lausanne-24-25-novembre-2016\/#primaryimage"},"thumbnailUrl":"https:\/\/www.sgeaj.ch\/wp-content\/uploads\/2016\/03\/2016-Call-for-papers-Decor-et-architecture.jpg","datePublished":"2016-10-26T08:43:16+00:00","dateModified":"2021-04-11T14:19:53+00:00","inLanguage":"fr-FR","potentialAction":[{"@type":"ReadAction","target":["https:\/\/www.sgeaj.ch\/fr\/actualite\/colloques\/colloque-decor-et-architecture-xviie-xviiie-siecle-lausanne-24-25-novembre-2016\/"]}]},{"@type":"ImageObject","inLanguage":"fr-FR","@id":"https:\/\/www.sgeaj.ch\/fr\/actualite\/colloques\/colloque-decor-et-architecture-xviie-xviiie-siecle-lausanne-24-25-novembre-2016\/#primaryimage","url":"https:\/\/www.sgeaj.ch\/wp-content\/uploads\/2016\/03\/2016-Call-for-papers-Decor-et-architecture.jpg","contentUrl":"https:\/\/www.sgeaj.ch\/wp-content\/uploads\/2016\/03\/2016-Call-for-papers-Decor-et-architecture.jpg","width":261,"height":205},{"@type":"WebSite","@id":"https:\/\/www.sgeaj.ch\/fr\/#website","url":"https:\/\/www.sgeaj.ch\/fr\/","name":"Schweizerische Gesellschaft f\u00fcr die Erforschung des 18. Jahrhunderts (SGEAJ - SSEDS)","description":"Schweizerische Gesellschaft f\u00fcr die Erforschung des 18. Jahrhunderts","publisher":{"@id":"https:\/\/www.sgeaj.ch\/fr\/#organization"},"potentialAction":[{"@type":"SearchAction","target":{"@type":"EntryPoint","urlTemplate":"https:\/\/www.sgeaj.ch\/fr\/?s={search_term_string}"},"query-input":{"@type":"PropertyValueSpecification","valueRequired":true,"valueName":"search_term_string"}}],"inLanguage":"fr-FR"},{"@type":"Organization","@id":"https:\/\/www.sgeaj.ch\/fr\/#organization","name":"Schweizerische Gesellschaft f\u00fcr die Erforschung des 18. Jahrhunderts (SGEAJ - SSEDS)","url":"https:\/\/www.sgeaj.ch\/fr\/","logo":{"@type":"ImageObject","inLanguage":"fr-FR","@id":"https:\/\/www.sgeaj.ch\/fr\/#\/schema\/logo\/image\/","url":"https:\/\/www.sgeaj.ch\/wp-content\/uploads\/2021\/06\/cropped-logo-xviiies-horiz-abreuviations-bleues.png","contentUrl":"https:\/\/www.sgeaj.ch\/wp-content\/uploads\/2021\/06\/cropped-logo-xviiies-horiz-abreuviations-bleues.png","width":659,"height":335,"caption":"Schweizerische Gesellschaft f\u00fcr die Erforschung des 18. Jahrhunderts (SGEAJ - SSEDS)"},"image":{"@id":"https:\/\/www.sgeaj.ch\/fr\/#\/schema\/logo\/image\/"}},{"@type":"Person","@id":"https:\/\/www.sgeaj.ch\/fr\/#\/schema\/person\/6bd2b59ee4319b4a54912921450cebf6","name":"SGEAJ","url":"https:\/\/www.sgeaj.ch\/fr\/author\/sgeaj\/"}]}},"_links":{"self":[{"href":"https:\/\/www.sgeaj.ch\/fr\/wp-json\/wp\/v2\/posts\/2127","targetHints":{"allow":["GET"]}}],"collection":[{"href":"https:\/\/www.sgeaj.ch\/fr\/wp-json\/wp\/v2\/posts"}],"about":[{"href":"https:\/\/www.sgeaj.ch\/fr\/wp-json\/wp\/v2\/types\/post"}],"author":[{"embeddable":true,"href":"https:\/\/www.sgeaj.ch\/fr\/wp-json\/wp\/v2\/users\/2"}],"replies":[{"embeddable":true,"href":"https:\/\/www.sgeaj.ch\/fr\/wp-json\/wp\/v2\/comments?post=2127"}],"version-history":[{"count":3,"href":"https:\/\/www.sgeaj.ch\/fr\/wp-json\/wp\/v2\/posts\/2127\/revisions"}],"predecessor-version":[{"id":6229,"href":"https:\/\/www.sgeaj.ch\/fr\/wp-json\/wp\/v2\/posts\/2127\/revisions\/6229"}],"wp:featuredmedia":[{"embeddable":true,"href":"https:\/\/www.sgeaj.ch\/fr\/wp-json\/wp\/v2\/media\/3556"}],"wp:attachment":[{"href":"https:\/\/www.sgeaj.ch\/fr\/wp-json\/wp\/v2\/media?parent=2127"}],"wp:term":[{"taxonomy":"category","embeddable":true,"href":"https:\/\/www.sgeaj.ch\/fr\/wp-json\/wp\/v2\/categories?post=2127"},{"taxonomy":"post_tag","embeddable":true,"href":"https:\/\/www.sgeaj.ch\/fr\/wp-json\/wp\/v2\/tags?post=2127"}],"curies":[{"name":"wp","href":"https:\/\/api.w.org\/{rel}","templated":true}]}}