{"id":2151,"date":"2016-11-16T08:08:28","date_gmt":"2016-11-16T07:08:28","guid":{"rendered":"https:\/\/www.sgeaj.ch\/fr\/kolloquium-21-10-2016-basel\/"},"modified":"2021-04-11T16:18:44","modified_gmt":"2021-04-11T14:18:44","slug":"kolloquium-21-10-2016-basel","status":"publish","type":"post","link":"https:\/\/www.sgeaj.ch\/fr\/actualite\/colloques\/kolloquium-21-10-2016-basel\/","title":{"rendered":"Bernoulli und Euler in ihrem Briefwechsel"},"content":{"rendered":"<h2>Daniel Bernoulli und Leonhard Euler\u00a0in ihrem Briefwechsel (1726\u20131772)<\/h2>\n<p>Zwei Vortr\u00e4ge und eine Buchpr\u00e4sentation, organisiert\u00a0vom Bernoulli-Euler-Zentrum an der Universit\u00e4t Basel<\/p>\n<p>16.15 h Alte Universit\u00e4t, Rheinsprung 9, H\u00f6rsaal 101,\u00a0Vortrag von PD Dr. Andreas Verdun, Bern:\u00a0<i>Astronomica im Briefwechsel zwischen Leonhard Euler und Daniel Bernoulli\u00a0<\/i><\/p>\n<p>17.30 h Naturhistorisches Museum, Augustinergasse 2, Foyer,\u00a0Ap\u00e9ro mit Pr\u00e4sentation eines neuen Bandes der Euler-Edition durch das Bernoulli-Euler-Zentrum und Springer Basel AG:\u00a0<i>Leonhardi Euleri Opera Omnia<\/i>, Bd. IVA\/3: <i>Briefwechsel zwischen Leonhard Euler und Daniel Bernoulli\u00a0<\/i><\/p>\n<p>18.15 h Naturhistorisches Museum, Augustinergasse 2, Alte Aula,\u00a0Vortrag von Prof. Dr. Jeanne Peiffer, Paris,\u00a0im Rahmen der Vortragsreihe der Historischen und Antiquarischen Gesellschaft zu Basel:\u00a0<i>Die Bernoulli und Euler im Spiegel der zeitgen\u00f6ssischen gelehrten Presse\u00a0<\/i><\/p>\n<p>19.30 h Abendessen im Restaurant Safran-Zunft, Gerbergasse 11,\u00a0ca. 21 h Abschluss mit einem Kurzreferat von dipl. math. Martin Mattm\u00fcller, Bernoulli-Euler-Zentrum:\u00a0<i>Gr\u00fcsse, Gef\u00e4lligkeiten, Klagen und ein Fest<\/i><\/p>\n<p>\u2192\u00a0<a href=\"https:\/\/www.sgeaj.ch\/wp-content\/uploads\/2016\/11\/2016.11.21-Bernoulli-Euler-Program.pdf\">Programm der Tagung<\/a><\/p>\n","protected":false},"excerpt":{"rendered":"<p>Daniel Bernoulli und Leonhard Euler\u00a0in ihrem Briefwechsel (1726\u20131772) Zwei Vortr\u00e4ge und eine Buchpr\u00e4sentation, organisiert\u00a0vom Bernoulli-Euler-Zentrum an der Universit\u00e4t Basel 16.15 h Alte Universit\u00e4t, Rheinsprung 9, H\u00f6rsaal 101,\u00a0Vortrag von PD Dr. Andreas Verdun, Bern:\u00a0Astronomica im Briefwechsel zwischen Leonhard Euler und Daniel Bernoulli\u00a0 17.30 h Naturhistorisches Museum, Augustinergasse 2, Foyer,\u00a0Ap\u00e9ro mit Pr\u00e4sentation eines neuen Bandes der Euler-Edition [&hellip;]<\/p>\n","protected":false},"author":2,"featured_media":3587,"comment_status":"closed","ping_status":"open","sticky":false,"template":"","format":"standard","meta":{"footnotes":""},"categories":[42,27],"tags":[],"class_list":{"0":"post-2151","1":"post","2":"type-post","3":"status-publish","4":"format-standard","5":"has-post-thumbnail","7":"category-actualite","8":"category-colloques","9":"czr-hentry"},"yoast_head":"<!-- This site is optimized with the Yoast SEO plugin v26.9 - https:\/\/yoast.com\/product\/yoast-seo-wordpress\/ -->\n<title>Bernoulli und Euler in ihrem Briefwechsel - Schweizerische Gesellschaft f\u00fcr die Erforschung des 18. Jahrhunderts (SGEAJ - SSEDS)<\/title>\n<meta name=\"robots\" content=\"index, follow, max-snippet:-1, max-image-preview:large, max-video-preview:-1\" \/>\n<link rel=\"canonical\" href=\"https:\/\/www.sgeaj.ch\/fr\/actualite\/colloques\/kolloquium-21-10-2016-basel\/\" \/>\n<meta name=\"twitter:label1\" content=\"\u00c9crit par\" \/>\n\t<meta name=\"twitter:data1\" content=\"SGEAJ\" \/>\n\t<meta name=\"twitter:label2\" content=\"Dur\u00e9e de lecture estim\u00e9e\" \/>\n\t<meta name=\"twitter:data2\" content=\"1 minute\" \/>\n<script type=\"application\/ld+json\" class=\"yoast-schema-graph\">{\"@context\":\"https:\/\/schema.org\",\"@graph\":[{\"@type\":\"Article\",\"@id\":\"https:\/\/www.sgeaj.ch\/fr\/actualite\/colloques\/kolloquium-21-10-2016-basel\/#article\",\"isPartOf\":{\"@id\":\"https:\/\/www.sgeaj.ch\/fr\/actualite\/colloques\/kolloquium-21-10-2016-basel\/\"},\"author\":{\"name\":\"SGEAJ\",\"@id\":\"https:\/\/www.sgeaj.ch\/fr\/#\/schema\/person\/6bd2b59ee4319b4a54912921450cebf6\"},\"headline\":\"Bernoulli und Euler in ihrem Briefwechsel\",\"datePublished\":\"2016-11-16T07:08:28+00:00\",\"dateModified\":\"2021-04-11T14:18:44+00:00\",\"mainEntityOfPage\":{\"@id\":\"https:\/\/www.sgeaj.ch\/fr\/actualite\/colloques\/kolloquium-21-10-2016-basel\/\"},\"wordCount\":152,\"publisher\":{\"@id\":\"https:\/\/www.sgeaj.ch\/fr\/#organization\"},\"image\":{\"@id\":\"https:\/\/www.sgeaj.ch\/fr\/actualite\/colloques\/kolloquium-21-10-2016-basel\/#primaryimage\"},\"thumbnailUrl\":\"https:\/\/www.sgeaj.ch\/wp-content\/uploads\/2016\/11\/2016.11.21-Euler-Bild.jpg\",\"articleSection\":[\"Actualit\u00e9\",\"Colloques\"],\"inLanguage\":\"fr-FR\"},{\"@type\":\"WebPage\",\"@id\":\"https:\/\/www.sgeaj.ch\/fr\/actualite\/colloques\/kolloquium-21-10-2016-basel\/\",\"url\":\"https:\/\/www.sgeaj.ch\/fr\/actualite\/colloques\/kolloquium-21-10-2016-basel\/\",\"name\":\"Bernoulli und Euler in ihrem Briefwechsel - Schweizerische Gesellschaft f\u00fcr die Erforschung des 18. Jahrhunderts (SGEAJ - SSEDS)\",\"isPartOf\":{\"@id\":\"https:\/\/www.sgeaj.ch\/fr\/#website\"},\"primaryImageOfPage\":{\"@id\":\"https:\/\/www.sgeaj.ch\/fr\/actualite\/colloques\/kolloquium-21-10-2016-basel\/#primaryimage\"},\"image\":{\"@id\":\"https:\/\/www.sgeaj.ch\/fr\/actualite\/colloques\/kolloquium-21-10-2016-basel\/#primaryimage\"},\"thumbnailUrl\":\"https:\/\/www.sgeaj.ch\/wp-content\/uploads\/2016\/11\/2016.11.21-Euler-Bild.jpg\",\"datePublished\":\"2016-11-16T07:08:28+00:00\",\"dateModified\":\"2021-04-11T14:18:44+00:00\",\"inLanguage\":\"fr-FR\",\"potentialAction\":[{\"@type\":\"ReadAction\",\"target\":[\"https:\/\/www.sgeaj.ch\/fr\/actualite\/colloques\/kolloquium-21-10-2016-basel\/\"]}]},{\"@type\":\"ImageObject\",\"inLanguage\":\"fr-FR\",\"@id\":\"https:\/\/www.sgeaj.ch\/fr\/actualite\/colloques\/kolloquium-21-10-2016-basel\/#primaryimage\",\"url\":\"https:\/\/www.sgeaj.ch\/wp-content\/uploads\/2016\/11\/2016.11.21-Euler-Bild.jpg\",\"contentUrl\":\"https:\/\/www.sgeaj.ch\/wp-content\/uploads\/2016\/11\/2016.11.21-Euler-Bild.jpg\",\"width\":200,\"height\":261},{\"@type\":\"WebSite\",\"@id\":\"https:\/\/www.sgeaj.ch\/fr\/#website\",\"url\":\"https:\/\/www.sgeaj.ch\/fr\/\",\"name\":\"Schweizerische Gesellschaft f\u00fcr die Erforschung des 18. Jahrhunderts (SGEAJ - SSEDS)\",\"description\":\"Schweizerische Gesellschaft f\u00fcr die Erforschung des 18. Jahrhunderts\",\"publisher\":{\"@id\":\"https:\/\/www.sgeaj.ch\/fr\/#organization\"},\"potentialAction\":[{\"@type\":\"SearchAction\",\"target\":{\"@type\":\"EntryPoint\",\"urlTemplate\":\"https:\/\/www.sgeaj.ch\/fr\/?s={search_term_string}\"},\"query-input\":{\"@type\":\"PropertyValueSpecification\",\"valueRequired\":true,\"valueName\":\"search_term_string\"}}],\"inLanguage\":\"fr-FR\"},{\"@type\":\"Organization\",\"@id\":\"https:\/\/www.sgeaj.ch\/fr\/#organization\",\"name\":\"Schweizerische Gesellschaft f\u00fcr die Erforschung des 18. Jahrhunderts (SGEAJ - SSEDS)\",\"url\":\"https:\/\/www.sgeaj.ch\/fr\/\",\"logo\":{\"@type\":\"ImageObject\",\"inLanguage\":\"fr-FR\",\"@id\":\"https:\/\/www.sgeaj.ch\/fr\/#\/schema\/logo\/image\/\",\"url\":\"https:\/\/www.sgeaj.ch\/wp-content\/uploads\/2021\/06\/cropped-logo-xviiies-horiz-abreuviations-bleues.png\",\"contentUrl\":\"https:\/\/www.sgeaj.ch\/wp-content\/uploads\/2021\/06\/cropped-logo-xviiies-horiz-abreuviations-bleues.png\",\"width\":659,\"height\":335,\"caption\":\"Schweizerische Gesellschaft f\u00fcr die Erforschung des 18. Jahrhunderts (SGEAJ - SSEDS)\"},\"image\":{\"@id\":\"https:\/\/www.sgeaj.ch\/fr\/#\/schema\/logo\/image\/\"}},{\"@type\":\"Person\",\"@id\":\"https:\/\/www.sgeaj.ch\/fr\/#\/schema\/person\/6bd2b59ee4319b4a54912921450cebf6\",\"name\":\"SGEAJ\",\"url\":\"https:\/\/www.sgeaj.ch\/fr\/author\/sgeaj\/\"}]}<\/script>\n<!-- \/ Yoast SEO plugin. -->","yoast_head_json":{"title":"Bernoulli und Euler in ihrem Briefwechsel - Schweizerische Gesellschaft f\u00fcr die Erforschung des 18. Jahrhunderts (SGEAJ - SSEDS)","robots":{"index":"index","follow":"follow","max-snippet":"max-snippet:-1","max-image-preview":"max-image-preview:large","max-video-preview":"max-video-preview:-1"},"canonical":"https:\/\/www.sgeaj.ch\/fr\/actualite\/colloques\/kolloquium-21-10-2016-basel\/","twitter_misc":{"\u00c9crit par":"SGEAJ","Dur\u00e9e de lecture estim\u00e9e":"1 minute"},"schema":{"@context":"https:\/\/schema.org","@graph":[{"@type":"Article","@id":"https:\/\/www.sgeaj.ch\/fr\/actualite\/colloques\/kolloquium-21-10-2016-basel\/#article","isPartOf":{"@id":"https:\/\/www.sgeaj.ch\/fr\/actualite\/colloques\/kolloquium-21-10-2016-basel\/"},"author":{"name":"SGEAJ","@id":"https:\/\/www.sgeaj.ch\/fr\/#\/schema\/person\/6bd2b59ee4319b4a54912921450cebf6"},"headline":"Bernoulli und Euler in ihrem Briefwechsel","datePublished":"2016-11-16T07:08:28+00:00","dateModified":"2021-04-11T14:18:44+00:00","mainEntityOfPage":{"@id":"https:\/\/www.sgeaj.ch\/fr\/actualite\/colloques\/kolloquium-21-10-2016-basel\/"},"wordCount":152,"publisher":{"@id":"https:\/\/www.sgeaj.ch\/fr\/#organization"},"image":{"@id":"https:\/\/www.sgeaj.ch\/fr\/actualite\/colloques\/kolloquium-21-10-2016-basel\/#primaryimage"},"thumbnailUrl":"https:\/\/www.sgeaj.ch\/wp-content\/uploads\/2016\/11\/2016.11.21-Euler-Bild.jpg","articleSection":["Actualit\u00e9","Colloques"],"inLanguage":"fr-FR"},{"@type":"WebPage","@id":"https:\/\/www.sgeaj.ch\/fr\/actualite\/colloques\/kolloquium-21-10-2016-basel\/","url":"https:\/\/www.sgeaj.ch\/fr\/actualite\/colloques\/kolloquium-21-10-2016-basel\/","name":"Bernoulli und Euler in ihrem Briefwechsel - Schweizerische Gesellschaft f\u00fcr die Erforschung des 18. Jahrhunderts (SGEAJ - SSEDS)","isPartOf":{"@id":"https:\/\/www.sgeaj.ch\/fr\/#website"},"primaryImageOfPage":{"@id":"https:\/\/www.sgeaj.ch\/fr\/actualite\/colloques\/kolloquium-21-10-2016-basel\/#primaryimage"},"image":{"@id":"https:\/\/www.sgeaj.ch\/fr\/actualite\/colloques\/kolloquium-21-10-2016-basel\/#primaryimage"},"thumbnailUrl":"https:\/\/www.sgeaj.ch\/wp-content\/uploads\/2016\/11\/2016.11.21-Euler-Bild.jpg","datePublished":"2016-11-16T07:08:28+00:00","dateModified":"2021-04-11T14:18:44+00:00","inLanguage":"fr-FR","potentialAction":[{"@type":"ReadAction","target":["https:\/\/www.sgeaj.ch\/fr\/actualite\/colloques\/kolloquium-21-10-2016-basel\/"]}]},{"@type":"ImageObject","inLanguage":"fr-FR","@id":"https:\/\/www.sgeaj.ch\/fr\/actualite\/colloques\/kolloquium-21-10-2016-basel\/#primaryimage","url":"https:\/\/www.sgeaj.ch\/wp-content\/uploads\/2016\/11\/2016.11.21-Euler-Bild.jpg","contentUrl":"https:\/\/www.sgeaj.ch\/wp-content\/uploads\/2016\/11\/2016.11.21-Euler-Bild.jpg","width":200,"height":261},{"@type":"WebSite","@id":"https:\/\/www.sgeaj.ch\/fr\/#website","url":"https:\/\/www.sgeaj.ch\/fr\/","name":"Schweizerische Gesellschaft f\u00fcr die Erforschung des 18. Jahrhunderts (SGEAJ - SSEDS)","description":"Schweizerische Gesellschaft f\u00fcr die Erforschung des 18. Jahrhunderts","publisher":{"@id":"https:\/\/www.sgeaj.ch\/fr\/#organization"},"potentialAction":[{"@type":"SearchAction","target":{"@type":"EntryPoint","urlTemplate":"https:\/\/www.sgeaj.ch\/fr\/?s={search_term_string}"},"query-input":{"@type":"PropertyValueSpecification","valueRequired":true,"valueName":"search_term_string"}}],"inLanguage":"fr-FR"},{"@type":"Organization","@id":"https:\/\/www.sgeaj.ch\/fr\/#organization","name":"Schweizerische Gesellschaft f\u00fcr die Erforschung des 18. Jahrhunderts (SGEAJ - SSEDS)","url":"https:\/\/www.sgeaj.ch\/fr\/","logo":{"@type":"ImageObject","inLanguage":"fr-FR","@id":"https:\/\/www.sgeaj.ch\/fr\/#\/schema\/logo\/image\/","url":"https:\/\/www.sgeaj.ch\/wp-content\/uploads\/2021\/06\/cropped-logo-xviiies-horiz-abreuviations-bleues.png","contentUrl":"https:\/\/www.sgeaj.ch\/wp-content\/uploads\/2021\/06\/cropped-logo-xviiies-horiz-abreuviations-bleues.png","width":659,"height":335,"caption":"Schweizerische Gesellschaft f\u00fcr die Erforschung des 18. Jahrhunderts (SGEAJ - SSEDS)"},"image":{"@id":"https:\/\/www.sgeaj.ch\/fr\/#\/schema\/logo\/image\/"}},{"@type":"Person","@id":"https:\/\/www.sgeaj.ch\/fr\/#\/schema\/person\/6bd2b59ee4319b4a54912921450cebf6","name":"SGEAJ","url":"https:\/\/www.sgeaj.ch\/fr\/author\/sgeaj\/"}]}},"_links":{"self":[{"href":"https:\/\/www.sgeaj.ch\/fr\/wp-json\/wp\/v2\/posts\/2151","targetHints":{"allow":["GET"]}}],"collection":[{"href":"https:\/\/www.sgeaj.ch\/fr\/wp-json\/wp\/v2\/posts"}],"about":[{"href":"https:\/\/www.sgeaj.ch\/fr\/wp-json\/wp\/v2\/types\/post"}],"author":[{"embeddable":true,"href":"https:\/\/www.sgeaj.ch\/fr\/wp-json\/wp\/v2\/users\/2"}],"replies":[{"embeddable":true,"href":"https:\/\/www.sgeaj.ch\/fr\/wp-json\/wp\/v2\/comments?post=2151"}],"version-history":[{"count":2,"href":"https:\/\/www.sgeaj.ch\/fr\/wp-json\/wp\/v2\/posts\/2151\/revisions"}],"predecessor-version":[{"id":6226,"href":"https:\/\/www.sgeaj.ch\/fr\/wp-json\/wp\/v2\/posts\/2151\/revisions\/6226"}],"wp:featuredmedia":[{"embeddable":true,"href":"https:\/\/www.sgeaj.ch\/fr\/wp-json\/wp\/v2\/media\/3587"}],"wp:attachment":[{"href":"https:\/\/www.sgeaj.ch\/fr\/wp-json\/wp\/v2\/media?parent=2151"}],"wp:term":[{"taxonomy":"category","embeddable":true,"href":"https:\/\/www.sgeaj.ch\/fr\/wp-json\/wp\/v2\/categories?post=2151"},{"taxonomy":"post_tag","embeddable":true,"href":"https:\/\/www.sgeaj.ch\/fr\/wp-json\/wp\/v2\/tags?post=2151"}],"curies":[{"name":"wp","href":"https:\/\/api.w.org\/{rel}","templated":true}]}}