{"id":2249,"date":"2017-03-08T15:25:02","date_gmt":"2017-03-08T14:25:02","guid":{"rendered":"https:\/\/www.sgeaj.ch\/fr\/colloque-scene-theatres-de-societe-unil-27-28-avril-2017\/"},"modified":"2021-04-11T16:17:52","modified_gmt":"2021-04-11T14:17:52","slug":"colloque-scene-theatres-de-societe-2017","status":"publish","type":"post","link":"https:\/\/www.sgeaj.ch\/fr\/actualite\/colloques\/colloque-scene-theatres-de-societe-2017\/","title":{"rendered":"La sc\u00e8ne des th\u00e9\u00e2tres de soci\u00e9t\u00e9"},"content":{"rendered":"<div class=\"titres\">\n<h3><strong>La sc\u00e8ne des th\u00e9\u00e2tres de soci\u00e9t\u00e9. Des Lumi\u00e8res aux Humanit\u00e9s num\u00e9riques<\/strong><\/h3>\n<\/div>\n<p class=\"event-date bordure-bottom\">27-28 avril 2017<\/p>\n<p>Universit\u00e9 de Lausanne<br \/>\nAmphip\u00f4le, salle 340<\/p>\n<div class=\"presentation bordure-bottom\">\n<p>Organisation: Valentina Ponzetto<\/p>\n<p><strong>Programme<\/strong><\/p>\n<p><strong>Jeudi 27 avril 2017<\/strong><\/p>\n<p>9h00 : Valentina Ponzetto (FNS\/Lausanne) &#8211; Introduction g\u00e9n\u00e9rale<\/p>\n<p>9h25\u00a0: Marie-Emmanuelle Plagnol Di\u00e9val (UPEC) \u2013 Avant-propos\u00a0: \u00ab\u00a0\u00c9tat des lieux de la recherche sur les th\u00e9\u00e2tres de soci\u00e9t\u00e9\u00a0\u00bb.<\/p>\n<p><strong>La sc\u00e8ne comme lieu<\/strong> (pr\u00e9sidence\u00a0: Marie-Emmanuelle Plagnol)<\/p>\n<p>10h00 : B\u00e9atrice Lovis (Lausanne) \u2013 \u00ab\u00a0Le th\u00e9\u00e2tre de soci\u00e9t\u00e9 au ch\u00e2teau d\u2019Hauteville\u00a0: survivance d\u2019une pratique \u00e0 travers les si\u00e8cles (XVIII<sup>e<\/sup> \u2013 XX<sup>e<\/sup> s.)\u00a0\u00bb<\/p>\n<p>10h25\u00a0: Aline Hodroge (FNS\/Lausanne et Rouen\/CEREdI) \u2013 \u00ab\u00a0La sc\u00e8ne sta\u00eblienne\u00a0: une dramaturgie de l\u2019intime\u00a0\u00bb<\/p>\n<p>10h50\u00a0: Questions-Discussion<\/p>\n<p>11h20\u00a0: Olivier Bara (Lyon 2\/IHRIM) \u2013 \u00ab\u00a0Sc\u00e8ne et salle au th\u00e9\u00e2tre de Nohant\u00a0: espace fusionnel ou aires de jeu\u00a0?\u00a0\u00bb<\/p>\n<p>11h45\u00a0: Pierre Causse (Lyon 2\/IHRIM) \u2013 \u00ab\u00a0Comment faire du th\u00e9\u00e2tre chez soi\u00a0? Guides pour la pratique du th\u00e9\u00e2tre de soci\u00e9t\u00e9 au tournant des XIX<sup>e<\/sup> et XX<sup>e<\/sup> si\u00e8cles\u00a0\u00bb<\/p>\n<p>12h10\u00a0: questions-discussion<\/p>\n<p><strong>La sc\u00e8ne comme espace de jeu\u00a0<\/strong>(pr\u00e9sidence\u00a0: Valentina Ponzetto)<\/p>\n<p>14h00 : Guy Spielmann (Georgetown University) \u2013 \u00ab\u00a0Sc\u00e8nes \u00ab\u00a0publiques\u00a0\u00bb et sc\u00e8nes \u00ab\u00a0priv\u00e9es\u00a0\u00bb\u00a0: essai de red\u00e9finition\u00a0\u00bb<\/p>\n<p>14h25\u00a0: Jennifer Ruimi (FNS\/Lausanne) \u2013 \u00ab\u00a0\u00ab\u00a0La sc\u00e8ne est quelque part\u00a0\u00bb\u00a0: espace sc\u00e9nique et espace dramatique dans le th\u00e9\u00e2tre de soci\u00e9t\u00e9 au XVIII<sup>e<\/sup> si\u00e8cle\u00a0\u00bb.<\/p>\n<p>15h50\u00a0: Questions-Discusssion<\/p>\n<p>15h20\u00a0: Sylvain Ledda (Rouen\/CEREdI) \u2013 \u00ab\u00a0Espaces intimes, espaces sc\u00e9niques, sc\u00e8nes institu\u00e9es\u00a0\u00bb<\/p>\n<p>15h45\u00a0: C\u00e9cile Guinand (Neuch\u00e2tel) \u2013 \u00ab\u00a0<em>Les Com\u00e9diens de soci\u00e9t\u00e9<\/em> par Daumier\u00a0: du regard critique \u00e0 l\u2019hommage artistique\u00a0\u00bb.<\/p>\n<p>16h10\u00a0: Questions-Discussion<\/p>\n<p><strong>Vendredi 28 avril 2017<br \/>\nH\u00e9ritages contemporains des sc\u00e8nes de soci\u00e9t\u00e9 <\/strong>(pr\u00e9sidence\u00a0:\u00a0Danielle Chaperon)<\/p>\n<p>10h00 : Dominique Qu\u00e9ro (Reims Champagne-Ardenne) \u2013 \u00ab\u00a0Que reste-t-il de nos th\u00e9\u00e2tres de soci\u00e9t\u00e9\u00a0?\u00a0\u00bb<\/p>\n<p>10h25\u00a0: Camille Chollet (Rouen\/CEREdI) \u2013 \u00ab\u00a0Du Salon \u00e0 la sc\u00e8ne\u00a0: monter aujourd\u2019hui le th\u00e9\u00e2tre de Carmontelle\u00a0\u00bb<\/p>\n<p>10h50\u00a0: Questions-Discussion<\/p>\n<p>11h20\u00a0: Marie-Caroline Thuillier \u2013 \u00ab\u00a0Th\u00e9\u00e2tre de verdure. Jouer et applaudir au jardin, des Lumi\u00e8res a\u0300 nos jours\u00a0\u00bb<\/p>\n<p>11h45\u00a0: Sarah Meneghello (Paris 13\/Icart) \u2013 \u00ab\u00a0Le Th\u00e9\u00e2tre d\u2019appartement, th\u00e9\u00e2tre de soci\u00e9t\u00e9 engag\u00e9 dans les combats de son temps\u00a0\u00bb<\/p>\n<p>12h10\u00a0: Questions-Discussion<\/p>\n<p><strong>Table ronde\u00a0: Th\u00e9\u00e2tre et humanit\u00e9s num\u00e9riques. Bilans et perspectives<\/strong><\/p>\n<p><em>Mod\u00e9rateur\u00a0:<\/em> Christophe Schuwey (FNS\/Lausanne et Fribourg)<\/p>\n<p><em>Intervenants\u00a0:<\/em> Fran\u00e7oise Rubellin (Nantes &#8211; Cethefi), Paul Fi\u00e8vre (OBVIL), Christopher Morse (Harvard), Maria Comsa (Stanford)<\/p>\n<\/div>\n<div class=\"uneannexe\">\n<p><strong>url de r\u00e9f\u00e9rence<\/strong><a href=\"http:\/\/www.theatresdesociete.ch\/\" target=\"_blank\" rel=\"noopener noreferrer\">: http:\/\/www.theatresdesociete.ch\/<\/a><\/p>\n<p>\u2192 <a href=\"https:\/\/www.sgeaj.ch\/wp-content\/uploads\/2017\/03\/2017.04-Colloque-theatre-de-societe-programme.pdf\">Programme &#8211; d\u00e9pliant (pdf)<\/a><\/p>\n<p><strong>Lectures voltairiennes<\/strong>\u00a0 (mise en sc\u00e8ne Fran\u00e7ois Jacob), le jeudi 27 avril, 18h00, Anthropole, salle 2055: <a href=\"https:\/\/www.fabula.org\/actualites\/lectures-voltairiennesmise-en-scene-francois-jacob_79172.php\" target=\"_blank\" rel=\"noopener noreferrer\">lien vers le programme<\/a><\/p>\n<\/div>\n","protected":false},"excerpt":{"rendered":"<p>La sc\u00e8ne des th\u00e9\u00e2tres de soci\u00e9t\u00e9. Des Lumi\u00e8res aux Humanit\u00e9s num\u00e9riques 27-28 avril 2017 Universit\u00e9 de Lausanne Amphip\u00f4le, salle 340 Organisation: Valentina Ponzetto Programme Jeudi 27 avril 2017 9h00 : Valentina Ponzetto (FNS\/Lausanne) &#8211; Introduction g\u00e9n\u00e9rale 9h25\u00a0: Marie-Emmanuelle Plagnol Di\u00e9val (UPEC) \u2013 Avant-propos\u00a0: \u00ab\u00a0\u00c9tat des lieux de la recherche sur les th\u00e9\u00e2tres de soci\u00e9t\u00e9\u00a0\u00bb. La [&hellip;]<\/p>\n","protected":false},"author":2,"featured_media":3601,"comment_status":"closed","ping_status":"open","sticky":false,"template":"","format":"standard","meta":{"footnotes":""},"categories":[42,27],"tags":[],"class_list":{"0":"post-2249","1":"post","2":"type-post","3":"status-publish","4":"format-standard","5":"has-post-thumbnail","7":"category-actualite","8":"category-colloques","9":"czr-hentry"},"yoast_head":"<!-- This site is optimized with the Yoast SEO plugin v26.9 - https:\/\/yoast.com\/product\/yoast-seo-wordpress\/ -->\n<title>La sc\u00e8ne des th\u00e9\u00e2tres de soci\u00e9t\u00e9 - Schweizerische Gesellschaft f\u00fcr die Erforschung des 18. Jahrhunderts (SGEAJ - SSEDS)<\/title>\n<meta name=\"robots\" content=\"index, follow, max-snippet:-1, max-image-preview:large, max-video-preview:-1\" \/>\n<link rel=\"canonical\" href=\"https:\/\/www.sgeaj.ch\/fr\/actualite\/colloques\/colloque-scene-theatres-de-societe-2017\/\" \/>\n<meta name=\"twitter:label1\" content=\"\u00c9crit par\" \/>\n\t<meta name=\"twitter:data1\" content=\"SGEAJ\" \/>\n\t<meta name=\"twitter:label2\" content=\"Dur\u00e9e de lecture estim\u00e9e\" \/>\n\t<meta name=\"twitter:data2\" content=\"2 minutes\" \/>\n<script type=\"application\/ld+json\" class=\"yoast-schema-graph\">{\"@context\":\"https:\/\/schema.org\",\"@graph\":[{\"@type\":\"Article\",\"@id\":\"https:\/\/www.sgeaj.ch\/fr\/actualite\/colloques\/colloque-scene-theatres-de-societe-2017\/#article\",\"isPartOf\":{\"@id\":\"https:\/\/www.sgeaj.ch\/fr\/actualite\/colloques\/colloque-scene-theatres-de-societe-2017\/\"},\"author\":{\"name\":\"SGEAJ\",\"@id\":\"https:\/\/www.sgeaj.ch\/fr\/#\/schema\/person\/6bd2b59ee4319b4a54912921450cebf6\"},\"headline\":\"La sc\u00e8ne des th\u00e9\u00e2tres de soci\u00e9t\u00e9\",\"datePublished\":\"2017-03-08T14:25:02+00:00\",\"dateModified\":\"2021-04-11T14:17:52+00:00\",\"mainEntityOfPage\":{\"@id\":\"https:\/\/www.sgeaj.ch\/fr\/actualite\/colloques\/colloque-scene-theatres-de-societe-2017\/\"},\"wordCount\":434,\"publisher\":{\"@id\":\"https:\/\/www.sgeaj.ch\/fr\/#organization\"},\"image\":{\"@id\":\"https:\/\/www.sgeaj.ch\/fr\/actualite\/colloques\/colloque-scene-theatres-de-societe-2017\/#primaryimage\"},\"thumbnailUrl\":\"https:\/\/www.sgeaj.ch\/wp-content\/uploads\/2017\/03\/2017.04-Colloque-theatre-de-societe.jpg\",\"articleSection\":[\"Actualit\u00e9\",\"Colloques\"],\"inLanguage\":\"fr-FR\"},{\"@type\":\"WebPage\",\"@id\":\"https:\/\/www.sgeaj.ch\/fr\/actualite\/colloques\/colloque-scene-theatres-de-societe-2017\/\",\"url\":\"https:\/\/www.sgeaj.ch\/fr\/actualite\/colloques\/colloque-scene-theatres-de-societe-2017\/\",\"name\":\"La sc\u00e8ne des th\u00e9\u00e2tres de soci\u00e9t\u00e9 - Schweizerische Gesellschaft f\u00fcr die Erforschung des 18. Jahrhunderts (SGEAJ - SSEDS)\",\"isPartOf\":{\"@id\":\"https:\/\/www.sgeaj.ch\/fr\/#website\"},\"primaryImageOfPage\":{\"@id\":\"https:\/\/www.sgeaj.ch\/fr\/actualite\/colloques\/colloque-scene-theatres-de-societe-2017\/#primaryimage\"},\"image\":{\"@id\":\"https:\/\/www.sgeaj.ch\/fr\/actualite\/colloques\/colloque-scene-theatres-de-societe-2017\/#primaryimage\"},\"thumbnailUrl\":\"https:\/\/www.sgeaj.ch\/wp-content\/uploads\/2017\/03\/2017.04-Colloque-theatre-de-societe.jpg\",\"datePublished\":\"2017-03-08T14:25:02+00:00\",\"dateModified\":\"2021-04-11T14:17:52+00:00\",\"inLanguage\":\"fr-FR\",\"potentialAction\":[{\"@type\":\"ReadAction\",\"target\":[\"https:\/\/www.sgeaj.ch\/fr\/actualite\/colloques\/colloque-scene-theatres-de-societe-2017\/\"]}]},{\"@type\":\"ImageObject\",\"inLanguage\":\"fr-FR\",\"@id\":\"https:\/\/www.sgeaj.ch\/fr\/actualite\/colloques\/colloque-scene-theatres-de-societe-2017\/#primaryimage\",\"url\":\"https:\/\/www.sgeaj.ch\/wp-content\/uploads\/2017\/03\/2017.04-Colloque-theatre-de-societe.jpg\",\"contentUrl\":\"https:\/\/www.sgeaj.ch\/wp-content\/uploads\/2017\/03\/2017.04-Colloque-theatre-de-societe.jpg\",\"width\":575,\"height\":437},{\"@type\":\"WebSite\",\"@id\":\"https:\/\/www.sgeaj.ch\/fr\/#website\",\"url\":\"https:\/\/www.sgeaj.ch\/fr\/\",\"name\":\"Schweizerische Gesellschaft f\u00fcr die Erforschung des 18. Jahrhunderts (SGEAJ - SSEDS)\",\"description\":\"Schweizerische Gesellschaft f\u00fcr die Erforschung des 18. Jahrhunderts\",\"publisher\":{\"@id\":\"https:\/\/www.sgeaj.ch\/fr\/#organization\"},\"potentialAction\":[{\"@type\":\"SearchAction\",\"target\":{\"@type\":\"EntryPoint\",\"urlTemplate\":\"https:\/\/www.sgeaj.ch\/fr\/?s={search_term_string}\"},\"query-input\":{\"@type\":\"PropertyValueSpecification\",\"valueRequired\":true,\"valueName\":\"search_term_string\"}}],\"inLanguage\":\"fr-FR\"},{\"@type\":\"Organization\",\"@id\":\"https:\/\/www.sgeaj.ch\/fr\/#organization\",\"name\":\"Schweizerische Gesellschaft f\u00fcr die Erforschung des 18. Jahrhunderts (SGEAJ - SSEDS)\",\"url\":\"https:\/\/www.sgeaj.ch\/fr\/\",\"logo\":{\"@type\":\"ImageObject\",\"inLanguage\":\"fr-FR\",\"@id\":\"https:\/\/www.sgeaj.ch\/fr\/#\/schema\/logo\/image\/\",\"url\":\"https:\/\/www.sgeaj.ch\/wp-content\/uploads\/2021\/06\/cropped-logo-xviiies-horiz-abreuviations-bleues.png\",\"contentUrl\":\"https:\/\/www.sgeaj.ch\/wp-content\/uploads\/2021\/06\/cropped-logo-xviiies-horiz-abreuviations-bleues.png\",\"width\":659,\"height\":335,\"caption\":\"Schweizerische Gesellschaft f\u00fcr die Erforschung des 18. Jahrhunderts (SGEAJ - SSEDS)\"},\"image\":{\"@id\":\"https:\/\/www.sgeaj.ch\/fr\/#\/schema\/logo\/image\/\"}},{\"@type\":\"Person\",\"@id\":\"https:\/\/www.sgeaj.ch\/fr\/#\/schema\/person\/6bd2b59ee4319b4a54912921450cebf6\",\"name\":\"SGEAJ\",\"url\":\"https:\/\/www.sgeaj.ch\/fr\/author\/sgeaj\/\"}]}<\/script>\n<!-- \/ Yoast SEO plugin. -->","yoast_head_json":{"title":"La sc\u00e8ne des th\u00e9\u00e2tres de soci\u00e9t\u00e9 - Schweizerische Gesellschaft f\u00fcr die Erforschung des 18. Jahrhunderts (SGEAJ - SSEDS)","robots":{"index":"index","follow":"follow","max-snippet":"max-snippet:-1","max-image-preview":"max-image-preview:large","max-video-preview":"max-video-preview:-1"},"canonical":"https:\/\/www.sgeaj.ch\/fr\/actualite\/colloques\/colloque-scene-theatres-de-societe-2017\/","twitter_misc":{"\u00c9crit par":"SGEAJ","Dur\u00e9e de lecture estim\u00e9e":"2 minutes"},"schema":{"@context":"https:\/\/schema.org","@graph":[{"@type":"Article","@id":"https:\/\/www.sgeaj.ch\/fr\/actualite\/colloques\/colloque-scene-theatres-de-societe-2017\/#article","isPartOf":{"@id":"https:\/\/www.sgeaj.ch\/fr\/actualite\/colloques\/colloque-scene-theatres-de-societe-2017\/"},"author":{"name":"SGEAJ","@id":"https:\/\/www.sgeaj.ch\/fr\/#\/schema\/person\/6bd2b59ee4319b4a54912921450cebf6"},"headline":"La sc\u00e8ne des th\u00e9\u00e2tres de soci\u00e9t\u00e9","datePublished":"2017-03-08T14:25:02+00:00","dateModified":"2021-04-11T14:17:52+00:00","mainEntityOfPage":{"@id":"https:\/\/www.sgeaj.ch\/fr\/actualite\/colloques\/colloque-scene-theatres-de-societe-2017\/"},"wordCount":434,"publisher":{"@id":"https:\/\/www.sgeaj.ch\/fr\/#organization"},"image":{"@id":"https:\/\/www.sgeaj.ch\/fr\/actualite\/colloques\/colloque-scene-theatres-de-societe-2017\/#primaryimage"},"thumbnailUrl":"https:\/\/www.sgeaj.ch\/wp-content\/uploads\/2017\/03\/2017.04-Colloque-theatre-de-societe.jpg","articleSection":["Actualit\u00e9","Colloques"],"inLanguage":"fr-FR"},{"@type":"WebPage","@id":"https:\/\/www.sgeaj.ch\/fr\/actualite\/colloques\/colloque-scene-theatres-de-societe-2017\/","url":"https:\/\/www.sgeaj.ch\/fr\/actualite\/colloques\/colloque-scene-theatres-de-societe-2017\/","name":"La sc\u00e8ne des th\u00e9\u00e2tres de soci\u00e9t\u00e9 - Schweizerische Gesellschaft f\u00fcr die Erforschung des 18. Jahrhunderts (SGEAJ - SSEDS)","isPartOf":{"@id":"https:\/\/www.sgeaj.ch\/fr\/#website"},"primaryImageOfPage":{"@id":"https:\/\/www.sgeaj.ch\/fr\/actualite\/colloques\/colloque-scene-theatres-de-societe-2017\/#primaryimage"},"image":{"@id":"https:\/\/www.sgeaj.ch\/fr\/actualite\/colloques\/colloque-scene-theatres-de-societe-2017\/#primaryimage"},"thumbnailUrl":"https:\/\/www.sgeaj.ch\/wp-content\/uploads\/2017\/03\/2017.04-Colloque-theatre-de-societe.jpg","datePublished":"2017-03-08T14:25:02+00:00","dateModified":"2021-04-11T14:17:52+00:00","inLanguage":"fr-FR","potentialAction":[{"@type":"ReadAction","target":["https:\/\/www.sgeaj.ch\/fr\/actualite\/colloques\/colloque-scene-theatres-de-societe-2017\/"]}]},{"@type":"ImageObject","inLanguage":"fr-FR","@id":"https:\/\/www.sgeaj.ch\/fr\/actualite\/colloques\/colloque-scene-theatres-de-societe-2017\/#primaryimage","url":"https:\/\/www.sgeaj.ch\/wp-content\/uploads\/2017\/03\/2017.04-Colloque-theatre-de-societe.jpg","contentUrl":"https:\/\/www.sgeaj.ch\/wp-content\/uploads\/2017\/03\/2017.04-Colloque-theatre-de-societe.jpg","width":575,"height":437},{"@type":"WebSite","@id":"https:\/\/www.sgeaj.ch\/fr\/#website","url":"https:\/\/www.sgeaj.ch\/fr\/","name":"Schweizerische Gesellschaft f\u00fcr die Erforschung des 18. Jahrhunderts (SGEAJ - SSEDS)","description":"Schweizerische Gesellschaft f\u00fcr die Erforschung des 18. Jahrhunderts","publisher":{"@id":"https:\/\/www.sgeaj.ch\/fr\/#organization"},"potentialAction":[{"@type":"SearchAction","target":{"@type":"EntryPoint","urlTemplate":"https:\/\/www.sgeaj.ch\/fr\/?s={search_term_string}"},"query-input":{"@type":"PropertyValueSpecification","valueRequired":true,"valueName":"search_term_string"}}],"inLanguage":"fr-FR"},{"@type":"Organization","@id":"https:\/\/www.sgeaj.ch\/fr\/#organization","name":"Schweizerische Gesellschaft f\u00fcr die Erforschung des 18. Jahrhunderts (SGEAJ - SSEDS)","url":"https:\/\/www.sgeaj.ch\/fr\/","logo":{"@type":"ImageObject","inLanguage":"fr-FR","@id":"https:\/\/www.sgeaj.ch\/fr\/#\/schema\/logo\/image\/","url":"https:\/\/www.sgeaj.ch\/wp-content\/uploads\/2021\/06\/cropped-logo-xviiies-horiz-abreuviations-bleues.png","contentUrl":"https:\/\/www.sgeaj.ch\/wp-content\/uploads\/2021\/06\/cropped-logo-xviiies-horiz-abreuviations-bleues.png","width":659,"height":335,"caption":"Schweizerische Gesellschaft f\u00fcr die Erforschung des 18. Jahrhunderts (SGEAJ - SSEDS)"},"image":{"@id":"https:\/\/www.sgeaj.ch\/fr\/#\/schema\/logo\/image\/"}},{"@type":"Person","@id":"https:\/\/www.sgeaj.ch\/fr\/#\/schema\/person\/6bd2b59ee4319b4a54912921450cebf6","name":"SGEAJ","url":"https:\/\/www.sgeaj.ch\/fr\/author\/sgeaj\/"}]}},"_links":{"self":[{"href":"https:\/\/www.sgeaj.ch\/fr\/wp-json\/wp\/v2\/posts\/2249","targetHints":{"allow":["GET"]}}],"collection":[{"href":"https:\/\/www.sgeaj.ch\/fr\/wp-json\/wp\/v2\/posts"}],"about":[{"href":"https:\/\/www.sgeaj.ch\/fr\/wp-json\/wp\/v2\/types\/post"}],"author":[{"embeddable":true,"href":"https:\/\/www.sgeaj.ch\/fr\/wp-json\/wp\/v2\/users\/2"}],"replies":[{"embeddable":true,"href":"https:\/\/www.sgeaj.ch\/fr\/wp-json\/wp\/v2\/comments?post=2249"}],"version-history":[{"count":8,"href":"https:\/\/www.sgeaj.ch\/fr\/wp-json\/wp\/v2\/posts\/2249\/revisions"}],"predecessor-version":[{"id":6223,"href":"https:\/\/www.sgeaj.ch\/fr\/wp-json\/wp\/v2\/posts\/2249\/revisions\/6223"}],"wp:featuredmedia":[{"embeddable":true,"href":"https:\/\/www.sgeaj.ch\/fr\/wp-json\/wp\/v2\/media\/3601"}],"wp:attachment":[{"href":"https:\/\/www.sgeaj.ch\/fr\/wp-json\/wp\/v2\/media?parent=2249"}],"wp:term":[{"taxonomy":"category","embeddable":true,"href":"https:\/\/www.sgeaj.ch\/fr\/wp-json\/wp\/v2\/categories?post=2249"},{"taxonomy":"post_tag","embeddable":true,"href":"https:\/\/www.sgeaj.ch\/fr\/wp-json\/wp\/v2\/tags?post=2249"}],"curies":[{"name":"wp","href":"https:\/\/api.w.org\/{rel}","templated":true}]}}