{"id":2277,"date":"2017-05-08T11:49:07","date_gmt":"2017-05-08T09:49:07","guid":{"rendered":"https:\/\/www.sgeaj.ch\/fr\/grande-expositions-germaine-de-stael-benjamin-constant-lesprit-de-liberte\/"},"modified":"2021-04-03T17:44:06","modified_gmt":"2021-04-03T15:44:06","slug":"exposition-germaine-de-stael-benjamin-constant","status":"publish","type":"post","link":"https:\/\/www.sgeaj.ch\/fr\/actualite\/exposition-germaine-de-stael-benjamin-constant\/","title":{"rendered":"Germaine de Sta\u00ebl et Benjamin Constant"},"content":{"rendered":"\n<h2 class=\"wp-block-heading\">Exposition sur Germaine de Sta\u00ebl et Benjamin Constant, \u00e0 la Fondation Bodmer, 20 mai-1er oct. 2017<\/h2>\n\n\n<p><em><strong>\u00ab\u00a0L\u2019esprit de libert\u00e9\u00a0\u00bb<br>\n<\/strong><\/em><\/p>\n<p><em><strong>du 20 mai 2017 au 1<sup>er<\/sup> octobre 2017<\/strong><\/em><\/p>\n<p><strong>L\u2019ann\u00e9e 2017 sera marqu\u00e9e par un double anniversaire exceptionnel, puisque l\u2019on comm\u00e9morera \u00e0 la fois le bicentenaire de la mort de Germaine de Sta\u00ebl (Paris, 14&nbsp;juillet 1817) et les 250 ans de la naissance de Benjamin Constant (Lausanne, 25&nbsp;octobre 1767)<\/strong>.<\/p>\n<p><a href=\"https:\/\/www.sgeaj.ch\/wp-content\/uploads\/2017\/05\/2017-livre-Stael-Constant-couv.jpg\"><img loading=\"lazy\" decoding=\"async\" class=\"alignright size-medium wp-image-3052\" src=\"https:\/\/www.sgeaj.ch\/wp-content\/uploads\/2017\/05\/2017-livre-Stael-Constant-couv-236x300.jpg\" alt=\"\" width=\"236\" height=\"300\" srcset=\"https:\/\/www.sgeaj.ch\/wp-content\/uploads\/2017\/05\/2017-livre-Stael-Constant-couv-236x300.jpg 236w, https:\/\/www.sgeaj.ch\/wp-content\/uploads\/2017\/05\/2017-livre-Stael-Constant-couv-118x150.jpg 118w, https:\/\/www.sgeaj.ch\/wp-content\/uploads\/2017\/05\/2017-livre-Stael-Constant-couv.jpg 628w\" sizes=\"auto, (max-width: 236px) 100vw, 236px\" \/><\/a>Cette co\u00efncidence de calendrier est une occasion id\u00e9ale de mettre en valeur la trajectoire mouvement\u00e9e et l\u2019\u0153uvre foisonnante de ce \u00ab&nbsp;couple&nbsp;\u00bb qui compte parmi les plus c\u00e9l\u00e8bres de l\u2019histoire litt\u00e9raire et politique du monde francophone. Pionniers du romantisme et du lib\u00e9ralisme, pr\u00e9curseurs de l\u2019\u00e9criture intime, penseurs majeurs de la modernit\u00e9, Germaine de Sta\u00ebl et Benjamin Constant ont jou\u00e9 un r\u00f4le d\u00e9cisif dans la vie intellectuelle de leur temps, au tournant des XVIII<sup>e<\/sup> et XIX<sup>e<\/sup>&nbsp;si\u00e8cles.<\/p>\n<p>Pour c\u00e9l\u00e9brer ce double anniversaire, la Fondation Martin Bodmer accueillera une exposition cr\u00e9\u00e9e en collaboration avec l\u2019Institut Benjamin Constant (Universit\u00e9 de Lausanne) et la Soci\u00e9t\u00e9 des \u00e9tudes sta\u00ebliennes (Paris). Elle retracera l\u2019itin\u00e9raire de ces deux grandes figures, en mettant en \u00e9vidence la multiplicit\u00e9 de leurs engagements (combat en faveur des libert\u00e9s individuelles, opposition \u00e0 Napol\u00e9on, valorisation de la culture allemande\u2026), ainsi que la richesse de leurs id\u00e9es, lesquelles sont encore d\u2019une \u00e9tonnante actualit\u00e9.<\/p>\n<p>Mettant \u00e0 profit diff\u00e9rents types de supports (manuscrits, livres anciens, tableaux, gravures, objets\u2026), ce parcours permettra d\u2019\u00e9clairer de mani\u00e8re renouvel\u00e9e, \u00e0 travers deux destins crois\u00e9s, une p\u00e9riode charni\u00e8re durant laquelle s\u2019est dessin\u00e9 l\u2019avenir de l\u2019Europe, entre Lumi\u00e8res, R\u00e9volution, Empire et Restauration.<\/p>\n<p>\u00ab\u00a0Germaine de Sta\u00ebl et Benjamin Constant, l&rsquo;esprit de libert\u00e9\u00a0\u00bb, catalogue de l&rsquo;exposition sous la direction de L\u00e9onard Burnand, St\u00e9phanie Genand, Catriona Seth, 2017.<\/p>\n<p>\u2192 <a href=\"http:\/\/fondationbodmer.ch\/expositions-temporaires\/germaine-de-stael-et-benjamin-constant\/\" target=\"_blank\" rel=\"noopener noreferrer\">Site de la Fondation Bodmer<\/a><br>\n\u2192&nbsp;<a href=\"https:\/\/www.sgeaj.ch\/wp-content\/uploads\/2017\/05\/2017_05_20_Expo_Bodmer1-1.pdf\">Affiche de l&rsquo;exposition<br>\n<\/a>\u2192&nbsp;<a href=\"https:\/\/www.sgeaj.ch\/wp-content\/uploads\/2017\/05\/2017_05_20_Expo_Bodmer3.pdf\">Livre-catalogue de l&rsquo;exposition (sommaire)<\/a> \/ <a href=\"http:\/\/www.editions-perrin.fr\/livre\/germaine-de-stael-et-benjamin-constant-l-esprit-de-liberte\/9782262070120\" target=\"_blank\" rel=\"noopener noreferrer\">Commander le catalogue<\/a><\/p>\n<p>\u2192&nbsp;<a href=\"https:\/\/www.sgeaj.ch\/wp-content\/uploads\/2017\/05\/2017_06_12.pdf\">Article du Temps (10 juin 2017)<\/a><\/p>","protected":false},"excerpt":{"rendered":"<p>Exposition sur Germaine de Sta\u00ebl et Benjamin Constant, \u00e0 la Fondation Bodmer, 20 mai-1er oct. 2017 \u00ab\u00a0L\u2019esprit de libert\u00e9\u00a0\u00bb du 20 mai 2017 au 1er octobre 2017 L\u2019ann\u00e9e 2017 sera marqu\u00e9e par un double anniversaire exceptionnel, puisque l\u2019on comm\u00e9morera \u00e0 la fois le bicentenaire de la mort de Germaine de Sta\u00ebl (Paris, 14&nbsp;juillet 1817) et [&hellip;]<\/p>\n","protected":false},"author":2,"featured_media":3735,"comment_status":"closed","ping_status":"open","sticky":false,"template":"","format":"standard","meta":{"footnotes":""},"categories":[42,55],"tags":[],"class_list":{"0":"post-2277","1":"post","2":"type-post","3":"status-publish","4":"format-standard","5":"has-post-thumbnail","7":"category-actualite","8":"category-expositions","9":"czr-hentry"},"yoast_head":"<!-- This site is optimized with the Yoast SEO plugin v26.9 - https:\/\/yoast.com\/product\/yoast-seo-wordpress\/ -->\n<title>Germaine de Sta\u00ebl et Benjamin Constant - Schweizerische Gesellschaft f\u00fcr die Erforschung des 18. Jahrhunderts (SGEAJ - SSEDS)<\/title>\n<meta name=\"robots\" content=\"index, follow, max-snippet:-1, max-image-preview:large, max-video-preview:-1\" \/>\n<link rel=\"canonical\" href=\"https:\/\/www.sgeaj.ch\/fr\/actualite\/exposition-germaine-de-stael-benjamin-constant\/\" \/>\n<meta name=\"twitter:label1\" content=\"\u00c9crit par\" \/>\n\t<meta name=\"twitter:data1\" content=\"SGEAJ\" \/>\n\t<meta name=\"twitter:label2\" content=\"Dur\u00e9e de lecture estim\u00e9e\" \/>\n\t<meta name=\"twitter:data2\" content=\"2 minutes\" \/>\n<script type=\"application\/ld+json\" class=\"yoast-schema-graph\">{\"@context\":\"https:\/\/schema.org\",\"@graph\":[{\"@type\":\"Article\",\"@id\":\"https:\/\/www.sgeaj.ch\/fr\/actualite\/exposition-germaine-de-stael-benjamin-constant\/#article\",\"isPartOf\":{\"@id\":\"https:\/\/www.sgeaj.ch\/fr\/actualite\/exposition-germaine-de-stael-benjamin-constant\/\"},\"author\":{\"name\":\"SGEAJ\",\"@id\":\"https:\/\/www.sgeaj.ch\/fr\/#\/schema\/person\/6bd2b59ee4319b4a54912921450cebf6\"},\"headline\":\"Germaine de Sta\u00ebl et Benjamin Constant\",\"datePublished\":\"2017-05-08T09:49:07+00:00\",\"dateModified\":\"2021-04-03T15:44:06+00:00\",\"mainEntityOfPage\":{\"@id\":\"https:\/\/www.sgeaj.ch\/fr\/actualite\/exposition-germaine-de-stael-benjamin-constant\/\"},\"wordCount\":353,\"publisher\":{\"@id\":\"https:\/\/www.sgeaj.ch\/fr\/#organization\"},\"image\":{\"@id\":\"https:\/\/www.sgeaj.ch\/fr\/actualite\/exposition-germaine-de-stael-benjamin-constant\/#primaryimage\"},\"thumbnailUrl\":\"https:\/\/www.sgeaj.ch\/wp-content\/uploads\/2017\/05\/2017-livre-Stael-Constant-couv.jpg\",\"articleSection\":[\"Actualit\u00e9\",\"Expositions\"],\"inLanguage\":\"fr-FR\"},{\"@type\":\"WebPage\",\"@id\":\"https:\/\/www.sgeaj.ch\/fr\/actualite\/exposition-germaine-de-stael-benjamin-constant\/\",\"url\":\"https:\/\/www.sgeaj.ch\/fr\/actualite\/exposition-germaine-de-stael-benjamin-constant\/\",\"name\":\"Germaine de Sta\u00ebl et Benjamin Constant - Schweizerische Gesellschaft f\u00fcr die Erforschung des 18. Jahrhunderts (SGEAJ - SSEDS)\",\"isPartOf\":{\"@id\":\"https:\/\/www.sgeaj.ch\/fr\/#website\"},\"primaryImageOfPage\":{\"@id\":\"https:\/\/www.sgeaj.ch\/fr\/actualite\/exposition-germaine-de-stael-benjamin-constant\/#primaryimage\"},\"image\":{\"@id\":\"https:\/\/www.sgeaj.ch\/fr\/actualite\/exposition-germaine-de-stael-benjamin-constant\/#primaryimage\"},\"thumbnailUrl\":\"https:\/\/www.sgeaj.ch\/wp-content\/uploads\/2017\/05\/2017-livre-Stael-Constant-couv.jpg\",\"datePublished\":\"2017-05-08T09:49:07+00:00\",\"dateModified\":\"2021-04-03T15:44:06+00:00\",\"inLanguage\":\"fr-FR\",\"potentialAction\":[{\"@type\":\"ReadAction\",\"target\":[\"https:\/\/www.sgeaj.ch\/fr\/actualite\/exposition-germaine-de-stael-benjamin-constant\/\"]}]},{\"@type\":\"ImageObject\",\"inLanguage\":\"fr-FR\",\"@id\":\"https:\/\/www.sgeaj.ch\/fr\/actualite\/exposition-germaine-de-stael-benjamin-constant\/#primaryimage\",\"url\":\"https:\/\/www.sgeaj.ch\/wp-content\/uploads\/2017\/05\/2017-livre-Stael-Constant-couv.jpg\",\"contentUrl\":\"https:\/\/www.sgeaj.ch\/wp-content\/uploads\/2017\/05\/2017-livre-Stael-Constant-couv.jpg\",\"width\":628,\"height\":800},{\"@type\":\"WebSite\",\"@id\":\"https:\/\/www.sgeaj.ch\/fr\/#website\",\"url\":\"https:\/\/www.sgeaj.ch\/fr\/\",\"name\":\"Schweizerische Gesellschaft f\u00fcr die Erforschung des 18. Jahrhunderts (SGEAJ - SSEDS)\",\"description\":\"Schweizerische Gesellschaft f\u00fcr die Erforschung des 18. Jahrhunderts\",\"publisher\":{\"@id\":\"https:\/\/www.sgeaj.ch\/fr\/#organization\"},\"potentialAction\":[{\"@type\":\"SearchAction\",\"target\":{\"@type\":\"EntryPoint\",\"urlTemplate\":\"https:\/\/www.sgeaj.ch\/fr\/?s={search_term_string}\"},\"query-input\":{\"@type\":\"PropertyValueSpecification\",\"valueRequired\":true,\"valueName\":\"search_term_string\"}}],\"inLanguage\":\"fr-FR\"},{\"@type\":\"Organization\",\"@id\":\"https:\/\/www.sgeaj.ch\/fr\/#organization\",\"name\":\"Schweizerische Gesellschaft f\u00fcr die Erforschung des 18. Jahrhunderts (SGEAJ - SSEDS)\",\"url\":\"https:\/\/www.sgeaj.ch\/fr\/\",\"logo\":{\"@type\":\"ImageObject\",\"inLanguage\":\"fr-FR\",\"@id\":\"https:\/\/www.sgeaj.ch\/fr\/#\/schema\/logo\/image\/\",\"url\":\"https:\/\/www.sgeaj.ch\/wp-content\/uploads\/2021\/06\/cropped-logo-xviiies-horiz-abreuviations-bleues.png\",\"contentUrl\":\"https:\/\/www.sgeaj.ch\/wp-content\/uploads\/2021\/06\/cropped-logo-xviiies-horiz-abreuviations-bleues.png\",\"width\":659,\"height\":335,\"caption\":\"Schweizerische Gesellschaft f\u00fcr die Erforschung des 18. Jahrhunderts (SGEAJ - SSEDS)\"},\"image\":{\"@id\":\"https:\/\/www.sgeaj.ch\/fr\/#\/schema\/logo\/image\/\"}},{\"@type\":\"Person\",\"@id\":\"https:\/\/www.sgeaj.ch\/fr\/#\/schema\/person\/6bd2b59ee4319b4a54912921450cebf6\",\"name\":\"SGEAJ\",\"url\":\"https:\/\/www.sgeaj.ch\/fr\/author\/sgeaj\/\"}]}<\/script>\n<!-- \/ Yoast SEO plugin. -->","yoast_head_json":{"title":"Germaine de Sta\u00ebl et Benjamin Constant - Schweizerische Gesellschaft f\u00fcr die Erforschung des 18. Jahrhunderts (SGEAJ - SSEDS)","robots":{"index":"index","follow":"follow","max-snippet":"max-snippet:-1","max-image-preview":"max-image-preview:large","max-video-preview":"max-video-preview:-1"},"canonical":"https:\/\/www.sgeaj.ch\/fr\/actualite\/exposition-germaine-de-stael-benjamin-constant\/","twitter_misc":{"\u00c9crit par":"SGEAJ","Dur\u00e9e de lecture estim\u00e9e":"2 minutes"},"schema":{"@context":"https:\/\/schema.org","@graph":[{"@type":"Article","@id":"https:\/\/www.sgeaj.ch\/fr\/actualite\/exposition-germaine-de-stael-benjamin-constant\/#article","isPartOf":{"@id":"https:\/\/www.sgeaj.ch\/fr\/actualite\/exposition-germaine-de-stael-benjamin-constant\/"},"author":{"name":"SGEAJ","@id":"https:\/\/www.sgeaj.ch\/fr\/#\/schema\/person\/6bd2b59ee4319b4a54912921450cebf6"},"headline":"Germaine de Sta\u00ebl et Benjamin Constant","datePublished":"2017-05-08T09:49:07+00:00","dateModified":"2021-04-03T15:44:06+00:00","mainEntityOfPage":{"@id":"https:\/\/www.sgeaj.ch\/fr\/actualite\/exposition-germaine-de-stael-benjamin-constant\/"},"wordCount":353,"publisher":{"@id":"https:\/\/www.sgeaj.ch\/fr\/#organization"},"image":{"@id":"https:\/\/www.sgeaj.ch\/fr\/actualite\/exposition-germaine-de-stael-benjamin-constant\/#primaryimage"},"thumbnailUrl":"https:\/\/www.sgeaj.ch\/wp-content\/uploads\/2017\/05\/2017-livre-Stael-Constant-couv.jpg","articleSection":["Actualit\u00e9","Expositions"],"inLanguage":"fr-FR"},{"@type":"WebPage","@id":"https:\/\/www.sgeaj.ch\/fr\/actualite\/exposition-germaine-de-stael-benjamin-constant\/","url":"https:\/\/www.sgeaj.ch\/fr\/actualite\/exposition-germaine-de-stael-benjamin-constant\/","name":"Germaine de Sta\u00ebl et Benjamin Constant - Schweizerische Gesellschaft f\u00fcr die Erforschung des 18. Jahrhunderts (SGEAJ - SSEDS)","isPartOf":{"@id":"https:\/\/www.sgeaj.ch\/fr\/#website"},"primaryImageOfPage":{"@id":"https:\/\/www.sgeaj.ch\/fr\/actualite\/exposition-germaine-de-stael-benjamin-constant\/#primaryimage"},"image":{"@id":"https:\/\/www.sgeaj.ch\/fr\/actualite\/exposition-germaine-de-stael-benjamin-constant\/#primaryimage"},"thumbnailUrl":"https:\/\/www.sgeaj.ch\/wp-content\/uploads\/2017\/05\/2017-livre-Stael-Constant-couv.jpg","datePublished":"2017-05-08T09:49:07+00:00","dateModified":"2021-04-03T15:44:06+00:00","inLanguage":"fr-FR","potentialAction":[{"@type":"ReadAction","target":["https:\/\/www.sgeaj.ch\/fr\/actualite\/exposition-germaine-de-stael-benjamin-constant\/"]}]},{"@type":"ImageObject","inLanguage":"fr-FR","@id":"https:\/\/www.sgeaj.ch\/fr\/actualite\/exposition-germaine-de-stael-benjamin-constant\/#primaryimage","url":"https:\/\/www.sgeaj.ch\/wp-content\/uploads\/2017\/05\/2017-livre-Stael-Constant-couv.jpg","contentUrl":"https:\/\/www.sgeaj.ch\/wp-content\/uploads\/2017\/05\/2017-livre-Stael-Constant-couv.jpg","width":628,"height":800},{"@type":"WebSite","@id":"https:\/\/www.sgeaj.ch\/fr\/#website","url":"https:\/\/www.sgeaj.ch\/fr\/","name":"Schweizerische Gesellschaft f\u00fcr die Erforschung des 18. Jahrhunderts (SGEAJ - SSEDS)","description":"Schweizerische Gesellschaft f\u00fcr die Erforschung des 18. Jahrhunderts","publisher":{"@id":"https:\/\/www.sgeaj.ch\/fr\/#organization"},"potentialAction":[{"@type":"SearchAction","target":{"@type":"EntryPoint","urlTemplate":"https:\/\/www.sgeaj.ch\/fr\/?s={search_term_string}"},"query-input":{"@type":"PropertyValueSpecification","valueRequired":true,"valueName":"search_term_string"}}],"inLanguage":"fr-FR"},{"@type":"Organization","@id":"https:\/\/www.sgeaj.ch\/fr\/#organization","name":"Schweizerische Gesellschaft f\u00fcr die Erforschung des 18. Jahrhunderts (SGEAJ - SSEDS)","url":"https:\/\/www.sgeaj.ch\/fr\/","logo":{"@type":"ImageObject","inLanguage":"fr-FR","@id":"https:\/\/www.sgeaj.ch\/fr\/#\/schema\/logo\/image\/","url":"https:\/\/www.sgeaj.ch\/wp-content\/uploads\/2021\/06\/cropped-logo-xviiies-horiz-abreuviations-bleues.png","contentUrl":"https:\/\/www.sgeaj.ch\/wp-content\/uploads\/2021\/06\/cropped-logo-xviiies-horiz-abreuviations-bleues.png","width":659,"height":335,"caption":"Schweizerische Gesellschaft f\u00fcr die Erforschung des 18. Jahrhunderts (SGEAJ - SSEDS)"},"image":{"@id":"https:\/\/www.sgeaj.ch\/fr\/#\/schema\/logo\/image\/"}},{"@type":"Person","@id":"https:\/\/www.sgeaj.ch\/fr\/#\/schema\/person\/6bd2b59ee4319b4a54912921450cebf6","name":"SGEAJ","url":"https:\/\/www.sgeaj.ch\/fr\/author\/sgeaj\/"}]}},"_links":{"self":[{"href":"https:\/\/www.sgeaj.ch\/fr\/wp-json\/wp\/v2\/posts\/2277","targetHints":{"allow":["GET"]}}],"collection":[{"href":"https:\/\/www.sgeaj.ch\/fr\/wp-json\/wp\/v2\/posts"}],"about":[{"href":"https:\/\/www.sgeaj.ch\/fr\/wp-json\/wp\/v2\/types\/post"}],"author":[{"embeddable":true,"href":"https:\/\/www.sgeaj.ch\/fr\/wp-json\/wp\/v2\/users\/2"}],"replies":[{"embeddable":true,"href":"https:\/\/www.sgeaj.ch\/fr\/wp-json\/wp\/v2\/comments?post=2277"}],"version-history":[{"count":13,"href":"https:\/\/www.sgeaj.ch\/fr\/wp-json\/wp\/v2\/posts\/2277\/revisions"}],"predecessor-version":[{"id":6055,"href":"https:\/\/www.sgeaj.ch\/fr\/wp-json\/wp\/v2\/posts\/2277\/revisions\/6055"}],"wp:featuredmedia":[{"embeddable":true,"href":"https:\/\/www.sgeaj.ch\/fr\/wp-json\/wp\/v2\/media\/3735"}],"wp:attachment":[{"href":"https:\/\/www.sgeaj.ch\/fr\/wp-json\/wp\/v2\/media?parent=2277"}],"wp:term":[{"taxonomy":"category","embeddable":true,"href":"https:\/\/www.sgeaj.ch\/fr\/wp-json\/wp\/v2\/categories?post=2277"},{"taxonomy":"post_tag","embeddable":true,"href":"https:\/\/www.sgeaj.ch\/fr\/wp-json\/wp\/v2\/tags?post=2277"}],"curies":[{"name":"wp","href":"https:\/\/api.w.org\/{rel}","templated":true}]}}