{"id":2303,"date":"2017-04-15T17:09:57","date_gmt":"2017-04-15T15:09:57","guid":{"rendered":"https:\/\/www.sgeaj.ch\/fr\/colloque-femininvisible-femmes-de-lettres-a-lepoque-lumieres-unil-11-13-mai-2017\/"},"modified":"2021-04-11T16:15:45","modified_gmt":"2021-04-11T14:15:45","slug":"colloque-femininvisible-femmes-de-lettres-a-lepoque-lumieres-unil-11-13-mai-2017","status":"publish","type":"post","link":"https:\/\/www.sgeaj.ch\/fr\/actualite\/colloques\/colloque-femininvisible-femmes-de-lettres-a-lepoque-lumieres-unil-11-13-mai-2017\/","title":{"rendered":"fe\u0301min|in|visible"},"content":{"rendered":"<div class=\"page\" title=\"Page 1\">\n<div class=\"layoutArea\">\n<div class=\"column\">\n<h2><strong>fe\u0301min|in|visible<\/strong><\/h2>\n<h2>Femmes de lettres a\u0300 l\u2019e\u0301poque des lumie\u0300res<\/h2>\n<p>Colloque international, Universite\u0301 de Lausanne, 11 \u2013 13 mai 2017<\/p>\n<p><strong>Jeudi 11 mai (Amphimax 340.1)<\/strong><\/p>\n<\/div>\n<\/div>\n<div class=\"layoutArea\">\n<div class=\"column\">\n<p>16h \u2013 17h&nbsp;Ple\u0301nie\u0300re d\u2019ouverture \/ Hilary Brown (University de Birmingham)<br \/>\nFemale Translators in History: Towards a \u2018Woman-Interrogated\u2019 Approach<\/p>\n<p>17h \u2013 17h30 Karen Seago (City University of London)<br \/>\nOn the Invisibility of Pre-feminist Translation Strategies, as Opposed to the Interventionist Strategies Associated with late 20C Feminist Translation.<\/p>\n<\/div>\n<div class=\"column\">\n<p><strong>Vendredi 12 mai (Amphimax 414)<\/strong><\/p>\n<\/div>\n<\/div>\n<\/div>\n<div class=\"page\" title=\"Page 2\">\n<div class=\"layoutArea\">\n<div class=\"column\">\n<p>9h \u2013 9h30&nbsp;Agnes Whitfield (York University Toronto)<br \/>\nE\u0301milie du Cha\u0302telet as Translator: Sociability and Agency in Contexts of Multiple (In)visibilities<\/p>\n<p>9h30 \u2013 10h&nbsp;Alexander Nebrig (Humboldt-Universita\u0308t zu Berlin)<br \/>\nVerdeckte Vermittlung. Friederike Helene Unger und die Kunst der anonymen Publikation<\/p>\n<p>11h \u2013 11h30&nbsp;Daniele Vecchiato (Humboldt-Universita\u0308t zu Berlin\/Universita\u0300 Ca\u2019 Foscari di Venezia)<br \/>\n\u201eWir haben uns gro\u00dfe Freyheiten mit unserm Original genommen\u201c. Benedikte Naubert als U\u0308bersetzerin zwischen Texttreue und Innovation<\/p>\n<p>11h30 \u2013 12h&nbsp;Angela Sanmann (Universite\u0301 de Lausanne)<br \/>\nWeltbu\u0308rgerin (in)visible : de\u0301guisement et diversion chez Fanny de Beauharnais et Sophie von La Roche<\/p>\n<p>14h \u2013 14h30&nbsp;Vale\u0301rie Cossy (Universite\u0301 de Lausanne)<br \/>\nTole\u0301rance et louvoiement selon Isabelle de Charrie\u0300re : traduire Elizabeth Inchbald au village quand on est femme des Lumie\u0300res (1797)<\/p>\n<p>14h30 \u2013 15h&nbsp;Simone Zurbuchen, Justine Roulin (Universite\u0301 de Lausanne)<br \/>\nMe\u0301tamorphoses de la sympathie : traduction et commentaire critique de la Theory of Moral Sentiments d\u2019Adam Smith par Sophie de Grouchy, Marquise de Condorcet<\/p>\n<p>15h \u2013 15h30&nbsp;Gabriele Ball (Herzog August Bibliothek Wolfenbu\u0308ttel)<br \/>\nDie Arbeitsbibliothek der kulturellen Vermittlerin Luise Gottsched. Englische Literatur im Catalogue de la bibliotheque choisie de feue Madame Gottsched, ne\u0301e Kulmus<\/p>\n<p>16h \u2013 16h30 Vera Gerling (Heinrich-Heine-Universita\u0308t Du\u0308sseldorf)<br \/>\nMeta Forkel-Liebeskind als U\u0308bersetzerin von Pierre Raymond de Brissons Histoire du naufrage et de la captivite\u0301 de M. de Brisson (1789) \u2013 zu Selbst- und Fremdwahrnehmung<\/p>\n<p>16h30 \u2013 17h&nbsp;Vera Gerling (Heinrich-Heine-Universita\u0308t Du\u0308sseldorf)<br \/>\nMeta Forkel-Liebeskind als U\u0308bersetzerin von Pierre Raymond de Brissons Histoire du naufrage et de la captivite\u0301 de M. de Brisson (1789) \u2013 zu Selbst- und Fremdwahrnehmung<\/p>\n<p><strong>Samedi 13 mai (Amphimax, 414)<\/strong><\/p>\n<\/div>\n<\/div>\n<\/div>\n<div class=\"page\" title=\"Page 3\">\n<div class=\"layoutArea\">\n<div class=\"column\">\n<p>9h \u2013 9h30&nbsp;Emily Paull (Universite\u0301 de Lausanne)<br \/>\nWriting Across Borders: Cultural-linguistic Transfer in the Correspondence of Germaine de Stae\u0308l and Fanny Burney<\/p>\n<p>9h30 \u2013 10h&nbsp;Camille Logoz (Universite\u0301 de Lausanne)<br \/>\nLa pseudo-traduction au fe\u0301minin : des femmes de papier aux femmes de lettres<\/p>\n<p>11h \u2013 11h30&nbsp;Ivana Lohrey (Universita\u0308t Augsburg)<br \/>\nMarie Leprince de Beaumont : une femme de lettres transfrontalie\u0300re<\/p>\n<p>11h30 \u2013 12h00&nbsp;Martine Hennard Dutheil de la Roche\u0300re (Universite\u0301 de Lausanne)<br \/>\nMadame de Beaumont auto-traductrice : l\u2019histoire sans fin des contes entre traduction et re\u0301e\u0301criture<\/p>\n<p>14h \u2013 15h Ple\u0301nie\u0300re de clo\u0302ture\/ Gillian Lathey (Roehampton University)<br \/>\nUnfolding Young Minds: Mary Wollstonecraft (1759-97) and Sarah Austin (1793-1867) as Translators of Children\u2019s Literature<\/p>\n<p>15h \u2013 15h30&nbsp;Discussion conclusive<\/p>\n<p>\u2192 <a href=\"https:\/\/www.sgeaj.ch\/wp-content\/uploads\/2017\/04\/2017.05-Colloque-femin_in_visible.pdf\">T\u00e9l\u00e9charger le programme.<\/a><\/p>\n<\/div>\n<\/div>\n<\/div>\n","protected":false},"excerpt":{"rendered":"<p>fe\u0301min|in|visible Femmes de lettres a\u0300 l\u2019e\u0301poque des lumie\u0300res Colloque international, Universite\u0301 de Lausanne, 11 \u2013 13 mai 2017 Jeudi 11 mai (Amphimax 340.1) 16h \u2013 17h&nbsp;Ple\u0301nie\u0300re d\u2019ouverture \/ Hilary Brown (University de Birmingham) Female Translators in History: Towards a \u2018Woman-Interrogated\u2019 Approach 17h \u2013 17h30 Karen Seago (City University of London) On the Invisibility of Pre-feminist [&hellip;]<\/p>\n","protected":false},"author":2,"featured_media":3519,"comment_status":"closed","ping_status":"open","sticky":false,"template":"","format":"standard","meta":{"footnotes":""},"categories":[42,27],"tags":[],"class_list":{"0":"post-2303","1":"post","2":"type-post","3":"status-publish","4":"format-standard","5":"has-post-thumbnail","7":"category-actualite","8":"category-colloques","9":"czr-hentry"},"yoast_head":"<!-- This site is optimized with the Yoast SEO plugin v26.9 - https:\/\/yoast.com\/product\/yoast-seo-wordpress\/ -->\n<title>fe\u0301min|in|visible - Schweizerische Gesellschaft f\u00fcr die Erforschung des 18. Jahrhunderts (SGEAJ - SSEDS)<\/title>\n<meta name=\"robots\" content=\"index, follow, max-snippet:-1, max-image-preview:large, max-video-preview:-1\" \/>\n<link rel=\"canonical\" href=\"https:\/\/www.sgeaj.ch\/fr\/actualite\/colloques\/colloque-femininvisible-femmes-de-lettres-a-lepoque-lumieres-unil-11-13-mai-2017\/\" \/>\n<meta name=\"twitter:label1\" content=\"\u00c9crit par\" \/>\n\t<meta name=\"twitter:data1\" content=\"SGEAJ\" \/>\n\t<meta name=\"twitter:label2\" content=\"Dur\u00e9e de lecture estim\u00e9e\" \/>\n\t<meta name=\"twitter:data2\" content=\"2 minutes\" \/>\n<script type=\"application\/ld+json\" class=\"yoast-schema-graph\">{\"@context\":\"https:\/\/schema.org\",\"@graph\":[{\"@type\":\"Article\",\"@id\":\"https:\/\/www.sgeaj.ch\/fr\/actualite\/colloques\/colloque-femininvisible-femmes-de-lettres-a-lepoque-lumieres-unil-11-13-mai-2017\/#article\",\"isPartOf\":{\"@id\":\"https:\/\/www.sgeaj.ch\/fr\/actualite\/colloques\/colloque-femininvisible-femmes-de-lettres-a-lepoque-lumieres-unil-11-13-mai-2017\/\"},\"author\":{\"name\":\"SGEAJ\",\"@id\":\"https:\/\/www.sgeaj.ch\/fr\/#\/schema\/person\/6bd2b59ee4319b4a54912921450cebf6\"},\"headline\":\"fe\u0301min|in|visible\",\"datePublished\":\"2017-04-15T15:09:57+00:00\",\"dateModified\":\"2021-04-11T14:15:45+00:00\",\"mainEntityOfPage\":{\"@id\":\"https:\/\/www.sgeaj.ch\/fr\/actualite\/colloques\/colloque-femininvisible-femmes-de-lettres-a-lepoque-lumieres-unil-11-13-mai-2017\/\"},\"wordCount\":477,\"publisher\":{\"@id\":\"https:\/\/www.sgeaj.ch\/fr\/#organization\"},\"image\":{\"@id\":\"https:\/\/www.sgeaj.ch\/fr\/actualite\/colloques\/colloque-femininvisible-femmes-de-lettres-a-lepoque-lumieres-unil-11-13-mai-2017\/#primaryimage\"},\"thumbnailUrl\":\"https:\/\/www.sgeaj.ch\/wp-content\/uploads\/2015\/11\/2015-MS_affiche_web.jpg\",\"articleSection\":[\"Actualit\u00e9\",\"Colloques\"],\"inLanguage\":\"fr-FR\"},{\"@type\":\"WebPage\",\"@id\":\"https:\/\/www.sgeaj.ch\/fr\/actualite\/colloques\/colloque-femininvisible-femmes-de-lettres-a-lepoque-lumieres-unil-11-13-mai-2017\/\",\"url\":\"https:\/\/www.sgeaj.ch\/fr\/actualite\/colloques\/colloque-femininvisible-femmes-de-lettres-a-lepoque-lumieres-unil-11-13-mai-2017\/\",\"name\":\"fe\u0301min|in|visible - Schweizerische Gesellschaft f\u00fcr die Erforschung des 18. Jahrhunderts (SGEAJ - SSEDS)\",\"isPartOf\":{\"@id\":\"https:\/\/www.sgeaj.ch\/fr\/#website\"},\"primaryImageOfPage\":{\"@id\":\"https:\/\/www.sgeaj.ch\/fr\/actualite\/colloques\/colloque-femininvisible-femmes-de-lettres-a-lepoque-lumieres-unil-11-13-mai-2017\/#primaryimage\"},\"image\":{\"@id\":\"https:\/\/www.sgeaj.ch\/fr\/actualite\/colloques\/colloque-femininvisible-femmes-de-lettres-a-lepoque-lumieres-unil-11-13-mai-2017\/#primaryimage\"},\"thumbnailUrl\":\"https:\/\/www.sgeaj.ch\/wp-content\/uploads\/2015\/11\/2015-MS_affiche_web.jpg\",\"datePublished\":\"2017-04-15T15:09:57+00:00\",\"dateModified\":\"2021-04-11T14:15:45+00:00\",\"inLanguage\":\"fr-FR\",\"potentialAction\":[{\"@type\":\"ReadAction\",\"target\":[\"https:\/\/www.sgeaj.ch\/fr\/actualite\/colloques\/colloque-femininvisible-femmes-de-lettres-a-lepoque-lumieres-unil-11-13-mai-2017\/\"]}]},{\"@type\":\"ImageObject\",\"inLanguage\":\"fr-FR\",\"@id\":\"https:\/\/www.sgeaj.ch\/fr\/actualite\/colloques\/colloque-femininvisible-femmes-de-lettres-a-lepoque-lumieres-unil-11-13-mai-2017\/#primaryimage\",\"url\":\"https:\/\/www.sgeaj.ch\/wp-content\/uploads\/2015\/11\/2015-MS_affiche_web.jpg\",\"contentUrl\":\"https:\/\/www.sgeaj.ch\/wp-content\/uploads\/2015\/11\/2015-MS_affiche_web.jpg\",\"width\":1754,\"height\":2481},{\"@type\":\"WebSite\",\"@id\":\"https:\/\/www.sgeaj.ch\/fr\/#website\",\"url\":\"https:\/\/www.sgeaj.ch\/fr\/\",\"name\":\"Schweizerische Gesellschaft f\u00fcr die Erforschung des 18. Jahrhunderts (SGEAJ - SSEDS)\",\"description\":\"Schweizerische Gesellschaft f\u00fcr die Erforschung des 18. Jahrhunderts\",\"publisher\":{\"@id\":\"https:\/\/www.sgeaj.ch\/fr\/#organization\"},\"potentialAction\":[{\"@type\":\"SearchAction\",\"target\":{\"@type\":\"EntryPoint\",\"urlTemplate\":\"https:\/\/www.sgeaj.ch\/fr\/?s={search_term_string}\"},\"query-input\":{\"@type\":\"PropertyValueSpecification\",\"valueRequired\":true,\"valueName\":\"search_term_string\"}}],\"inLanguage\":\"fr-FR\"},{\"@type\":\"Organization\",\"@id\":\"https:\/\/www.sgeaj.ch\/fr\/#organization\",\"name\":\"Schweizerische Gesellschaft f\u00fcr die Erforschung des 18. Jahrhunderts (SGEAJ - SSEDS)\",\"url\":\"https:\/\/www.sgeaj.ch\/fr\/\",\"logo\":{\"@type\":\"ImageObject\",\"inLanguage\":\"fr-FR\",\"@id\":\"https:\/\/www.sgeaj.ch\/fr\/#\/schema\/logo\/image\/\",\"url\":\"https:\/\/www.sgeaj.ch\/wp-content\/uploads\/2021\/06\/cropped-logo-xviiies-horiz-abreuviations-bleues.png\",\"contentUrl\":\"https:\/\/www.sgeaj.ch\/wp-content\/uploads\/2021\/06\/cropped-logo-xviiies-horiz-abreuviations-bleues.png\",\"width\":659,\"height\":335,\"caption\":\"Schweizerische Gesellschaft f\u00fcr die Erforschung des 18. Jahrhunderts (SGEAJ - SSEDS)\"},\"image\":{\"@id\":\"https:\/\/www.sgeaj.ch\/fr\/#\/schema\/logo\/image\/\"}},{\"@type\":\"Person\",\"@id\":\"https:\/\/www.sgeaj.ch\/fr\/#\/schema\/person\/6bd2b59ee4319b4a54912921450cebf6\",\"name\":\"SGEAJ\",\"url\":\"https:\/\/www.sgeaj.ch\/fr\/author\/sgeaj\/\"}]}<\/script>\n<!-- \/ Yoast SEO plugin. -->","yoast_head_json":{"title":"fe\u0301min|in|visible - Schweizerische Gesellschaft f\u00fcr die Erforschung des 18. Jahrhunderts (SGEAJ - SSEDS)","robots":{"index":"index","follow":"follow","max-snippet":"max-snippet:-1","max-image-preview":"max-image-preview:large","max-video-preview":"max-video-preview:-1"},"canonical":"https:\/\/www.sgeaj.ch\/fr\/actualite\/colloques\/colloque-femininvisible-femmes-de-lettres-a-lepoque-lumieres-unil-11-13-mai-2017\/","twitter_misc":{"\u00c9crit par":"SGEAJ","Dur\u00e9e de lecture estim\u00e9e":"2 minutes"},"schema":{"@context":"https:\/\/schema.org","@graph":[{"@type":"Article","@id":"https:\/\/www.sgeaj.ch\/fr\/actualite\/colloques\/colloque-femininvisible-femmes-de-lettres-a-lepoque-lumieres-unil-11-13-mai-2017\/#article","isPartOf":{"@id":"https:\/\/www.sgeaj.ch\/fr\/actualite\/colloques\/colloque-femininvisible-femmes-de-lettres-a-lepoque-lumieres-unil-11-13-mai-2017\/"},"author":{"name":"SGEAJ","@id":"https:\/\/www.sgeaj.ch\/fr\/#\/schema\/person\/6bd2b59ee4319b4a54912921450cebf6"},"headline":"fe\u0301min|in|visible","datePublished":"2017-04-15T15:09:57+00:00","dateModified":"2021-04-11T14:15:45+00:00","mainEntityOfPage":{"@id":"https:\/\/www.sgeaj.ch\/fr\/actualite\/colloques\/colloque-femininvisible-femmes-de-lettres-a-lepoque-lumieres-unil-11-13-mai-2017\/"},"wordCount":477,"publisher":{"@id":"https:\/\/www.sgeaj.ch\/fr\/#organization"},"image":{"@id":"https:\/\/www.sgeaj.ch\/fr\/actualite\/colloques\/colloque-femininvisible-femmes-de-lettres-a-lepoque-lumieres-unil-11-13-mai-2017\/#primaryimage"},"thumbnailUrl":"https:\/\/www.sgeaj.ch\/wp-content\/uploads\/2015\/11\/2015-MS_affiche_web.jpg","articleSection":["Actualit\u00e9","Colloques"],"inLanguage":"fr-FR"},{"@type":"WebPage","@id":"https:\/\/www.sgeaj.ch\/fr\/actualite\/colloques\/colloque-femininvisible-femmes-de-lettres-a-lepoque-lumieres-unil-11-13-mai-2017\/","url":"https:\/\/www.sgeaj.ch\/fr\/actualite\/colloques\/colloque-femininvisible-femmes-de-lettres-a-lepoque-lumieres-unil-11-13-mai-2017\/","name":"fe\u0301min|in|visible - Schweizerische Gesellschaft f\u00fcr die Erforschung des 18. Jahrhunderts (SGEAJ - SSEDS)","isPartOf":{"@id":"https:\/\/www.sgeaj.ch\/fr\/#website"},"primaryImageOfPage":{"@id":"https:\/\/www.sgeaj.ch\/fr\/actualite\/colloques\/colloque-femininvisible-femmes-de-lettres-a-lepoque-lumieres-unil-11-13-mai-2017\/#primaryimage"},"image":{"@id":"https:\/\/www.sgeaj.ch\/fr\/actualite\/colloques\/colloque-femininvisible-femmes-de-lettres-a-lepoque-lumieres-unil-11-13-mai-2017\/#primaryimage"},"thumbnailUrl":"https:\/\/www.sgeaj.ch\/wp-content\/uploads\/2015\/11\/2015-MS_affiche_web.jpg","datePublished":"2017-04-15T15:09:57+00:00","dateModified":"2021-04-11T14:15:45+00:00","inLanguage":"fr-FR","potentialAction":[{"@type":"ReadAction","target":["https:\/\/www.sgeaj.ch\/fr\/actualite\/colloques\/colloque-femininvisible-femmes-de-lettres-a-lepoque-lumieres-unil-11-13-mai-2017\/"]}]},{"@type":"ImageObject","inLanguage":"fr-FR","@id":"https:\/\/www.sgeaj.ch\/fr\/actualite\/colloques\/colloque-femininvisible-femmes-de-lettres-a-lepoque-lumieres-unil-11-13-mai-2017\/#primaryimage","url":"https:\/\/www.sgeaj.ch\/wp-content\/uploads\/2015\/11\/2015-MS_affiche_web.jpg","contentUrl":"https:\/\/www.sgeaj.ch\/wp-content\/uploads\/2015\/11\/2015-MS_affiche_web.jpg","width":1754,"height":2481},{"@type":"WebSite","@id":"https:\/\/www.sgeaj.ch\/fr\/#website","url":"https:\/\/www.sgeaj.ch\/fr\/","name":"Schweizerische Gesellschaft f\u00fcr die Erforschung des 18. Jahrhunderts (SGEAJ - SSEDS)","description":"Schweizerische Gesellschaft f\u00fcr die Erforschung des 18. Jahrhunderts","publisher":{"@id":"https:\/\/www.sgeaj.ch\/fr\/#organization"},"potentialAction":[{"@type":"SearchAction","target":{"@type":"EntryPoint","urlTemplate":"https:\/\/www.sgeaj.ch\/fr\/?s={search_term_string}"},"query-input":{"@type":"PropertyValueSpecification","valueRequired":true,"valueName":"search_term_string"}}],"inLanguage":"fr-FR"},{"@type":"Organization","@id":"https:\/\/www.sgeaj.ch\/fr\/#organization","name":"Schweizerische Gesellschaft f\u00fcr die Erforschung des 18. Jahrhunderts (SGEAJ - SSEDS)","url":"https:\/\/www.sgeaj.ch\/fr\/","logo":{"@type":"ImageObject","inLanguage":"fr-FR","@id":"https:\/\/www.sgeaj.ch\/fr\/#\/schema\/logo\/image\/","url":"https:\/\/www.sgeaj.ch\/wp-content\/uploads\/2021\/06\/cropped-logo-xviiies-horiz-abreuviations-bleues.png","contentUrl":"https:\/\/www.sgeaj.ch\/wp-content\/uploads\/2021\/06\/cropped-logo-xviiies-horiz-abreuviations-bleues.png","width":659,"height":335,"caption":"Schweizerische Gesellschaft f\u00fcr die Erforschung des 18. Jahrhunderts (SGEAJ - SSEDS)"},"image":{"@id":"https:\/\/www.sgeaj.ch\/fr\/#\/schema\/logo\/image\/"}},{"@type":"Person","@id":"https:\/\/www.sgeaj.ch\/fr\/#\/schema\/person\/6bd2b59ee4319b4a54912921450cebf6","name":"SGEAJ","url":"https:\/\/www.sgeaj.ch\/fr\/author\/sgeaj\/"}]}},"_links":{"self":[{"href":"https:\/\/www.sgeaj.ch\/fr\/wp-json\/wp\/v2\/posts\/2303","targetHints":{"allow":["GET"]}}],"collection":[{"href":"https:\/\/www.sgeaj.ch\/fr\/wp-json\/wp\/v2\/posts"}],"about":[{"href":"https:\/\/www.sgeaj.ch\/fr\/wp-json\/wp\/v2\/types\/post"}],"author":[{"embeddable":true,"href":"https:\/\/www.sgeaj.ch\/fr\/wp-json\/wp\/v2\/users\/2"}],"replies":[{"embeddable":true,"href":"https:\/\/www.sgeaj.ch\/fr\/wp-json\/wp\/v2\/comments?post=2303"}],"version-history":[{"count":6,"href":"https:\/\/www.sgeaj.ch\/fr\/wp-json\/wp\/v2\/posts\/2303\/revisions"}],"predecessor-version":[{"id":6221,"href":"https:\/\/www.sgeaj.ch\/fr\/wp-json\/wp\/v2\/posts\/2303\/revisions\/6221"}],"wp:featuredmedia":[{"embeddable":true,"href":"https:\/\/www.sgeaj.ch\/fr\/wp-json\/wp\/v2\/media\/3519"}],"wp:attachment":[{"href":"https:\/\/www.sgeaj.ch\/fr\/wp-json\/wp\/v2\/media?parent=2303"}],"wp:term":[{"taxonomy":"category","embeddable":true,"href":"https:\/\/www.sgeaj.ch\/fr\/wp-json\/wp\/v2\/categories?post=2303"},{"taxonomy":"post_tag","embeddable":true,"href":"https:\/\/www.sgeaj.ch\/fr\/wp-json\/wp\/v2\/tags?post=2303"}],"curies":[{"name":"wp","href":"https:\/\/api.w.org\/{rel}","templated":true}]}}