{"id":2322,"date":"2017-05-24T17:09:26","date_gmt":"2017-05-24T15:09:26","guid":{"rendered":"https:\/\/www.sgeaj.ch\/fr\/evenement-lumieres-lausanne-archives-numerique-31-mai-2017\/"},"modified":"2021-04-11T16:14:37","modified_gmt":"2021-04-11T14:14:37","slug":"evenement-lumieres-lausanne-archives-numerique-31-mai-2017","status":"publish","type":"post","link":"https:\/\/www.sgeaj.ch\/fr\/actualite\/colloques\/evenement-lumieres-lausanne-archives-numerique-31-mai-2017\/","title":{"rendered":"Des archives au num\u00e9rique"},"content":{"rendered":"<p>L\u2019\u00e9quipe de Lumi\u00e8res.Lausanne a le plaisir de\u00a0vous inviter \u00e0 la pr\u00e9sentation des projets de sa plateforme en ligne :<\/p>\n<h2 style=\"text-align: center;\">Le Pays de Vaud au coeur des d\u00e9bats europ\u00e9ens<br \/>\nDes archives au num\u00e9rique<\/h2>\n<h3>31 mai 2017<br \/>\nUniversit\u00e9 de Lausanne<br \/>\nAnthropole, auditoire 2064<br \/>\n17h15 \u2013 19h15<\/h3>\n<p style=\"text-align: left;\"><strong>Programme<br \/>\n<\/strong><\/p>\n<p style=\"text-align: left;\">17h15 \u00a0 <em>Introduction<\/em>, par B\u00e9la Kapossy et B\u00e9atrice Lovis<\/p>\n<p style=\"text-align: left;\">17h30\u00a0\u00a0 <em>D\u00e9fis de l\u2019\u00e9dition num\u00e9rique<\/em>, par Elisabeth Holm<\/p>\n<p style=\"text-align: left;\">17h45 \u00a0 <em>A. C. Chavannes et sa \u2018science g\u00e9n\u00e9rale de l\u2019homme\u2019<\/em>, par R\u00e9my Zanardi et Christian Grosse<\/p>\n<p style=\"text-align: left;\">18h00\u00a0\u00a0 <em>Le potentiel critique de la correspondance de Mirabeau \u00e0 Sacconay<\/em>, par Auguste Bertholet<\/p>\n<p style=\"text-align: left;\">18h15\u00a0\u00a0 <em>Editer un scriptomane : La Harpe et la Russie<\/em>, par Dani\u00e8le Tosato-Rigo, Matthieu Cl\u00e9ment, Gregor Jancik<\/p>\n<p style=\"text-align: left;\">18h30\u00a0\u00a0 <em>Barbeyrac et le droit naturel en Suisse romande<\/em>, par Simone Zurbuchen et B\u00e9la Kapossy<\/p>\n<p style=\"text-align: left;\">19h00\u00a0\u00a0 <em>D\u00e9finir la \u2018culture litt\u00e9raire\u2019 en Suisse romande au XVIIIe si\u00e8cle<\/em>, par Fran\u00e7ois Rosset<\/p>\n<p style=\"text-align: left;\">19h15\u00a0\u00a0 Ap\u00e9ritif<\/p>\n<p style=\"text-align: left;\">\n<p><strong>Br\u00e8ve pr\u00e9sentation<br \/>\n<\/strong><a href=\"http:\/\/lumieres.unil.ch\" target=\"_blank\" rel=\"noopener noreferrer\">Lumi\u00e8res.Lausanne<\/a> est une plateforme qui met \u00e0 disposition des chercheurs et de tout public int\u00e9ress\u00e9 par le riche pass\u00e9 culturel de la Suisse francophone des <a href=\"http:\/\/lumieres.unil.ch\/chercher\/bibliographie\/\">transcriptions de sources<\/a> jusqu&rsquo;alors in\u00e9dites, de la <a href=\"http:\/\/lumieres.unil.ch\/chercher\/bibliographie\/\">litt\u00e9rature secondaire<\/a> et des <a href=\"http:\/\/lumieres.unil.ch\/chercher\/person\/list\">biographies<\/a> de personnalit\u00e9s qui l\u2019ont marqu\u00e9. Il s\u2019agit non seulement d\u2019un instrument de recherche et d\u2019un support de publications, mais aussi d\u2019un outil d&rsquo;enseignement acad\u00e9mique, puisqu&rsquo;elle associe des \u00e9tudiant-e-s de niveau master et des doctorant-e-s \u00e0 la saisie et \u00e0 la valorisation des donn\u00e9es. A ce titre, la plateforme sert de laboratoire en humanit\u00e9s digitales, permettant de d\u00e9velopper des connaissances dans ce domaine en expansion. La base de donn\u00e9es se transforme continuellement en int\u00e9grant de nouveaux \u00e9l\u00e9ments afin d&rsquo;am\u00e9liorer les \u00e9changes entre les chercheurs et un public plus large.<\/p>\n<p>Sept <a href=\"http:\/\/lumieres.unil.ch\/projets\/\">projets<\/a>, dont certains en partenariat avec d&rsquo;autres institutions, seront visibles d\u00e8s le 31 mai 2017 sur la plateforme Lumi\u00e8res.Lausanne. Il s&rsquo;agit, dans l&rsquo;ordre chronologique de leur d\u00e9veloppement, des projets <em>Soci\u00e9t\u00e9 du comte de la Lippe (1742-1747)<\/em>, <em>Journal helv\u00e9tique<\/em> <em>(1732-1782)<\/em>, <em>Correspondance de Mirabeau<\/em>&#8211;<em>Sacconay (1731-1784)<\/em>, <em>La Harpe et la Russie (1783-1795),<\/em> <em>A. C. Chavannes et sa \u00ab\u00a0Science g\u00e9n\u00e9rale de l&rsquo;homme\u00a0\u00bb (1788)<\/em>,<em> Correspondance Barbeyrac (1702-1743) <\/em>et<em> Droit naturel en Suisse (1625-1850)<\/em>.<\/p>\n","protected":false},"excerpt":{"rendered":"<p>L\u2019\u00e9quipe de Lumi\u00e8res.Lausanne a le plaisir de\u00a0vous inviter \u00e0 la pr\u00e9sentation des projets de sa plateforme en ligne : Le Pays de Vaud au coeur des d\u00e9bats europ\u00e9ens Des archives au num\u00e9rique 31 mai 2017 Universit\u00e9 de Lausanne Anthropole, auditoire 2064 17h15 \u2013 19h15 Programme 17h15 \u00a0 Introduction, par B\u00e9la Kapossy et B\u00e9atrice Lovis 17h30\u00a0\u00a0 [&hellip;]<\/p>\n","protected":false},"author":2,"featured_media":3790,"comment_status":"closed","ping_status":"open","sticky":false,"template":"","format":"standard","meta":{"footnotes":""},"categories":[42,27],"tags":[],"class_list":{"0":"post-2322","1":"post","2":"type-post","3":"status-publish","4":"format-standard","5":"has-post-thumbnail","7":"category-actualite","8":"category-colloques","9":"czr-hentry"},"yoast_head":"<!-- This site is optimized with the Yoast SEO plugin v26.9 - https:\/\/yoast.com\/product\/yoast-seo-wordpress\/ -->\n<title>Des archives au num\u00e9rique - Schweizerische Gesellschaft f\u00fcr die Erforschung des 18. Jahrhunderts (SGEAJ - SSEDS)<\/title>\n<meta name=\"robots\" content=\"index, follow, max-snippet:-1, max-image-preview:large, max-video-preview:-1\" \/>\n<link rel=\"canonical\" href=\"https:\/\/www.sgeaj.ch\/fr\/actualite\/colloques\/evenement-lumieres-lausanne-archives-numerique-31-mai-2017\/\" \/>\n<meta name=\"twitter:label1\" content=\"\u00c9crit par\" \/>\n\t<meta name=\"twitter:data1\" content=\"SGEAJ\" \/>\n\t<meta name=\"twitter:label2\" content=\"Dur\u00e9e de lecture estim\u00e9e\" \/>\n\t<meta name=\"twitter:data2\" content=\"2 minutes\" \/>\n<script type=\"application\/ld+json\" class=\"yoast-schema-graph\">{\"@context\":\"https:\/\/schema.org\",\"@graph\":[{\"@type\":\"Article\",\"@id\":\"https:\/\/www.sgeaj.ch\/fr\/actualite\/colloques\/evenement-lumieres-lausanne-archives-numerique-31-mai-2017\/#article\",\"isPartOf\":{\"@id\":\"https:\/\/www.sgeaj.ch\/fr\/actualite\/colloques\/evenement-lumieres-lausanne-archives-numerique-31-mai-2017\/\"},\"author\":{\"name\":\"SGEAJ\",\"@id\":\"https:\/\/www.sgeaj.ch\/fr\/#\/schema\/person\/6bd2b59ee4319b4a54912921450cebf6\"},\"headline\":\"Des archives au num\u00e9rique\",\"datePublished\":\"2017-05-24T15:09:26+00:00\",\"dateModified\":\"2021-04-11T14:14:37+00:00\",\"mainEntityOfPage\":{\"@id\":\"https:\/\/www.sgeaj.ch\/fr\/actualite\/colloques\/evenement-lumieres-lausanne-archives-numerique-31-mai-2017\/\"},\"wordCount\":388,\"publisher\":{\"@id\":\"https:\/\/www.sgeaj.ch\/fr\/#organization\"},\"image\":{\"@id\":\"https:\/\/www.sgeaj.ch\/fr\/actualite\/colloques\/evenement-lumieres-lausanne-archives-numerique-31-mai-2017\/#primaryimage\"},\"thumbnailUrl\":\"https:\/\/www.sgeaj.ch\/wp-content\/uploads\/2019\/05\/DH-Lumieres.Lausanne.png\",\"articleSection\":[\"Actualit\u00e9\",\"Colloques\"],\"inLanguage\":\"fr-FR\"},{\"@type\":\"WebPage\",\"@id\":\"https:\/\/www.sgeaj.ch\/fr\/actualite\/colloques\/evenement-lumieres-lausanne-archives-numerique-31-mai-2017\/\",\"url\":\"https:\/\/www.sgeaj.ch\/fr\/actualite\/colloques\/evenement-lumieres-lausanne-archives-numerique-31-mai-2017\/\",\"name\":\"Des archives au num\u00e9rique - Schweizerische Gesellschaft f\u00fcr die Erforschung des 18. Jahrhunderts (SGEAJ - SSEDS)\",\"isPartOf\":{\"@id\":\"https:\/\/www.sgeaj.ch\/fr\/#website\"},\"primaryImageOfPage\":{\"@id\":\"https:\/\/www.sgeaj.ch\/fr\/actualite\/colloques\/evenement-lumieres-lausanne-archives-numerique-31-mai-2017\/#primaryimage\"},\"image\":{\"@id\":\"https:\/\/www.sgeaj.ch\/fr\/actualite\/colloques\/evenement-lumieres-lausanne-archives-numerique-31-mai-2017\/#primaryimage\"},\"thumbnailUrl\":\"https:\/\/www.sgeaj.ch\/wp-content\/uploads\/2019\/05\/DH-Lumieres.Lausanne.png\",\"datePublished\":\"2017-05-24T15:09:26+00:00\",\"dateModified\":\"2021-04-11T14:14:37+00:00\",\"inLanguage\":\"fr-FR\",\"potentialAction\":[{\"@type\":\"ReadAction\",\"target\":[\"https:\/\/www.sgeaj.ch\/fr\/actualite\/colloques\/evenement-lumieres-lausanne-archives-numerique-31-mai-2017\/\"]}]},{\"@type\":\"ImageObject\",\"inLanguage\":\"fr-FR\",\"@id\":\"https:\/\/www.sgeaj.ch\/fr\/actualite\/colloques\/evenement-lumieres-lausanne-archives-numerique-31-mai-2017\/#primaryimage\",\"url\":\"https:\/\/www.sgeaj.ch\/wp-content\/uploads\/2019\/05\/DH-Lumieres.Lausanne.png\",\"contentUrl\":\"https:\/\/www.sgeaj.ch\/wp-content\/uploads\/2019\/05\/DH-Lumieres.Lausanne.png\",\"width\":2432,\"height\":1938},{\"@type\":\"WebSite\",\"@id\":\"https:\/\/www.sgeaj.ch\/fr\/#website\",\"url\":\"https:\/\/www.sgeaj.ch\/fr\/\",\"name\":\"Schweizerische Gesellschaft f\u00fcr die Erforschung des 18. Jahrhunderts (SGEAJ - SSEDS)\",\"description\":\"Schweizerische Gesellschaft f\u00fcr die Erforschung des 18. Jahrhunderts\",\"publisher\":{\"@id\":\"https:\/\/www.sgeaj.ch\/fr\/#organization\"},\"potentialAction\":[{\"@type\":\"SearchAction\",\"target\":{\"@type\":\"EntryPoint\",\"urlTemplate\":\"https:\/\/www.sgeaj.ch\/fr\/?s={search_term_string}\"},\"query-input\":{\"@type\":\"PropertyValueSpecification\",\"valueRequired\":true,\"valueName\":\"search_term_string\"}}],\"inLanguage\":\"fr-FR\"},{\"@type\":\"Organization\",\"@id\":\"https:\/\/www.sgeaj.ch\/fr\/#organization\",\"name\":\"Schweizerische Gesellschaft f\u00fcr die Erforschung des 18. Jahrhunderts (SGEAJ - SSEDS)\",\"url\":\"https:\/\/www.sgeaj.ch\/fr\/\",\"logo\":{\"@type\":\"ImageObject\",\"inLanguage\":\"fr-FR\",\"@id\":\"https:\/\/www.sgeaj.ch\/fr\/#\/schema\/logo\/image\/\",\"url\":\"https:\/\/www.sgeaj.ch\/wp-content\/uploads\/2021\/06\/cropped-logo-xviiies-horiz-abreuviations-bleues.png\",\"contentUrl\":\"https:\/\/www.sgeaj.ch\/wp-content\/uploads\/2021\/06\/cropped-logo-xviiies-horiz-abreuviations-bleues.png\",\"width\":659,\"height\":335,\"caption\":\"Schweizerische Gesellschaft f\u00fcr die Erforschung des 18. Jahrhunderts (SGEAJ - SSEDS)\"},\"image\":{\"@id\":\"https:\/\/www.sgeaj.ch\/fr\/#\/schema\/logo\/image\/\"}},{\"@type\":\"Person\",\"@id\":\"https:\/\/www.sgeaj.ch\/fr\/#\/schema\/person\/6bd2b59ee4319b4a54912921450cebf6\",\"name\":\"SGEAJ\",\"url\":\"https:\/\/www.sgeaj.ch\/fr\/author\/sgeaj\/\"}]}<\/script>\n<!-- \/ Yoast SEO plugin. -->","yoast_head_json":{"title":"Des archives au num\u00e9rique - Schweizerische Gesellschaft f\u00fcr die Erforschung des 18. Jahrhunderts (SGEAJ - SSEDS)","robots":{"index":"index","follow":"follow","max-snippet":"max-snippet:-1","max-image-preview":"max-image-preview:large","max-video-preview":"max-video-preview:-1"},"canonical":"https:\/\/www.sgeaj.ch\/fr\/actualite\/colloques\/evenement-lumieres-lausanne-archives-numerique-31-mai-2017\/","twitter_misc":{"\u00c9crit par":"SGEAJ","Dur\u00e9e de lecture estim\u00e9e":"2 minutes"},"schema":{"@context":"https:\/\/schema.org","@graph":[{"@type":"Article","@id":"https:\/\/www.sgeaj.ch\/fr\/actualite\/colloques\/evenement-lumieres-lausanne-archives-numerique-31-mai-2017\/#article","isPartOf":{"@id":"https:\/\/www.sgeaj.ch\/fr\/actualite\/colloques\/evenement-lumieres-lausanne-archives-numerique-31-mai-2017\/"},"author":{"name":"SGEAJ","@id":"https:\/\/www.sgeaj.ch\/fr\/#\/schema\/person\/6bd2b59ee4319b4a54912921450cebf6"},"headline":"Des archives au num\u00e9rique","datePublished":"2017-05-24T15:09:26+00:00","dateModified":"2021-04-11T14:14:37+00:00","mainEntityOfPage":{"@id":"https:\/\/www.sgeaj.ch\/fr\/actualite\/colloques\/evenement-lumieres-lausanne-archives-numerique-31-mai-2017\/"},"wordCount":388,"publisher":{"@id":"https:\/\/www.sgeaj.ch\/fr\/#organization"},"image":{"@id":"https:\/\/www.sgeaj.ch\/fr\/actualite\/colloques\/evenement-lumieres-lausanne-archives-numerique-31-mai-2017\/#primaryimage"},"thumbnailUrl":"https:\/\/www.sgeaj.ch\/wp-content\/uploads\/2019\/05\/DH-Lumieres.Lausanne.png","articleSection":["Actualit\u00e9","Colloques"],"inLanguage":"fr-FR"},{"@type":"WebPage","@id":"https:\/\/www.sgeaj.ch\/fr\/actualite\/colloques\/evenement-lumieres-lausanne-archives-numerique-31-mai-2017\/","url":"https:\/\/www.sgeaj.ch\/fr\/actualite\/colloques\/evenement-lumieres-lausanne-archives-numerique-31-mai-2017\/","name":"Des archives au num\u00e9rique - Schweizerische Gesellschaft f\u00fcr die Erforschung des 18. Jahrhunderts (SGEAJ - SSEDS)","isPartOf":{"@id":"https:\/\/www.sgeaj.ch\/fr\/#website"},"primaryImageOfPage":{"@id":"https:\/\/www.sgeaj.ch\/fr\/actualite\/colloques\/evenement-lumieres-lausanne-archives-numerique-31-mai-2017\/#primaryimage"},"image":{"@id":"https:\/\/www.sgeaj.ch\/fr\/actualite\/colloques\/evenement-lumieres-lausanne-archives-numerique-31-mai-2017\/#primaryimage"},"thumbnailUrl":"https:\/\/www.sgeaj.ch\/wp-content\/uploads\/2019\/05\/DH-Lumieres.Lausanne.png","datePublished":"2017-05-24T15:09:26+00:00","dateModified":"2021-04-11T14:14:37+00:00","inLanguage":"fr-FR","potentialAction":[{"@type":"ReadAction","target":["https:\/\/www.sgeaj.ch\/fr\/actualite\/colloques\/evenement-lumieres-lausanne-archives-numerique-31-mai-2017\/"]}]},{"@type":"ImageObject","inLanguage":"fr-FR","@id":"https:\/\/www.sgeaj.ch\/fr\/actualite\/colloques\/evenement-lumieres-lausanne-archives-numerique-31-mai-2017\/#primaryimage","url":"https:\/\/www.sgeaj.ch\/wp-content\/uploads\/2019\/05\/DH-Lumieres.Lausanne.png","contentUrl":"https:\/\/www.sgeaj.ch\/wp-content\/uploads\/2019\/05\/DH-Lumieres.Lausanne.png","width":2432,"height":1938},{"@type":"WebSite","@id":"https:\/\/www.sgeaj.ch\/fr\/#website","url":"https:\/\/www.sgeaj.ch\/fr\/","name":"Schweizerische Gesellschaft f\u00fcr die Erforschung des 18. Jahrhunderts (SGEAJ - SSEDS)","description":"Schweizerische Gesellschaft f\u00fcr die Erforschung des 18. Jahrhunderts","publisher":{"@id":"https:\/\/www.sgeaj.ch\/fr\/#organization"},"potentialAction":[{"@type":"SearchAction","target":{"@type":"EntryPoint","urlTemplate":"https:\/\/www.sgeaj.ch\/fr\/?s={search_term_string}"},"query-input":{"@type":"PropertyValueSpecification","valueRequired":true,"valueName":"search_term_string"}}],"inLanguage":"fr-FR"},{"@type":"Organization","@id":"https:\/\/www.sgeaj.ch\/fr\/#organization","name":"Schweizerische Gesellschaft f\u00fcr die Erforschung des 18. Jahrhunderts (SGEAJ - SSEDS)","url":"https:\/\/www.sgeaj.ch\/fr\/","logo":{"@type":"ImageObject","inLanguage":"fr-FR","@id":"https:\/\/www.sgeaj.ch\/fr\/#\/schema\/logo\/image\/","url":"https:\/\/www.sgeaj.ch\/wp-content\/uploads\/2021\/06\/cropped-logo-xviiies-horiz-abreuviations-bleues.png","contentUrl":"https:\/\/www.sgeaj.ch\/wp-content\/uploads\/2021\/06\/cropped-logo-xviiies-horiz-abreuviations-bleues.png","width":659,"height":335,"caption":"Schweizerische Gesellschaft f\u00fcr die Erforschung des 18. Jahrhunderts (SGEAJ - SSEDS)"},"image":{"@id":"https:\/\/www.sgeaj.ch\/fr\/#\/schema\/logo\/image\/"}},{"@type":"Person","@id":"https:\/\/www.sgeaj.ch\/fr\/#\/schema\/person\/6bd2b59ee4319b4a54912921450cebf6","name":"SGEAJ","url":"https:\/\/www.sgeaj.ch\/fr\/author\/sgeaj\/"}]}},"_links":{"self":[{"href":"https:\/\/www.sgeaj.ch\/fr\/wp-json\/wp\/v2\/posts\/2322","targetHints":{"allow":["GET"]}}],"collection":[{"href":"https:\/\/www.sgeaj.ch\/fr\/wp-json\/wp\/v2\/posts"}],"about":[{"href":"https:\/\/www.sgeaj.ch\/fr\/wp-json\/wp\/v2\/types\/post"}],"author":[{"embeddable":true,"href":"https:\/\/www.sgeaj.ch\/fr\/wp-json\/wp\/v2\/users\/2"}],"replies":[{"embeddable":true,"href":"https:\/\/www.sgeaj.ch\/fr\/wp-json\/wp\/v2\/comments?post=2322"}],"version-history":[{"count":7,"href":"https:\/\/www.sgeaj.ch\/fr\/wp-json\/wp\/v2\/posts\/2322\/revisions"}],"predecessor-version":[{"id":6219,"href":"https:\/\/www.sgeaj.ch\/fr\/wp-json\/wp\/v2\/posts\/2322\/revisions\/6219"}],"wp:featuredmedia":[{"embeddable":true,"href":"https:\/\/www.sgeaj.ch\/fr\/wp-json\/wp\/v2\/media\/3790"}],"wp:attachment":[{"href":"https:\/\/www.sgeaj.ch\/fr\/wp-json\/wp\/v2\/media?parent=2322"}],"wp:term":[{"taxonomy":"category","embeddable":true,"href":"https:\/\/www.sgeaj.ch\/fr\/wp-json\/wp\/v2\/categories?post=2322"},{"taxonomy":"post_tag","embeddable":true,"href":"https:\/\/www.sgeaj.ch\/fr\/wp-json\/wp\/v2\/tags?post=2322"}],"curies":[{"name":"wp","href":"https:\/\/api.w.org\/{rel}","templated":true}]}}