{"id":2359,"date":"2017-08-29T18:30:47","date_gmt":"2017-08-29T16:30:47","guid":{"rendered":"https:\/\/www.sgeaj.ch\/fr\/mapping-the-territory-exploring-people-and-nature-1700-1830-21-23-september-2017\/"},"modified":"2021-04-11T16:12:54","modified_gmt":"2021-04-11T14:12:54","slug":"mapping-the-territory-2017","status":"publish","type":"post","link":"https:\/\/www.sgeaj.ch\/fr\/actualite\/colloques\/mapping-the-territory-2017\/","title":{"rendered":"Mapping the Territory"},"content":{"rendered":"<h2><strong>Mapping the Territory: Exploring People and Nature, 1700-1830, <\/strong>21.-23. September 2017, Universit\u00e4t Bern, Hallerstrasse 6<\/h2>\n<p>This conference aims to analyse the exploration and \u201cinvention\u201d of territories in a comparative perspective. Following the findings of historians emphasising the social and cultural practices around early modern natural history the focus will be on collecting and exchanging, measuring and classifying information on territories of different scope. Thus, we are interested in discussing how various interests and means enabled the production of new forms of knowledge.<\/p>\n<p><strong>Thursday 21 September 2017<\/strong><\/p>\n<p>11.00\u201312.00<br \/>\nSimona Boscani Leoni: Welcome and Introduction<\/p>\n<p>Alix Cooper, Stony Brook University, New York: Revisiting Local Knowledge and the Indigenous in Eighteenth-Century Natural History: A Few Thoughts<\/p>\n<p><strong>\u00ab\u00a0Mapping the Americas\u00a0\u00bb<\/strong><\/p>\n<p>14.00\u201316.00<br \/>\nMarcelo Fabi\u00e1n Figueroa, Universidad Nacional de Tucum\u00e1n \/ CONICET: Unstable Natural Knowledge Production: The Malaspina Expedition at the Edges of Spanish Colonial America (1789\/1793)<\/p>\n<p>Stefanie G\u00e4nger, Universit\u00e4t zu K\u00f6ln: Inalienable Truths: \u2018Indian\u2019 Informers in the Study of Spanish American Territory, ca. 1770-1900<\/p>\n<p>16.30\u201318.30<br \/>\nIrina Podgorny, Universidad Nacional de La Plata \/ CONICET: Change and Continuity: The Bureaucracy of Knowledge in South America<\/p>\n<p>Peter Hanns Reill, University of California, Los Angeles: Enlightenment, Empire and Ethnology: Prince Maximilian Wied-Neuwied\u2019s Expeditions to the New World<\/p>\n<p><strong>Friday, 22 September 2017<\/strong><br \/>\n<strong>\u00ab\u00a0Mapping Europe\u00a0\u00bb<\/strong><\/p>\n<p>9.00\u201311.00<br \/>\nMeike Knittel, Universit\u00e4t Bern: Knowing Flora Near and Far: Accumulating Knowledge on Plants in 18th-Century Zurich<\/p>\n<p>Linda Burnett Andersson, Linnaeus University, V\u00e4xj\u00f6 and Kalmar: Mapping the Domestic Indigenous: Linnaeus and Instructed Travel in S\u00e1pmi and the Scottish Highlands, c. 1730-1800<\/p>\n<p>11.30\u201313.30<br \/>\nBarbara Orland, Universit\u00e4t Basel: Inventing the Healthy Alps: Farmers, Physicians and the Swiss Whey Cure of the 18th Century<\/p>\n<p>Franceso Luzzini, MPIWG Berlin: In Aspero Solo: Antonio Vallisneri&rsquo;s Manuscript Primi Itineris per Montes Specimen Physico-Medicum (1705)<\/p>\n<p>14.30\u201316.30<br \/>\nMapping Territories through Questionnaires: Some Observations about a Genre<br \/>\nSimona Boscani Leoni, Universit\u00e4t Bern<\/p>\n<p>Martin Stuber, Universit\u00e4t Bern: Social Anthropology avant la lettre: The Perspective of Economic Enlightenment on Traditional Uses in Forests and Wetlands<\/p>\n<p>17.00\u201319.00<br \/>\nMarta Cavazza, Universit\u00e0 di Bologna: The Role of the Idea of Context in Luigi Ferdinando Marsili\u2019s Conception of Natural History<\/p>\n<p>Sarah Baumgartner, Universit\u00e4t Bern: Questionnaires, Parish Registers and Prize Competitions: The Zurich Physical Society&rsquo;s Sources and Methods for Surveying the Territory<\/p>\n<p><strong>Saturday, 23 September 2017<\/strong><br \/>\n<strong>\u00ab\u00a0Mapping Asia\u00a0\u00bb<\/strong><\/p>\n<p>9.00\u201311.00<br \/>\nRichard Coulton, Charles E. Jarvis, Queen Mary University \/ Natural History Museum, London: Discovering China: James Cuninghame\u2019s Practices of Knowledge Production in Amoy (1698) and Chusan (1700-03)<\/p>\n<p>Pratik Chakrabarti, University of Manchester: The Canal of Zabeta Khan: Mapping Landscapes, Mapping History<\/p>\n<p>11.30\u201313.30<br \/>\nChetan Singh, Indian IAS, Shimla: Creation of \u2018Scientific\u2019 Knowledge and the Colonial Exploration of the Himalaya, 1780- 1850<\/p>\n<p>Andreas Weber, University of Twente: Making Governance Work: Paper and Natural History in the Early Nineteenth Century Dutch Empire<\/p>\n<p>13.30\u201313.50<br \/>\nKaspar von Greyerz, Universit\u00e4t Basel: Conference Wrap-Up<\/p>\n<p><strong>Registration until 11 September 2017: meike.knittel[at]hist.unibe.ch<\/strong><\/p>\n","protected":false},"excerpt":{"rendered":"<p>Mapping the Territory: Exploring People and Nature, 1700-1830, 21.-23. September 2017, Universit\u00e4t Bern, Hallerstrasse 6 This conference aims to analyse the exploration and \u201cinvention\u201d of territories in a comparative perspective. Following the findings of historians emphasising the social and cultural practices around early modern natural history the focus will be on collecting and exchanging, measuring [&hellip;]<\/p>\n","protected":false},"author":2,"featured_media":4425,"comment_status":"closed","ping_status":"open","sticky":false,"template":"","format":"standard","meta":{"footnotes":""},"categories":[42,27],"tags":[],"class_list":{"0":"post-2359","1":"post","2":"type-post","3":"status-publish","4":"format-standard","5":"has-post-thumbnail","7":"category-actualite","8":"category-colloques","9":"czr-hentry"},"yoast_head":"<!-- This site is optimized with the Yoast SEO plugin v26.9 - https:\/\/yoast.com\/product\/yoast-seo-wordpress\/ -->\n<title>Mapping the Territory - Schweizerische Gesellschaft f\u00fcr die Erforschung des 18. Jahrhunderts (SGEAJ - SSEDS)<\/title>\n<meta name=\"robots\" content=\"index, follow, max-snippet:-1, max-image-preview:large, max-video-preview:-1\" \/>\n<link rel=\"canonical\" href=\"https:\/\/www.sgeaj.ch\/fr\/actualite\/colloques\/mapping-the-territory-2017\/\" \/>\n<meta name=\"twitter:label1\" content=\"\u00c9crit par\" \/>\n\t<meta name=\"twitter:data1\" content=\"SGEAJ\" \/>\n\t<meta name=\"twitter:label2\" content=\"Dur\u00e9e de lecture estim\u00e9e\" \/>\n\t<meta name=\"twitter:data2\" content=\"2 minutes\" \/>\n<script type=\"application\/ld+json\" class=\"yoast-schema-graph\">{\"@context\":\"https:\/\/schema.org\",\"@graph\":[{\"@type\":\"Article\",\"@id\":\"https:\/\/www.sgeaj.ch\/fr\/actualite\/colloques\/mapping-the-territory-2017\/#article\",\"isPartOf\":{\"@id\":\"https:\/\/www.sgeaj.ch\/fr\/actualite\/colloques\/mapping-the-territory-2017\/\"},\"author\":{\"name\":\"SGEAJ\",\"@id\":\"https:\/\/www.sgeaj.ch\/fr\/#\/schema\/person\/6bd2b59ee4319b4a54912921450cebf6\"},\"headline\":\"Mapping the Territory\",\"datePublished\":\"2017-08-29T16:30:47+00:00\",\"dateModified\":\"2021-04-11T14:12:54+00:00\",\"mainEntityOfPage\":{\"@id\":\"https:\/\/www.sgeaj.ch\/fr\/actualite\/colloques\/mapping-the-territory-2017\/\"},\"wordCount\":461,\"publisher\":{\"@id\":\"https:\/\/www.sgeaj.ch\/fr\/#organization\"},\"image\":{\"@id\":\"https:\/\/www.sgeaj.ch\/fr\/actualite\/colloques\/mapping-the-territory-2017\/#primaryimage\"},\"thumbnailUrl\":\"https:\/\/www.sgeaj.ch\/wp-content\/uploads\/2020\/10\/Exotique.jpg\",\"articleSection\":[\"Actualit\u00e9\",\"Colloques\"],\"inLanguage\":\"fr-FR\"},{\"@type\":\"WebPage\",\"@id\":\"https:\/\/www.sgeaj.ch\/fr\/actualite\/colloques\/mapping-the-territory-2017\/\",\"url\":\"https:\/\/www.sgeaj.ch\/fr\/actualite\/colloques\/mapping-the-territory-2017\/\",\"name\":\"Mapping the Territory - Schweizerische Gesellschaft f\u00fcr die Erforschung des 18. Jahrhunderts (SGEAJ - SSEDS)\",\"isPartOf\":{\"@id\":\"https:\/\/www.sgeaj.ch\/fr\/#website\"},\"primaryImageOfPage\":{\"@id\":\"https:\/\/www.sgeaj.ch\/fr\/actualite\/colloques\/mapping-the-territory-2017\/#primaryimage\"},\"image\":{\"@id\":\"https:\/\/www.sgeaj.ch\/fr\/actualite\/colloques\/mapping-the-territory-2017\/#primaryimage\"},\"thumbnailUrl\":\"https:\/\/www.sgeaj.ch\/wp-content\/uploads\/2020\/10\/Exotique.jpg\",\"datePublished\":\"2017-08-29T16:30:47+00:00\",\"dateModified\":\"2021-04-11T14:12:54+00:00\",\"inLanguage\":\"fr-FR\",\"potentialAction\":[{\"@type\":\"ReadAction\",\"target\":[\"https:\/\/www.sgeaj.ch\/fr\/actualite\/colloques\/mapping-the-territory-2017\/\"]}]},{\"@type\":\"ImageObject\",\"inLanguage\":\"fr-FR\",\"@id\":\"https:\/\/www.sgeaj.ch\/fr\/actualite\/colloques\/mapping-the-territory-2017\/#primaryimage\",\"url\":\"https:\/\/www.sgeaj.ch\/wp-content\/uploads\/2020\/10\/Exotique.jpg\",\"contentUrl\":\"https:\/\/www.sgeaj.ch\/wp-content\/uploads\/2020\/10\/Exotique.jpg\",\"width\":503,\"height\":750},{\"@type\":\"WebSite\",\"@id\":\"https:\/\/www.sgeaj.ch\/fr\/#website\",\"url\":\"https:\/\/www.sgeaj.ch\/fr\/\",\"name\":\"Schweizerische Gesellschaft f\u00fcr die Erforschung des 18. Jahrhunderts (SGEAJ - SSEDS)\",\"description\":\"Schweizerische Gesellschaft f\u00fcr die Erforschung des 18. Jahrhunderts\",\"publisher\":{\"@id\":\"https:\/\/www.sgeaj.ch\/fr\/#organization\"},\"potentialAction\":[{\"@type\":\"SearchAction\",\"target\":{\"@type\":\"EntryPoint\",\"urlTemplate\":\"https:\/\/www.sgeaj.ch\/fr\/?s={search_term_string}\"},\"query-input\":{\"@type\":\"PropertyValueSpecification\",\"valueRequired\":true,\"valueName\":\"search_term_string\"}}],\"inLanguage\":\"fr-FR\"},{\"@type\":\"Organization\",\"@id\":\"https:\/\/www.sgeaj.ch\/fr\/#organization\",\"name\":\"Schweizerische Gesellschaft f\u00fcr die Erforschung des 18. Jahrhunderts (SGEAJ - SSEDS)\",\"url\":\"https:\/\/www.sgeaj.ch\/fr\/\",\"logo\":{\"@type\":\"ImageObject\",\"inLanguage\":\"fr-FR\",\"@id\":\"https:\/\/www.sgeaj.ch\/fr\/#\/schema\/logo\/image\/\",\"url\":\"https:\/\/www.sgeaj.ch\/wp-content\/uploads\/2021\/06\/cropped-logo-xviiies-horiz-abreuviations-bleues.png\",\"contentUrl\":\"https:\/\/www.sgeaj.ch\/wp-content\/uploads\/2021\/06\/cropped-logo-xviiies-horiz-abreuviations-bleues.png\",\"width\":659,\"height\":335,\"caption\":\"Schweizerische Gesellschaft f\u00fcr die Erforschung des 18. Jahrhunderts (SGEAJ - SSEDS)\"},\"image\":{\"@id\":\"https:\/\/www.sgeaj.ch\/fr\/#\/schema\/logo\/image\/\"}},{\"@type\":\"Person\",\"@id\":\"https:\/\/www.sgeaj.ch\/fr\/#\/schema\/person\/6bd2b59ee4319b4a54912921450cebf6\",\"name\":\"SGEAJ\",\"url\":\"https:\/\/www.sgeaj.ch\/fr\/author\/sgeaj\/\"}]}<\/script>\n<!-- \/ Yoast SEO plugin. -->","yoast_head_json":{"title":"Mapping the Territory - Schweizerische Gesellschaft f\u00fcr die Erforschung des 18. Jahrhunderts (SGEAJ - SSEDS)","robots":{"index":"index","follow":"follow","max-snippet":"max-snippet:-1","max-image-preview":"max-image-preview:large","max-video-preview":"max-video-preview:-1"},"canonical":"https:\/\/www.sgeaj.ch\/fr\/actualite\/colloques\/mapping-the-territory-2017\/","twitter_misc":{"\u00c9crit par":"SGEAJ","Dur\u00e9e de lecture estim\u00e9e":"2 minutes"},"schema":{"@context":"https:\/\/schema.org","@graph":[{"@type":"Article","@id":"https:\/\/www.sgeaj.ch\/fr\/actualite\/colloques\/mapping-the-territory-2017\/#article","isPartOf":{"@id":"https:\/\/www.sgeaj.ch\/fr\/actualite\/colloques\/mapping-the-territory-2017\/"},"author":{"name":"SGEAJ","@id":"https:\/\/www.sgeaj.ch\/fr\/#\/schema\/person\/6bd2b59ee4319b4a54912921450cebf6"},"headline":"Mapping the Territory","datePublished":"2017-08-29T16:30:47+00:00","dateModified":"2021-04-11T14:12:54+00:00","mainEntityOfPage":{"@id":"https:\/\/www.sgeaj.ch\/fr\/actualite\/colloques\/mapping-the-territory-2017\/"},"wordCount":461,"publisher":{"@id":"https:\/\/www.sgeaj.ch\/fr\/#organization"},"image":{"@id":"https:\/\/www.sgeaj.ch\/fr\/actualite\/colloques\/mapping-the-territory-2017\/#primaryimage"},"thumbnailUrl":"https:\/\/www.sgeaj.ch\/wp-content\/uploads\/2020\/10\/Exotique.jpg","articleSection":["Actualit\u00e9","Colloques"],"inLanguage":"fr-FR"},{"@type":"WebPage","@id":"https:\/\/www.sgeaj.ch\/fr\/actualite\/colloques\/mapping-the-territory-2017\/","url":"https:\/\/www.sgeaj.ch\/fr\/actualite\/colloques\/mapping-the-territory-2017\/","name":"Mapping the Territory - Schweizerische Gesellschaft f\u00fcr die Erforschung des 18. Jahrhunderts (SGEAJ - SSEDS)","isPartOf":{"@id":"https:\/\/www.sgeaj.ch\/fr\/#website"},"primaryImageOfPage":{"@id":"https:\/\/www.sgeaj.ch\/fr\/actualite\/colloques\/mapping-the-territory-2017\/#primaryimage"},"image":{"@id":"https:\/\/www.sgeaj.ch\/fr\/actualite\/colloques\/mapping-the-territory-2017\/#primaryimage"},"thumbnailUrl":"https:\/\/www.sgeaj.ch\/wp-content\/uploads\/2020\/10\/Exotique.jpg","datePublished":"2017-08-29T16:30:47+00:00","dateModified":"2021-04-11T14:12:54+00:00","inLanguage":"fr-FR","potentialAction":[{"@type":"ReadAction","target":["https:\/\/www.sgeaj.ch\/fr\/actualite\/colloques\/mapping-the-territory-2017\/"]}]},{"@type":"ImageObject","inLanguage":"fr-FR","@id":"https:\/\/www.sgeaj.ch\/fr\/actualite\/colloques\/mapping-the-territory-2017\/#primaryimage","url":"https:\/\/www.sgeaj.ch\/wp-content\/uploads\/2020\/10\/Exotique.jpg","contentUrl":"https:\/\/www.sgeaj.ch\/wp-content\/uploads\/2020\/10\/Exotique.jpg","width":503,"height":750},{"@type":"WebSite","@id":"https:\/\/www.sgeaj.ch\/fr\/#website","url":"https:\/\/www.sgeaj.ch\/fr\/","name":"Schweizerische Gesellschaft f\u00fcr die Erforschung des 18. Jahrhunderts (SGEAJ - SSEDS)","description":"Schweizerische Gesellschaft f\u00fcr die Erforschung des 18. Jahrhunderts","publisher":{"@id":"https:\/\/www.sgeaj.ch\/fr\/#organization"},"potentialAction":[{"@type":"SearchAction","target":{"@type":"EntryPoint","urlTemplate":"https:\/\/www.sgeaj.ch\/fr\/?s={search_term_string}"},"query-input":{"@type":"PropertyValueSpecification","valueRequired":true,"valueName":"search_term_string"}}],"inLanguage":"fr-FR"},{"@type":"Organization","@id":"https:\/\/www.sgeaj.ch\/fr\/#organization","name":"Schweizerische Gesellschaft f\u00fcr die Erforschung des 18. Jahrhunderts (SGEAJ - SSEDS)","url":"https:\/\/www.sgeaj.ch\/fr\/","logo":{"@type":"ImageObject","inLanguage":"fr-FR","@id":"https:\/\/www.sgeaj.ch\/fr\/#\/schema\/logo\/image\/","url":"https:\/\/www.sgeaj.ch\/wp-content\/uploads\/2021\/06\/cropped-logo-xviiies-horiz-abreuviations-bleues.png","contentUrl":"https:\/\/www.sgeaj.ch\/wp-content\/uploads\/2021\/06\/cropped-logo-xviiies-horiz-abreuviations-bleues.png","width":659,"height":335,"caption":"Schweizerische Gesellschaft f\u00fcr die Erforschung des 18. Jahrhunderts (SGEAJ - SSEDS)"},"image":{"@id":"https:\/\/www.sgeaj.ch\/fr\/#\/schema\/logo\/image\/"}},{"@type":"Person","@id":"https:\/\/www.sgeaj.ch\/fr\/#\/schema\/person\/6bd2b59ee4319b4a54912921450cebf6","name":"SGEAJ","url":"https:\/\/www.sgeaj.ch\/fr\/author\/sgeaj\/"}]}},"_links":{"self":[{"href":"https:\/\/www.sgeaj.ch\/fr\/wp-json\/wp\/v2\/posts\/2359","targetHints":{"allow":["GET"]}}],"collection":[{"href":"https:\/\/www.sgeaj.ch\/fr\/wp-json\/wp\/v2\/posts"}],"about":[{"href":"https:\/\/www.sgeaj.ch\/fr\/wp-json\/wp\/v2\/types\/post"}],"author":[{"embeddable":true,"href":"https:\/\/www.sgeaj.ch\/fr\/wp-json\/wp\/v2\/users\/2"}],"replies":[{"embeddable":true,"href":"https:\/\/www.sgeaj.ch\/fr\/wp-json\/wp\/v2\/comments?post=2359"}],"version-history":[{"count":6,"href":"https:\/\/www.sgeaj.ch\/fr\/wp-json\/wp\/v2\/posts\/2359\/revisions"}],"predecessor-version":[{"id":6215,"href":"https:\/\/www.sgeaj.ch\/fr\/wp-json\/wp\/v2\/posts\/2359\/revisions\/6215"}],"wp:featuredmedia":[{"embeddable":true,"href":"https:\/\/www.sgeaj.ch\/fr\/wp-json\/wp\/v2\/media\/4425"}],"wp:attachment":[{"href":"https:\/\/www.sgeaj.ch\/fr\/wp-json\/wp\/v2\/media?parent=2359"}],"wp:term":[{"taxonomy":"category","embeddable":true,"href":"https:\/\/www.sgeaj.ch\/fr\/wp-json\/wp\/v2\/categories?post=2359"},{"taxonomy":"post_tag","embeddable":true,"href":"https:\/\/www.sgeaj.ch\/fr\/wp-json\/wp\/v2\/tags?post=2359"}],"curies":[{"name":"wp","href":"https:\/\/api.w.org\/{rel}","templated":true}]}}