{"id":2468,"date":"2017-10-17T18:17:20","date_gmt":"2017-10-17T16:17:20","guid":{"rendered":"https:\/\/www.sgeaj.ch\/fr\/exposition-appel-de-lest-precepteurs-et-gouvernantes-suisses-la-cour-de-russie-bcu-riponne\/"},"modified":"2022-12-24T12:59:21","modified_gmt":"2022-12-24T11:59:21","slug":"appel-de-lest","status":"publish","type":"post","link":"https:\/\/www.sgeaj.ch\/fr\/actualite\/expositions\/appel-de-lest\/","title":{"rendered":"Exposition: \u00ab Appel de l\u2019Est. Pr\u00e9cepteurs et gouvernantes suisses \u00e0 la Cour de Russie \u00bb, BCU Riponne"},"content":{"rendered":"<p><strong>Exposition <\/strong><\/p>\n<h2 style=\"text-align: center;\">\u00ab Appel de l\u2019Est.<br \/>\nPr\u00e9cepteurs et gouvernantes suisses \u00e0 la Cour de Russie \u00bb<\/h2>\n<p><img loading=\"lazy\" decoding=\"async\" class=\"size-medium wp-image-2465 alignleft\" src=\"https:\/\/www.sgeaj.ch\/wp-content\/uploads\/2017\/10\/expo_Seite_1-300x169.jpg\" alt=\"L'appel de l'Est\" width=\"300\" height=\"169\" srcset=\"https:\/\/www.sgeaj.ch\/wp-content\/uploads\/2017\/10\/expo_Seite_1-300x169.jpg 300w, https:\/\/www.sgeaj.ch\/wp-content\/uploads\/2017\/10\/expo_Seite_1-150x85.jpg 150w, https:\/\/www.sgeaj.ch\/wp-content\/uploads\/2017\/10\/expo_Seite_1-768x434.jpg 768w, https:\/\/www.sgeaj.ch\/wp-content\/uploads\/2017\/10\/expo_Seite_1-1024x578.jpg 1024w, https:\/\/www.sgeaj.ch\/wp-content\/uploads\/2017\/10\/expo_Seite_1.jpg 1749w\" sizes=\"auto, (max-width: 300px) 100vw, 300px\" \/><\/p>\n<p>par Dani\u00e8le Tosato-Rigo<br \/>\net Sylvie Moret-Petrini<\/p>\n<p>Lausanne | BCU Riponne<br \/>\n27 octobre 2017 &#8211; 15 avril 2018<\/p>\n<p><strong>Vernissage 27 octobre 2017, 18h30 | salle du S\u00e9nat, Palais de Rumine<\/strong><br \/>\n<a href=\"https:\/\/www.sgeaj.ch\/wp-content\/uploads\/2017\/10\/2017-Invitation-vernissage.pdf\" target=\"_blank\" rel=\"noopener noreferrer\">\u2192 Invitation au Vernissage<\/a><\/p>\n<p>Cette exposition met en lumi\u00e8re le destin exceptionnel du pr\u00e9cepteur Fr\u00e9d\u00e9ric-C\u00e9sar de La Harpe et des gouvernantes Jeanne Huc-Mazelet et Esther Monod, auxquels la tsarine Catherine II a confi\u00e9 pendant plusieurs ann\u00e9es l\u2019\u00e9ducation de quatre de ses petits-enfants : Alexandre, le futur tsar de Russie, son fr\u00e8re Constantin, ainsi que leurs s\u0153urs H\u00e9l\u00e8ne et Marie. La trajectoire des enseignants et leur exp\u00e9rience \u00e9ducative y sont \u00e9voqu\u00e9es gr\u00e2ce \u00e0 leurs lettres, journaux personnels et mat\u00e9riaux p\u00e9dagogiques. Conserv\u00e9s \u00e0 la BCUL, ces \u00e9crits font sortir de l\u2019ombre la qu\u00eate de \u00ab bonne fortune \u00bb de Suisses en Russie et leur r\u00f4le dans la formation de princes et princesses destin\u00e9s un jour \u00e0 r\u00e9gner.<\/p>\n<p>En collaboration avec la Section d\u2019histoire \u2013 UNIL et le Consulat g\u00e9n\u00e9ral honoraire de la F\u00e9d\u00e9ration de Russie \u00e0 Lausanne<\/p>\n<p>Visites guid\u00e9es par les commissaires de l\u2019exposition, Sylvie Moret Petrini et Dani\u00e8le Tosato-Rigo : je 9 novembre, 18 h | sa 2 d\u00e9cembre, 11 h | je 15 f\u00e9vrier 2018, 18 h<\/p>\n<p>Ouverture selon les horaires de la biblioth\u00e8que<\/p>\n<p>\u2192 <a href=\"https:\/\/wp.unil.ch\/labelettres\/lappel-de-lest-precepteurs-et-gouvernantes-suisses-a-la-cour-de-russie-1760-1820\/\" target=\"_blank\" rel=\"noopener noreferrer\">Site web: L\u2019appel de l\u2019Est<\/a><\/p>\n","protected":false},"excerpt":{"rendered":"<p>Exposition \u00ab Appel de l\u2019Est. Pr\u00e9cepteurs et gouvernantes suisses \u00e0 la Cour de Russie \u00bb par Dani\u00e8le Tosato-Rigo et Sylvie Moret-Petrini Lausanne | BCU Riponne 27 octobre 2017 &#8211; 15 avril 2018 Vernissage 27 octobre 2017, 18h30 | salle du S\u00e9nat, Palais de Rumine \u2192 Invitation au Vernissage Cette exposition met en lumi\u00e8re le destin [&hellip;]<\/p>\n","protected":false},"author":5,"featured_media":3631,"comment_status":"closed","ping_status":"open","sticky":false,"template":"","format":"standard","meta":{"footnotes":""},"categories":[42,55,1],"tags":[],"class_list":{"0":"post-2468","1":"post","2":"type-post","3":"status-publish","4":"format-standard","5":"has-post-thumbnail","7":"category-actualite","8":"category-expositions","9":"category-uncategorized","10":"czr-hentry"},"yoast_head":"<!-- This site is optimized with the Yoast SEO plugin v26.9 - https:\/\/yoast.com\/product\/yoast-seo-wordpress\/ -->\n<title>Exposition: \u00ab Appel de l\u2019Est. Pr\u00e9cepteurs et gouvernantes suisses \u00e0 la Cour de Russie \u00bb, BCU Riponne - Schweizerische Gesellschaft f\u00fcr die Erforschung des 18. Jahrhunderts (SGEAJ - SSEDS)<\/title>\n<meta name=\"robots\" content=\"index, follow, max-snippet:-1, max-image-preview:large, max-video-preview:-1\" \/>\n<link rel=\"canonical\" href=\"https:\/\/www.sgeaj.ch\/fr\/actualite\/expositions\/appel-de-lest\/\" \/>\n<meta name=\"twitter:label1\" content=\"\u00c9crit par\" \/>\n\t<meta name=\"twitter:data1\" content=\"Meike Knittel\" \/>\n\t<meta name=\"twitter:label2\" content=\"Dur\u00e9e de lecture estim\u00e9e\" \/>\n\t<meta name=\"twitter:data2\" content=\"2 minutes\" \/>\n<script type=\"application\/ld+json\" class=\"yoast-schema-graph\">{\"@context\":\"https:\/\/schema.org\",\"@graph\":[{\"@type\":\"Article\",\"@id\":\"https:\/\/www.sgeaj.ch\/fr\/actualite\/expositions\/appel-de-lest\/#article\",\"isPartOf\":{\"@id\":\"https:\/\/www.sgeaj.ch\/fr\/actualite\/expositions\/appel-de-lest\/\"},\"author\":{\"name\":\"Meike Knittel\",\"@id\":\"https:\/\/www.sgeaj.ch\/fr\/#\/schema\/person\/4987b659851959f54148884461da99ca\"},\"headline\":\"Exposition: \u00ab Appel de l\u2019Est. Pr\u00e9cepteurs et gouvernantes suisses \u00e0 la Cour de Russie \u00bb, BCU Riponne\",\"datePublished\":\"2017-10-17T16:17:20+00:00\",\"dateModified\":\"2022-12-24T11:59:21+00:00\",\"mainEntityOfPage\":{\"@id\":\"https:\/\/www.sgeaj.ch\/fr\/actualite\/expositions\/appel-de-lest\/\"},\"wordCount\":248,\"publisher\":{\"@id\":\"https:\/\/www.sgeaj.ch\/fr\/#organization\"},\"image\":{\"@id\":\"https:\/\/www.sgeaj.ch\/fr\/actualite\/expositions\/appel-de-lest\/#primaryimage\"},\"thumbnailUrl\":\"https:\/\/www.sgeaj.ch\/wp-content\/uploads\/2017\/10\/expo_Seite_1.jpg\",\"articleSection\":[\"Actualit\u00e9\",\"Expositions\",\"Uncategorized\"],\"inLanguage\":\"fr-FR\"},{\"@type\":\"WebPage\",\"@id\":\"https:\/\/www.sgeaj.ch\/fr\/actualite\/expositions\/appel-de-lest\/\",\"url\":\"https:\/\/www.sgeaj.ch\/fr\/actualite\/expositions\/appel-de-lest\/\",\"name\":\"Exposition: \u00ab Appel de l\u2019Est. Pr\u00e9cepteurs et gouvernantes suisses \u00e0 la Cour de Russie \u00bb, BCU Riponne - Schweizerische Gesellschaft f\u00fcr die Erforschung des 18. Jahrhunderts (SGEAJ - SSEDS)\",\"isPartOf\":{\"@id\":\"https:\/\/www.sgeaj.ch\/fr\/#website\"},\"primaryImageOfPage\":{\"@id\":\"https:\/\/www.sgeaj.ch\/fr\/actualite\/expositions\/appel-de-lest\/#primaryimage\"},\"image\":{\"@id\":\"https:\/\/www.sgeaj.ch\/fr\/actualite\/expositions\/appel-de-lest\/#primaryimage\"},\"thumbnailUrl\":\"https:\/\/www.sgeaj.ch\/wp-content\/uploads\/2017\/10\/expo_Seite_1.jpg\",\"datePublished\":\"2017-10-17T16:17:20+00:00\",\"dateModified\":\"2022-12-24T11:59:21+00:00\",\"inLanguage\":\"fr-FR\",\"potentialAction\":[{\"@type\":\"ReadAction\",\"target\":[\"https:\/\/www.sgeaj.ch\/fr\/actualite\/expositions\/appel-de-lest\/\"]}]},{\"@type\":\"ImageObject\",\"inLanguage\":\"fr-FR\",\"@id\":\"https:\/\/www.sgeaj.ch\/fr\/actualite\/expositions\/appel-de-lest\/#primaryimage\",\"url\":\"https:\/\/www.sgeaj.ch\/wp-content\/uploads\/2017\/10\/expo_Seite_1.jpg\",\"contentUrl\":\"https:\/\/www.sgeaj.ch\/wp-content\/uploads\/2017\/10\/expo_Seite_1.jpg\",\"width\":1749,\"height\":988},{\"@type\":\"WebSite\",\"@id\":\"https:\/\/www.sgeaj.ch\/fr\/#website\",\"url\":\"https:\/\/www.sgeaj.ch\/fr\/\",\"name\":\"Schweizerische Gesellschaft f\u00fcr die Erforschung des 18. Jahrhunderts (SGEAJ - SSEDS)\",\"description\":\"Schweizerische Gesellschaft f\u00fcr die Erforschung des 18. Jahrhunderts\",\"publisher\":{\"@id\":\"https:\/\/www.sgeaj.ch\/fr\/#organization\"},\"potentialAction\":[{\"@type\":\"SearchAction\",\"target\":{\"@type\":\"EntryPoint\",\"urlTemplate\":\"https:\/\/www.sgeaj.ch\/fr\/?s={search_term_string}\"},\"query-input\":{\"@type\":\"PropertyValueSpecification\",\"valueRequired\":true,\"valueName\":\"search_term_string\"}}],\"inLanguage\":\"fr-FR\"},{\"@type\":\"Organization\",\"@id\":\"https:\/\/www.sgeaj.ch\/fr\/#organization\",\"name\":\"Schweizerische Gesellschaft f\u00fcr die Erforschung des 18. Jahrhunderts (SGEAJ - SSEDS)\",\"url\":\"https:\/\/www.sgeaj.ch\/fr\/\",\"logo\":{\"@type\":\"ImageObject\",\"inLanguage\":\"fr-FR\",\"@id\":\"https:\/\/www.sgeaj.ch\/fr\/#\/schema\/logo\/image\/\",\"url\":\"https:\/\/www.sgeaj.ch\/wp-content\/uploads\/2021\/06\/cropped-logo-xviiies-horiz-abreuviations-bleues.png\",\"contentUrl\":\"https:\/\/www.sgeaj.ch\/wp-content\/uploads\/2021\/06\/cropped-logo-xviiies-horiz-abreuviations-bleues.png\",\"width\":659,\"height\":335,\"caption\":\"Schweizerische Gesellschaft f\u00fcr die Erforschung des 18. Jahrhunderts (SGEAJ - SSEDS)\"},\"image\":{\"@id\":\"https:\/\/www.sgeaj.ch\/fr\/#\/schema\/logo\/image\/\"}},{\"@type\":\"Person\",\"@id\":\"https:\/\/www.sgeaj.ch\/fr\/#\/schema\/person\/4987b659851959f54148884461da99ca\",\"name\":\"Meike Knittel\",\"url\":\"https:\/\/www.sgeaj.ch\/fr\/author\/mknittel\/\"}]}<\/script>\n<!-- \/ Yoast SEO plugin. -->","yoast_head_json":{"title":"Exposition: \u00ab Appel de l\u2019Est. Pr\u00e9cepteurs et gouvernantes suisses \u00e0 la Cour de Russie \u00bb, BCU Riponne - Schweizerische Gesellschaft f\u00fcr die Erforschung des 18. Jahrhunderts (SGEAJ - SSEDS)","robots":{"index":"index","follow":"follow","max-snippet":"max-snippet:-1","max-image-preview":"max-image-preview:large","max-video-preview":"max-video-preview:-1"},"canonical":"https:\/\/www.sgeaj.ch\/fr\/actualite\/expositions\/appel-de-lest\/","twitter_misc":{"\u00c9crit par":"Meike Knittel","Dur\u00e9e de lecture estim\u00e9e":"2 minutes"},"schema":{"@context":"https:\/\/schema.org","@graph":[{"@type":"Article","@id":"https:\/\/www.sgeaj.ch\/fr\/actualite\/expositions\/appel-de-lest\/#article","isPartOf":{"@id":"https:\/\/www.sgeaj.ch\/fr\/actualite\/expositions\/appel-de-lest\/"},"author":{"name":"Meike Knittel","@id":"https:\/\/www.sgeaj.ch\/fr\/#\/schema\/person\/4987b659851959f54148884461da99ca"},"headline":"Exposition: \u00ab Appel de l\u2019Est. Pr\u00e9cepteurs et gouvernantes suisses \u00e0 la Cour de Russie \u00bb, BCU Riponne","datePublished":"2017-10-17T16:17:20+00:00","dateModified":"2022-12-24T11:59:21+00:00","mainEntityOfPage":{"@id":"https:\/\/www.sgeaj.ch\/fr\/actualite\/expositions\/appel-de-lest\/"},"wordCount":248,"publisher":{"@id":"https:\/\/www.sgeaj.ch\/fr\/#organization"},"image":{"@id":"https:\/\/www.sgeaj.ch\/fr\/actualite\/expositions\/appel-de-lest\/#primaryimage"},"thumbnailUrl":"https:\/\/www.sgeaj.ch\/wp-content\/uploads\/2017\/10\/expo_Seite_1.jpg","articleSection":["Actualit\u00e9","Expositions","Uncategorized"],"inLanguage":"fr-FR"},{"@type":"WebPage","@id":"https:\/\/www.sgeaj.ch\/fr\/actualite\/expositions\/appel-de-lest\/","url":"https:\/\/www.sgeaj.ch\/fr\/actualite\/expositions\/appel-de-lest\/","name":"Exposition: \u00ab Appel de l\u2019Est. Pr\u00e9cepteurs et gouvernantes suisses \u00e0 la Cour de Russie \u00bb, BCU Riponne - Schweizerische Gesellschaft f\u00fcr die Erforschung des 18. Jahrhunderts (SGEAJ - SSEDS)","isPartOf":{"@id":"https:\/\/www.sgeaj.ch\/fr\/#website"},"primaryImageOfPage":{"@id":"https:\/\/www.sgeaj.ch\/fr\/actualite\/expositions\/appel-de-lest\/#primaryimage"},"image":{"@id":"https:\/\/www.sgeaj.ch\/fr\/actualite\/expositions\/appel-de-lest\/#primaryimage"},"thumbnailUrl":"https:\/\/www.sgeaj.ch\/wp-content\/uploads\/2017\/10\/expo_Seite_1.jpg","datePublished":"2017-10-17T16:17:20+00:00","dateModified":"2022-12-24T11:59:21+00:00","inLanguage":"fr-FR","potentialAction":[{"@type":"ReadAction","target":["https:\/\/www.sgeaj.ch\/fr\/actualite\/expositions\/appel-de-lest\/"]}]},{"@type":"ImageObject","inLanguage":"fr-FR","@id":"https:\/\/www.sgeaj.ch\/fr\/actualite\/expositions\/appel-de-lest\/#primaryimage","url":"https:\/\/www.sgeaj.ch\/wp-content\/uploads\/2017\/10\/expo_Seite_1.jpg","contentUrl":"https:\/\/www.sgeaj.ch\/wp-content\/uploads\/2017\/10\/expo_Seite_1.jpg","width":1749,"height":988},{"@type":"WebSite","@id":"https:\/\/www.sgeaj.ch\/fr\/#website","url":"https:\/\/www.sgeaj.ch\/fr\/","name":"Schweizerische Gesellschaft f\u00fcr die Erforschung des 18. Jahrhunderts (SGEAJ - SSEDS)","description":"Schweizerische Gesellschaft f\u00fcr die Erforschung des 18. Jahrhunderts","publisher":{"@id":"https:\/\/www.sgeaj.ch\/fr\/#organization"},"potentialAction":[{"@type":"SearchAction","target":{"@type":"EntryPoint","urlTemplate":"https:\/\/www.sgeaj.ch\/fr\/?s={search_term_string}"},"query-input":{"@type":"PropertyValueSpecification","valueRequired":true,"valueName":"search_term_string"}}],"inLanguage":"fr-FR"},{"@type":"Organization","@id":"https:\/\/www.sgeaj.ch\/fr\/#organization","name":"Schweizerische Gesellschaft f\u00fcr die Erforschung des 18. Jahrhunderts (SGEAJ - SSEDS)","url":"https:\/\/www.sgeaj.ch\/fr\/","logo":{"@type":"ImageObject","inLanguage":"fr-FR","@id":"https:\/\/www.sgeaj.ch\/fr\/#\/schema\/logo\/image\/","url":"https:\/\/www.sgeaj.ch\/wp-content\/uploads\/2021\/06\/cropped-logo-xviiies-horiz-abreuviations-bleues.png","contentUrl":"https:\/\/www.sgeaj.ch\/wp-content\/uploads\/2021\/06\/cropped-logo-xviiies-horiz-abreuviations-bleues.png","width":659,"height":335,"caption":"Schweizerische Gesellschaft f\u00fcr die Erforschung des 18. Jahrhunderts (SGEAJ - SSEDS)"},"image":{"@id":"https:\/\/www.sgeaj.ch\/fr\/#\/schema\/logo\/image\/"}},{"@type":"Person","@id":"https:\/\/www.sgeaj.ch\/fr\/#\/schema\/person\/4987b659851959f54148884461da99ca","name":"Meike Knittel","url":"https:\/\/www.sgeaj.ch\/fr\/author\/mknittel\/"}]}},"_links":{"self":[{"href":"https:\/\/www.sgeaj.ch\/fr\/wp-json\/wp\/v2\/posts\/2468","targetHints":{"allow":["GET"]}}],"collection":[{"href":"https:\/\/www.sgeaj.ch\/fr\/wp-json\/wp\/v2\/posts"}],"about":[{"href":"https:\/\/www.sgeaj.ch\/fr\/wp-json\/wp\/v2\/types\/post"}],"author":[{"embeddable":true,"href":"https:\/\/www.sgeaj.ch\/fr\/wp-json\/wp\/v2\/users\/5"}],"replies":[{"embeddable":true,"href":"https:\/\/www.sgeaj.ch\/fr\/wp-json\/wp\/v2\/comments?post=2468"}],"version-history":[{"count":4,"href":"https:\/\/www.sgeaj.ch\/fr\/wp-json\/wp\/v2\/posts\/2468\/revisions"}],"predecessor-version":[{"id":6943,"href":"https:\/\/www.sgeaj.ch\/fr\/wp-json\/wp\/v2\/posts\/2468\/revisions\/6943"}],"wp:featuredmedia":[{"embeddable":true,"href":"https:\/\/www.sgeaj.ch\/fr\/wp-json\/wp\/v2\/media\/3631"}],"wp:attachment":[{"href":"https:\/\/www.sgeaj.ch\/fr\/wp-json\/wp\/v2\/media?parent=2468"}],"wp:term":[{"taxonomy":"category","embeddable":true,"href":"https:\/\/www.sgeaj.ch\/fr\/wp-json\/wp\/v2\/categories?post=2468"},{"taxonomy":"post_tag","embeddable":true,"href":"https:\/\/www.sgeaj.ch\/fr\/wp-json\/wp\/v2\/tags?post=2468"}],"curies":[{"name":"wp","href":"https:\/\/api.w.org\/{rel}","templated":true}]}}