{"id":2484,"date":"2017-10-17T19:05:54","date_gmt":"2017-10-17T17:05:54","guid":{"rendered":"https:\/\/www.sgeaj.ch\/fr\/decor\/"},"modified":"2021-04-11T16:07:53","modified_gmt":"2021-04-11T14:07:53","slug":"decor","status":"publish","type":"post","link":"https:\/\/www.sgeaj.ch\/fr\/actualite\/colloques\/decor\/","title":{"rendered":"D\u00e9cor et architecture"},"content":{"rendered":"<p><strong>Deuxi\u00e8me colloque international<\/strong><\/p>\n<h2 style=\"text-align: center;\">D\u00e9cor et architecture (XVIe-XVIIe si\u00e8cle) :<br \/>\nentre union et s\u00e9paration des arts \/<br \/>\nD\u00e9cor and Architecture (16th-17th centuries):<br \/>\nBetween Adherence and Autonomy<\/h2>\n<p>Universit\u00e9 de Lausanne, 16-17 novembre<br \/>\nQuartier Centre | B\u00e2timent Unith\u00e8que (Biblioth\u00e8que cantonale et universitaire), salle 511<\/p>\n<p>Le d\u00e9cor, \u00e0 la p\u00e9riode moderne, est consid\u00e9r\u00e9 comme l\u2019une des parties fondamentales de l\u2019architecture. Gr\u00e2ce \u00e0 lui, celle-ci se distingue de la simple ma\u00e7onnerie et peut revendiquer une forme d\u2019excellence. Dans une telle perspective, le d\u00e9cor est une condition essentielle \u00e0 l\u2019architecture et non pas un \u00e9l\u00e9ment marginal. Ce statut privil\u00e9gi\u00e9 n\u2019emp\u00eache cependant pas les commentateurs de s\u2019en m\u00e9fier : ils craignent la prolif\u00e9ration incontr\u00f4l\u00e9e de l\u2019ornement, qu\u2019ils jugent nuisible \u00e0 l\u2019architecture. Le pr\u00e9sent colloque ambitionne d\u2019interroger la mani\u00e8re dont les rapports entre d\u00e9cor et architecture ont \u00e9t\u00e9 pens\u00e9s et pratiqu\u00e9s dans l\u2019Europe des XVIe et XVIIe si\u00e8cles.<br \/>\nNotre perception de ces liens est souvent inform\u00e9e par des approches t\u00e9l\u00e9ologiques. Ainsi, les th\u00e8ses radicales v\u00e9hicul\u00e9es par certains \u00e9crits au xxe si\u00e8cle, renvoyant le d\u00e9cor \u00e0 la p\u00e9riph\u00e9rie de l\u2019architecture, ont-elles agi \u00e0 la mani\u00e8re de prismes d\u00e9formants. L\u2019histoire de l\u2019art, pour sa part, a souvent s\u00e9par\u00e9 l\u2019\u00e9tude du d\u00e9cor de celle de l\u2019architecture, instituant de fait une rupture entre ces deux champs, susceptible de biaiser notre compr\u00e9hension de la production artistique \u00e0 la p\u00e9riode moderne et d\u2019en r\u00e9duire la port\u00e9e. Les \u00e9tudes de cas r\u00e9v\u00e8lent des diff\u00e9rences notables dans les modalit\u00e9s de l\u2019invention du d\u00e9cor d\u2019un \u00e9difice \u00e0 l\u2019autre. Les pr\u00e9rogatives des architectes s\u2019av\u00e8rent variables selon les circonstances et les contraintes auxquels ils sont soumis, certains \u00e9tant fortement impliqu\u00e9s dans la conception du d\u00e9cor, tandis que d\u2019autres en laissent le dessein aux artistes ou hommes de m\u00e9tiers.<\/p>\n<p><strong>Jeudi 16 novembre 2017<\/strong><\/p>\n<p>9h00\u00a0\u00a0\u00a0 Accueil des participants<br \/>\n9h15\u00a0\u00a0\u00a0\u00a0 Matthieu LETT, Carl MAGNUSSON, L\u00e9onie MARQUAILLE (Universit\u00e9 de<br \/>\nLausanne): Introduction<br \/>\n9h30\u00a0\u00a0\u00a0 Carl MAGNUSSON (Universit\u00e9 de Lausanne\/Getty Research Institute):<br \/>\n<em>Cerner le d\u00e9cor<\/em><br \/>\n10h15\u00a0\u00a0 \u00a0Catherine TITEUX (\u00c9cole nationale sup\u00e9rieure d&rsquo;architecture de Montpellier):<br \/>\n<em>Ordonnances sans ordres. Les lieux du mur, autour de l\u2019\u0153uvre de Philibert De l&rsquo;Orme<\/em><br \/>\n11h30\u00a0\u00a0 \u00a0Federica VERMOT (Universit\u00e9 de Lausanne): <em>Choisir l\u2019architecture comme d\u00e9cor: \u00e0 propos d\u2019une intervention de Giacomo della Porta pour l\u2019\u00e9glise San Bernardo alle Terme \u00e0 Rome<\/em><br \/>\n12h15\u00a0\u00a0 \u00a0Caroline HEERING (Universit\u00e9 catholique de Louvain &#8211; FNRS): <em>Entre ornement, sculpture et peinture : l\u2019architecture baroque et son d\u00e9cor dans les anciens Pays-Bas m\u00e9ridionaux au XVIIe si\u00e8cle<\/em><\/p>\n<p>14h30\u00a0\u00a0 \u00a0Pascal DUBOURG-GLATIGNY (CNRS): <em>La question du sgraffito en Europe : planification des d\u00e9cors urbains dans la ville nouvelle de Zamo\u015b\u0107<\/em><br \/>\n15h15\u00a0\u00a0 \u00a0Sophie FRADIER (Universit\u00e9 Toulouse Jean-Jaur\u00e8s): <em>Collaborer pour mieux orner : le cas des fre\u0300res architectes Souffron (vers 1554-1649)<\/em><br \/>\n16h30\u00a0\u00a0 \u00a0\u00c9tienne FAISANT (Labex Les pass\u00e9s dans le pr\u00e9sent): <em>\u00ab The ordenanse therof came from us \u00bb : la part d\u2019un sculpteur fran\u00e7ais dans le dessin des fa\u00e7ades de Longleat<\/em><br \/>\n17h15\u00a0\u00a0 \u00a0Anne LE PAS DE SECHEVAL (Universit\u00e9 Paris Nanterre): <em>L&rsquo;architecte ou le sculpteur ? R\u00e9flexions sur les monuments de c\u0153ur de Saint-Louis-des-J\u00e9suites \u00e0 Paris<\/em><\/p>\n<p><strong>Vendredi 17 novembre 2017<\/strong><\/p>\n<p>9h30\u00a0\u00a0 \u00a0Marianne COJANNOT-LE BLANC (Universit\u00e9 Paris Nanterre): <em>Le cabinet des Bains d\u2019Anne d\u2019Autriche au Louvre<\/em><br \/>\n10h15\u00a0\u00a0 \u00a0Ga\u00eblle LAFAGE (Universit\u00e9 catholique de l&rsquo;Ouest, Angers): <em>Charles Le Brun et l\u2019architecture \u00e9loquente<\/em><br \/>\n11h30 \u00a0\u00a0 \u00a0Fr\u00e9d\u00e9rique VILLEMUR (\u00c9cole nationale sup\u00e9rieure d&rsquo;architecture de Montpellier): <em>L\u2019architecte, le peintre et le perroquet : Palladio et V\u00e9ron\u00e8se \u00e0 la villa Barbaro, retour sur une \u00e9nigme<\/em><br \/>\n12h15\u00a0\u00a0 \u00a0Ronan BOUTTIER (Universit\u00e9 Paris Sorbonne): <em>D\u00e9cors de fra\u00eecheur : la conception des bains priv\u00e9s au XVIIe si\u00e8cle, \u00e0 la crois\u00e9e de l\u2019architecture et de la m\u00e9decine<\/em><\/p>\n<p>14h30 \u00a0\u00a0 \u00a0Micha\u00ebl DECROSSAS (Laboratoire Saprat, Ecole pratique des hautes \u00e9tudes): <em>Le \u00ab dehors \u00bb et le \u00ab dedans \u00bb : le d\u00e9cor selon Antoine Le Pautre<\/em><br \/>\n15h15\u00a0\u00a0 \u00a0Nicolas COURTIN (Direction des Affaires culturelles, d\u00e9partement Histoire de l\u2019architecture et Arch\u00e9ologie de Paris &#8211; Secr\u00e9tariat g\u00e9n\u00e9ral de la Commission du Vieux Paris):<em> Dehors et dedans de quelques h\u00f4tels particuliers parisiens du XVIIe si\u00e8cle : le d\u00e9cor au service d\u2019une famille<\/em><br \/>\n16h30\u00a0\u00a0 \u00a0Val\u00e9rie AUCLAIR (Universit\u00e9 Paris-Est): <em>D\u00e9cor et interpr\u00e9tations de l\u2019architecture. Le Passage de la Mer Rouge et les fonctions du jub\u00e9 de la cath\u00e9drale de Langres \u00e0 la Renaissance<\/em><br \/>\n17h15 \u00a0\u00a0 \u00a0Christian MICHEL (Universit\u00e9 de Lausanne): <em>Conclusion<\/em><\/p>\n<p>Le colloque est ouvert au public, dans la limite des places disponibles<\/p>\n<p><a href=\"https:\/\/www.sgeaj.ch\/wp-content\/uploads\/2017\/10\/Colloque_Decor.pdf\" target=\"_blank\" rel=\"noopener noreferrer\">\u2192 Programme<\/a><\/p>\n","protected":false},"excerpt":{"rendered":"<p>Deuxi\u00e8me colloque international D\u00e9cor et architecture (XVIe-XVIIe si\u00e8cle) : entre union et s\u00e9paration des arts \/ D\u00e9cor and Architecture (16th-17th centuries): Between Adherence and Autonomy Universit\u00e9 de Lausanne, 16-17 novembre Quartier Centre | B\u00e2timent Unith\u00e8que (Biblioth\u00e8que cantonale et universitaire), salle 511 Le d\u00e9cor, \u00e0 la p\u00e9riode moderne, est consid\u00e9r\u00e9 comme l\u2019une des parties fondamentales de [&hellip;]<\/p>\n","protected":false},"author":5,"featured_media":3637,"comment_status":"closed","ping_status":"open","sticky":false,"template":"","format":"standard","meta":{"footnotes":""},"categories":[42,27],"tags":[],"class_list":{"0":"post-2484","1":"post","2":"type-post","3":"status-publish","4":"format-standard","5":"has-post-thumbnail","7":"category-actualite","8":"category-colloques","9":"czr-hentry"},"yoast_head":"<!-- This site is optimized with the Yoast SEO plugin v26.9 - https:\/\/yoast.com\/product\/yoast-seo-wordpress\/ -->\n<title>D\u00e9cor et architecture - Schweizerische Gesellschaft f\u00fcr die Erforschung des 18. Jahrhunderts (SGEAJ - SSEDS)<\/title>\n<meta name=\"robots\" content=\"index, follow, max-snippet:-1, max-image-preview:large, max-video-preview:-1\" \/>\n<link rel=\"canonical\" href=\"https:\/\/www.sgeaj.ch\/fr\/actualite\/colloques\/decor\/\" \/>\n<meta name=\"twitter:label1\" content=\"\u00c9crit par\" \/>\n\t<meta name=\"twitter:data1\" content=\"Meike Knittel\" \/>\n\t<meta name=\"twitter:label2\" content=\"Dur\u00e9e de lecture estim\u00e9e\" \/>\n\t<meta name=\"twitter:data2\" content=\"4 minutes\" \/>\n<script type=\"application\/ld+json\" class=\"yoast-schema-graph\">{\"@context\":\"https:\/\/schema.org\",\"@graph\":[{\"@type\":\"Article\",\"@id\":\"https:\/\/www.sgeaj.ch\/fr\/actualite\/colloques\/decor\/#article\",\"isPartOf\":{\"@id\":\"https:\/\/www.sgeaj.ch\/fr\/actualite\/colloques\/decor\/\"},\"author\":{\"name\":\"Meike Knittel\",\"@id\":\"https:\/\/www.sgeaj.ch\/fr\/#\/schema\/person\/4987b659851959f54148884461da99ca\"},\"headline\":\"D\u00e9cor et architecture\",\"datePublished\":\"2017-10-17T17:05:54+00:00\",\"dateModified\":\"2021-04-11T14:07:53+00:00\",\"mainEntityOfPage\":{\"@id\":\"https:\/\/www.sgeaj.ch\/fr\/actualite\/colloques\/decor\/\"},\"wordCount\":791,\"publisher\":{\"@id\":\"https:\/\/www.sgeaj.ch\/fr\/#organization\"},\"image\":{\"@id\":\"https:\/\/www.sgeaj.ch\/fr\/actualite\/colloques\/decor\/#primaryimage\"},\"thumbnailUrl\":\"https:\/\/www.sgeaj.ch\/wp-content\/uploads\/2017\/10\/decor.jpg\",\"articleSection\":[\"Actualit\u00e9\",\"Colloques\"],\"inLanguage\":\"fr-FR\"},{\"@type\":\"WebPage\",\"@id\":\"https:\/\/www.sgeaj.ch\/fr\/actualite\/colloques\/decor\/\",\"url\":\"https:\/\/www.sgeaj.ch\/fr\/actualite\/colloques\/decor\/\",\"name\":\"D\u00e9cor et architecture - Schweizerische Gesellschaft f\u00fcr die Erforschung des 18. Jahrhunderts (SGEAJ - SSEDS)\",\"isPartOf\":{\"@id\":\"https:\/\/www.sgeaj.ch\/fr\/#website\"},\"primaryImageOfPage\":{\"@id\":\"https:\/\/www.sgeaj.ch\/fr\/actualite\/colloques\/decor\/#primaryimage\"},\"image\":{\"@id\":\"https:\/\/www.sgeaj.ch\/fr\/actualite\/colloques\/decor\/#primaryimage\"},\"thumbnailUrl\":\"https:\/\/www.sgeaj.ch\/wp-content\/uploads\/2017\/10\/decor.jpg\",\"datePublished\":\"2017-10-17T17:05:54+00:00\",\"dateModified\":\"2021-04-11T14:07:53+00:00\",\"inLanguage\":\"fr-FR\",\"potentialAction\":[{\"@type\":\"ReadAction\",\"target\":[\"https:\/\/www.sgeaj.ch\/fr\/actualite\/colloques\/decor\/\"]}]},{\"@type\":\"ImageObject\",\"inLanguage\":\"fr-FR\",\"@id\":\"https:\/\/www.sgeaj.ch\/fr\/actualite\/colloques\/decor\/#primaryimage\",\"url\":\"https:\/\/www.sgeaj.ch\/wp-content\/uploads\/2017\/10\/decor.jpg\",\"contentUrl\":\"https:\/\/www.sgeaj.ch\/wp-content\/uploads\/2017\/10\/decor.jpg\",\"width\":2169,\"height\":2112},{\"@type\":\"WebSite\",\"@id\":\"https:\/\/www.sgeaj.ch\/fr\/#website\",\"url\":\"https:\/\/www.sgeaj.ch\/fr\/\",\"name\":\"Schweizerische Gesellschaft f\u00fcr die Erforschung des 18. Jahrhunderts (SGEAJ - SSEDS)\",\"description\":\"Schweizerische Gesellschaft f\u00fcr die Erforschung des 18. Jahrhunderts\",\"publisher\":{\"@id\":\"https:\/\/www.sgeaj.ch\/fr\/#organization\"},\"potentialAction\":[{\"@type\":\"SearchAction\",\"target\":{\"@type\":\"EntryPoint\",\"urlTemplate\":\"https:\/\/www.sgeaj.ch\/fr\/?s={search_term_string}\"},\"query-input\":{\"@type\":\"PropertyValueSpecification\",\"valueRequired\":true,\"valueName\":\"search_term_string\"}}],\"inLanguage\":\"fr-FR\"},{\"@type\":\"Organization\",\"@id\":\"https:\/\/www.sgeaj.ch\/fr\/#organization\",\"name\":\"Schweizerische Gesellschaft f\u00fcr die Erforschung des 18. Jahrhunderts (SGEAJ - SSEDS)\",\"url\":\"https:\/\/www.sgeaj.ch\/fr\/\",\"logo\":{\"@type\":\"ImageObject\",\"inLanguage\":\"fr-FR\",\"@id\":\"https:\/\/www.sgeaj.ch\/fr\/#\/schema\/logo\/image\/\",\"url\":\"https:\/\/www.sgeaj.ch\/wp-content\/uploads\/2021\/06\/cropped-logo-xviiies-horiz-abreuviations-bleues.png\",\"contentUrl\":\"https:\/\/www.sgeaj.ch\/wp-content\/uploads\/2021\/06\/cropped-logo-xviiies-horiz-abreuviations-bleues.png\",\"width\":659,\"height\":335,\"caption\":\"Schweizerische Gesellschaft f\u00fcr die Erforschung des 18. Jahrhunderts (SGEAJ - SSEDS)\"},\"image\":{\"@id\":\"https:\/\/www.sgeaj.ch\/fr\/#\/schema\/logo\/image\/\"}},{\"@type\":\"Person\",\"@id\":\"https:\/\/www.sgeaj.ch\/fr\/#\/schema\/person\/4987b659851959f54148884461da99ca\",\"name\":\"Meike Knittel\",\"url\":\"https:\/\/www.sgeaj.ch\/fr\/author\/mknittel\/\"}]}<\/script>\n<!-- \/ Yoast SEO plugin. -->","yoast_head_json":{"title":"D\u00e9cor et architecture - Schweizerische Gesellschaft f\u00fcr die Erforschung des 18. Jahrhunderts (SGEAJ - SSEDS)","robots":{"index":"index","follow":"follow","max-snippet":"max-snippet:-1","max-image-preview":"max-image-preview:large","max-video-preview":"max-video-preview:-1"},"canonical":"https:\/\/www.sgeaj.ch\/fr\/actualite\/colloques\/decor\/","twitter_misc":{"\u00c9crit par":"Meike Knittel","Dur\u00e9e de lecture estim\u00e9e":"4 minutes"},"schema":{"@context":"https:\/\/schema.org","@graph":[{"@type":"Article","@id":"https:\/\/www.sgeaj.ch\/fr\/actualite\/colloques\/decor\/#article","isPartOf":{"@id":"https:\/\/www.sgeaj.ch\/fr\/actualite\/colloques\/decor\/"},"author":{"name":"Meike Knittel","@id":"https:\/\/www.sgeaj.ch\/fr\/#\/schema\/person\/4987b659851959f54148884461da99ca"},"headline":"D\u00e9cor et architecture","datePublished":"2017-10-17T17:05:54+00:00","dateModified":"2021-04-11T14:07:53+00:00","mainEntityOfPage":{"@id":"https:\/\/www.sgeaj.ch\/fr\/actualite\/colloques\/decor\/"},"wordCount":791,"publisher":{"@id":"https:\/\/www.sgeaj.ch\/fr\/#organization"},"image":{"@id":"https:\/\/www.sgeaj.ch\/fr\/actualite\/colloques\/decor\/#primaryimage"},"thumbnailUrl":"https:\/\/www.sgeaj.ch\/wp-content\/uploads\/2017\/10\/decor.jpg","articleSection":["Actualit\u00e9","Colloques"],"inLanguage":"fr-FR"},{"@type":"WebPage","@id":"https:\/\/www.sgeaj.ch\/fr\/actualite\/colloques\/decor\/","url":"https:\/\/www.sgeaj.ch\/fr\/actualite\/colloques\/decor\/","name":"D\u00e9cor et architecture - Schweizerische Gesellschaft f\u00fcr die Erforschung des 18. Jahrhunderts (SGEAJ - SSEDS)","isPartOf":{"@id":"https:\/\/www.sgeaj.ch\/fr\/#website"},"primaryImageOfPage":{"@id":"https:\/\/www.sgeaj.ch\/fr\/actualite\/colloques\/decor\/#primaryimage"},"image":{"@id":"https:\/\/www.sgeaj.ch\/fr\/actualite\/colloques\/decor\/#primaryimage"},"thumbnailUrl":"https:\/\/www.sgeaj.ch\/wp-content\/uploads\/2017\/10\/decor.jpg","datePublished":"2017-10-17T17:05:54+00:00","dateModified":"2021-04-11T14:07:53+00:00","inLanguage":"fr-FR","potentialAction":[{"@type":"ReadAction","target":["https:\/\/www.sgeaj.ch\/fr\/actualite\/colloques\/decor\/"]}]},{"@type":"ImageObject","inLanguage":"fr-FR","@id":"https:\/\/www.sgeaj.ch\/fr\/actualite\/colloques\/decor\/#primaryimage","url":"https:\/\/www.sgeaj.ch\/wp-content\/uploads\/2017\/10\/decor.jpg","contentUrl":"https:\/\/www.sgeaj.ch\/wp-content\/uploads\/2017\/10\/decor.jpg","width":2169,"height":2112},{"@type":"WebSite","@id":"https:\/\/www.sgeaj.ch\/fr\/#website","url":"https:\/\/www.sgeaj.ch\/fr\/","name":"Schweizerische Gesellschaft f\u00fcr die Erforschung des 18. Jahrhunderts (SGEAJ - SSEDS)","description":"Schweizerische Gesellschaft f\u00fcr die Erforschung des 18. Jahrhunderts","publisher":{"@id":"https:\/\/www.sgeaj.ch\/fr\/#organization"},"potentialAction":[{"@type":"SearchAction","target":{"@type":"EntryPoint","urlTemplate":"https:\/\/www.sgeaj.ch\/fr\/?s={search_term_string}"},"query-input":{"@type":"PropertyValueSpecification","valueRequired":true,"valueName":"search_term_string"}}],"inLanguage":"fr-FR"},{"@type":"Organization","@id":"https:\/\/www.sgeaj.ch\/fr\/#organization","name":"Schweizerische Gesellschaft f\u00fcr die Erforschung des 18. Jahrhunderts (SGEAJ - SSEDS)","url":"https:\/\/www.sgeaj.ch\/fr\/","logo":{"@type":"ImageObject","inLanguage":"fr-FR","@id":"https:\/\/www.sgeaj.ch\/fr\/#\/schema\/logo\/image\/","url":"https:\/\/www.sgeaj.ch\/wp-content\/uploads\/2021\/06\/cropped-logo-xviiies-horiz-abreuviations-bleues.png","contentUrl":"https:\/\/www.sgeaj.ch\/wp-content\/uploads\/2021\/06\/cropped-logo-xviiies-horiz-abreuviations-bleues.png","width":659,"height":335,"caption":"Schweizerische Gesellschaft f\u00fcr die Erforschung des 18. Jahrhunderts (SGEAJ - SSEDS)"},"image":{"@id":"https:\/\/www.sgeaj.ch\/fr\/#\/schema\/logo\/image\/"}},{"@type":"Person","@id":"https:\/\/www.sgeaj.ch\/fr\/#\/schema\/person\/4987b659851959f54148884461da99ca","name":"Meike Knittel","url":"https:\/\/www.sgeaj.ch\/fr\/author\/mknittel\/"}]}},"_links":{"self":[{"href":"https:\/\/www.sgeaj.ch\/fr\/wp-json\/wp\/v2\/posts\/2484","targetHints":{"allow":["GET"]}}],"collection":[{"href":"https:\/\/www.sgeaj.ch\/fr\/wp-json\/wp\/v2\/posts"}],"about":[{"href":"https:\/\/www.sgeaj.ch\/fr\/wp-json\/wp\/v2\/types\/post"}],"author":[{"embeddable":true,"href":"https:\/\/www.sgeaj.ch\/fr\/wp-json\/wp\/v2\/users\/5"}],"replies":[{"embeddable":true,"href":"https:\/\/www.sgeaj.ch\/fr\/wp-json\/wp\/v2\/comments?post=2484"}],"version-history":[{"count":2,"href":"https:\/\/www.sgeaj.ch\/fr\/wp-json\/wp\/v2\/posts\/2484\/revisions"}],"predecessor-version":[{"id":6207,"href":"https:\/\/www.sgeaj.ch\/fr\/wp-json\/wp\/v2\/posts\/2484\/revisions\/6207"}],"wp:featuredmedia":[{"embeddable":true,"href":"https:\/\/www.sgeaj.ch\/fr\/wp-json\/wp\/v2\/media\/3637"}],"wp:attachment":[{"href":"https:\/\/www.sgeaj.ch\/fr\/wp-json\/wp\/v2\/media?parent=2484"}],"wp:term":[{"taxonomy":"category","embeddable":true,"href":"https:\/\/www.sgeaj.ch\/fr\/wp-json\/wp\/v2\/categories?post=2484"},{"taxonomy":"post_tag","embeddable":true,"href":"https:\/\/www.sgeaj.ch\/fr\/wp-json\/wp\/v2\/tags?post=2484"}],"curies":[{"name":"wp","href":"https:\/\/api.w.org\/{rel}","templated":true}]}}