{"id":2520,"date":"2017-11-21T17:28:29","date_gmt":"2017-11-21T16:28:29","guid":{"rendered":"https:\/\/www.sgeaj.ch\/fr\/?p=2520"},"modified":"2021-04-11T16:06:56","modified_gmt":"2021-04-11T14:06:56","slug":"colloque_theatres_de_societe_2017","status":"publish","type":"post","link":"https:\/\/www.sgeaj.ch\/fr\/actualite\/colloques\/colloque_theatres_de_societe_2017\/","title":{"rendered":"Genres et esth\u00e9tique des th\u00e9\u00e2tres de soci\u00e9t\u00e9"},"content":{"rendered":"<h2 style=\"text-align: center;\">Colloque international<\/h2>\n<h2 style=\"text-align: center;\">\u00ab\u00a0Genres et esth\u00e9tique des th\u00e9\u00e2tres de soci\u00e9t\u00e9<br \/>\n(XVIIIe-XIXe si\u00e8cles)\u00a0\u00bb<\/h2>\n<p>Universit\u00e9 de Lausanne<\/p>\n<p>7-8 d\u00e9cembre 2017<\/p>\n<p>Section de fran\u00e7ais<br \/>\nB\u00e2timent Amphimax | salle 414<\/p>\n<p><strong>Jeudi 7 d\u00e9cembre<\/strong><\/p>\n<p>14h00 \u00a0\u00a0 Sylvain Ledda, Valentina Ponzetto et Jennifer Ruimi: <em>Introduction<\/em><\/p>\n<p>14h30 \u00a0\u00a0 Jennifer Ruimi (FNS \/ Lausanne): <em>Voltaire, auteur de parades ?<\/em><br \/>\n14h55 \u00a0\u00a0 Guy Spielmann (Georgetown University): <em>Double connivence et jeu du com\u00e9dien dans la parade de soci\u00e9t\u00e9<\/em><\/p>\n<p>15h50 \u00a0\u00a0 Francis Kay (Universit\u00e9 de Lausanne): <em>\u00ab\u00a0La sc\u00e8ne est dans un caf\u00e9.\u00a0\u00bb: une s\u00e9rialit\u00e9 particuli\u00e8re dans les proverbes dramatiques de Carmontelle ?<\/em><br \/>\n16h15 \u00a0\u00a0 Barbara Cooper (Universit\u00e9 du New Hampshire): <em>Le Journal des demoiselles et le th\u00e9\u00e2tre de soci\u00e9t\u00e9 dans les ann\u00e9es 1830 : des textes formatifs et performatifs ?<\/em><\/p>\n<p>18h00 \u00a0\u00a0 Spectacle \u2013 Entr\u00e9e libre | Amphip\u00f4le 340.1<br \/>\n\u00ab <em>Il faut qu\u2019une porte soit ouverte ou ferm\u00e9e<\/em> \u00bb d\u2019Alfred de Musset,<br \/>\npr\u00e9c\u00e9d\u00e9 de \u00ab <em>La clef du grenier d\u2019Alfred<\/em> \u00bb d\u2019Isabelle Andr\u00e9ani<\/p>\n<p><strong>Vendredi 8 d\u00e9cembre<\/strong><\/p>\n<p>10h00 \u00a0\u00a0 Renaud Bret-Vitoz (Universit\u00e9 de Toulouse UT2J): <em>Rousseau disciple de Marivaux dans les th\u00e9\u00e2tres de soci\u00e9t\u00e9 de Chenonceaux et de la Chevrette<\/em><br \/>\n10h25 \u00a0\u00a0 Aline Hodroge (FNS \/ Lausanne et Rouen \/ CEREdI): \u2018<em>Il faut qu\u2019elle ravage les coeurs\u2019 : la trag\u00e9die sur la sc\u00e8ne sta\u00eblienne<\/em><\/p>\n<p>11h20 \u00a0\u00a0 Sara Maddalena (Universit\u00e9 Paul-Val\u00e9ry \u2013 Montpellier III):<em> Th\u00e9\u00e2tre de marionnettes \u00e0 Venise au XVIIIe si\u00e8cle<\/em>. (Le Th\u00e9\u00e2tre de San Girolamo et son r\u00e9pertoire) .<br \/>\n11h45 \u00a0\u00a0 Didier Plassard (Universit\u00e9 Paul-Val\u00e9ry \u2013 Montpellier III): <em>Du salon \u00e0 l\u2019atelier : le r\u00f4le des spectacles de soci\u00e9t\u00e9 dans le renouvellement des arts <\/em><em>de la marionnette (1848 \u2013 1914)<\/em><\/p>\n<p>14h30 \u00a0\u00a0 Camille Chollet (Universit\u00e9 de Rouen \u2013 CEREdI): <em>Carmontelle directeur d\u2019acteurs: l\u2019\u00e9bauche d\u2019une esth\u00e9tique<\/em><br \/>\n14h55 \u00a0\u00a0 Julia Gros de Gasquet (Sorbonne Nouvelle Paris 3): <em>La sc\u00e8ne de soci\u00e9t\u00e9, une \u00a0\u00bb pr\u00e9histoire \u00a0\u00bb du jeu d\u2019Adrienne Lecouvreur ?<\/em><\/p>\n<p>15h50 \u00a0\u00a0 Jacqueline Razgonnikoff (Biblioth\u00e8que-Mus\u00e9e de la Com\u00e9die-Fran\u00e7aise): <em>Les Com\u00e9diens-Fran\u00e7ais et les th\u00e9\u00e2tres de soci\u00e9t\u00e9: formation ou d\u00e9voiement,<\/em><br \/>\nprestige ou d\u00e9valuation.<br \/>\n16h15 \u00a0\u00a0 Marie-Emmanuelle Plagnol-Di\u00e9val (UPEC): <em>\u00ab\u00a0Nous l\u2019avions trouv\u00e9 fort mauvais aux r\u00e9p\u00e9titions, mais il se surpassa \u00e0 la repr\u00e9sentation\u00a0\u00bb ou les t\u00e9moignages de jeu dramatique sur les sc\u00e8nes de th\u00e9\u00e2tre de soci\u00e9t\u00e9 dans les textes m\u00e9moriels (Genlis, Coll\u00e9) : typologie, validit\u00e9 et interpr\u00e9tation .<\/em><\/p>\n<p><a href=\"https:\/\/www.sgeaj.ch\/wp-content\/uploads\/2017\/11\/2017_colloque_theatres.pdf\" target=\"_blank\" rel=\"noopener noreferrer\">\u2192 Programme (pdf)<\/a><\/p>\n","protected":false},"excerpt":{"rendered":"<p>Colloque international \u00ab\u00a0Genres et esth\u00e9tique des th\u00e9\u00e2tres de soci\u00e9t\u00e9 (XVIIIe-XIXe si\u00e8cles)\u00a0\u00bb Universit\u00e9 de Lausanne 7-8 d\u00e9cembre 2017 Section de fran\u00e7ais B\u00e2timent Amphimax | salle 414 Jeudi 7 d\u00e9cembre 14h00 \u00a0\u00a0 Sylvain Ledda, Valentina Ponzetto et Jennifer Ruimi: Introduction 14h30 \u00a0\u00a0 Jennifer Ruimi (FNS \/ Lausanne): Voltaire, auteur de parades ? 14h55 \u00a0\u00a0 Guy Spielmann (Georgetown [&hellip;]<\/p>\n","protected":false},"author":5,"featured_media":3642,"comment_status":"closed","ping_status":"open","sticky":false,"template":"","format":"standard","meta":{"footnotes":""},"categories":[42,27],"tags":[],"class_list":{"0":"post-2520","1":"post","2":"type-post","3":"status-publish","4":"format-standard","5":"has-post-thumbnail","7":"category-actualite","8":"category-colloques","9":"czr-hentry"},"yoast_head":"<!-- This site is optimized with the Yoast SEO plugin v26.9 - https:\/\/yoast.com\/product\/yoast-seo-wordpress\/ -->\n<title>Genres et esth\u00e9tique des th\u00e9\u00e2tres de soci\u00e9t\u00e9 - Schweizerische Gesellschaft f\u00fcr die Erforschung des 18. Jahrhunderts (SGEAJ - SSEDS)<\/title>\n<meta name=\"robots\" content=\"index, follow, max-snippet:-1, max-image-preview:large, max-video-preview:-1\" \/>\n<link rel=\"canonical\" href=\"https:\/\/www.sgeaj.ch\/fr\/actualite\/colloques\/colloque_theatres_de_societe_2017\/\" \/>\n<meta name=\"twitter:label1\" content=\"\u00c9crit par\" \/>\n\t<meta name=\"twitter:data1\" content=\"Meike Knittel\" \/>\n\t<meta name=\"twitter:label2\" content=\"Dur\u00e9e de lecture estim\u00e9e\" \/>\n\t<meta name=\"twitter:data2\" content=\"2 minutes\" \/>\n<script type=\"application\/ld+json\" class=\"yoast-schema-graph\">{\"@context\":\"https:\/\/schema.org\",\"@graph\":[{\"@type\":\"Article\",\"@id\":\"https:\/\/www.sgeaj.ch\/fr\/actualite\/colloques\/colloque_theatres_de_societe_2017\/#article\",\"isPartOf\":{\"@id\":\"https:\/\/www.sgeaj.ch\/fr\/actualite\/colloques\/colloque_theatres_de_societe_2017\/\"},\"author\":{\"name\":\"Meike Knittel\",\"@id\":\"https:\/\/www.sgeaj.ch\/fr\/#\/schema\/person\/4987b659851959f54148884461da99ca\"},\"headline\":\"Genres et esth\u00e9tique des th\u00e9\u00e2tres de soci\u00e9t\u00e9\",\"datePublished\":\"2017-11-21T16:28:29+00:00\",\"dateModified\":\"2021-04-11T14:06:56+00:00\",\"mainEntityOfPage\":{\"@id\":\"https:\/\/www.sgeaj.ch\/fr\/actualite\/colloques\/colloque_theatres_de_societe_2017\/\"},\"wordCount\":393,\"publisher\":{\"@id\":\"https:\/\/www.sgeaj.ch\/fr\/#organization\"},\"image\":{\"@id\":\"https:\/\/www.sgeaj.ch\/fr\/actualite\/colloques\/colloque_theatres_de_societe_2017\/#primaryimage\"},\"thumbnailUrl\":\"https:\/\/www.sgeaj.ch\/wp-content\/uploads\/2017\/11\/theatre.jpg\",\"articleSection\":[\"Actualit\u00e9\",\"Colloques\"],\"inLanguage\":\"fr-FR\"},{\"@type\":\"WebPage\",\"@id\":\"https:\/\/www.sgeaj.ch\/fr\/actualite\/colloques\/colloque_theatres_de_societe_2017\/\",\"url\":\"https:\/\/www.sgeaj.ch\/fr\/actualite\/colloques\/colloque_theatres_de_societe_2017\/\",\"name\":\"Genres et esth\u00e9tique des th\u00e9\u00e2tres de soci\u00e9t\u00e9 - Schweizerische Gesellschaft f\u00fcr die Erforschung des 18. Jahrhunderts (SGEAJ - SSEDS)\",\"isPartOf\":{\"@id\":\"https:\/\/www.sgeaj.ch\/fr\/#website\"},\"primaryImageOfPage\":{\"@id\":\"https:\/\/www.sgeaj.ch\/fr\/actualite\/colloques\/colloque_theatres_de_societe_2017\/#primaryimage\"},\"image\":{\"@id\":\"https:\/\/www.sgeaj.ch\/fr\/actualite\/colloques\/colloque_theatres_de_societe_2017\/#primaryimage\"},\"thumbnailUrl\":\"https:\/\/www.sgeaj.ch\/wp-content\/uploads\/2017\/11\/theatre.jpg\",\"datePublished\":\"2017-11-21T16:28:29+00:00\",\"dateModified\":\"2021-04-11T14:06:56+00:00\",\"inLanguage\":\"fr-FR\",\"potentialAction\":[{\"@type\":\"ReadAction\",\"target\":[\"https:\/\/www.sgeaj.ch\/fr\/actualite\/colloques\/colloque_theatres_de_societe_2017\/\"]}]},{\"@type\":\"ImageObject\",\"inLanguage\":\"fr-FR\",\"@id\":\"https:\/\/www.sgeaj.ch\/fr\/actualite\/colloques\/colloque_theatres_de_societe_2017\/#primaryimage\",\"url\":\"https:\/\/www.sgeaj.ch\/wp-content\/uploads\/2017\/11\/theatre.jpg\",\"contentUrl\":\"https:\/\/www.sgeaj.ch\/wp-content\/uploads\/2017\/11\/theatre.jpg\",\"width\":864,\"height\":614},{\"@type\":\"WebSite\",\"@id\":\"https:\/\/www.sgeaj.ch\/fr\/#website\",\"url\":\"https:\/\/www.sgeaj.ch\/fr\/\",\"name\":\"Schweizerische Gesellschaft f\u00fcr die Erforschung des 18. Jahrhunderts (SGEAJ - SSEDS)\",\"description\":\"Schweizerische Gesellschaft f\u00fcr die Erforschung des 18. Jahrhunderts\",\"publisher\":{\"@id\":\"https:\/\/www.sgeaj.ch\/fr\/#organization\"},\"potentialAction\":[{\"@type\":\"SearchAction\",\"target\":{\"@type\":\"EntryPoint\",\"urlTemplate\":\"https:\/\/www.sgeaj.ch\/fr\/?s={search_term_string}\"},\"query-input\":{\"@type\":\"PropertyValueSpecification\",\"valueRequired\":true,\"valueName\":\"search_term_string\"}}],\"inLanguage\":\"fr-FR\"},{\"@type\":\"Organization\",\"@id\":\"https:\/\/www.sgeaj.ch\/fr\/#organization\",\"name\":\"Schweizerische Gesellschaft f\u00fcr die Erforschung des 18. Jahrhunderts (SGEAJ - SSEDS)\",\"url\":\"https:\/\/www.sgeaj.ch\/fr\/\",\"logo\":{\"@type\":\"ImageObject\",\"inLanguage\":\"fr-FR\",\"@id\":\"https:\/\/www.sgeaj.ch\/fr\/#\/schema\/logo\/image\/\",\"url\":\"https:\/\/www.sgeaj.ch\/wp-content\/uploads\/2021\/06\/cropped-logo-xviiies-horiz-abreuviations-bleues.png\",\"contentUrl\":\"https:\/\/www.sgeaj.ch\/wp-content\/uploads\/2021\/06\/cropped-logo-xviiies-horiz-abreuviations-bleues.png\",\"width\":659,\"height\":335,\"caption\":\"Schweizerische Gesellschaft f\u00fcr die Erforschung des 18. Jahrhunderts (SGEAJ - SSEDS)\"},\"image\":{\"@id\":\"https:\/\/www.sgeaj.ch\/fr\/#\/schema\/logo\/image\/\"}},{\"@type\":\"Person\",\"@id\":\"https:\/\/www.sgeaj.ch\/fr\/#\/schema\/person\/4987b659851959f54148884461da99ca\",\"name\":\"Meike Knittel\",\"url\":\"https:\/\/www.sgeaj.ch\/fr\/author\/mknittel\/\"}]}<\/script>\n<!-- \/ Yoast SEO plugin. -->","yoast_head_json":{"title":"Genres et esth\u00e9tique des th\u00e9\u00e2tres de soci\u00e9t\u00e9 - Schweizerische Gesellschaft f\u00fcr die Erforschung des 18. Jahrhunderts (SGEAJ - SSEDS)","robots":{"index":"index","follow":"follow","max-snippet":"max-snippet:-1","max-image-preview":"max-image-preview:large","max-video-preview":"max-video-preview:-1"},"canonical":"https:\/\/www.sgeaj.ch\/fr\/actualite\/colloques\/colloque_theatres_de_societe_2017\/","twitter_misc":{"\u00c9crit par":"Meike Knittel","Dur\u00e9e de lecture estim\u00e9e":"2 minutes"},"schema":{"@context":"https:\/\/schema.org","@graph":[{"@type":"Article","@id":"https:\/\/www.sgeaj.ch\/fr\/actualite\/colloques\/colloque_theatres_de_societe_2017\/#article","isPartOf":{"@id":"https:\/\/www.sgeaj.ch\/fr\/actualite\/colloques\/colloque_theatres_de_societe_2017\/"},"author":{"name":"Meike Knittel","@id":"https:\/\/www.sgeaj.ch\/fr\/#\/schema\/person\/4987b659851959f54148884461da99ca"},"headline":"Genres et esth\u00e9tique des th\u00e9\u00e2tres de soci\u00e9t\u00e9","datePublished":"2017-11-21T16:28:29+00:00","dateModified":"2021-04-11T14:06:56+00:00","mainEntityOfPage":{"@id":"https:\/\/www.sgeaj.ch\/fr\/actualite\/colloques\/colloque_theatres_de_societe_2017\/"},"wordCount":393,"publisher":{"@id":"https:\/\/www.sgeaj.ch\/fr\/#organization"},"image":{"@id":"https:\/\/www.sgeaj.ch\/fr\/actualite\/colloques\/colloque_theatres_de_societe_2017\/#primaryimage"},"thumbnailUrl":"https:\/\/www.sgeaj.ch\/wp-content\/uploads\/2017\/11\/theatre.jpg","articleSection":["Actualit\u00e9","Colloques"],"inLanguage":"fr-FR"},{"@type":"WebPage","@id":"https:\/\/www.sgeaj.ch\/fr\/actualite\/colloques\/colloque_theatres_de_societe_2017\/","url":"https:\/\/www.sgeaj.ch\/fr\/actualite\/colloques\/colloque_theatres_de_societe_2017\/","name":"Genres et esth\u00e9tique des th\u00e9\u00e2tres de soci\u00e9t\u00e9 - Schweizerische Gesellschaft f\u00fcr die Erforschung des 18. Jahrhunderts (SGEAJ - SSEDS)","isPartOf":{"@id":"https:\/\/www.sgeaj.ch\/fr\/#website"},"primaryImageOfPage":{"@id":"https:\/\/www.sgeaj.ch\/fr\/actualite\/colloques\/colloque_theatres_de_societe_2017\/#primaryimage"},"image":{"@id":"https:\/\/www.sgeaj.ch\/fr\/actualite\/colloques\/colloque_theatres_de_societe_2017\/#primaryimage"},"thumbnailUrl":"https:\/\/www.sgeaj.ch\/wp-content\/uploads\/2017\/11\/theatre.jpg","datePublished":"2017-11-21T16:28:29+00:00","dateModified":"2021-04-11T14:06:56+00:00","inLanguage":"fr-FR","potentialAction":[{"@type":"ReadAction","target":["https:\/\/www.sgeaj.ch\/fr\/actualite\/colloques\/colloque_theatres_de_societe_2017\/"]}]},{"@type":"ImageObject","inLanguage":"fr-FR","@id":"https:\/\/www.sgeaj.ch\/fr\/actualite\/colloques\/colloque_theatres_de_societe_2017\/#primaryimage","url":"https:\/\/www.sgeaj.ch\/wp-content\/uploads\/2017\/11\/theatre.jpg","contentUrl":"https:\/\/www.sgeaj.ch\/wp-content\/uploads\/2017\/11\/theatre.jpg","width":864,"height":614},{"@type":"WebSite","@id":"https:\/\/www.sgeaj.ch\/fr\/#website","url":"https:\/\/www.sgeaj.ch\/fr\/","name":"Schweizerische Gesellschaft f\u00fcr die Erforschung des 18. Jahrhunderts (SGEAJ - SSEDS)","description":"Schweizerische Gesellschaft f\u00fcr die Erforschung des 18. Jahrhunderts","publisher":{"@id":"https:\/\/www.sgeaj.ch\/fr\/#organization"},"potentialAction":[{"@type":"SearchAction","target":{"@type":"EntryPoint","urlTemplate":"https:\/\/www.sgeaj.ch\/fr\/?s={search_term_string}"},"query-input":{"@type":"PropertyValueSpecification","valueRequired":true,"valueName":"search_term_string"}}],"inLanguage":"fr-FR"},{"@type":"Organization","@id":"https:\/\/www.sgeaj.ch\/fr\/#organization","name":"Schweizerische Gesellschaft f\u00fcr die Erforschung des 18. Jahrhunderts (SGEAJ - SSEDS)","url":"https:\/\/www.sgeaj.ch\/fr\/","logo":{"@type":"ImageObject","inLanguage":"fr-FR","@id":"https:\/\/www.sgeaj.ch\/fr\/#\/schema\/logo\/image\/","url":"https:\/\/www.sgeaj.ch\/wp-content\/uploads\/2021\/06\/cropped-logo-xviiies-horiz-abreuviations-bleues.png","contentUrl":"https:\/\/www.sgeaj.ch\/wp-content\/uploads\/2021\/06\/cropped-logo-xviiies-horiz-abreuviations-bleues.png","width":659,"height":335,"caption":"Schweizerische Gesellschaft f\u00fcr die Erforschung des 18. Jahrhunderts (SGEAJ - SSEDS)"},"image":{"@id":"https:\/\/www.sgeaj.ch\/fr\/#\/schema\/logo\/image\/"}},{"@type":"Person","@id":"https:\/\/www.sgeaj.ch\/fr\/#\/schema\/person\/4987b659851959f54148884461da99ca","name":"Meike Knittel","url":"https:\/\/www.sgeaj.ch\/fr\/author\/mknittel\/"}]}},"_links":{"self":[{"href":"https:\/\/www.sgeaj.ch\/fr\/wp-json\/wp\/v2\/posts\/2520","targetHints":{"allow":["GET"]}}],"collection":[{"href":"https:\/\/www.sgeaj.ch\/fr\/wp-json\/wp\/v2\/posts"}],"about":[{"href":"https:\/\/www.sgeaj.ch\/fr\/wp-json\/wp\/v2\/types\/post"}],"author":[{"embeddable":true,"href":"https:\/\/www.sgeaj.ch\/fr\/wp-json\/wp\/v2\/users\/5"}],"replies":[{"embeddable":true,"href":"https:\/\/www.sgeaj.ch\/fr\/wp-json\/wp\/v2\/comments?post=2520"}],"version-history":[{"count":8,"href":"https:\/\/www.sgeaj.ch\/fr\/wp-json\/wp\/v2\/posts\/2520\/revisions"}],"predecessor-version":[{"id":6205,"href":"https:\/\/www.sgeaj.ch\/fr\/wp-json\/wp\/v2\/posts\/2520\/revisions\/6205"}],"wp:featuredmedia":[{"embeddable":true,"href":"https:\/\/www.sgeaj.ch\/fr\/wp-json\/wp\/v2\/media\/3642"}],"wp:attachment":[{"href":"https:\/\/www.sgeaj.ch\/fr\/wp-json\/wp\/v2\/media?parent=2520"}],"wp:term":[{"taxonomy":"category","embeddable":true,"href":"https:\/\/www.sgeaj.ch\/fr\/wp-json\/wp\/v2\/categories?post=2520"},{"taxonomy":"post_tag","embeddable":true,"href":"https:\/\/www.sgeaj.ch\/fr\/wp-json\/wp\/v2\/tags?post=2520"}],"curies":[{"name":"wp","href":"https:\/\/api.w.org\/{rel}","templated":true}]}}