{"id":2626,"date":"2018-02-02T11:49:20","date_gmt":"2018-02-02T10:49:20","guid":{"rendered":"https:\/\/www.sgeaj.ch\/fr\/2018voltaire\/"},"modified":"2021-04-11T16:03:46","modified_gmt":"2021-04-11T14:03:46","slug":"2018voltaire","status":"publish","type":"post","link":"https:\/\/www.sgeaj.ch\/fr\/actualite\/colloques\/2018voltaire\/","title":{"rendered":"(R\u00e9-)\u00e9diter Voltaire"},"content":{"rendered":"<h2 style=\"text-align: center;\">Journ\u00e9es d\u2019\u00e9tudes<\/h2>\n<h2 style=\"text-align: center;\">\u00ab (R\u00e9-)\u00e9diter Voltaire\u00a0\u00bb. Geste \u00e9ditorial et r\u00e9ception \u00bb<\/h2>\n<p>Universit\u00e9 de Berne<br \/>\nInstitut de langue et de litt\u00e9rature fran\u00e7aises<\/p>\n<p><strong>1\u20132 mars 2018<\/strong><\/p>\n<p>Hauptgeb\u00e4ude, Hochschulstrasse 4<br \/>\nSalle 331\/3.OG West<\/p>\n<p><strong>Jeudi 1<sup>er<\/sup> mars<\/strong><\/p>\n<p>9h00 \u00a0 \u00a0\u00a0 Accueil<br \/>\n9h30 \u00a0 \u00a0\u00a0 Dominique Varry (ENSSIB, Lyon): <em>Faire tomber le masque : Geoffroy Regnault imprimeur lyonnais de Voltaire<\/em><br \/>\n10h00 \u00a0 \u00a0 Christiane Mervaud: <em>L&rsquo;annotation du Dictionnaire philosophique de Kehl<\/em><br \/>\n10h30 \u00a0 \u00a0 Questions et discussion<\/p>\n<p>11h15 \u00a0 \u00a0\u00a0 Linda Gil (Universit\u00e9 Paul Val\u00e9ry, Montpellier): <em>L\u2019\u00e9dition Kehl des \u0152uvres compl\u00e8tes de Voltaire : un nouveau lecteur en construction \u00e0 la veille de la R\u00e9volution fran\u00e7aise<\/em><br \/>\n11h45 \u00a0 \u00a0\u00a0 Questions et discussion<\/p>\n<p>13h30 \u00a0 \u00a0 Myrtille M\u00e9ricam-Bourdet (Universit\u00e9 de Lyon 2): <em>De tirs d&rsquo;essai en monuments : l&rsquo;\u00e9dition de ses textes historiques du vivant de Voltaire<\/em><br \/>\n14h00 \u00a0 \u00a0 Laurence Daubercies (Universit\u00e9 de Li\u00e8ge): <em>Les \u00e9ditions originales du th\u00e9\u00e2tre de Voltaire \u2013 Premi\u00e8re r\u00e9ception et enjeux identitaires<\/em><br \/>\n14h30 \u00a0 \u00a0 Questions et discussion<\/p>\n<p>15h00 \u00a0 \u00a0 Justine Mangeant (ENS Lyon): \u00ab <em>Combattre sur le terrain de la gloire<\/em> \u00bb : <em>Edouard-Marie Lepan, \u00e9diteur des Chefs-d\u2019\u0153uvre dramatiques de Voltaire<\/em><br \/>\n15h30 \u00a0 \u00a0 Christina Ionescu (Mount Allison University): <em>Le paratexte iconographique des \u00e9ditions am\u00e9ricaines de Candide : emballage \u00e9ditorial, traduction en images et r\u00e9ception d\u2019un succ\u00e8s de librairie<\/em><br \/>\n16h00 \u00a0 \u00a0 Questions et discussion<\/p>\n<p><strong>Vendredi 2 mars<\/strong><\/p>\n<p>10h00 \u00a0 \u00a0 Nicolas Morel (Universit\u00e9 de Berne): <em>Le \u00ab Voltaire de Beuchot \u00bb : une premi\u00e8re \u00e9dition savante.<\/em><br \/>\n10h30 \u00a0 \u00a0 Nicholas Cronk (Oxford, Voltaire Foundation): <em>Les Lettres philosophiques et la m\u00e9thode lansonienne.<\/em><br \/>\n11h30 \u00a0 \u00a0\u00a0 Sylvain Menant (Paris-Sorbonne): <em>L\u2019\u00e9dition Bengesco des \u00ab \u0152uvres choisies de Voltaire \u00bb<\/em><br \/>\n12h00 \u00a0 \u00a0 Questions et discussion<\/p>\n<p>13h30 \u00a0 \u00a0 Table ronde : <em>Un Voltaire num\u00e9rique ? Possibilit\u00e9s techniques, difficult\u00e9s scientifiques et mise en r\u00e9seau. Pr\u00e9sentations du Voltaire Lab, du Projet Haller et du Bodmer Lab. <\/em>Anim\u00e9 par Glenn Roe (Voltaire Lab \u2013 Oxford University), Martin Stuber (Projekt Haller \u2013 UNIBE) et Marc Kolakowski (Bodmer Lab \u2013 UNIGE).<\/p>\n<p><strong>Soutenance de th\u00e8se<\/strong><\/p>\n<p>Ces journ\u00e9es d&rsquo;\u00e9tudes seront pr\u00e9c\u00e9d\u00e9es le mercredi 28 f\u00e9vrier de la soutenance de th\u00e8se de Nicolas Morel, intitul\u00e9e <em>Le &lsquo;Voltaire de Beuchot&rsquo;, un Voltaire parmi d&rsquo;autres? Geste \u00e9ditorial et r\u00e9ception sous la Restauration<\/em>.<br \/>\nElle aura lieu \u00e0 16h30, dans la salle F-105, b\u00e2timent\u00a0Unitobler, \u00e0 Berne. Les personnes int\u00e9ress\u00e9es \u00e0 y assister peuvent directement contacter le candidat: <a href=\"mailto:nicolas.morel@rom.unibe.ch\">nicolas.morel@rom.unibe.ch<\/a><\/p>\n","protected":false},"excerpt":{"rendered":"<p>Journ\u00e9es d\u2019\u00e9tudes \u00ab (R\u00e9-)\u00e9diter Voltaire\u00a0\u00bb. Geste \u00e9ditorial et r\u00e9ception \u00bb Universit\u00e9 de Berne Institut de langue et de litt\u00e9rature fran\u00e7aises 1\u20132 mars 2018 Hauptgeb\u00e4ude, Hochschulstrasse 4 Salle 331\/3.OG West Jeudi 1er mars 9h00 \u00a0 \u00a0\u00a0 Accueil 9h30 \u00a0 \u00a0\u00a0 Dominique Varry (ENSSIB, Lyon): Faire tomber le masque : Geoffroy Regnault imprimeur lyonnais de Voltaire 10h00 [&hellip;]<\/p>\n","protected":false},"author":5,"featured_media":3676,"comment_status":"closed","ping_status":"open","sticky":false,"template":"","format":"standard","meta":{"footnotes":""},"categories":[42,27],"tags":[],"class_list":{"0":"post-2626","1":"post","2":"type-post","3":"status-publish","4":"format-standard","5":"has-post-thumbnail","7":"category-actualite","8":"category-colloques","9":"czr-hentry"},"yoast_head":"<!-- This site is optimized with the Yoast SEO plugin v26.9 - https:\/\/yoast.com\/product\/yoast-seo-wordpress\/ -->\n<title>(R\u00e9-)\u00e9diter Voltaire - Schweizerische Gesellschaft f\u00fcr die Erforschung des 18. Jahrhunderts (SGEAJ - SSEDS)<\/title>\n<meta name=\"robots\" content=\"index, follow, max-snippet:-1, max-image-preview:large, max-video-preview:-1\" \/>\n<link rel=\"canonical\" href=\"https:\/\/www.sgeaj.ch\/fr\/actualite\/colloques\/2018voltaire\/\" \/>\n<meta name=\"twitter:label1\" content=\"\u00c9crit par\" \/>\n\t<meta name=\"twitter:data1\" content=\"Meike Knittel\" \/>\n\t<meta name=\"twitter:label2\" content=\"Dur\u00e9e de lecture estim\u00e9e\" \/>\n\t<meta name=\"twitter:data2\" content=\"2 minutes\" \/>\n<script type=\"application\/ld+json\" class=\"yoast-schema-graph\">{\"@context\":\"https:\/\/schema.org\",\"@graph\":[{\"@type\":\"Article\",\"@id\":\"https:\/\/www.sgeaj.ch\/fr\/actualite\/colloques\/2018voltaire\/#article\",\"isPartOf\":{\"@id\":\"https:\/\/www.sgeaj.ch\/fr\/actualite\/colloques\/2018voltaire\/\"},\"author\":{\"name\":\"Meike Knittel\",\"@id\":\"https:\/\/www.sgeaj.ch\/fr\/#\/schema\/person\/4987b659851959f54148884461da99ca\"},\"headline\":\"(R\u00e9-)\u00e9diter Voltaire\",\"datePublished\":\"2018-02-02T10:49:20+00:00\",\"dateModified\":\"2021-04-11T14:03:46+00:00\",\"mainEntityOfPage\":{\"@id\":\"https:\/\/www.sgeaj.ch\/fr\/actualite\/colloques\/2018voltaire\/\"},\"wordCount\":378,\"publisher\":{\"@id\":\"https:\/\/www.sgeaj.ch\/fr\/#organization\"},\"image\":{\"@id\":\"https:\/\/www.sgeaj.ch\/fr\/actualite\/colloques\/2018voltaire\/#primaryimage\"},\"thumbnailUrl\":\"https:\/\/www.sgeaj.ch\/wp-content\/uploads\/2018\/02\/2018voltaire.jpg\",\"articleSection\":[\"Actualit\u00e9\",\"Colloques\"],\"inLanguage\":\"fr-FR\"},{\"@type\":\"WebPage\",\"@id\":\"https:\/\/www.sgeaj.ch\/fr\/actualite\/colloques\/2018voltaire\/\",\"url\":\"https:\/\/www.sgeaj.ch\/fr\/actualite\/colloques\/2018voltaire\/\",\"name\":\"(R\u00e9-)\u00e9diter Voltaire - Schweizerische Gesellschaft f\u00fcr die Erforschung des 18. Jahrhunderts (SGEAJ - SSEDS)\",\"isPartOf\":{\"@id\":\"https:\/\/www.sgeaj.ch\/fr\/#website\"},\"primaryImageOfPage\":{\"@id\":\"https:\/\/www.sgeaj.ch\/fr\/actualite\/colloques\/2018voltaire\/#primaryimage\"},\"image\":{\"@id\":\"https:\/\/www.sgeaj.ch\/fr\/actualite\/colloques\/2018voltaire\/#primaryimage\"},\"thumbnailUrl\":\"https:\/\/www.sgeaj.ch\/wp-content\/uploads\/2018\/02\/2018voltaire.jpg\",\"datePublished\":\"2018-02-02T10:49:20+00:00\",\"dateModified\":\"2021-04-11T14:03:46+00:00\",\"inLanguage\":\"fr-FR\",\"potentialAction\":[{\"@type\":\"ReadAction\",\"target\":[\"https:\/\/www.sgeaj.ch\/fr\/actualite\/colloques\/2018voltaire\/\"]}]},{\"@type\":\"ImageObject\",\"inLanguage\":\"fr-FR\",\"@id\":\"https:\/\/www.sgeaj.ch\/fr\/actualite\/colloques\/2018voltaire\/#primaryimage\",\"url\":\"https:\/\/www.sgeaj.ch\/wp-content\/uploads\/2018\/02\/2018voltaire.jpg\",\"contentUrl\":\"https:\/\/www.sgeaj.ch\/wp-content\/uploads\/2018\/02\/2018voltaire.jpg\",\"width\":750,\"height\":1083},{\"@type\":\"WebSite\",\"@id\":\"https:\/\/www.sgeaj.ch\/fr\/#website\",\"url\":\"https:\/\/www.sgeaj.ch\/fr\/\",\"name\":\"Schweizerische Gesellschaft f\u00fcr die Erforschung des 18. Jahrhunderts (SGEAJ - SSEDS)\",\"description\":\"Schweizerische Gesellschaft f\u00fcr die Erforschung des 18. Jahrhunderts\",\"publisher\":{\"@id\":\"https:\/\/www.sgeaj.ch\/fr\/#organization\"},\"potentialAction\":[{\"@type\":\"SearchAction\",\"target\":{\"@type\":\"EntryPoint\",\"urlTemplate\":\"https:\/\/www.sgeaj.ch\/fr\/?s={search_term_string}\"},\"query-input\":{\"@type\":\"PropertyValueSpecification\",\"valueRequired\":true,\"valueName\":\"search_term_string\"}}],\"inLanguage\":\"fr-FR\"},{\"@type\":\"Organization\",\"@id\":\"https:\/\/www.sgeaj.ch\/fr\/#organization\",\"name\":\"Schweizerische Gesellschaft f\u00fcr die Erforschung des 18. Jahrhunderts (SGEAJ - SSEDS)\",\"url\":\"https:\/\/www.sgeaj.ch\/fr\/\",\"logo\":{\"@type\":\"ImageObject\",\"inLanguage\":\"fr-FR\",\"@id\":\"https:\/\/www.sgeaj.ch\/fr\/#\/schema\/logo\/image\/\",\"url\":\"https:\/\/www.sgeaj.ch\/wp-content\/uploads\/2021\/06\/cropped-logo-xviiies-horiz-abreuviations-bleues.png\",\"contentUrl\":\"https:\/\/www.sgeaj.ch\/wp-content\/uploads\/2021\/06\/cropped-logo-xviiies-horiz-abreuviations-bleues.png\",\"width\":659,\"height\":335,\"caption\":\"Schweizerische Gesellschaft f\u00fcr die Erforschung des 18. Jahrhunderts (SGEAJ - SSEDS)\"},\"image\":{\"@id\":\"https:\/\/www.sgeaj.ch\/fr\/#\/schema\/logo\/image\/\"}},{\"@type\":\"Person\",\"@id\":\"https:\/\/www.sgeaj.ch\/fr\/#\/schema\/person\/4987b659851959f54148884461da99ca\",\"name\":\"Meike Knittel\",\"url\":\"https:\/\/www.sgeaj.ch\/fr\/author\/mknittel\/\"}]}<\/script>\n<!-- \/ Yoast SEO plugin. -->","yoast_head_json":{"title":"(R\u00e9-)\u00e9diter Voltaire - Schweizerische Gesellschaft f\u00fcr die Erforschung des 18. Jahrhunderts (SGEAJ - SSEDS)","robots":{"index":"index","follow":"follow","max-snippet":"max-snippet:-1","max-image-preview":"max-image-preview:large","max-video-preview":"max-video-preview:-1"},"canonical":"https:\/\/www.sgeaj.ch\/fr\/actualite\/colloques\/2018voltaire\/","twitter_misc":{"\u00c9crit par":"Meike Knittel","Dur\u00e9e de lecture estim\u00e9e":"2 minutes"},"schema":{"@context":"https:\/\/schema.org","@graph":[{"@type":"Article","@id":"https:\/\/www.sgeaj.ch\/fr\/actualite\/colloques\/2018voltaire\/#article","isPartOf":{"@id":"https:\/\/www.sgeaj.ch\/fr\/actualite\/colloques\/2018voltaire\/"},"author":{"name":"Meike Knittel","@id":"https:\/\/www.sgeaj.ch\/fr\/#\/schema\/person\/4987b659851959f54148884461da99ca"},"headline":"(R\u00e9-)\u00e9diter Voltaire","datePublished":"2018-02-02T10:49:20+00:00","dateModified":"2021-04-11T14:03:46+00:00","mainEntityOfPage":{"@id":"https:\/\/www.sgeaj.ch\/fr\/actualite\/colloques\/2018voltaire\/"},"wordCount":378,"publisher":{"@id":"https:\/\/www.sgeaj.ch\/fr\/#organization"},"image":{"@id":"https:\/\/www.sgeaj.ch\/fr\/actualite\/colloques\/2018voltaire\/#primaryimage"},"thumbnailUrl":"https:\/\/www.sgeaj.ch\/wp-content\/uploads\/2018\/02\/2018voltaire.jpg","articleSection":["Actualit\u00e9","Colloques"],"inLanguage":"fr-FR"},{"@type":"WebPage","@id":"https:\/\/www.sgeaj.ch\/fr\/actualite\/colloques\/2018voltaire\/","url":"https:\/\/www.sgeaj.ch\/fr\/actualite\/colloques\/2018voltaire\/","name":"(R\u00e9-)\u00e9diter Voltaire - Schweizerische Gesellschaft f\u00fcr die Erforschung des 18. Jahrhunderts (SGEAJ - SSEDS)","isPartOf":{"@id":"https:\/\/www.sgeaj.ch\/fr\/#website"},"primaryImageOfPage":{"@id":"https:\/\/www.sgeaj.ch\/fr\/actualite\/colloques\/2018voltaire\/#primaryimage"},"image":{"@id":"https:\/\/www.sgeaj.ch\/fr\/actualite\/colloques\/2018voltaire\/#primaryimage"},"thumbnailUrl":"https:\/\/www.sgeaj.ch\/wp-content\/uploads\/2018\/02\/2018voltaire.jpg","datePublished":"2018-02-02T10:49:20+00:00","dateModified":"2021-04-11T14:03:46+00:00","inLanguage":"fr-FR","potentialAction":[{"@type":"ReadAction","target":["https:\/\/www.sgeaj.ch\/fr\/actualite\/colloques\/2018voltaire\/"]}]},{"@type":"ImageObject","inLanguage":"fr-FR","@id":"https:\/\/www.sgeaj.ch\/fr\/actualite\/colloques\/2018voltaire\/#primaryimage","url":"https:\/\/www.sgeaj.ch\/wp-content\/uploads\/2018\/02\/2018voltaire.jpg","contentUrl":"https:\/\/www.sgeaj.ch\/wp-content\/uploads\/2018\/02\/2018voltaire.jpg","width":750,"height":1083},{"@type":"WebSite","@id":"https:\/\/www.sgeaj.ch\/fr\/#website","url":"https:\/\/www.sgeaj.ch\/fr\/","name":"Schweizerische Gesellschaft f\u00fcr die Erforschung des 18. Jahrhunderts (SGEAJ - SSEDS)","description":"Schweizerische Gesellschaft f\u00fcr die Erforschung des 18. Jahrhunderts","publisher":{"@id":"https:\/\/www.sgeaj.ch\/fr\/#organization"},"potentialAction":[{"@type":"SearchAction","target":{"@type":"EntryPoint","urlTemplate":"https:\/\/www.sgeaj.ch\/fr\/?s={search_term_string}"},"query-input":{"@type":"PropertyValueSpecification","valueRequired":true,"valueName":"search_term_string"}}],"inLanguage":"fr-FR"},{"@type":"Organization","@id":"https:\/\/www.sgeaj.ch\/fr\/#organization","name":"Schweizerische Gesellschaft f\u00fcr die Erforschung des 18. Jahrhunderts (SGEAJ - SSEDS)","url":"https:\/\/www.sgeaj.ch\/fr\/","logo":{"@type":"ImageObject","inLanguage":"fr-FR","@id":"https:\/\/www.sgeaj.ch\/fr\/#\/schema\/logo\/image\/","url":"https:\/\/www.sgeaj.ch\/wp-content\/uploads\/2021\/06\/cropped-logo-xviiies-horiz-abreuviations-bleues.png","contentUrl":"https:\/\/www.sgeaj.ch\/wp-content\/uploads\/2021\/06\/cropped-logo-xviiies-horiz-abreuviations-bleues.png","width":659,"height":335,"caption":"Schweizerische Gesellschaft f\u00fcr die Erforschung des 18. Jahrhunderts (SGEAJ - SSEDS)"},"image":{"@id":"https:\/\/www.sgeaj.ch\/fr\/#\/schema\/logo\/image\/"}},{"@type":"Person","@id":"https:\/\/www.sgeaj.ch\/fr\/#\/schema\/person\/4987b659851959f54148884461da99ca","name":"Meike Knittel","url":"https:\/\/www.sgeaj.ch\/fr\/author\/mknittel\/"}]}},"_links":{"self":[{"href":"https:\/\/www.sgeaj.ch\/fr\/wp-json\/wp\/v2\/posts\/2626","targetHints":{"allow":["GET"]}}],"collection":[{"href":"https:\/\/www.sgeaj.ch\/fr\/wp-json\/wp\/v2\/posts"}],"about":[{"href":"https:\/\/www.sgeaj.ch\/fr\/wp-json\/wp\/v2\/types\/post"}],"author":[{"embeddable":true,"href":"https:\/\/www.sgeaj.ch\/fr\/wp-json\/wp\/v2\/users\/5"}],"replies":[{"embeddable":true,"href":"https:\/\/www.sgeaj.ch\/fr\/wp-json\/wp\/v2\/comments?post=2626"}],"version-history":[{"count":10,"href":"https:\/\/www.sgeaj.ch\/fr\/wp-json\/wp\/v2\/posts\/2626\/revisions"}],"predecessor-version":[{"id":6201,"href":"https:\/\/www.sgeaj.ch\/fr\/wp-json\/wp\/v2\/posts\/2626\/revisions\/6201"}],"wp:featuredmedia":[{"embeddable":true,"href":"https:\/\/www.sgeaj.ch\/fr\/wp-json\/wp\/v2\/media\/3676"}],"wp:attachment":[{"href":"https:\/\/www.sgeaj.ch\/fr\/wp-json\/wp\/v2\/media?parent=2626"}],"wp:term":[{"taxonomy":"category","embeddable":true,"href":"https:\/\/www.sgeaj.ch\/fr\/wp-json\/wp\/v2\/categories?post=2626"},{"taxonomy":"post_tag","embeddable":true,"href":"https:\/\/www.sgeaj.ch\/fr\/wp-json\/wp\/v2\/tags?post=2626"}],"curies":[{"name":"wp","href":"https:\/\/api.w.org\/{rel}","templated":true}]}}