{"id":2680,"date":"2018-03-27T12:21:43","date_gmt":"2018-03-27T10:21:43","guid":{"rendered":"https:\/\/www.sgeaj.ch\/conference-considerons-dabord-les-femmes-privees-de-leur-liberte-par-la-tyrannie-des-hommes-neuchatel-26-avril-2018\/"},"modified":"2021-04-11T16:02:41","modified_gmt":"2021-04-11T14:02:41","slug":"2018rousseaufem","status":"publish","type":"post","link":"https:\/\/www.sgeaj.ch\/fr\/actualite\/2018rousseaufem\/","title":{"rendered":"Les femmes priv\u00e9es de leur libert\u00e9 par la tyrannie des hommes"},"content":{"rendered":"<h2 style=\"text-align: center;\">\u00a0Conf\u00e9rence<br \/>\n\u00ab Consid\u00e9rons d\u2019abord les femmes priv\u00e9es<br \/>\nde leur libert\u00e9 par la tyrannie des hommes \u00bb<br \/>\nJean-Jacques Rousseau secr\u00e9taire<br \/>\nde la \u00ab f\u00e9ministe \u00bb Louise Dupin<\/h2>\n<p>Association Jean-Jacques Rousseau<\/p>\n<p style=\"text-align: left;\">Conf\u00e9rence publique de Fr\u00e9d\u00e9ric Marty<br \/>\n<strong>26 avril 2018\u00a0|\u00a0 18h00<\/strong><\/p>\n<p style=\"text-align: left;\">Salle circulaire du Coll\u00e8ge latin<br \/>\nPl. Numa-Droz 3, Neuch\u00e2tel<strong><br \/>\n<\/strong><\/p>\n<p style=\"text-align: left;\">Entre 1743 et 1750, Jean-Jacques Rousseau, encore inconnu, est au service de Louise Dupin qui tient l\u2019un des plus brillants salons de Paris. Il lui sert de secr\u00e9taire pour diff\u00e9rents projets, dont un ouvrage de d\u00e9fense des femmes. De ce travail de secr\u00e9tariat demeure une masse de manuscrits longtemps rest\u00e9e inaccessible, dont une partie est conserv\u00e9e de nos jours \u00e0 la biblioth\u00e8que de Neuch\u00e2tel. Leur \u00e9tude nous permettra de faire connaissance avec Louise Dupin dont on d\u00e9couvre avec deux si\u00e8cles de retard la pens\u00e9e engag\u00e9e et pugnace. \u00c0 travers ces documents, nous tenterons aussi de saisir Jean-Jacques \u00e0 une \u00e9poque qui n\u2019est pas la mieux connue de sa vie. Quelles \u00e9taient ses relations avec la famille Dupin ? Quels \u00e9taient la nature de son travail et son degr\u00e9 d\u2019implication personnelle dans ces projets ? Quelles sont les lectures qu\u2019il a effectu\u00e9es dans ce cadre ? Enfin, comment a-t-il \u00e9volu\u00e9 au cours de cette p\u00e9riode, particuli\u00e8rement au sujet de sa vision de la femme dont on sait qu\u2019il s\u2019agit d\u2019une pens\u00e9e complexe a priori peu compatible avec les th\u00e8ses de Louise Dupin ?<\/p>\n<p>Conf\u00e9rence organis\u00e9e par l\u2019Association Jean-Jacques Rousseau \u00e0 l\u2019issue de son Assembl\u00e9e g\u00e9n\u00e9rale, et suivie d\u2019un ap\u00e9ritif.<\/p>\n","protected":false},"excerpt":{"rendered":"<p>\u00a0Conf\u00e9rence \u00ab Consid\u00e9rons d\u2019abord les femmes priv\u00e9es de leur libert\u00e9 par la tyrannie des hommes \u00bb Jean-Jacques Rousseau secr\u00e9taire de la \u00ab f\u00e9ministe \u00bb Louise Dupin Association Jean-Jacques Rousseau Conf\u00e9rence publique de Fr\u00e9d\u00e9ric Marty 26 avril 2018\u00a0|\u00a0 18h00 Salle circulaire du Coll\u00e8ge latin Pl. Numa-Droz 3, Neuch\u00e2tel Entre 1743 et 1750, Jean-Jacques Rousseau, encore inconnu, [&hellip;]<\/p>\n","protected":false},"author":5,"featured_media":3682,"comment_status":"closed","ping_status":"open","sticky":false,"template":"","format":"standard","meta":{"footnotes":""},"categories":[42,27],"tags":[],"class_list":{"0":"post-2680","1":"post","2":"type-post","3":"status-publish","4":"format-standard","5":"has-post-thumbnail","7":"category-actualite","8":"category-colloques","9":"czr-hentry"},"yoast_head":"<!-- This site is optimized with the Yoast SEO plugin v26.9 - https:\/\/yoast.com\/product\/yoast-seo-wordpress\/ -->\n<title>Les femmes priv\u00e9es de leur libert\u00e9 par la tyrannie des hommes - Schweizerische Gesellschaft f\u00fcr die Erforschung des 18. Jahrhunderts (SGEAJ - SSEDS)<\/title>\n<meta name=\"robots\" content=\"index, follow, max-snippet:-1, max-image-preview:large, max-video-preview:-1\" \/>\n<link rel=\"canonical\" href=\"https:\/\/www.sgeaj.ch\/fr\/actualite\/2018rousseaufem\/\" \/>\n<meta name=\"twitter:label1\" content=\"\u00c9crit par\" \/>\n\t<meta name=\"twitter:data1\" content=\"Meike Knittel\" \/>\n\t<meta name=\"twitter:label2\" content=\"Dur\u00e9e de lecture estim\u00e9e\" \/>\n\t<meta name=\"twitter:data2\" content=\"1 minute\" \/>\n<script type=\"application\/ld+json\" class=\"yoast-schema-graph\">{\"@context\":\"https:\/\/schema.org\",\"@graph\":[{\"@type\":\"Article\",\"@id\":\"https:\/\/www.sgeaj.ch\/fr\/actualite\/2018rousseaufem\/#article\",\"isPartOf\":{\"@id\":\"https:\/\/www.sgeaj.ch\/fr\/actualite\/2018rousseaufem\/\"},\"author\":{\"name\":\"Meike Knittel\",\"@id\":\"https:\/\/www.sgeaj.ch\/fr\/#\/schema\/person\/4987b659851959f54148884461da99ca\"},\"headline\":\"Les femmes priv\u00e9es de leur libert\u00e9 par la tyrannie des hommes\",\"datePublished\":\"2018-03-27T10:21:43+00:00\",\"dateModified\":\"2021-04-11T14:02:41+00:00\",\"mainEntityOfPage\":{\"@id\":\"https:\/\/www.sgeaj.ch\/fr\/actualite\/2018rousseaufem\/\"},\"wordCount\":284,\"publisher\":{\"@id\":\"https:\/\/www.sgeaj.ch\/fr\/#organization\"},\"image\":{\"@id\":\"https:\/\/www.sgeaj.ch\/fr\/actualite\/2018rousseaufem\/#primaryimage\"},\"thumbnailUrl\":\"https:\/\/www.sgeaj.ch\/wp-content\/uploads\/2018\/03\/2018-femmes.jpg\",\"articleSection\":[\"Actualit\u00e9\",\"Colloques\"],\"inLanguage\":\"fr-FR\"},{\"@type\":\"WebPage\",\"@id\":\"https:\/\/www.sgeaj.ch\/fr\/actualite\/2018rousseaufem\/\",\"url\":\"https:\/\/www.sgeaj.ch\/fr\/actualite\/2018rousseaufem\/\",\"name\":\"Les femmes priv\u00e9es de leur libert\u00e9 par la tyrannie des hommes - Schweizerische Gesellschaft f\u00fcr die Erforschung des 18. Jahrhunderts (SGEAJ - SSEDS)\",\"isPartOf\":{\"@id\":\"https:\/\/www.sgeaj.ch\/fr\/#website\"},\"primaryImageOfPage\":{\"@id\":\"https:\/\/www.sgeaj.ch\/fr\/actualite\/2018rousseaufem\/#primaryimage\"},\"image\":{\"@id\":\"https:\/\/www.sgeaj.ch\/fr\/actualite\/2018rousseaufem\/#primaryimage\"},\"thumbnailUrl\":\"https:\/\/www.sgeaj.ch\/wp-content\/uploads\/2018\/03\/2018-femmes.jpg\",\"datePublished\":\"2018-03-27T10:21:43+00:00\",\"dateModified\":\"2021-04-11T14:02:41+00:00\",\"inLanguage\":\"fr-FR\",\"potentialAction\":[{\"@type\":\"ReadAction\",\"target\":[\"https:\/\/www.sgeaj.ch\/fr\/actualite\/2018rousseaufem\/\"]}]},{\"@type\":\"ImageObject\",\"inLanguage\":\"fr-FR\",\"@id\":\"https:\/\/www.sgeaj.ch\/fr\/actualite\/2018rousseaufem\/#primaryimage\",\"url\":\"https:\/\/www.sgeaj.ch\/wp-content\/uploads\/2018\/03\/2018-femmes.jpg\",\"contentUrl\":\"https:\/\/www.sgeaj.ch\/wp-content\/uploads\/2018\/03\/2018-femmes.jpg\",\"width\":3592,\"height\":4248},{\"@type\":\"WebSite\",\"@id\":\"https:\/\/www.sgeaj.ch\/fr\/#website\",\"url\":\"https:\/\/www.sgeaj.ch\/fr\/\",\"name\":\"Schweizerische Gesellschaft f\u00fcr die Erforschung des 18. Jahrhunderts (SGEAJ - SSEDS)\",\"description\":\"Schweizerische Gesellschaft f\u00fcr die Erforschung des 18. Jahrhunderts\",\"publisher\":{\"@id\":\"https:\/\/www.sgeaj.ch\/fr\/#organization\"},\"potentialAction\":[{\"@type\":\"SearchAction\",\"target\":{\"@type\":\"EntryPoint\",\"urlTemplate\":\"https:\/\/www.sgeaj.ch\/fr\/?s={search_term_string}\"},\"query-input\":{\"@type\":\"PropertyValueSpecification\",\"valueRequired\":true,\"valueName\":\"search_term_string\"}}],\"inLanguage\":\"fr-FR\"},{\"@type\":\"Organization\",\"@id\":\"https:\/\/www.sgeaj.ch\/fr\/#organization\",\"name\":\"Schweizerische Gesellschaft f\u00fcr die Erforschung des 18. Jahrhunderts (SGEAJ - SSEDS)\",\"url\":\"https:\/\/www.sgeaj.ch\/fr\/\",\"logo\":{\"@type\":\"ImageObject\",\"inLanguage\":\"fr-FR\",\"@id\":\"https:\/\/www.sgeaj.ch\/fr\/#\/schema\/logo\/image\/\",\"url\":\"https:\/\/www.sgeaj.ch\/wp-content\/uploads\/2021\/06\/cropped-logo-xviiies-horiz-abreuviations-bleues.png\",\"contentUrl\":\"https:\/\/www.sgeaj.ch\/wp-content\/uploads\/2021\/06\/cropped-logo-xviiies-horiz-abreuviations-bleues.png\",\"width\":659,\"height\":335,\"caption\":\"Schweizerische Gesellschaft f\u00fcr die Erforschung des 18. Jahrhunderts (SGEAJ - SSEDS)\"},\"image\":{\"@id\":\"https:\/\/www.sgeaj.ch\/fr\/#\/schema\/logo\/image\/\"}},{\"@type\":\"Person\",\"@id\":\"https:\/\/www.sgeaj.ch\/fr\/#\/schema\/person\/4987b659851959f54148884461da99ca\",\"name\":\"Meike Knittel\",\"url\":\"https:\/\/www.sgeaj.ch\/fr\/author\/mknittel\/\"}]}<\/script>\n<!-- \/ Yoast SEO plugin. -->","yoast_head_json":{"title":"Les femmes priv\u00e9es de leur libert\u00e9 par la tyrannie des hommes - Schweizerische Gesellschaft f\u00fcr die Erforschung des 18. Jahrhunderts (SGEAJ - SSEDS)","robots":{"index":"index","follow":"follow","max-snippet":"max-snippet:-1","max-image-preview":"max-image-preview:large","max-video-preview":"max-video-preview:-1"},"canonical":"https:\/\/www.sgeaj.ch\/fr\/actualite\/2018rousseaufem\/","twitter_misc":{"\u00c9crit par":"Meike Knittel","Dur\u00e9e de lecture estim\u00e9e":"1 minute"},"schema":{"@context":"https:\/\/schema.org","@graph":[{"@type":"Article","@id":"https:\/\/www.sgeaj.ch\/fr\/actualite\/2018rousseaufem\/#article","isPartOf":{"@id":"https:\/\/www.sgeaj.ch\/fr\/actualite\/2018rousseaufem\/"},"author":{"name":"Meike Knittel","@id":"https:\/\/www.sgeaj.ch\/fr\/#\/schema\/person\/4987b659851959f54148884461da99ca"},"headline":"Les femmes priv\u00e9es de leur libert\u00e9 par la tyrannie des hommes","datePublished":"2018-03-27T10:21:43+00:00","dateModified":"2021-04-11T14:02:41+00:00","mainEntityOfPage":{"@id":"https:\/\/www.sgeaj.ch\/fr\/actualite\/2018rousseaufem\/"},"wordCount":284,"publisher":{"@id":"https:\/\/www.sgeaj.ch\/fr\/#organization"},"image":{"@id":"https:\/\/www.sgeaj.ch\/fr\/actualite\/2018rousseaufem\/#primaryimage"},"thumbnailUrl":"https:\/\/www.sgeaj.ch\/wp-content\/uploads\/2018\/03\/2018-femmes.jpg","articleSection":["Actualit\u00e9","Colloques"],"inLanguage":"fr-FR"},{"@type":"WebPage","@id":"https:\/\/www.sgeaj.ch\/fr\/actualite\/2018rousseaufem\/","url":"https:\/\/www.sgeaj.ch\/fr\/actualite\/2018rousseaufem\/","name":"Les femmes priv\u00e9es de leur libert\u00e9 par la tyrannie des hommes - Schweizerische Gesellschaft f\u00fcr die Erforschung des 18. Jahrhunderts (SGEAJ - SSEDS)","isPartOf":{"@id":"https:\/\/www.sgeaj.ch\/fr\/#website"},"primaryImageOfPage":{"@id":"https:\/\/www.sgeaj.ch\/fr\/actualite\/2018rousseaufem\/#primaryimage"},"image":{"@id":"https:\/\/www.sgeaj.ch\/fr\/actualite\/2018rousseaufem\/#primaryimage"},"thumbnailUrl":"https:\/\/www.sgeaj.ch\/wp-content\/uploads\/2018\/03\/2018-femmes.jpg","datePublished":"2018-03-27T10:21:43+00:00","dateModified":"2021-04-11T14:02:41+00:00","inLanguage":"fr-FR","potentialAction":[{"@type":"ReadAction","target":["https:\/\/www.sgeaj.ch\/fr\/actualite\/2018rousseaufem\/"]}]},{"@type":"ImageObject","inLanguage":"fr-FR","@id":"https:\/\/www.sgeaj.ch\/fr\/actualite\/2018rousseaufem\/#primaryimage","url":"https:\/\/www.sgeaj.ch\/wp-content\/uploads\/2018\/03\/2018-femmes.jpg","contentUrl":"https:\/\/www.sgeaj.ch\/wp-content\/uploads\/2018\/03\/2018-femmes.jpg","width":3592,"height":4248},{"@type":"WebSite","@id":"https:\/\/www.sgeaj.ch\/fr\/#website","url":"https:\/\/www.sgeaj.ch\/fr\/","name":"Schweizerische Gesellschaft f\u00fcr die Erforschung des 18. Jahrhunderts (SGEAJ - SSEDS)","description":"Schweizerische Gesellschaft f\u00fcr die Erforschung des 18. Jahrhunderts","publisher":{"@id":"https:\/\/www.sgeaj.ch\/fr\/#organization"},"potentialAction":[{"@type":"SearchAction","target":{"@type":"EntryPoint","urlTemplate":"https:\/\/www.sgeaj.ch\/fr\/?s={search_term_string}"},"query-input":{"@type":"PropertyValueSpecification","valueRequired":true,"valueName":"search_term_string"}}],"inLanguage":"fr-FR"},{"@type":"Organization","@id":"https:\/\/www.sgeaj.ch\/fr\/#organization","name":"Schweizerische Gesellschaft f\u00fcr die Erforschung des 18. Jahrhunderts (SGEAJ - SSEDS)","url":"https:\/\/www.sgeaj.ch\/fr\/","logo":{"@type":"ImageObject","inLanguage":"fr-FR","@id":"https:\/\/www.sgeaj.ch\/fr\/#\/schema\/logo\/image\/","url":"https:\/\/www.sgeaj.ch\/wp-content\/uploads\/2021\/06\/cropped-logo-xviiies-horiz-abreuviations-bleues.png","contentUrl":"https:\/\/www.sgeaj.ch\/wp-content\/uploads\/2021\/06\/cropped-logo-xviiies-horiz-abreuviations-bleues.png","width":659,"height":335,"caption":"Schweizerische Gesellschaft f\u00fcr die Erforschung des 18. Jahrhunderts (SGEAJ - SSEDS)"},"image":{"@id":"https:\/\/www.sgeaj.ch\/fr\/#\/schema\/logo\/image\/"}},{"@type":"Person","@id":"https:\/\/www.sgeaj.ch\/fr\/#\/schema\/person\/4987b659851959f54148884461da99ca","name":"Meike Knittel","url":"https:\/\/www.sgeaj.ch\/fr\/author\/mknittel\/"}]}},"_links":{"self":[{"href":"https:\/\/www.sgeaj.ch\/fr\/wp-json\/wp\/v2\/posts\/2680","targetHints":{"allow":["GET"]}}],"collection":[{"href":"https:\/\/www.sgeaj.ch\/fr\/wp-json\/wp\/v2\/posts"}],"about":[{"href":"https:\/\/www.sgeaj.ch\/fr\/wp-json\/wp\/v2\/types\/post"}],"author":[{"embeddable":true,"href":"https:\/\/www.sgeaj.ch\/fr\/wp-json\/wp\/v2\/users\/5"}],"replies":[{"embeddable":true,"href":"https:\/\/www.sgeaj.ch\/fr\/wp-json\/wp\/v2\/comments?post=2680"}],"version-history":[{"count":6,"href":"https:\/\/www.sgeaj.ch\/fr\/wp-json\/wp\/v2\/posts\/2680\/revisions"}],"predecessor-version":[{"id":6199,"href":"https:\/\/www.sgeaj.ch\/fr\/wp-json\/wp\/v2\/posts\/2680\/revisions\/6199"}],"wp:featuredmedia":[{"embeddable":true,"href":"https:\/\/www.sgeaj.ch\/fr\/wp-json\/wp\/v2\/media\/3682"}],"wp:attachment":[{"href":"https:\/\/www.sgeaj.ch\/fr\/wp-json\/wp\/v2\/media?parent=2680"}],"wp:term":[{"taxonomy":"category","embeddable":true,"href":"https:\/\/www.sgeaj.ch\/fr\/wp-json\/wp\/v2\/categories?post=2680"},{"taxonomy":"post_tag","embeddable":true,"href":"https:\/\/www.sgeaj.ch\/fr\/wp-json\/wp\/v2\/tags?post=2680"}],"curies":[{"name":"wp","href":"https:\/\/api.w.org\/{rel}","templated":true}]}}