{"id":2723,"date":"2018-04-17T15:57:11","date_gmt":"2018-04-17T13:57:11","guid":{"rendered":"https:\/\/www.sgeaj.ch\/conference-jaquier\/"},"modified":"2023-01-23T16:11:05","modified_gmt":"2023-01-23T15:11:05","slug":"conference-jaquier","status":"publish","type":"post","link":"https:\/\/www.sgeaj.ch\/fr\/actualite\/conference-jaquier\/","title":{"rendered":"Po\u00e9sie et pouvoir des fleurs"},"content":{"rendered":"<h2 style=\"text-align: center;\">Conf\u00e9rence publique<br \/>\n\u00ab Po\u00e9sie et pouvoir des fleurs.<br \/>\nDe l&rsquo;<em>amor florum<\/em> aux <em>Amours des plantes \u00bb<\/em><\/h2>\n<p>Conf\u00e9rence publique de Claire Jaquier<br \/>\nJeudi 17 mai 2018 \u00e0 18 h<br \/>\nUniversit\u00e9 de Neuch\u00e2tel<\/p>\n<p>B\u00e2timent principal de l&rsquo;Universit\u00e9 | Aula<br \/>\nAv. du 1<sup>er<\/sup>-Mars 26, 2000 Neuch\u00e2tel<\/p>\n<p>La collaboration de la botanique et de la po\u00e9sie est marqu\u00e9e au 18<sup>e<\/sup> si\u00e8cle par un \u00e9v\u00e9nement dont l&rsquo;impact sur les Lumi\u00e8res est consid\u00e9rable : la transformation de l&rsquo;<em>amor florum<\/em> virgilien en sexualit\u00e9 des plantes. Le po\u00e8te Jacques Delille, lorsqu&rsquo;il traduit les G\u00e9orgiques en 1770, commente et rectifie dans une longue note didactique l&rsquo;erreur du po\u00e8te latin au sujet de la reproduction non sexu\u00e9e des abeilles, coupl\u00e9e \u00e0 la gr\u00e2ce innocente des fleurs. Cette erreur antique accr\u00e9dite l&rsquo;un des topoi les plus puissants de la culture occidentale &#8211; celui de l&rsquo;innocence du r\u00e8gne v\u00e9g\u00e9tal. Aussi le po\u00e9tique <em>amor florum<\/em> de Virgile ne dispara\u00eet-il pas de l&rsquo;horizon culturel du 18<sup>e <\/sup>si\u00e8cle, alors m\u00eame que le consensus se fait rapidement, chez les botanistes, autour de la sexualit\u00e9 des plantes, ou de leurs amours, comme disent les po\u00e8tes.<\/p>\n<p>Le parcours conduira du premier po\u00e8me accompagnant la d\u00e9couverte de la sexualit\u00e9 des plantes par Vaillant en 1717, jusqu&rsquo;\u00e0 des textes d&rsquo;Augustin-Pyramus de Candolle. Il aura pour but de montrer comment la po\u00e9sie et la botanique nouent au 18<sup>e<\/sup> si\u00e8cle un partenariat dont les formes et les fonctions ont leur sp\u00e9cificit\u00e9, dans le cadre plus large de la po\u00e9sie scientifique. Ce moment d&rsquo;heureuse alliance de la po\u00e9sie, de la th\u00e9ologie naturelle et de la botanique donnera lieu \u00e0 une r\u00e9flexion sur le dialogue des discours scientifique et po\u00e9tique, ses potentialit\u00e9s et ses limites.<\/p>\n","protected":false},"excerpt":{"rendered":"<p>Conf\u00e9rence publique \u00ab Po\u00e9sie et pouvoir des fleurs. De l&rsquo;amor florum aux Amours des plantes \u00bb Conf\u00e9rence publique de Claire Jaquier Jeudi 17 mai 2018 \u00e0 18 h Universit\u00e9 de Neuch\u00e2tel B\u00e2timent principal de l&rsquo;Universit\u00e9 | Aula Av. du 1er-Mars 26, 2000 Neuch\u00e2tel La collaboration de la botanique et de la po\u00e9sie est marqu\u00e9e au [&hellip;]<\/p>\n","protected":false},"author":5,"featured_media":3687,"comment_status":"closed","ping_status":"open","sticky":false,"template":"","format":"standard","meta":{"footnotes":""},"categories":[42,27],"tags":[],"class_list":{"0":"post-2723","1":"post","2":"type-post","3":"status-publish","4":"format-standard","5":"has-post-thumbnail","7":"category-actualite","8":"category-colloques","9":"czr-hentry"},"yoast_head":"<!-- This site is optimized with the Yoast SEO plugin v26.9 - https:\/\/yoast.com\/product\/yoast-seo-wordpress\/ -->\n<title>Po\u00e9sie et pouvoir des fleurs - Schweizerische Gesellschaft f\u00fcr die Erforschung des 18. Jahrhunderts (SGEAJ - SSEDS)<\/title>\n<meta name=\"robots\" content=\"index, follow, max-snippet:-1, max-image-preview:large, max-video-preview:-1\" \/>\n<link rel=\"canonical\" href=\"https:\/\/www.sgeaj.ch\/fr\/actualite\/conference-jaquier\/\" \/>\n<meta name=\"twitter:label1\" content=\"\u00c9crit par\" \/>\n\t<meta name=\"twitter:data1\" content=\"Meike Knittel\" \/>\n\t<meta name=\"twitter:label2\" content=\"Dur\u00e9e de lecture estim\u00e9e\" \/>\n\t<meta name=\"twitter:data2\" content=\"1 minute\" \/>\n<script type=\"application\/ld+json\" class=\"yoast-schema-graph\">{\"@context\":\"https:\/\/schema.org\",\"@graph\":[{\"@type\":\"Article\",\"@id\":\"https:\/\/www.sgeaj.ch\/fr\/actualite\/conference-jaquier\/#article\",\"isPartOf\":{\"@id\":\"https:\/\/www.sgeaj.ch\/fr\/actualite\/conference-jaquier\/\"},\"author\":{\"name\":\"Meike Knittel\",\"@id\":\"https:\/\/www.sgeaj.ch\/fr\/#\/schema\/person\/4987b659851959f54148884461da99ca\"},\"headline\":\"Po\u00e9sie et pouvoir des fleurs\",\"datePublished\":\"2018-04-17T13:57:11+00:00\",\"dateModified\":\"2023-01-23T15:11:05+00:00\",\"mainEntityOfPage\":{\"@id\":\"https:\/\/www.sgeaj.ch\/fr\/actualite\/conference-jaquier\/\"},\"wordCount\":312,\"publisher\":{\"@id\":\"https:\/\/www.sgeaj.ch\/fr\/#organization\"},\"image\":{\"@id\":\"https:\/\/www.sgeaj.ch\/fr\/actualite\/conference-jaquier\/#primaryimage\"},\"thumbnailUrl\":\"https:\/\/www.sgeaj.ch\/wp-content\/uploads\/2018\/04\/2018_Conference_CJ.jpg\",\"articleSection\":[\"Actualit\u00e9\",\"Colloques\"],\"inLanguage\":\"fr-FR\"},{\"@type\":\"WebPage\",\"@id\":\"https:\/\/www.sgeaj.ch\/fr\/actualite\/conference-jaquier\/\",\"url\":\"https:\/\/www.sgeaj.ch\/fr\/actualite\/conference-jaquier\/\",\"name\":\"Po\u00e9sie et pouvoir des fleurs - Schweizerische Gesellschaft f\u00fcr die Erforschung des 18. Jahrhunderts (SGEAJ - SSEDS)\",\"isPartOf\":{\"@id\":\"https:\/\/www.sgeaj.ch\/fr\/#website\"},\"primaryImageOfPage\":{\"@id\":\"https:\/\/www.sgeaj.ch\/fr\/actualite\/conference-jaquier\/#primaryimage\"},\"image\":{\"@id\":\"https:\/\/www.sgeaj.ch\/fr\/actualite\/conference-jaquier\/#primaryimage\"},\"thumbnailUrl\":\"https:\/\/www.sgeaj.ch\/wp-content\/uploads\/2018\/04\/2018_Conference_CJ.jpg\",\"datePublished\":\"2018-04-17T13:57:11+00:00\",\"dateModified\":\"2023-01-23T15:11:05+00:00\",\"inLanguage\":\"fr-FR\",\"potentialAction\":[{\"@type\":\"ReadAction\",\"target\":[\"https:\/\/www.sgeaj.ch\/fr\/actualite\/conference-jaquier\/\"]}]},{\"@type\":\"ImageObject\",\"inLanguage\":\"fr-FR\",\"@id\":\"https:\/\/www.sgeaj.ch\/fr\/actualite\/conference-jaquier\/#primaryimage\",\"url\":\"https:\/\/www.sgeaj.ch\/wp-content\/uploads\/2018\/04\/2018_Conference_CJ.jpg\",\"contentUrl\":\"https:\/\/www.sgeaj.ch\/wp-content\/uploads\/2018\/04\/2018_Conference_CJ.jpg\",\"width\":2524,\"height\":1538},{\"@type\":\"WebSite\",\"@id\":\"https:\/\/www.sgeaj.ch\/fr\/#website\",\"url\":\"https:\/\/www.sgeaj.ch\/fr\/\",\"name\":\"Schweizerische Gesellschaft f\u00fcr die Erforschung des 18. Jahrhunderts (SGEAJ - SSEDS)\",\"description\":\"Schweizerische Gesellschaft f\u00fcr die Erforschung des 18. Jahrhunderts\",\"publisher\":{\"@id\":\"https:\/\/www.sgeaj.ch\/fr\/#organization\"},\"potentialAction\":[{\"@type\":\"SearchAction\",\"target\":{\"@type\":\"EntryPoint\",\"urlTemplate\":\"https:\/\/www.sgeaj.ch\/fr\/?s={search_term_string}\"},\"query-input\":{\"@type\":\"PropertyValueSpecification\",\"valueRequired\":true,\"valueName\":\"search_term_string\"}}],\"inLanguage\":\"fr-FR\"},{\"@type\":\"Organization\",\"@id\":\"https:\/\/www.sgeaj.ch\/fr\/#organization\",\"name\":\"Schweizerische Gesellschaft f\u00fcr die Erforschung des 18. Jahrhunderts (SGEAJ - SSEDS)\",\"url\":\"https:\/\/www.sgeaj.ch\/fr\/\",\"logo\":{\"@type\":\"ImageObject\",\"inLanguage\":\"fr-FR\",\"@id\":\"https:\/\/www.sgeaj.ch\/fr\/#\/schema\/logo\/image\/\",\"url\":\"https:\/\/www.sgeaj.ch\/wp-content\/uploads\/2021\/06\/cropped-logo-xviiies-horiz-abreuviations-bleues.png\",\"contentUrl\":\"https:\/\/www.sgeaj.ch\/wp-content\/uploads\/2021\/06\/cropped-logo-xviiies-horiz-abreuviations-bleues.png\",\"width\":659,\"height\":335,\"caption\":\"Schweizerische Gesellschaft f\u00fcr die Erforschung des 18. Jahrhunderts (SGEAJ - SSEDS)\"},\"image\":{\"@id\":\"https:\/\/www.sgeaj.ch\/fr\/#\/schema\/logo\/image\/\"}},{\"@type\":\"Person\",\"@id\":\"https:\/\/www.sgeaj.ch\/fr\/#\/schema\/person\/4987b659851959f54148884461da99ca\",\"name\":\"Meike Knittel\",\"url\":\"https:\/\/www.sgeaj.ch\/fr\/author\/mknittel\/\"}]}<\/script>\n<!-- \/ Yoast SEO plugin. -->","yoast_head_json":{"title":"Po\u00e9sie et pouvoir des fleurs - Schweizerische Gesellschaft f\u00fcr die Erforschung des 18. Jahrhunderts (SGEAJ - SSEDS)","robots":{"index":"index","follow":"follow","max-snippet":"max-snippet:-1","max-image-preview":"max-image-preview:large","max-video-preview":"max-video-preview:-1"},"canonical":"https:\/\/www.sgeaj.ch\/fr\/actualite\/conference-jaquier\/","twitter_misc":{"\u00c9crit par":"Meike Knittel","Dur\u00e9e de lecture estim\u00e9e":"1 minute"},"schema":{"@context":"https:\/\/schema.org","@graph":[{"@type":"Article","@id":"https:\/\/www.sgeaj.ch\/fr\/actualite\/conference-jaquier\/#article","isPartOf":{"@id":"https:\/\/www.sgeaj.ch\/fr\/actualite\/conference-jaquier\/"},"author":{"name":"Meike Knittel","@id":"https:\/\/www.sgeaj.ch\/fr\/#\/schema\/person\/4987b659851959f54148884461da99ca"},"headline":"Po\u00e9sie et pouvoir des fleurs","datePublished":"2018-04-17T13:57:11+00:00","dateModified":"2023-01-23T15:11:05+00:00","mainEntityOfPage":{"@id":"https:\/\/www.sgeaj.ch\/fr\/actualite\/conference-jaquier\/"},"wordCount":312,"publisher":{"@id":"https:\/\/www.sgeaj.ch\/fr\/#organization"},"image":{"@id":"https:\/\/www.sgeaj.ch\/fr\/actualite\/conference-jaquier\/#primaryimage"},"thumbnailUrl":"https:\/\/www.sgeaj.ch\/wp-content\/uploads\/2018\/04\/2018_Conference_CJ.jpg","articleSection":["Actualit\u00e9","Colloques"],"inLanguage":"fr-FR"},{"@type":"WebPage","@id":"https:\/\/www.sgeaj.ch\/fr\/actualite\/conference-jaquier\/","url":"https:\/\/www.sgeaj.ch\/fr\/actualite\/conference-jaquier\/","name":"Po\u00e9sie et pouvoir des fleurs - Schweizerische Gesellschaft f\u00fcr die Erforschung des 18. Jahrhunderts (SGEAJ - SSEDS)","isPartOf":{"@id":"https:\/\/www.sgeaj.ch\/fr\/#website"},"primaryImageOfPage":{"@id":"https:\/\/www.sgeaj.ch\/fr\/actualite\/conference-jaquier\/#primaryimage"},"image":{"@id":"https:\/\/www.sgeaj.ch\/fr\/actualite\/conference-jaquier\/#primaryimage"},"thumbnailUrl":"https:\/\/www.sgeaj.ch\/wp-content\/uploads\/2018\/04\/2018_Conference_CJ.jpg","datePublished":"2018-04-17T13:57:11+00:00","dateModified":"2023-01-23T15:11:05+00:00","inLanguage":"fr-FR","potentialAction":[{"@type":"ReadAction","target":["https:\/\/www.sgeaj.ch\/fr\/actualite\/conference-jaquier\/"]}]},{"@type":"ImageObject","inLanguage":"fr-FR","@id":"https:\/\/www.sgeaj.ch\/fr\/actualite\/conference-jaquier\/#primaryimage","url":"https:\/\/www.sgeaj.ch\/wp-content\/uploads\/2018\/04\/2018_Conference_CJ.jpg","contentUrl":"https:\/\/www.sgeaj.ch\/wp-content\/uploads\/2018\/04\/2018_Conference_CJ.jpg","width":2524,"height":1538},{"@type":"WebSite","@id":"https:\/\/www.sgeaj.ch\/fr\/#website","url":"https:\/\/www.sgeaj.ch\/fr\/","name":"Schweizerische Gesellschaft f\u00fcr die Erforschung des 18. Jahrhunderts (SGEAJ - SSEDS)","description":"Schweizerische Gesellschaft f\u00fcr die Erforschung des 18. Jahrhunderts","publisher":{"@id":"https:\/\/www.sgeaj.ch\/fr\/#organization"},"potentialAction":[{"@type":"SearchAction","target":{"@type":"EntryPoint","urlTemplate":"https:\/\/www.sgeaj.ch\/fr\/?s={search_term_string}"},"query-input":{"@type":"PropertyValueSpecification","valueRequired":true,"valueName":"search_term_string"}}],"inLanguage":"fr-FR"},{"@type":"Organization","@id":"https:\/\/www.sgeaj.ch\/fr\/#organization","name":"Schweizerische Gesellschaft f\u00fcr die Erforschung des 18. Jahrhunderts (SGEAJ - SSEDS)","url":"https:\/\/www.sgeaj.ch\/fr\/","logo":{"@type":"ImageObject","inLanguage":"fr-FR","@id":"https:\/\/www.sgeaj.ch\/fr\/#\/schema\/logo\/image\/","url":"https:\/\/www.sgeaj.ch\/wp-content\/uploads\/2021\/06\/cropped-logo-xviiies-horiz-abreuviations-bleues.png","contentUrl":"https:\/\/www.sgeaj.ch\/wp-content\/uploads\/2021\/06\/cropped-logo-xviiies-horiz-abreuviations-bleues.png","width":659,"height":335,"caption":"Schweizerische Gesellschaft f\u00fcr die Erforschung des 18. Jahrhunderts (SGEAJ - SSEDS)"},"image":{"@id":"https:\/\/www.sgeaj.ch\/fr\/#\/schema\/logo\/image\/"}},{"@type":"Person","@id":"https:\/\/www.sgeaj.ch\/fr\/#\/schema\/person\/4987b659851959f54148884461da99ca","name":"Meike Knittel","url":"https:\/\/www.sgeaj.ch\/fr\/author\/mknittel\/"}]}},"_links":{"self":[{"href":"https:\/\/www.sgeaj.ch\/fr\/wp-json\/wp\/v2\/posts\/2723","targetHints":{"allow":["GET"]}}],"collection":[{"href":"https:\/\/www.sgeaj.ch\/fr\/wp-json\/wp\/v2\/posts"}],"about":[{"href":"https:\/\/www.sgeaj.ch\/fr\/wp-json\/wp\/v2\/types\/post"}],"author":[{"embeddable":true,"href":"https:\/\/www.sgeaj.ch\/fr\/wp-json\/wp\/v2\/users\/5"}],"replies":[{"embeddable":true,"href":"https:\/\/www.sgeaj.ch\/fr\/wp-json\/wp\/v2\/comments?post=2723"}],"version-history":[{"count":8,"href":"https:\/\/www.sgeaj.ch\/fr\/wp-json\/wp\/v2\/posts\/2723\/revisions"}],"predecessor-version":[{"id":6966,"href":"https:\/\/www.sgeaj.ch\/fr\/wp-json\/wp\/v2\/posts\/2723\/revisions\/6966"}],"wp:featuredmedia":[{"embeddable":true,"href":"https:\/\/www.sgeaj.ch\/fr\/wp-json\/wp\/v2\/media\/3687"}],"wp:attachment":[{"href":"https:\/\/www.sgeaj.ch\/fr\/wp-json\/wp\/v2\/media?parent=2723"}],"wp:term":[{"taxonomy":"category","embeddable":true,"href":"https:\/\/www.sgeaj.ch\/fr\/wp-json\/wp\/v2\/categories?post=2723"},{"taxonomy":"post_tag","embeddable":true,"href":"https:\/\/www.sgeaj.ch\/fr\/wp-json\/wp\/v2\/tags?post=2723"}],"curies":[{"name":"wp","href":"https:\/\/api.w.org\/{rel}","templated":true}]}}