{"id":2953,"date":"2019-01-10T13:35:52","date_gmt":"2019-01-10T12:35:52","guid":{"rendered":"https:\/\/www.sgeaj.ch\/?p=2953"},"modified":"2021-04-11T16:39:59","modified_gmt":"2021-04-11T14:39:59","slug":"appel-humanites-digitales-suisse-autour-de-projets-dix-huitiemistes","status":"publish","type":"post","link":"https:\/\/www.sgeaj.ch\/fr\/actualite\/call-for-papers-fr\/appel-humanites-digitales-suisse-autour-de-projets-dix-huitiemistes\/","title":{"rendered":"Les Humanit\u00e9s digitales en Suisse"},"content":{"rendered":"<p><strong>Cr\u00e9ation d\u2019une page web de pr\u00e9sentation des plateformes et bases de donn\u00e9es<\/strong><strong> ayant trait au long XVIII<sup>e <\/sup>si\u00e8cle en Suisse<\/strong><\/p>\n<p>Depuis plusieurs ann\u00e9es, les sciences humaines vivent un tournant num\u00e9rique important. Les humanit\u00e9s digitales sont d\u00e9sormais devenues mati\u00e8re d\u2019enseignement dans les facult\u00e9s de lettres. Les chercheurs sont de plus en plus appel\u00e9s \u00e0 d\u00e9velopper des approches num\u00e9riques. Les universit\u00e9s et les institutions culturelles suisses s\u2019ins\u00e8rent de mani\u00e8re dynamique dans ce changement. Plusieurs projets novateurs et d\u2019une certaine envergure voient r\u00e9guli\u00e8rement le jour depuis une quinzaine d\u2019ann\u00e9es. Les \u00e9tudes sur le XVIII<sup>e<\/sup> si\u00e8cle ont pu b\u00e9n\u00e9ficier de cette dynamique.<\/p>\n<p>La Soci\u00e9t\u00e9 suisse pour l\u2019\u00e9tude du XVIII<sup>e<\/sup> si\u00e8cle aimerait donner \u00e0 ses membres l\u2019opportunit\u00e9 de faire conna\u00eetre \u00e0 un plus large public les principaux projets d\u00e9velopp\u00e9s en Suisse en lien avec les ann\u00e9es 1650-1850 (bases de donn\u00e9es, r\u00e9pertoires, \u00e9ditions online,\u2026). Il s\u2019agit aussi de permettre aux chercheurs d\u2019exploiter les possibilit\u00e9s offertes par ces plateformes et projets divers.<\/p>\n<p>A cette fin, la SSEDS souhaite \u00e9tablir un <strong>r\u00e9pertoire des bases de donn\u00e9es suisses ayant trait au long XVIII<sup>e <\/sup>si\u00e8cle<\/strong>. Le r\u00e9pertoire estaccessible sur le site de la Soci\u00e9t\u00e9.<\/p>\n<p>Une journ\u00e9e d\u2019\u00e9tude sur le th\u00e8me des plateformes num\u00e9riques sera organis\u00e9e \u00e0 Berne le 8 mai 2019 (Save the date\u00a0! Le programme d\u00e9taill\u00e9 va suivre).<\/p>\n<p><strong>Formes et modalit\u00e9s de soumission<br \/>\n<\/strong>Pour figurer dans le r\u00e9pertoire, merci de fournir les informations ci-dessous. Merci de fournir aussi une image \u00e0 associer au projet. Sont admises pour la r\u00e9daction des fiches les langues nationales et l\u2019anglais.<\/p>\n","protected":false},"excerpt":{"rendered":"<p>Cr\u00e9ation d\u2019une page web de pr\u00e9sentation des plateformes et bases de donn\u00e9es ayant trait au long XVIIIe si\u00e8cle en Suisse Depuis plusieurs ann\u00e9es, les sciences humaines vivent un tournant num\u00e9rique important. Les humanit\u00e9s digitales sont d\u00e9sormais devenues mati\u00e8re d\u2019enseignement dans les facult\u00e9s de lettres. Les chercheurs sont de plus en plus appel\u00e9s \u00e0 d\u00e9velopper des [&hellip;]<\/p>\n","protected":false},"author":2,"featured_media":4872,"comment_status":"closed","ping_status":"open","sticky":false,"template":"","format":"standard","meta":{"footnotes":""},"categories":[42,26],"tags":[],"class_list":{"0":"post-2953","1":"post","2":"type-post","3":"status-publish","4":"format-standard","5":"has-post-thumbnail","7":"category-actualite","8":"category-call-for-papers-fr","9":"czr-hentry"},"yoast_head":"<!-- This site is optimized with the Yoast SEO plugin v26.9 - https:\/\/yoast.com\/product\/yoast-seo-wordpress\/ -->\n<title>Les Humanit\u00e9s digitales en Suisse - Schweizerische Gesellschaft f\u00fcr die Erforschung des 18. Jahrhunderts (SGEAJ - SSEDS)<\/title>\n<meta name=\"robots\" content=\"index, follow, max-snippet:-1, max-image-preview:large, max-video-preview:-1\" \/>\n<link rel=\"canonical\" href=\"https:\/\/www.sgeaj.ch\/fr\/actualite\/call-for-papers-fr\/appel-humanites-digitales-suisse-autour-de-projets-dix-huitiemistes\/\" \/>\n<meta name=\"twitter:label1\" content=\"\u00c9crit par\" \/>\n\t<meta name=\"twitter:data1\" content=\"SGEAJ\" \/>\n\t<meta name=\"twitter:label2\" content=\"Dur\u00e9e de lecture estim\u00e9e\" \/>\n\t<meta name=\"twitter:data2\" content=\"2 minutes\" \/>\n<script type=\"application\/ld+json\" class=\"yoast-schema-graph\">{\"@context\":\"https:\/\/schema.org\",\"@graph\":[{\"@type\":\"Article\",\"@id\":\"https:\/\/www.sgeaj.ch\/fr\/actualite\/call-for-papers-fr\/appel-humanites-digitales-suisse-autour-de-projets-dix-huitiemistes\/#article\",\"isPartOf\":{\"@id\":\"https:\/\/www.sgeaj.ch\/fr\/actualite\/call-for-papers-fr\/appel-humanites-digitales-suisse-autour-de-projets-dix-huitiemistes\/\"},\"author\":{\"name\":\"SGEAJ\",\"@id\":\"https:\/\/www.sgeaj.ch\/fr\/#\/schema\/person\/6bd2b59ee4319b4a54912921450cebf6\"},\"headline\":\"Les Humanit\u00e9s digitales en Suisse\",\"datePublished\":\"2019-01-10T12:35:52+00:00\",\"dateModified\":\"2021-04-11T14:39:59+00:00\",\"mainEntityOfPage\":{\"@id\":\"https:\/\/www.sgeaj.ch\/fr\/actualite\/call-for-papers-fr\/appel-humanites-digitales-suisse-autour-de-projets-dix-huitiemistes\/\"},\"wordCount\":301,\"publisher\":{\"@id\":\"https:\/\/www.sgeaj.ch\/fr\/#organization\"},\"image\":{\"@id\":\"https:\/\/www.sgeaj.ch\/fr\/actualite\/call-for-papers-fr\/appel-humanites-digitales-suisse-autour-de-projets-dix-huitiemistes\/#primaryimage\"},\"thumbnailUrl\":\"https:\/\/www.sgeaj.ch\/wp-content\/uploads\/2021\/01\/rousseau-online.jpg\",\"articleSection\":[\"Actualit\u00e9\",\"Call for Papers\"],\"inLanguage\":\"fr-FR\"},{\"@type\":\"WebPage\",\"@id\":\"https:\/\/www.sgeaj.ch\/fr\/actualite\/call-for-papers-fr\/appel-humanites-digitales-suisse-autour-de-projets-dix-huitiemistes\/\",\"url\":\"https:\/\/www.sgeaj.ch\/fr\/actualite\/call-for-papers-fr\/appel-humanites-digitales-suisse-autour-de-projets-dix-huitiemistes\/\",\"name\":\"Les Humanit\u00e9s digitales en Suisse - Schweizerische Gesellschaft f\u00fcr die Erforschung des 18. Jahrhunderts (SGEAJ - SSEDS)\",\"isPartOf\":{\"@id\":\"https:\/\/www.sgeaj.ch\/fr\/#website\"},\"primaryImageOfPage\":{\"@id\":\"https:\/\/www.sgeaj.ch\/fr\/actualite\/call-for-papers-fr\/appel-humanites-digitales-suisse-autour-de-projets-dix-huitiemistes\/#primaryimage\"},\"image\":{\"@id\":\"https:\/\/www.sgeaj.ch\/fr\/actualite\/call-for-papers-fr\/appel-humanites-digitales-suisse-autour-de-projets-dix-huitiemistes\/#primaryimage\"},\"thumbnailUrl\":\"https:\/\/www.sgeaj.ch\/wp-content\/uploads\/2021\/01\/rousseau-online.jpg\",\"datePublished\":\"2019-01-10T12:35:52+00:00\",\"dateModified\":\"2021-04-11T14:39:59+00:00\",\"inLanguage\":\"fr-FR\",\"potentialAction\":[{\"@type\":\"ReadAction\",\"target\":[\"https:\/\/www.sgeaj.ch\/fr\/actualite\/call-for-papers-fr\/appel-humanites-digitales-suisse-autour-de-projets-dix-huitiemistes\/\"]}]},{\"@type\":\"ImageObject\",\"inLanguage\":\"fr-FR\",\"@id\":\"https:\/\/www.sgeaj.ch\/fr\/actualite\/call-for-papers-fr\/appel-humanites-digitales-suisse-autour-de-projets-dix-huitiemistes\/#primaryimage\",\"url\":\"https:\/\/www.sgeaj.ch\/wp-content\/uploads\/2021\/01\/rousseau-online.jpg\",\"contentUrl\":\"https:\/\/www.sgeaj.ch\/wp-content\/uploads\/2021\/01\/rousseau-online.jpg\",\"width\":1645,\"height\":609},{\"@type\":\"WebSite\",\"@id\":\"https:\/\/www.sgeaj.ch\/fr\/#website\",\"url\":\"https:\/\/www.sgeaj.ch\/fr\/\",\"name\":\"Schweizerische Gesellschaft f\u00fcr die Erforschung des 18. Jahrhunderts (SGEAJ - SSEDS)\",\"description\":\"Schweizerische Gesellschaft f\u00fcr die Erforschung des 18. Jahrhunderts\",\"publisher\":{\"@id\":\"https:\/\/www.sgeaj.ch\/fr\/#organization\"},\"potentialAction\":[{\"@type\":\"SearchAction\",\"target\":{\"@type\":\"EntryPoint\",\"urlTemplate\":\"https:\/\/www.sgeaj.ch\/fr\/?s={search_term_string}\"},\"query-input\":{\"@type\":\"PropertyValueSpecification\",\"valueRequired\":true,\"valueName\":\"search_term_string\"}}],\"inLanguage\":\"fr-FR\"},{\"@type\":\"Organization\",\"@id\":\"https:\/\/www.sgeaj.ch\/fr\/#organization\",\"name\":\"Schweizerische Gesellschaft f\u00fcr die Erforschung des 18. Jahrhunderts (SGEAJ - SSEDS)\",\"url\":\"https:\/\/www.sgeaj.ch\/fr\/\",\"logo\":{\"@type\":\"ImageObject\",\"inLanguage\":\"fr-FR\",\"@id\":\"https:\/\/www.sgeaj.ch\/fr\/#\/schema\/logo\/image\/\",\"url\":\"https:\/\/www.sgeaj.ch\/wp-content\/uploads\/2021\/06\/cropped-logo-xviiies-horiz-abreuviations-bleues.png\",\"contentUrl\":\"https:\/\/www.sgeaj.ch\/wp-content\/uploads\/2021\/06\/cropped-logo-xviiies-horiz-abreuviations-bleues.png\",\"width\":659,\"height\":335,\"caption\":\"Schweizerische Gesellschaft f\u00fcr die Erforschung des 18. Jahrhunderts (SGEAJ - SSEDS)\"},\"image\":{\"@id\":\"https:\/\/www.sgeaj.ch\/fr\/#\/schema\/logo\/image\/\"}},{\"@type\":\"Person\",\"@id\":\"https:\/\/www.sgeaj.ch\/fr\/#\/schema\/person\/6bd2b59ee4319b4a54912921450cebf6\",\"name\":\"SGEAJ\",\"url\":\"https:\/\/www.sgeaj.ch\/fr\/author\/sgeaj\/\"}]}<\/script>\n<!-- \/ Yoast SEO plugin. -->","yoast_head_json":{"title":"Les Humanit\u00e9s digitales en Suisse - Schweizerische Gesellschaft f\u00fcr die Erforschung des 18. Jahrhunderts (SGEAJ - SSEDS)","robots":{"index":"index","follow":"follow","max-snippet":"max-snippet:-1","max-image-preview":"max-image-preview:large","max-video-preview":"max-video-preview:-1"},"canonical":"https:\/\/www.sgeaj.ch\/fr\/actualite\/call-for-papers-fr\/appel-humanites-digitales-suisse-autour-de-projets-dix-huitiemistes\/","twitter_misc":{"\u00c9crit par":"SGEAJ","Dur\u00e9e de lecture estim\u00e9e":"2 minutes"},"schema":{"@context":"https:\/\/schema.org","@graph":[{"@type":"Article","@id":"https:\/\/www.sgeaj.ch\/fr\/actualite\/call-for-papers-fr\/appel-humanites-digitales-suisse-autour-de-projets-dix-huitiemistes\/#article","isPartOf":{"@id":"https:\/\/www.sgeaj.ch\/fr\/actualite\/call-for-papers-fr\/appel-humanites-digitales-suisse-autour-de-projets-dix-huitiemistes\/"},"author":{"name":"SGEAJ","@id":"https:\/\/www.sgeaj.ch\/fr\/#\/schema\/person\/6bd2b59ee4319b4a54912921450cebf6"},"headline":"Les Humanit\u00e9s digitales en Suisse","datePublished":"2019-01-10T12:35:52+00:00","dateModified":"2021-04-11T14:39:59+00:00","mainEntityOfPage":{"@id":"https:\/\/www.sgeaj.ch\/fr\/actualite\/call-for-papers-fr\/appel-humanites-digitales-suisse-autour-de-projets-dix-huitiemistes\/"},"wordCount":301,"publisher":{"@id":"https:\/\/www.sgeaj.ch\/fr\/#organization"},"image":{"@id":"https:\/\/www.sgeaj.ch\/fr\/actualite\/call-for-papers-fr\/appel-humanites-digitales-suisse-autour-de-projets-dix-huitiemistes\/#primaryimage"},"thumbnailUrl":"https:\/\/www.sgeaj.ch\/wp-content\/uploads\/2021\/01\/rousseau-online.jpg","articleSection":["Actualit\u00e9","Call for Papers"],"inLanguage":"fr-FR"},{"@type":"WebPage","@id":"https:\/\/www.sgeaj.ch\/fr\/actualite\/call-for-papers-fr\/appel-humanites-digitales-suisse-autour-de-projets-dix-huitiemistes\/","url":"https:\/\/www.sgeaj.ch\/fr\/actualite\/call-for-papers-fr\/appel-humanites-digitales-suisse-autour-de-projets-dix-huitiemistes\/","name":"Les Humanit\u00e9s digitales en Suisse - Schweizerische Gesellschaft f\u00fcr die Erforschung des 18. Jahrhunderts (SGEAJ - SSEDS)","isPartOf":{"@id":"https:\/\/www.sgeaj.ch\/fr\/#website"},"primaryImageOfPage":{"@id":"https:\/\/www.sgeaj.ch\/fr\/actualite\/call-for-papers-fr\/appel-humanites-digitales-suisse-autour-de-projets-dix-huitiemistes\/#primaryimage"},"image":{"@id":"https:\/\/www.sgeaj.ch\/fr\/actualite\/call-for-papers-fr\/appel-humanites-digitales-suisse-autour-de-projets-dix-huitiemistes\/#primaryimage"},"thumbnailUrl":"https:\/\/www.sgeaj.ch\/wp-content\/uploads\/2021\/01\/rousseau-online.jpg","datePublished":"2019-01-10T12:35:52+00:00","dateModified":"2021-04-11T14:39:59+00:00","inLanguage":"fr-FR","potentialAction":[{"@type":"ReadAction","target":["https:\/\/www.sgeaj.ch\/fr\/actualite\/call-for-papers-fr\/appel-humanites-digitales-suisse-autour-de-projets-dix-huitiemistes\/"]}]},{"@type":"ImageObject","inLanguage":"fr-FR","@id":"https:\/\/www.sgeaj.ch\/fr\/actualite\/call-for-papers-fr\/appel-humanites-digitales-suisse-autour-de-projets-dix-huitiemistes\/#primaryimage","url":"https:\/\/www.sgeaj.ch\/wp-content\/uploads\/2021\/01\/rousseau-online.jpg","contentUrl":"https:\/\/www.sgeaj.ch\/wp-content\/uploads\/2021\/01\/rousseau-online.jpg","width":1645,"height":609},{"@type":"WebSite","@id":"https:\/\/www.sgeaj.ch\/fr\/#website","url":"https:\/\/www.sgeaj.ch\/fr\/","name":"Schweizerische Gesellschaft f\u00fcr die Erforschung des 18. Jahrhunderts (SGEAJ - SSEDS)","description":"Schweizerische Gesellschaft f\u00fcr die Erforschung des 18. Jahrhunderts","publisher":{"@id":"https:\/\/www.sgeaj.ch\/fr\/#organization"},"potentialAction":[{"@type":"SearchAction","target":{"@type":"EntryPoint","urlTemplate":"https:\/\/www.sgeaj.ch\/fr\/?s={search_term_string}"},"query-input":{"@type":"PropertyValueSpecification","valueRequired":true,"valueName":"search_term_string"}}],"inLanguage":"fr-FR"},{"@type":"Organization","@id":"https:\/\/www.sgeaj.ch\/fr\/#organization","name":"Schweizerische Gesellschaft f\u00fcr die Erforschung des 18. Jahrhunderts (SGEAJ - SSEDS)","url":"https:\/\/www.sgeaj.ch\/fr\/","logo":{"@type":"ImageObject","inLanguage":"fr-FR","@id":"https:\/\/www.sgeaj.ch\/fr\/#\/schema\/logo\/image\/","url":"https:\/\/www.sgeaj.ch\/wp-content\/uploads\/2021\/06\/cropped-logo-xviiies-horiz-abreuviations-bleues.png","contentUrl":"https:\/\/www.sgeaj.ch\/wp-content\/uploads\/2021\/06\/cropped-logo-xviiies-horiz-abreuviations-bleues.png","width":659,"height":335,"caption":"Schweizerische Gesellschaft f\u00fcr die Erforschung des 18. Jahrhunderts (SGEAJ - SSEDS)"},"image":{"@id":"https:\/\/www.sgeaj.ch\/fr\/#\/schema\/logo\/image\/"}},{"@type":"Person","@id":"https:\/\/www.sgeaj.ch\/fr\/#\/schema\/person\/6bd2b59ee4319b4a54912921450cebf6","name":"SGEAJ","url":"https:\/\/www.sgeaj.ch\/fr\/author\/sgeaj\/"}]}},"_links":{"self":[{"href":"https:\/\/www.sgeaj.ch\/fr\/wp-json\/wp\/v2\/posts\/2953","targetHints":{"allow":["GET"]}}],"collection":[{"href":"https:\/\/www.sgeaj.ch\/fr\/wp-json\/wp\/v2\/posts"}],"about":[{"href":"https:\/\/www.sgeaj.ch\/fr\/wp-json\/wp\/v2\/types\/post"}],"author":[{"embeddable":true,"href":"https:\/\/www.sgeaj.ch\/fr\/wp-json\/wp\/v2\/users\/2"}],"replies":[{"embeddable":true,"href":"https:\/\/www.sgeaj.ch\/fr\/wp-json\/wp\/v2\/comments?post=2953"}],"version-history":[{"count":8,"href":"https:\/\/www.sgeaj.ch\/fr\/wp-json\/wp\/v2\/posts\/2953\/revisions"}],"predecessor-version":[{"id":6261,"href":"https:\/\/www.sgeaj.ch\/fr\/wp-json\/wp\/v2\/posts\/2953\/revisions\/6261"}],"wp:featuredmedia":[{"embeddable":true,"href":"https:\/\/www.sgeaj.ch\/fr\/wp-json\/wp\/v2\/media\/4872"}],"wp:attachment":[{"href":"https:\/\/www.sgeaj.ch\/fr\/wp-json\/wp\/v2\/media?parent=2953"}],"wp:term":[{"taxonomy":"category","embeddable":true,"href":"https:\/\/www.sgeaj.ch\/fr\/wp-json\/wp\/v2\/categories?post=2953"},{"taxonomy":"post_tag","embeddable":true,"href":"https:\/\/www.sgeaj.ch\/fr\/wp-json\/wp\/v2\/tags?post=2953"}],"curies":[{"name":"wp","href":"https:\/\/api.w.org\/{rel}","templated":true}]}}