{"id":3061,"date":"2019-02-07T10:56:56","date_gmt":"2019-02-07T09:56:56","guid":{"rendered":"https:\/\/www.sgeaj.ch\/?p=3061"},"modified":"2021-04-02T13:53:43","modified_gmt":"2021-04-02T11:53:43","slug":"publication-actes-journees-detude-penser-classer-collections-societes-savantes-2018","status":"publish","type":"post","link":"https:\/\/www.sgeaj.ch\/fr\/actualite\/nouvelles-publications\/publication-actes-journees-detude-penser-classer-collections-societes-savantes-2018\/","title":{"rendered":"Penser \/ Classer les collections des soci\u00e9t\u00e9s savantes"},"content":{"rendered":"\n<h2 class=\"wp-block-heading\">Wenger, Sylvain (dir.), <em>Penser \/ Classer les collections des soci\u00e9t\u00e9s savantes<\/em>, Gen\u00e8ve 2018.<\/h2>\n\n\n<p>Cet ouvrage dirig\u00e9 par Sylvain Wenger t\u00e9moigne des journ\u00e9es d\u2019\u00e9tude \u00ab Penser\/ Classer les collections des soci\u00e9t\u00e9s savantes \u00bb organis\u00e9es en novembre 2016 par la Soci\u00e9t\u00e9 des arts de Gen\u00e8ve dans le cadre du projet de valorisation de ses ressources historiques.<\/p>\n<p>Ces ateliers invitaient \u00e0 s\u2019interroger sur la constitution et les usages des collections des soci\u00e9t\u00e9s savantes actives en Europe \u00e0 partir de la seconde moiti\u00e9 du XVIIIe si\u00e8cle, et \u00e0 partager des exp\u00e9riences sur la mani\u00e8re dont elles sont conserv\u00e9es et valoris\u00e9es de nos jours. Ces ressources historiques soul\u00e8vent de nombreux d\u00e9fis pour qui entend assurer leur pr\u00e9servation, leur p\u00e9rennisation et leur valorisation. Comment sont-elles int\u00e9gr\u00e9es \u00e0 la recherche historique ? Comment leur avenir est-il envisag\u00e9 ? Comment sont-elles mises en valeur aupr\u00e8s du public ?<\/p>\n<div id=\"short_description_block\">\n<p>\u2192 <a href=\"http:\/\/www.societedesarts.ch\/publication-des-actes-du-colloque-penser-classer-les-collections-des-societes-savantes\/\" target=\"_blank\" rel=\"noopener noreferrer\">Commande<\/a><\/p>\n<\/div>","protected":false},"excerpt":{"rendered":"<p>Wenger, Sylvain (dir.), Penser \/ Classer les collections des soci\u00e9t\u00e9s savantes, Gen\u00e8ve 2018. Cet ouvrage dirig\u00e9 par Sylvain Wenger t\u00e9moigne des journ\u00e9es d\u2019\u00e9tude \u00ab Penser\/ Classer les collections des soci\u00e9t\u00e9s savantes \u00bb organis\u00e9es en novembre 2016 par la Soci\u00e9t\u00e9 des arts de Gen\u00e8ve dans le cadre du projet de valorisation de ses ressources historiques. Ces [&hellip;]<\/p>\n","protected":false},"author":2,"featured_media":3736,"comment_status":"closed","ping_status":"open","sticky":false,"template":"","format":"standard","meta":{"footnotes":""},"categories":[42,25],"tags":[],"class_list":{"0":"post-3061","1":"post","2":"type-post","3":"status-publish","4":"format-standard","5":"has-post-thumbnail","7":"category-actualite","8":"category-nouvelles-publications","9":"czr-hentry"},"yoast_head":"<!-- This site is optimized with the Yoast SEO plugin v26.9 - https:\/\/yoast.com\/product\/yoast-seo-wordpress\/ -->\n<title>Penser \/ Classer les collections des soci\u00e9t\u00e9s savantes - Schweizerische Gesellschaft f\u00fcr die Erforschung des 18. Jahrhunderts (SGEAJ - SSEDS)<\/title>\n<meta name=\"robots\" content=\"index, follow, max-snippet:-1, max-image-preview:large, max-video-preview:-1\" \/>\n<link rel=\"canonical\" href=\"https:\/\/www.sgeaj.ch\/fr\/actualite\/nouvelles-publications\/publication-actes-journees-detude-penser-classer-collections-societes-savantes-2018\/\" \/>\n<meta name=\"twitter:label1\" content=\"\u00c9crit par\" \/>\n\t<meta name=\"twitter:data1\" content=\"SGEAJ\" \/>\n\t<meta name=\"twitter:label2\" content=\"Dur\u00e9e de lecture estim\u00e9e\" \/>\n\t<meta name=\"twitter:data2\" content=\"1 minute\" \/>\n<script type=\"application\/ld+json\" class=\"yoast-schema-graph\">{\"@context\":\"https:\/\/schema.org\",\"@graph\":[{\"@type\":\"Article\",\"@id\":\"https:\/\/www.sgeaj.ch\/fr\/actualite\/nouvelles-publications\/publication-actes-journees-detude-penser-classer-collections-societes-savantes-2018\/#article\",\"isPartOf\":{\"@id\":\"https:\/\/www.sgeaj.ch\/fr\/actualite\/nouvelles-publications\/publication-actes-journees-detude-penser-classer-collections-societes-savantes-2018\/\"},\"author\":{\"name\":\"SGEAJ\",\"@id\":\"https:\/\/www.sgeaj.ch\/fr\/#\/schema\/person\/6bd2b59ee4319b4a54912921450cebf6\"},\"headline\":\"Penser \/ Classer les collections des soci\u00e9t\u00e9s savantes\",\"datePublished\":\"2019-02-07T09:56:56+00:00\",\"dateModified\":\"2021-04-02T11:53:43+00:00\",\"mainEntityOfPage\":{\"@id\":\"https:\/\/www.sgeaj.ch\/fr\/actualite\/nouvelles-publications\/publication-actes-journees-detude-penser-classer-collections-societes-savantes-2018\/\"},\"wordCount\":164,\"publisher\":{\"@id\":\"https:\/\/www.sgeaj.ch\/fr\/#organization\"},\"image\":{\"@id\":\"https:\/\/www.sgeaj.ch\/fr\/actualite\/nouvelles-publications\/publication-actes-journees-detude-penser-classer-collections-societes-savantes-2018\/#primaryimage\"},\"thumbnailUrl\":\"https:\/\/www.sgeaj.ch\/wp-content\/uploads\/2019\/02\/2019-Livre-Collections-societes-savantes.jpg\",\"articleSection\":[\"Actualit\u00e9\",\"Nouvelles publications\"],\"inLanguage\":\"fr-FR\"},{\"@type\":\"WebPage\",\"@id\":\"https:\/\/www.sgeaj.ch\/fr\/actualite\/nouvelles-publications\/publication-actes-journees-detude-penser-classer-collections-societes-savantes-2018\/\",\"url\":\"https:\/\/www.sgeaj.ch\/fr\/actualite\/nouvelles-publications\/publication-actes-journees-detude-penser-classer-collections-societes-savantes-2018\/\",\"name\":\"Penser \/ Classer les collections des soci\u00e9t\u00e9s savantes - Schweizerische Gesellschaft f\u00fcr die Erforschung des 18. Jahrhunderts (SGEAJ - SSEDS)\",\"isPartOf\":{\"@id\":\"https:\/\/www.sgeaj.ch\/fr\/#website\"},\"primaryImageOfPage\":{\"@id\":\"https:\/\/www.sgeaj.ch\/fr\/actualite\/nouvelles-publications\/publication-actes-journees-detude-penser-classer-collections-societes-savantes-2018\/#primaryimage\"},\"image\":{\"@id\":\"https:\/\/www.sgeaj.ch\/fr\/actualite\/nouvelles-publications\/publication-actes-journees-detude-penser-classer-collections-societes-savantes-2018\/#primaryimage\"},\"thumbnailUrl\":\"https:\/\/www.sgeaj.ch\/wp-content\/uploads\/2019\/02\/2019-Livre-Collections-societes-savantes.jpg\",\"datePublished\":\"2019-02-07T09:56:56+00:00\",\"dateModified\":\"2021-04-02T11:53:43+00:00\",\"inLanguage\":\"fr-FR\",\"potentialAction\":[{\"@type\":\"ReadAction\",\"target\":[\"https:\/\/www.sgeaj.ch\/fr\/actualite\/nouvelles-publications\/publication-actes-journees-detude-penser-classer-collections-societes-savantes-2018\/\"]}]},{\"@type\":\"ImageObject\",\"inLanguage\":\"fr-FR\",\"@id\":\"https:\/\/www.sgeaj.ch\/fr\/actualite\/nouvelles-publications\/publication-actes-journees-detude-penser-classer-collections-societes-savantes-2018\/#primaryimage\",\"url\":\"https:\/\/www.sgeaj.ch\/wp-content\/uploads\/2019\/02\/2019-Livre-Collections-societes-savantes.jpg\",\"contentUrl\":\"https:\/\/www.sgeaj.ch\/wp-content\/uploads\/2019\/02\/2019-Livre-Collections-societes-savantes.jpg\",\"width\":607,\"height\":904},{\"@type\":\"WebSite\",\"@id\":\"https:\/\/www.sgeaj.ch\/fr\/#website\",\"url\":\"https:\/\/www.sgeaj.ch\/fr\/\",\"name\":\"Schweizerische Gesellschaft f\u00fcr die Erforschung des 18. Jahrhunderts (SGEAJ - SSEDS)\",\"description\":\"Schweizerische Gesellschaft f\u00fcr die Erforschung des 18. Jahrhunderts\",\"publisher\":{\"@id\":\"https:\/\/www.sgeaj.ch\/fr\/#organization\"},\"potentialAction\":[{\"@type\":\"SearchAction\",\"target\":{\"@type\":\"EntryPoint\",\"urlTemplate\":\"https:\/\/www.sgeaj.ch\/fr\/?s={search_term_string}\"},\"query-input\":{\"@type\":\"PropertyValueSpecification\",\"valueRequired\":true,\"valueName\":\"search_term_string\"}}],\"inLanguage\":\"fr-FR\"},{\"@type\":\"Organization\",\"@id\":\"https:\/\/www.sgeaj.ch\/fr\/#organization\",\"name\":\"Schweizerische Gesellschaft f\u00fcr die Erforschung des 18. Jahrhunderts (SGEAJ - SSEDS)\",\"url\":\"https:\/\/www.sgeaj.ch\/fr\/\",\"logo\":{\"@type\":\"ImageObject\",\"inLanguage\":\"fr-FR\",\"@id\":\"https:\/\/www.sgeaj.ch\/fr\/#\/schema\/logo\/image\/\",\"url\":\"https:\/\/www.sgeaj.ch\/wp-content\/uploads\/2021\/06\/cropped-logo-xviiies-horiz-abreuviations-bleues.png\",\"contentUrl\":\"https:\/\/www.sgeaj.ch\/wp-content\/uploads\/2021\/06\/cropped-logo-xviiies-horiz-abreuviations-bleues.png\",\"width\":659,\"height\":335,\"caption\":\"Schweizerische Gesellschaft f\u00fcr die Erforschung des 18. Jahrhunderts (SGEAJ - SSEDS)\"},\"image\":{\"@id\":\"https:\/\/www.sgeaj.ch\/fr\/#\/schema\/logo\/image\/\"}},{\"@type\":\"Person\",\"@id\":\"https:\/\/www.sgeaj.ch\/fr\/#\/schema\/person\/6bd2b59ee4319b4a54912921450cebf6\",\"name\":\"SGEAJ\",\"url\":\"https:\/\/www.sgeaj.ch\/fr\/author\/sgeaj\/\"}]}<\/script>\n<!-- \/ Yoast SEO plugin. -->","yoast_head_json":{"title":"Penser \/ Classer les collections des soci\u00e9t\u00e9s savantes - Schweizerische Gesellschaft f\u00fcr die Erforschung des 18. Jahrhunderts (SGEAJ - SSEDS)","robots":{"index":"index","follow":"follow","max-snippet":"max-snippet:-1","max-image-preview":"max-image-preview:large","max-video-preview":"max-video-preview:-1"},"canonical":"https:\/\/www.sgeaj.ch\/fr\/actualite\/nouvelles-publications\/publication-actes-journees-detude-penser-classer-collections-societes-savantes-2018\/","twitter_misc":{"\u00c9crit par":"SGEAJ","Dur\u00e9e de lecture estim\u00e9e":"1 minute"},"schema":{"@context":"https:\/\/schema.org","@graph":[{"@type":"Article","@id":"https:\/\/www.sgeaj.ch\/fr\/actualite\/nouvelles-publications\/publication-actes-journees-detude-penser-classer-collections-societes-savantes-2018\/#article","isPartOf":{"@id":"https:\/\/www.sgeaj.ch\/fr\/actualite\/nouvelles-publications\/publication-actes-journees-detude-penser-classer-collections-societes-savantes-2018\/"},"author":{"name":"SGEAJ","@id":"https:\/\/www.sgeaj.ch\/fr\/#\/schema\/person\/6bd2b59ee4319b4a54912921450cebf6"},"headline":"Penser \/ Classer les collections des soci\u00e9t\u00e9s savantes","datePublished":"2019-02-07T09:56:56+00:00","dateModified":"2021-04-02T11:53:43+00:00","mainEntityOfPage":{"@id":"https:\/\/www.sgeaj.ch\/fr\/actualite\/nouvelles-publications\/publication-actes-journees-detude-penser-classer-collections-societes-savantes-2018\/"},"wordCount":164,"publisher":{"@id":"https:\/\/www.sgeaj.ch\/fr\/#organization"},"image":{"@id":"https:\/\/www.sgeaj.ch\/fr\/actualite\/nouvelles-publications\/publication-actes-journees-detude-penser-classer-collections-societes-savantes-2018\/#primaryimage"},"thumbnailUrl":"https:\/\/www.sgeaj.ch\/wp-content\/uploads\/2019\/02\/2019-Livre-Collections-societes-savantes.jpg","articleSection":["Actualit\u00e9","Nouvelles publications"],"inLanguage":"fr-FR"},{"@type":"WebPage","@id":"https:\/\/www.sgeaj.ch\/fr\/actualite\/nouvelles-publications\/publication-actes-journees-detude-penser-classer-collections-societes-savantes-2018\/","url":"https:\/\/www.sgeaj.ch\/fr\/actualite\/nouvelles-publications\/publication-actes-journees-detude-penser-classer-collections-societes-savantes-2018\/","name":"Penser \/ Classer les collections des soci\u00e9t\u00e9s savantes - Schweizerische Gesellschaft f\u00fcr die Erforschung des 18. Jahrhunderts (SGEAJ - SSEDS)","isPartOf":{"@id":"https:\/\/www.sgeaj.ch\/fr\/#website"},"primaryImageOfPage":{"@id":"https:\/\/www.sgeaj.ch\/fr\/actualite\/nouvelles-publications\/publication-actes-journees-detude-penser-classer-collections-societes-savantes-2018\/#primaryimage"},"image":{"@id":"https:\/\/www.sgeaj.ch\/fr\/actualite\/nouvelles-publications\/publication-actes-journees-detude-penser-classer-collections-societes-savantes-2018\/#primaryimage"},"thumbnailUrl":"https:\/\/www.sgeaj.ch\/wp-content\/uploads\/2019\/02\/2019-Livre-Collections-societes-savantes.jpg","datePublished":"2019-02-07T09:56:56+00:00","dateModified":"2021-04-02T11:53:43+00:00","inLanguage":"fr-FR","potentialAction":[{"@type":"ReadAction","target":["https:\/\/www.sgeaj.ch\/fr\/actualite\/nouvelles-publications\/publication-actes-journees-detude-penser-classer-collections-societes-savantes-2018\/"]}]},{"@type":"ImageObject","inLanguage":"fr-FR","@id":"https:\/\/www.sgeaj.ch\/fr\/actualite\/nouvelles-publications\/publication-actes-journees-detude-penser-classer-collections-societes-savantes-2018\/#primaryimage","url":"https:\/\/www.sgeaj.ch\/wp-content\/uploads\/2019\/02\/2019-Livre-Collections-societes-savantes.jpg","contentUrl":"https:\/\/www.sgeaj.ch\/wp-content\/uploads\/2019\/02\/2019-Livre-Collections-societes-savantes.jpg","width":607,"height":904},{"@type":"WebSite","@id":"https:\/\/www.sgeaj.ch\/fr\/#website","url":"https:\/\/www.sgeaj.ch\/fr\/","name":"Schweizerische Gesellschaft f\u00fcr die Erforschung des 18. Jahrhunderts (SGEAJ - SSEDS)","description":"Schweizerische Gesellschaft f\u00fcr die Erforschung des 18. Jahrhunderts","publisher":{"@id":"https:\/\/www.sgeaj.ch\/fr\/#organization"},"potentialAction":[{"@type":"SearchAction","target":{"@type":"EntryPoint","urlTemplate":"https:\/\/www.sgeaj.ch\/fr\/?s={search_term_string}"},"query-input":{"@type":"PropertyValueSpecification","valueRequired":true,"valueName":"search_term_string"}}],"inLanguage":"fr-FR"},{"@type":"Organization","@id":"https:\/\/www.sgeaj.ch\/fr\/#organization","name":"Schweizerische Gesellschaft f\u00fcr die Erforschung des 18. Jahrhunderts (SGEAJ - SSEDS)","url":"https:\/\/www.sgeaj.ch\/fr\/","logo":{"@type":"ImageObject","inLanguage":"fr-FR","@id":"https:\/\/www.sgeaj.ch\/fr\/#\/schema\/logo\/image\/","url":"https:\/\/www.sgeaj.ch\/wp-content\/uploads\/2021\/06\/cropped-logo-xviiies-horiz-abreuviations-bleues.png","contentUrl":"https:\/\/www.sgeaj.ch\/wp-content\/uploads\/2021\/06\/cropped-logo-xviiies-horiz-abreuviations-bleues.png","width":659,"height":335,"caption":"Schweizerische Gesellschaft f\u00fcr die Erforschung des 18. Jahrhunderts (SGEAJ - SSEDS)"},"image":{"@id":"https:\/\/www.sgeaj.ch\/fr\/#\/schema\/logo\/image\/"}},{"@type":"Person","@id":"https:\/\/www.sgeaj.ch\/fr\/#\/schema\/person\/6bd2b59ee4319b4a54912921450cebf6","name":"SGEAJ","url":"https:\/\/www.sgeaj.ch\/fr\/author\/sgeaj\/"}]}},"_links":{"self":[{"href":"https:\/\/www.sgeaj.ch\/fr\/wp-json\/wp\/v2\/posts\/3061","targetHints":{"allow":["GET"]}}],"collection":[{"href":"https:\/\/www.sgeaj.ch\/fr\/wp-json\/wp\/v2\/posts"}],"about":[{"href":"https:\/\/www.sgeaj.ch\/fr\/wp-json\/wp\/v2\/types\/post"}],"author":[{"embeddable":true,"href":"https:\/\/www.sgeaj.ch\/fr\/wp-json\/wp\/v2\/users\/2"}],"replies":[{"embeddable":true,"href":"https:\/\/www.sgeaj.ch\/fr\/wp-json\/wp\/v2\/comments?post=3061"}],"version-history":[{"count":2,"href":"https:\/\/www.sgeaj.ch\/fr\/wp-json\/wp\/v2\/posts\/3061\/revisions"}],"predecessor-version":[{"id":5865,"href":"https:\/\/www.sgeaj.ch\/fr\/wp-json\/wp\/v2\/posts\/3061\/revisions\/5865"}],"wp:featuredmedia":[{"embeddable":true,"href":"https:\/\/www.sgeaj.ch\/fr\/wp-json\/wp\/v2\/media\/3736"}],"wp:attachment":[{"href":"https:\/\/www.sgeaj.ch\/fr\/wp-json\/wp\/v2\/media?parent=3061"}],"wp:term":[{"taxonomy":"category","embeddable":true,"href":"https:\/\/www.sgeaj.ch\/fr\/wp-json\/wp\/v2\/categories?post=3061"},{"taxonomy":"post_tag","embeddable":true,"href":"https:\/\/www.sgeaj.ch\/fr\/wp-json\/wp\/v2\/tags?post=3061"}],"curies":[{"name":"wp","href":"https:\/\/api.w.org\/{rel}","templated":true}]}}