{"id":3118,"date":"2019-02-12T10:21:47","date_gmt":"2019-02-12T09:21:47","guid":{"rendered":"https:\/\/www.sgeaj.ch\/?p=3118"},"modified":"2021-04-03T17:41:26","modified_gmt":"2021-04-03T15:41:26","slug":"vernissage-de-base-egodocuments-ch-lausanne-18-mars-2019","status":"publish","type":"post","link":"https:\/\/www.sgeaj.ch\/fr\/actualite\/colloques\/vernissage-de-base-egodocuments-ch-lausanne-18-mars-2019\/","title":{"rendered":"Egodocuments.ch"},"content":{"rendered":"\n<h2 class=\"wp-block-heading\">Vernissage de la base Egodocuments.ch, Universit\u00e9 de Lausanne, Aula de l\u2019IDHEAP, 18 mars 2019, 17h 30<\/h2>\n\n\n<p><span style=\"color: #000000;\"><a style=\"color: #000000;\" href=\"http:\/\/wp.unil.ch\/egodocuments\/\" target=\"_blank\" rel=\"noopener noreferrer\" data-cke-saved-href=\"http:\/\/wp.unil.ch\/egodocuments\/\">EGODOCUMENTS.CH<\/a>, c&rsquo;est<\/span><\/p>\n<p><span style=\"color: #000000;\">\u2026une base de donn\u00e9es pr\u00e9sentant des \u00e9crits personnels conserv\u00e9s dans les archives et biblioth\u00e8ques des quatre r\u00e9gions linguistiques de la Suisse, r\u00e9dig\u00e9s entre 1500 et 1820.<\/span><\/p>\n<p><span style=\"color: #000000;\">\u2026un<em> Work in progress<\/em>, qui recense actuellement pr\u00e8s de 1700 documents, dont 208 livres de famille, 160 textes f\u00e9mi<a href=\"https:\/\/www.sgeaj.ch\/wp-content\/uploads\/2019\/02\/2019-VernissageEgodoc.png\"><img loading=\"lazy\" decoding=\"async\" class=\"alignright size-medium wp-image-3116\" src=\"https:\/\/www.sgeaj.ch\/wp-content\/uploads\/2019\/02\/2019-VernissageEgodoc-300x205.png\" alt=\"\" width=\"300\" height=\"205\" srcset=\"https:\/\/www.sgeaj.ch\/wp-content\/uploads\/2019\/02\/2019-VernissageEgodoc-300x205.png 300w, https:\/\/www.sgeaj.ch\/wp-content\/uploads\/2019\/02\/2019-VernissageEgodoc-150x102.png 150w, https:\/\/www.sgeaj.ch\/wp-content\/uploads\/2019\/02\/2019-VernissageEgodoc-768x524.png 768w, https:\/\/www.sgeaj.ch\/wp-content\/uploads\/2019\/02\/2019-VernissageEgodoc-1024x699.png 1024w, https:\/\/www.sgeaj.ch\/wp-content\/uploads\/2019\/02\/2019-VernissageEgodoc.png 1283w\" sizes=\"auto, (max-width: 300px) 100vw, 300px\" \/><\/a>nins, 172 r\u00e9cits de voyage, 70 textes d\u2019enfants ou jeunes gens, 59 textes d\u2019artisans\u2026<\/span><\/p>\n<p><span style=\"color: #000000;\">\u2026un outil pour la (re)d\u00e9couverte du quotidien d\u2019hommes et de femmes de diverses couches sociales, entre intimit\u00e9 et vie publique.<\/span><\/p>\n<p><span style=\"color: #000000;\">Elle sera inaugur\u00e9e le 18 mars 2019 en pr\u00e9sence de nombreux chercheurs.<\/span><\/p>\n<p><span style=\"color: #000000;\"><strong>Allocutions<\/strong><\/span><br \/><span style=\"color: #000000;\">L\u00e9onard Burnand, Vice-Doyen Lettres (Lausanne)<\/span><br \/><span style=\"color: #000000;\">Kaspar von Greyerz (B\u00e2le)<\/span><br \/><span style=\"color: #000000;\">Fran\u00e7ois-Joseph Ruggiu (Paris)<\/span><br \/><span style=\"color: #000000;\">Dani\u00e8le Tosato-Rigo (Lausanne)<\/span><\/p>\n<p><span style=\"color: #000000;\"><strong>L\u2019outil Egodocuments.ch<\/strong><\/span><br \/><span style=\"color: #000000;\">Sylvie Moret Petrini (Lausanne)<\/span><\/p>\n<p><span style=\"color: #000000;\"><strong>Travaux r\u00e9cents de doctorat<\/strong><\/span><br \/><span style=\"color: #000000;\">Sylvie Moret Petrini (Lausanne)<\/span><br \/><span style=\"color: #000000;\">Carla Teresa Roth (B\u00e2le)<\/span><\/p>\n<p><span style=\"color: #000000;\"><strong>Pr\u00e9sentations d\u2019\u00e9ditions r\u00e9centes d\u2019\u00e9crits personnels<\/strong><\/span><br \/><span style=\"color: #000000;\">Lorenz Heiligensetzer (B\u00e2le)<\/span><br \/><span style=\"color: #000000;\">Simona Boscani-Leoni (Berne\/Lausanne)<\/span><br \/><span style=\"color: #000000;\">Olivier Fatio (Gen\u00e8ve)<\/span><br \/><span style=\"color: #000000;\">Simone de Reyff et Rita Binz-Wolhauser (Fribourg)<\/span><br \/><span style=\"color: #000000;\">Damien Savoy (Lausanne)<\/span><br \/><span style=\"color: #000000;\">Miriam Nicoli (Berne)<\/span><\/p>\n<p><span style=\"color: #000000;\"><strong>Perspectives d\u2019avenir<\/strong><\/span><br \/><span style=\"color: #000000;\">Dani\u00e8le Tosato-Rigo (Lausanne)<\/span><\/p>\n<p><span style=\"color: #000000;\">Ap\u00e9ritif vers 19:00<\/span><br \/><span style=\"color: #000000;\">RSVP jusqu\u2019au 6 mars 2019 (secretariat-histoire@unil.ch)<\/span><\/p>\n<p>\u2192 <a href=\"https:\/\/www.sgeaj.ch\/wp-content\/uploads\/2019\/02\/2019-VernissageEgodoc.pdf\">t\u00e9l\u00e9charger l&rsquo;invitation<\/a><\/p>","protected":false},"excerpt":{"rendered":"<p>Vernissage de la base Egodocuments.ch, Universit\u00e9 de Lausanne, Aula de l\u2019IDHEAP, 18 mars 2019, 17h 30 EGODOCUMENTS.CH, c&rsquo;est \u2026une base de donn\u00e9es pr\u00e9sentant des \u00e9crits personnels conserv\u00e9s dans les archives et biblioth\u00e8ques des quatre r\u00e9gions linguistiques de la Suisse, r\u00e9dig\u00e9s entre 1500 et 1820. \u2026un Work in progress, qui recense actuellement pr\u00e8s de 1700 documents, [&hellip;]<\/p>\n","protected":false},"author":2,"featured_media":3770,"comment_status":"closed","ping_status":"open","sticky":false,"template":"","format":"standard","meta":{"footnotes":""},"categories":[27],"tags":[],"class_list":{"0":"post-3118","1":"post","2":"type-post","3":"status-publish","4":"format-standard","5":"has-post-thumbnail","7":"category-colloques","8":"czr-hentry"},"yoast_head":"<!-- This site is optimized with the Yoast SEO plugin v26.9 - https:\/\/yoast.com\/product\/yoast-seo-wordpress\/ -->\n<title>Egodocuments.ch - Schweizerische Gesellschaft f\u00fcr die Erforschung des 18. Jahrhunderts (SGEAJ - SSEDS)<\/title>\n<meta name=\"robots\" content=\"index, follow, max-snippet:-1, max-image-preview:large, max-video-preview:-1\" \/>\n<link rel=\"canonical\" href=\"https:\/\/www.sgeaj.ch\/fr\/actualite\/colloques\/vernissage-de-base-egodocuments-ch-lausanne-18-mars-2019\/\" \/>\n<meta name=\"twitter:label1\" content=\"\u00c9crit par\" \/>\n\t<meta name=\"twitter:data1\" content=\"SGEAJ\" \/>\n\t<meta name=\"twitter:label2\" content=\"Dur\u00e9e de lecture estim\u00e9e\" \/>\n\t<meta name=\"twitter:data2\" content=\"2 minutes\" \/>\n<script type=\"application\/ld+json\" class=\"yoast-schema-graph\">{\"@context\":\"https:\/\/schema.org\",\"@graph\":[{\"@type\":\"Article\",\"@id\":\"https:\/\/www.sgeaj.ch\/fr\/actualite\/colloques\/vernissage-de-base-egodocuments-ch-lausanne-18-mars-2019\/#article\",\"isPartOf\":{\"@id\":\"https:\/\/www.sgeaj.ch\/fr\/actualite\/colloques\/vernissage-de-base-egodocuments-ch-lausanne-18-mars-2019\/\"},\"author\":{\"name\":\"SGEAJ\",\"@id\":\"https:\/\/www.sgeaj.ch\/fr\/#\/schema\/person\/6bd2b59ee4319b4a54912921450cebf6\"},\"headline\":\"Egodocuments.ch\",\"datePublished\":\"2019-02-12T09:21:47+00:00\",\"dateModified\":\"2021-04-03T15:41:26+00:00\",\"mainEntityOfPage\":{\"@id\":\"https:\/\/www.sgeaj.ch\/fr\/actualite\/colloques\/vernissage-de-base-egodocuments-ch-lausanne-18-mars-2019\/\"},\"wordCount\":217,\"publisher\":{\"@id\":\"https:\/\/www.sgeaj.ch\/fr\/#organization\"},\"image\":{\"@id\":\"https:\/\/www.sgeaj.ch\/fr\/actualite\/colloques\/vernissage-de-base-egodocuments-ch-lausanne-18-mars-2019\/#primaryimage\"},\"thumbnailUrl\":\"https:\/\/www.sgeaj.ch\/wp-content\/uploads\/2019\/02\/2019-VernissageEgodoc.png\",\"articleSection\":[\"Colloques\"],\"inLanguage\":\"fr-FR\"},{\"@type\":\"WebPage\",\"@id\":\"https:\/\/www.sgeaj.ch\/fr\/actualite\/colloques\/vernissage-de-base-egodocuments-ch-lausanne-18-mars-2019\/\",\"url\":\"https:\/\/www.sgeaj.ch\/fr\/actualite\/colloques\/vernissage-de-base-egodocuments-ch-lausanne-18-mars-2019\/\",\"name\":\"Egodocuments.ch - Schweizerische Gesellschaft f\u00fcr die Erforschung des 18. Jahrhunderts (SGEAJ - SSEDS)\",\"isPartOf\":{\"@id\":\"https:\/\/www.sgeaj.ch\/fr\/#website\"},\"primaryImageOfPage\":{\"@id\":\"https:\/\/www.sgeaj.ch\/fr\/actualite\/colloques\/vernissage-de-base-egodocuments-ch-lausanne-18-mars-2019\/#primaryimage\"},\"image\":{\"@id\":\"https:\/\/www.sgeaj.ch\/fr\/actualite\/colloques\/vernissage-de-base-egodocuments-ch-lausanne-18-mars-2019\/#primaryimage\"},\"thumbnailUrl\":\"https:\/\/www.sgeaj.ch\/wp-content\/uploads\/2019\/02\/2019-VernissageEgodoc.png\",\"datePublished\":\"2019-02-12T09:21:47+00:00\",\"dateModified\":\"2021-04-03T15:41:26+00:00\",\"inLanguage\":\"fr-FR\",\"potentialAction\":[{\"@type\":\"ReadAction\",\"target\":[\"https:\/\/www.sgeaj.ch\/fr\/actualite\/colloques\/vernissage-de-base-egodocuments-ch-lausanne-18-mars-2019\/\"]}]},{\"@type\":\"ImageObject\",\"inLanguage\":\"fr-FR\",\"@id\":\"https:\/\/www.sgeaj.ch\/fr\/actualite\/colloques\/vernissage-de-base-egodocuments-ch-lausanne-18-mars-2019\/#primaryimage\",\"url\":\"https:\/\/www.sgeaj.ch\/wp-content\/uploads\/2019\/02\/2019-VernissageEgodoc.png\",\"contentUrl\":\"https:\/\/www.sgeaj.ch\/wp-content\/uploads\/2019\/02\/2019-VernissageEgodoc.png\",\"width\":1283,\"height\":876},{\"@type\":\"WebSite\",\"@id\":\"https:\/\/www.sgeaj.ch\/fr\/#website\",\"url\":\"https:\/\/www.sgeaj.ch\/fr\/\",\"name\":\"Schweizerische Gesellschaft f\u00fcr die Erforschung des 18. Jahrhunderts (SGEAJ - SSEDS)\",\"description\":\"Schweizerische Gesellschaft f\u00fcr die Erforschung des 18. Jahrhunderts\",\"publisher\":{\"@id\":\"https:\/\/www.sgeaj.ch\/fr\/#organization\"},\"potentialAction\":[{\"@type\":\"SearchAction\",\"target\":{\"@type\":\"EntryPoint\",\"urlTemplate\":\"https:\/\/www.sgeaj.ch\/fr\/?s={search_term_string}\"},\"query-input\":{\"@type\":\"PropertyValueSpecification\",\"valueRequired\":true,\"valueName\":\"search_term_string\"}}],\"inLanguage\":\"fr-FR\"},{\"@type\":\"Organization\",\"@id\":\"https:\/\/www.sgeaj.ch\/fr\/#organization\",\"name\":\"Schweizerische Gesellschaft f\u00fcr die Erforschung des 18. Jahrhunderts (SGEAJ - SSEDS)\",\"url\":\"https:\/\/www.sgeaj.ch\/fr\/\",\"logo\":{\"@type\":\"ImageObject\",\"inLanguage\":\"fr-FR\",\"@id\":\"https:\/\/www.sgeaj.ch\/fr\/#\/schema\/logo\/image\/\",\"url\":\"https:\/\/www.sgeaj.ch\/wp-content\/uploads\/2021\/06\/cropped-logo-xviiies-horiz-abreuviations-bleues.png\",\"contentUrl\":\"https:\/\/www.sgeaj.ch\/wp-content\/uploads\/2021\/06\/cropped-logo-xviiies-horiz-abreuviations-bleues.png\",\"width\":659,\"height\":335,\"caption\":\"Schweizerische Gesellschaft f\u00fcr die Erforschung des 18. Jahrhunderts (SGEAJ - SSEDS)\"},\"image\":{\"@id\":\"https:\/\/www.sgeaj.ch\/fr\/#\/schema\/logo\/image\/\"}},{\"@type\":\"Person\",\"@id\":\"https:\/\/www.sgeaj.ch\/fr\/#\/schema\/person\/6bd2b59ee4319b4a54912921450cebf6\",\"name\":\"SGEAJ\",\"url\":\"https:\/\/www.sgeaj.ch\/fr\/author\/sgeaj\/\"}]}<\/script>\n<!-- \/ Yoast SEO plugin. -->","yoast_head_json":{"title":"Egodocuments.ch - Schweizerische Gesellschaft f\u00fcr die Erforschung des 18. Jahrhunderts (SGEAJ - SSEDS)","robots":{"index":"index","follow":"follow","max-snippet":"max-snippet:-1","max-image-preview":"max-image-preview:large","max-video-preview":"max-video-preview:-1"},"canonical":"https:\/\/www.sgeaj.ch\/fr\/actualite\/colloques\/vernissage-de-base-egodocuments-ch-lausanne-18-mars-2019\/","twitter_misc":{"\u00c9crit par":"SGEAJ","Dur\u00e9e de lecture estim\u00e9e":"2 minutes"},"schema":{"@context":"https:\/\/schema.org","@graph":[{"@type":"Article","@id":"https:\/\/www.sgeaj.ch\/fr\/actualite\/colloques\/vernissage-de-base-egodocuments-ch-lausanne-18-mars-2019\/#article","isPartOf":{"@id":"https:\/\/www.sgeaj.ch\/fr\/actualite\/colloques\/vernissage-de-base-egodocuments-ch-lausanne-18-mars-2019\/"},"author":{"name":"SGEAJ","@id":"https:\/\/www.sgeaj.ch\/fr\/#\/schema\/person\/6bd2b59ee4319b4a54912921450cebf6"},"headline":"Egodocuments.ch","datePublished":"2019-02-12T09:21:47+00:00","dateModified":"2021-04-03T15:41:26+00:00","mainEntityOfPage":{"@id":"https:\/\/www.sgeaj.ch\/fr\/actualite\/colloques\/vernissage-de-base-egodocuments-ch-lausanne-18-mars-2019\/"},"wordCount":217,"publisher":{"@id":"https:\/\/www.sgeaj.ch\/fr\/#organization"},"image":{"@id":"https:\/\/www.sgeaj.ch\/fr\/actualite\/colloques\/vernissage-de-base-egodocuments-ch-lausanne-18-mars-2019\/#primaryimage"},"thumbnailUrl":"https:\/\/www.sgeaj.ch\/wp-content\/uploads\/2019\/02\/2019-VernissageEgodoc.png","articleSection":["Colloques"],"inLanguage":"fr-FR"},{"@type":"WebPage","@id":"https:\/\/www.sgeaj.ch\/fr\/actualite\/colloques\/vernissage-de-base-egodocuments-ch-lausanne-18-mars-2019\/","url":"https:\/\/www.sgeaj.ch\/fr\/actualite\/colloques\/vernissage-de-base-egodocuments-ch-lausanne-18-mars-2019\/","name":"Egodocuments.ch - Schweizerische Gesellschaft f\u00fcr die Erforschung des 18. Jahrhunderts (SGEAJ - SSEDS)","isPartOf":{"@id":"https:\/\/www.sgeaj.ch\/fr\/#website"},"primaryImageOfPage":{"@id":"https:\/\/www.sgeaj.ch\/fr\/actualite\/colloques\/vernissage-de-base-egodocuments-ch-lausanne-18-mars-2019\/#primaryimage"},"image":{"@id":"https:\/\/www.sgeaj.ch\/fr\/actualite\/colloques\/vernissage-de-base-egodocuments-ch-lausanne-18-mars-2019\/#primaryimage"},"thumbnailUrl":"https:\/\/www.sgeaj.ch\/wp-content\/uploads\/2019\/02\/2019-VernissageEgodoc.png","datePublished":"2019-02-12T09:21:47+00:00","dateModified":"2021-04-03T15:41:26+00:00","inLanguage":"fr-FR","potentialAction":[{"@type":"ReadAction","target":["https:\/\/www.sgeaj.ch\/fr\/actualite\/colloques\/vernissage-de-base-egodocuments-ch-lausanne-18-mars-2019\/"]}]},{"@type":"ImageObject","inLanguage":"fr-FR","@id":"https:\/\/www.sgeaj.ch\/fr\/actualite\/colloques\/vernissage-de-base-egodocuments-ch-lausanne-18-mars-2019\/#primaryimage","url":"https:\/\/www.sgeaj.ch\/wp-content\/uploads\/2019\/02\/2019-VernissageEgodoc.png","contentUrl":"https:\/\/www.sgeaj.ch\/wp-content\/uploads\/2019\/02\/2019-VernissageEgodoc.png","width":1283,"height":876},{"@type":"WebSite","@id":"https:\/\/www.sgeaj.ch\/fr\/#website","url":"https:\/\/www.sgeaj.ch\/fr\/","name":"Schweizerische Gesellschaft f\u00fcr die Erforschung des 18. Jahrhunderts (SGEAJ - SSEDS)","description":"Schweizerische Gesellschaft f\u00fcr die Erforschung des 18. Jahrhunderts","publisher":{"@id":"https:\/\/www.sgeaj.ch\/fr\/#organization"},"potentialAction":[{"@type":"SearchAction","target":{"@type":"EntryPoint","urlTemplate":"https:\/\/www.sgeaj.ch\/fr\/?s={search_term_string}"},"query-input":{"@type":"PropertyValueSpecification","valueRequired":true,"valueName":"search_term_string"}}],"inLanguage":"fr-FR"},{"@type":"Organization","@id":"https:\/\/www.sgeaj.ch\/fr\/#organization","name":"Schweizerische Gesellschaft f\u00fcr die Erforschung des 18. Jahrhunderts (SGEAJ - SSEDS)","url":"https:\/\/www.sgeaj.ch\/fr\/","logo":{"@type":"ImageObject","inLanguage":"fr-FR","@id":"https:\/\/www.sgeaj.ch\/fr\/#\/schema\/logo\/image\/","url":"https:\/\/www.sgeaj.ch\/wp-content\/uploads\/2021\/06\/cropped-logo-xviiies-horiz-abreuviations-bleues.png","contentUrl":"https:\/\/www.sgeaj.ch\/wp-content\/uploads\/2021\/06\/cropped-logo-xviiies-horiz-abreuviations-bleues.png","width":659,"height":335,"caption":"Schweizerische Gesellschaft f\u00fcr die Erforschung des 18. Jahrhunderts (SGEAJ - SSEDS)"},"image":{"@id":"https:\/\/www.sgeaj.ch\/fr\/#\/schema\/logo\/image\/"}},{"@type":"Person","@id":"https:\/\/www.sgeaj.ch\/fr\/#\/schema\/person\/6bd2b59ee4319b4a54912921450cebf6","name":"SGEAJ","url":"https:\/\/www.sgeaj.ch\/fr\/author\/sgeaj\/"}]}},"_links":{"self":[{"href":"https:\/\/www.sgeaj.ch\/fr\/wp-json\/wp\/v2\/posts\/3118","targetHints":{"allow":["GET"]}}],"collection":[{"href":"https:\/\/www.sgeaj.ch\/fr\/wp-json\/wp\/v2\/posts"}],"about":[{"href":"https:\/\/www.sgeaj.ch\/fr\/wp-json\/wp\/v2\/types\/post"}],"author":[{"embeddable":true,"href":"https:\/\/www.sgeaj.ch\/fr\/wp-json\/wp\/v2\/users\/2"}],"replies":[{"embeddable":true,"href":"https:\/\/www.sgeaj.ch\/fr\/wp-json\/wp\/v2\/comments?post=3118"}],"version-history":[{"count":5,"href":"https:\/\/www.sgeaj.ch\/fr\/wp-json\/wp\/v2\/posts\/3118\/revisions"}],"predecessor-version":[{"id":6051,"href":"https:\/\/www.sgeaj.ch\/fr\/wp-json\/wp\/v2\/posts\/3118\/revisions\/6051"}],"wp:featuredmedia":[{"embeddable":true,"href":"https:\/\/www.sgeaj.ch\/fr\/wp-json\/wp\/v2\/media\/3770"}],"wp:attachment":[{"href":"https:\/\/www.sgeaj.ch\/fr\/wp-json\/wp\/v2\/media?parent=3118"}],"wp:term":[{"taxonomy":"category","embeddable":true,"href":"https:\/\/www.sgeaj.ch\/fr\/wp-json\/wp\/v2\/categories?post=3118"},{"taxonomy":"post_tag","embeddable":true,"href":"https:\/\/www.sgeaj.ch\/fr\/wp-json\/wp\/v2\/tags?post=3118"}],"curies":[{"name":"wp","href":"https:\/\/api.w.org\/{rel}","templated":true}]}}