{"id":3127,"date":"2019-02-15T10:15:02","date_gmt":"2019-02-15T09:15:02","guid":{"rendered":"https:\/\/www.sgeaj.ch\/?p=3127"},"modified":"2021-04-02T13:50:52","modified_gmt":"2021-04-02T11:50:52","slug":"buch-2019-thomas-faessler-das-kloster-einsiedeln-im-spannungsfeld-von-barock-aufklaerung-und-revolution","status":"publish","type":"post","link":"https:\/\/www.sgeaj.ch\/fr\/actualite\/nouvelles-publications\/buch-2019-thomas-faessler-das-kloster-einsiedeln-im-spannungsfeld-von-barock-aufklaerung-und-revolution\/","title":{"rendered":"Das Kloster Einsiedeln im Spannungsfeld von Barock, Aufkl\u00e4rung und Revolution"},"content":{"rendered":"\n<h2 class=\"wp-block-heading\">F\u00e4ssler, <strong>Thomas, Aufbruch und Widerstand. Das Kloster Einsiedeln im Spannungsfeld von Barock, Aufkl\u00e4rung und Revolution, Einsiedeln 2019<\/strong><\/h2>\n\n\n<p class=\"p1\">Die Geschichte der Innerschweiz muss neu geschrieben werden.&nbsp;<span style=\"color: #000000;\">Am 3. Mai 1798 ru\u0308ckten u\u0308ber sechstausend franz\u00f6sische Soldaten in Einsiedeln ein. <\/span><span style=\"color: #000000;\">Nur wenige Stunden zuvor waren die M\u00f6nche um ihr Leben geflohen. Ungeschu\u0308tzt&nbsp;mussten sie ihr beru\u0308hmtes Kloster zuru\u0308cklassen, das nun der Plu\u0308nderung freigegeben&nbsp;und schon bald fu\u0308r aufgehoben erkl\u00e4rt wurde.<\/span><\/p>\n<p class=\"p1\"><span style=\"color: #000000;\">Fu\u0308r das Kloster Einsiedeln bildet dieser Fru\u0308hlingstag eine epochale Z\u00e4sur. Er bedeutet&nbsp;das Ende der Jahrhunderte alten gefu\u0308rsteten Reichsabtei mit ihren weitverzweigten&nbsp;Herrschaften. Wie kam es soweit? Wie versuchten die Benediktiner, der&nbsp;nahenden Gefahr zu entrinnen? Und welcher Zusammenhang besteht zu den aufkl\u00e4rerischen&nbsp;Ideen, die Ende des 18. Jahrhunderts auch in die Innerschweiz vordrangen&nbsp;und die Einsiedler M\u00f6nche zu einer Stellungnahme herausforderten?<\/span><\/p>\n<p class=\"p1\"><span style=\"color: #000000;\">Mit seiner u\u0308beraus packenden Dissertation beleuchtet der Einsiedler Benediktiner&nbsp;Pater Thomas F\u00e4ssler ein spannendes, bisher wenig erforschtes Kapitel der Geschichte&nbsp;des Klosters Einsiedeln mit Bezu\u0308gen weit u\u0308ber die Grenzen der damaligen&nbsp;Eidgenossenschaft hinaus.<\/span><\/p>\n<p><strong><span style=\"color: #000000;\">&nbsp;<\/span><\/strong><\/p>\n<p><span style=\"color: #000000;\">\u2192 <a href=\"http:\/\/thesisverlag.ch\/webshop\/Aufbruch-und-Widerstand\" target=\"_blank\" rel=\"noopener noreferrer\">Bestellen<\/a><\/span><\/p>","protected":false},"excerpt":{"rendered":"<p>F\u00e4ssler, Thomas, Aufbruch und Widerstand. Das Kloster Einsiedeln im Spannungsfeld von Barock, Aufkl\u00e4rung und Revolution, Einsiedeln 2019 Die Geschichte der Innerschweiz muss neu geschrieben werden.&nbsp;Am 3. Mai 1798 ru\u0308ckten u\u0308ber sechstausend franz\u00f6sische Soldaten in Einsiedeln ein. Nur wenige Stunden zuvor waren die M\u00f6nche um ihr Leben geflohen. Ungeschu\u0308tzt&nbsp;mussten sie ihr beru\u0308hmtes Kloster zuru\u0308cklassen, das nun [&hellip;]<\/p>\n","protected":false},"author":2,"featured_media":3771,"comment_status":"closed","ping_status":"open","sticky":false,"template":"","format":"standard","meta":{"footnotes":""},"categories":[42,25],"tags":[],"class_list":{"0":"post-3127","1":"post","2":"type-post","3":"status-publish","4":"format-standard","5":"has-post-thumbnail","7":"category-actualite","8":"category-nouvelles-publications","9":"czr-hentry"},"yoast_head":"<!-- This site is optimized with the Yoast SEO plugin v26.9 - https:\/\/yoast.com\/product\/yoast-seo-wordpress\/ -->\n<title>Das Kloster Einsiedeln im Spannungsfeld von Barock, Aufkl\u00e4rung und Revolution - Schweizerische Gesellschaft f\u00fcr die Erforschung des 18. Jahrhunderts (SGEAJ - SSEDS)<\/title>\n<meta name=\"robots\" content=\"index, follow, max-snippet:-1, max-image-preview:large, max-video-preview:-1\" \/>\n<link rel=\"canonical\" href=\"https:\/\/www.sgeaj.ch\/fr\/actualite\/nouvelles-publications\/buch-2019-thomas-faessler-das-kloster-einsiedeln-im-spannungsfeld-von-barock-aufklaerung-und-revolution\/\" \/>\n<meta name=\"twitter:label1\" content=\"\u00c9crit par\" \/>\n\t<meta name=\"twitter:data1\" content=\"SGEAJ\" \/>\n\t<meta name=\"twitter:label2\" content=\"Dur\u00e9e de lecture estim\u00e9e\" \/>\n\t<meta name=\"twitter:data2\" content=\"1 minute\" \/>\n<script type=\"application\/ld+json\" class=\"yoast-schema-graph\">{\"@context\":\"https:\/\/schema.org\",\"@graph\":[{\"@type\":\"Article\",\"@id\":\"https:\/\/www.sgeaj.ch\/fr\/actualite\/nouvelles-publications\/buch-2019-thomas-faessler-das-kloster-einsiedeln-im-spannungsfeld-von-barock-aufklaerung-und-revolution\/#article\",\"isPartOf\":{\"@id\":\"https:\/\/www.sgeaj.ch\/fr\/actualite\/nouvelles-publications\/buch-2019-thomas-faessler-das-kloster-einsiedeln-im-spannungsfeld-von-barock-aufklaerung-und-revolution\/\"},\"author\":{\"name\":\"SGEAJ\",\"@id\":\"https:\/\/www.sgeaj.ch\/fr\/#\/schema\/person\/6bd2b59ee4319b4a54912921450cebf6\"},\"headline\":\"Das Kloster Einsiedeln im Spannungsfeld von Barock, Aufkl\u00e4rung und Revolution\",\"datePublished\":\"2019-02-15T09:15:02+00:00\",\"dateModified\":\"2021-04-02T11:50:52+00:00\",\"mainEntityOfPage\":{\"@id\":\"https:\/\/www.sgeaj.ch\/fr\/actualite\/nouvelles-publications\/buch-2019-thomas-faessler-das-kloster-einsiedeln-im-spannungsfeld-von-barock-aufklaerung-und-revolution\/\"},\"wordCount\":204,\"publisher\":{\"@id\":\"https:\/\/www.sgeaj.ch\/fr\/#organization\"},\"image\":{\"@id\":\"https:\/\/www.sgeaj.ch\/fr\/actualite\/nouvelles-publications\/buch-2019-thomas-faessler-das-kloster-einsiedeln-im-spannungsfeld-von-barock-aufklaerung-und-revolution\/#primaryimage\"},\"thumbnailUrl\":\"https:\/\/www.sgeaj.ch\/wp-content\/uploads\/2019\/02\/2019-FasslerT_AufbruchWiderstand.jpg\",\"articleSection\":[\"Actualit\u00e9\",\"Nouvelles publications\"],\"inLanguage\":\"fr-FR\"},{\"@type\":\"WebPage\",\"@id\":\"https:\/\/www.sgeaj.ch\/fr\/actualite\/nouvelles-publications\/buch-2019-thomas-faessler-das-kloster-einsiedeln-im-spannungsfeld-von-barock-aufklaerung-und-revolution\/\",\"url\":\"https:\/\/www.sgeaj.ch\/fr\/actualite\/nouvelles-publications\/buch-2019-thomas-faessler-das-kloster-einsiedeln-im-spannungsfeld-von-barock-aufklaerung-und-revolution\/\",\"name\":\"Das Kloster Einsiedeln im Spannungsfeld von Barock, Aufkl\u00e4rung und Revolution - Schweizerische Gesellschaft f\u00fcr die Erforschung des 18. Jahrhunderts (SGEAJ - SSEDS)\",\"isPartOf\":{\"@id\":\"https:\/\/www.sgeaj.ch\/fr\/#website\"},\"primaryImageOfPage\":{\"@id\":\"https:\/\/www.sgeaj.ch\/fr\/actualite\/nouvelles-publications\/buch-2019-thomas-faessler-das-kloster-einsiedeln-im-spannungsfeld-von-barock-aufklaerung-und-revolution\/#primaryimage\"},\"image\":{\"@id\":\"https:\/\/www.sgeaj.ch\/fr\/actualite\/nouvelles-publications\/buch-2019-thomas-faessler-das-kloster-einsiedeln-im-spannungsfeld-von-barock-aufklaerung-und-revolution\/#primaryimage\"},\"thumbnailUrl\":\"https:\/\/www.sgeaj.ch\/wp-content\/uploads\/2019\/02\/2019-FasslerT_AufbruchWiderstand.jpg\",\"datePublished\":\"2019-02-15T09:15:02+00:00\",\"dateModified\":\"2021-04-02T11:50:52+00:00\",\"inLanguage\":\"fr-FR\",\"potentialAction\":[{\"@type\":\"ReadAction\",\"target\":[\"https:\/\/www.sgeaj.ch\/fr\/actualite\/nouvelles-publications\/buch-2019-thomas-faessler-das-kloster-einsiedeln-im-spannungsfeld-von-barock-aufklaerung-und-revolution\/\"]}]},{\"@type\":\"ImageObject\",\"inLanguage\":\"fr-FR\",\"@id\":\"https:\/\/www.sgeaj.ch\/fr\/actualite\/nouvelles-publications\/buch-2019-thomas-faessler-das-kloster-einsiedeln-im-spannungsfeld-von-barock-aufklaerung-und-revolution\/#primaryimage\",\"url\":\"https:\/\/www.sgeaj.ch\/wp-content\/uploads\/2019\/02\/2019-FasslerT_AufbruchWiderstand.jpg\",\"contentUrl\":\"https:\/\/www.sgeaj.ch\/wp-content\/uploads\/2019\/02\/2019-FasslerT_AufbruchWiderstand.jpg\",\"width\":720,\"height\":1080},{\"@type\":\"WebSite\",\"@id\":\"https:\/\/www.sgeaj.ch\/fr\/#website\",\"url\":\"https:\/\/www.sgeaj.ch\/fr\/\",\"name\":\"Schweizerische Gesellschaft f\u00fcr die Erforschung des 18. Jahrhunderts (SGEAJ - SSEDS)\",\"description\":\"Schweizerische Gesellschaft f\u00fcr die Erforschung des 18. Jahrhunderts\",\"publisher\":{\"@id\":\"https:\/\/www.sgeaj.ch\/fr\/#organization\"},\"potentialAction\":[{\"@type\":\"SearchAction\",\"target\":{\"@type\":\"EntryPoint\",\"urlTemplate\":\"https:\/\/www.sgeaj.ch\/fr\/?s={search_term_string}\"},\"query-input\":{\"@type\":\"PropertyValueSpecification\",\"valueRequired\":true,\"valueName\":\"search_term_string\"}}],\"inLanguage\":\"fr-FR\"},{\"@type\":\"Organization\",\"@id\":\"https:\/\/www.sgeaj.ch\/fr\/#organization\",\"name\":\"Schweizerische Gesellschaft f\u00fcr die Erforschung des 18. Jahrhunderts (SGEAJ - SSEDS)\",\"url\":\"https:\/\/www.sgeaj.ch\/fr\/\",\"logo\":{\"@type\":\"ImageObject\",\"inLanguage\":\"fr-FR\",\"@id\":\"https:\/\/www.sgeaj.ch\/fr\/#\/schema\/logo\/image\/\",\"url\":\"https:\/\/www.sgeaj.ch\/wp-content\/uploads\/2021\/06\/cropped-logo-xviiies-horiz-abreuviations-bleues.png\",\"contentUrl\":\"https:\/\/www.sgeaj.ch\/wp-content\/uploads\/2021\/06\/cropped-logo-xviiies-horiz-abreuviations-bleues.png\",\"width\":659,\"height\":335,\"caption\":\"Schweizerische Gesellschaft f\u00fcr die Erforschung des 18. Jahrhunderts (SGEAJ - SSEDS)\"},\"image\":{\"@id\":\"https:\/\/www.sgeaj.ch\/fr\/#\/schema\/logo\/image\/\"}},{\"@type\":\"Person\",\"@id\":\"https:\/\/www.sgeaj.ch\/fr\/#\/schema\/person\/6bd2b59ee4319b4a54912921450cebf6\",\"name\":\"SGEAJ\",\"url\":\"https:\/\/www.sgeaj.ch\/fr\/author\/sgeaj\/\"}]}<\/script>\n<!-- \/ Yoast SEO plugin. -->","yoast_head_json":{"title":"Das Kloster Einsiedeln im Spannungsfeld von Barock, Aufkl\u00e4rung und Revolution - Schweizerische Gesellschaft f\u00fcr die Erforschung des 18. Jahrhunderts (SGEAJ - SSEDS)","robots":{"index":"index","follow":"follow","max-snippet":"max-snippet:-1","max-image-preview":"max-image-preview:large","max-video-preview":"max-video-preview:-1"},"canonical":"https:\/\/www.sgeaj.ch\/fr\/actualite\/nouvelles-publications\/buch-2019-thomas-faessler-das-kloster-einsiedeln-im-spannungsfeld-von-barock-aufklaerung-und-revolution\/","twitter_misc":{"\u00c9crit par":"SGEAJ","Dur\u00e9e de lecture estim\u00e9e":"1 minute"},"schema":{"@context":"https:\/\/schema.org","@graph":[{"@type":"Article","@id":"https:\/\/www.sgeaj.ch\/fr\/actualite\/nouvelles-publications\/buch-2019-thomas-faessler-das-kloster-einsiedeln-im-spannungsfeld-von-barock-aufklaerung-und-revolution\/#article","isPartOf":{"@id":"https:\/\/www.sgeaj.ch\/fr\/actualite\/nouvelles-publications\/buch-2019-thomas-faessler-das-kloster-einsiedeln-im-spannungsfeld-von-barock-aufklaerung-und-revolution\/"},"author":{"name":"SGEAJ","@id":"https:\/\/www.sgeaj.ch\/fr\/#\/schema\/person\/6bd2b59ee4319b4a54912921450cebf6"},"headline":"Das Kloster Einsiedeln im Spannungsfeld von Barock, Aufkl\u00e4rung und Revolution","datePublished":"2019-02-15T09:15:02+00:00","dateModified":"2021-04-02T11:50:52+00:00","mainEntityOfPage":{"@id":"https:\/\/www.sgeaj.ch\/fr\/actualite\/nouvelles-publications\/buch-2019-thomas-faessler-das-kloster-einsiedeln-im-spannungsfeld-von-barock-aufklaerung-und-revolution\/"},"wordCount":204,"publisher":{"@id":"https:\/\/www.sgeaj.ch\/fr\/#organization"},"image":{"@id":"https:\/\/www.sgeaj.ch\/fr\/actualite\/nouvelles-publications\/buch-2019-thomas-faessler-das-kloster-einsiedeln-im-spannungsfeld-von-barock-aufklaerung-und-revolution\/#primaryimage"},"thumbnailUrl":"https:\/\/www.sgeaj.ch\/wp-content\/uploads\/2019\/02\/2019-FasslerT_AufbruchWiderstand.jpg","articleSection":["Actualit\u00e9","Nouvelles publications"],"inLanguage":"fr-FR"},{"@type":"WebPage","@id":"https:\/\/www.sgeaj.ch\/fr\/actualite\/nouvelles-publications\/buch-2019-thomas-faessler-das-kloster-einsiedeln-im-spannungsfeld-von-barock-aufklaerung-und-revolution\/","url":"https:\/\/www.sgeaj.ch\/fr\/actualite\/nouvelles-publications\/buch-2019-thomas-faessler-das-kloster-einsiedeln-im-spannungsfeld-von-barock-aufklaerung-und-revolution\/","name":"Das Kloster Einsiedeln im Spannungsfeld von Barock, Aufkl\u00e4rung und Revolution - Schweizerische Gesellschaft f\u00fcr die Erforschung des 18. Jahrhunderts (SGEAJ - SSEDS)","isPartOf":{"@id":"https:\/\/www.sgeaj.ch\/fr\/#website"},"primaryImageOfPage":{"@id":"https:\/\/www.sgeaj.ch\/fr\/actualite\/nouvelles-publications\/buch-2019-thomas-faessler-das-kloster-einsiedeln-im-spannungsfeld-von-barock-aufklaerung-und-revolution\/#primaryimage"},"image":{"@id":"https:\/\/www.sgeaj.ch\/fr\/actualite\/nouvelles-publications\/buch-2019-thomas-faessler-das-kloster-einsiedeln-im-spannungsfeld-von-barock-aufklaerung-und-revolution\/#primaryimage"},"thumbnailUrl":"https:\/\/www.sgeaj.ch\/wp-content\/uploads\/2019\/02\/2019-FasslerT_AufbruchWiderstand.jpg","datePublished":"2019-02-15T09:15:02+00:00","dateModified":"2021-04-02T11:50:52+00:00","inLanguage":"fr-FR","potentialAction":[{"@type":"ReadAction","target":["https:\/\/www.sgeaj.ch\/fr\/actualite\/nouvelles-publications\/buch-2019-thomas-faessler-das-kloster-einsiedeln-im-spannungsfeld-von-barock-aufklaerung-und-revolution\/"]}]},{"@type":"ImageObject","inLanguage":"fr-FR","@id":"https:\/\/www.sgeaj.ch\/fr\/actualite\/nouvelles-publications\/buch-2019-thomas-faessler-das-kloster-einsiedeln-im-spannungsfeld-von-barock-aufklaerung-und-revolution\/#primaryimage","url":"https:\/\/www.sgeaj.ch\/wp-content\/uploads\/2019\/02\/2019-FasslerT_AufbruchWiderstand.jpg","contentUrl":"https:\/\/www.sgeaj.ch\/wp-content\/uploads\/2019\/02\/2019-FasslerT_AufbruchWiderstand.jpg","width":720,"height":1080},{"@type":"WebSite","@id":"https:\/\/www.sgeaj.ch\/fr\/#website","url":"https:\/\/www.sgeaj.ch\/fr\/","name":"Schweizerische Gesellschaft f\u00fcr die Erforschung des 18. Jahrhunderts (SGEAJ - SSEDS)","description":"Schweizerische Gesellschaft f\u00fcr die Erforschung des 18. Jahrhunderts","publisher":{"@id":"https:\/\/www.sgeaj.ch\/fr\/#organization"},"potentialAction":[{"@type":"SearchAction","target":{"@type":"EntryPoint","urlTemplate":"https:\/\/www.sgeaj.ch\/fr\/?s={search_term_string}"},"query-input":{"@type":"PropertyValueSpecification","valueRequired":true,"valueName":"search_term_string"}}],"inLanguage":"fr-FR"},{"@type":"Organization","@id":"https:\/\/www.sgeaj.ch\/fr\/#organization","name":"Schweizerische Gesellschaft f\u00fcr die Erforschung des 18. Jahrhunderts (SGEAJ - SSEDS)","url":"https:\/\/www.sgeaj.ch\/fr\/","logo":{"@type":"ImageObject","inLanguage":"fr-FR","@id":"https:\/\/www.sgeaj.ch\/fr\/#\/schema\/logo\/image\/","url":"https:\/\/www.sgeaj.ch\/wp-content\/uploads\/2021\/06\/cropped-logo-xviiies-horiz-abreuviations-bleues.png","contentUrl":"https:\/\/www.sgeaj.ch\/wp-content\/uploads\/2021\/06\/cropped-logo-xviiies-horiz-abreuviations-bleues.png","width":659,"height":335,"caption":"Schweizerische Gesellschaft f\u00fcr die Erforschung des 18. Jahrhunderts (SGEAJ - SSEDS)"},"image":{"@id":"https:\/\/www.sgeaj.ch\/fr\/#\/schema\/logo\/image\/"}},{"@type":"Person","@id":"https:\/\/www.sgeaj.ch\/fr\/#\/schema\/person\/6bd2b59ee4319b4a54912921450cebf6","name":"SGEAJ","url":"https:\/\/www.sgeaj.ch\/fr\/author\/sgeaj\/"}]}},"_links":{"self":[{"href":"https:\/\/www.sgeaj.ch\/fr\/wp-json\/wp\/v2\/posts\/3127","targetHints":{"allow":["GET"]}}],"collection":[{"href":"https:\/\/www.sgeaj.ch\/fr\/wp-json\/wp\/v2\/posts"}],"about":[{"href":"https:\/\/www.sgeaj.ch\/fr\/wp-json\/wp\/v2\/types\/post"}],"author":[{"embeddable":true,"href":"https:\/\/www.sgeaj.ch\/fr\/wp-json\/wp\/v2\/users\/2"}],"replies":[{"embeddable":true,"href":"https:\/\/www.sgeaj.ch\/fr\/wp-json\/wp\/v2\/comments?post=3127"}],"version-history":[{"count":4,"href":"https:\/\/www.sgeaj.ch\/fr\/wp-json\/wp\/v2\/posts\/3127\/revisions"}],"predecessor-version":[{"id":5862,"href":"https:\/\/www.sgeaj.ch\/fr\/wp-json\/wp\/v2\/posts\/3127\/revisions\/5862"}],"wp:featuredmedia":[{"embeddable":true,"href":"https:\/\/www.sgeaj.ch\/fr\/wp-json\/wp\/v2\/media\/3771"}],"wp:attachment":[{"href":"https:\/\/www.sgeaj.ch\/fr\/wp-json\/wp\/v2\/media?parent=3127"}],"wp:term":[{"taxonomy":"category","embeddable":true,"href":"https:\/\/www.sgeaj.ch\/fr\/wp-json\/wp\/v2\/categories?post=3127"},{"taxonomy":"post_tag","embeddable":true,"href":"https:\/\/www.sgeaj.ch\/fr\/wp-json\/wp\/v2\/tags?post=3127"}],"curies":[{"name":"wp","href":"https:\/\/api.w.org\/{rel}","templated":true}]}}