{"id":3160,"date":"2019-03-07T18:58:04","date_gmt":"2019-03-07T17:58:04","guid":{"rendered":"https:\/\/www.sgeaj.ch\/2019\/03\/07\/3160\/"},"modified":"2021-04-11T16:31:55","modified_gmt":"2021-04-11T14:31:55","slug":"colloque-autour-de-diderot-zurich-21-23-mars-2019-2","status":"publish","type":"post","link":"https:\/\/www.sgeaj.ch\/fr\/actualite\/colloques\/colloque-autour-de-diderot-zurich-21-23-mars-2019-2\/","title":{"rendered":"Autour de Diderot"},"content":{"rendered":"<h3><strong>\u00ab\u00a0Lecteur, acte de lecture et temporalit\u00e9s dans les \u00e9crits de Diderot\u00a0\u00bb<\/strong><\/h3>\n<p>Universit\u00e9 de Zurich, 21-23 mars 2019<br \/>\nColloque organis\u00e9 par Thomas Klinkert (UZH) et Adrien Paschoud (UNIBAS)<\/p>\n<p>\u00c0 l\u2019appui des r\u00e9centes avanc\u00e9es critiques sur l\u2019<em>Encyclop\u00e9die<\/em>, la fiction narrative ou encore les enjeux anthropologiques et \u00e9pist\u00e9mologiques de l\u2019\u0153uvre de Diderot dans leurs rapports au lecteur, cette journ\u00e9e d\u2019\u00e9tudes envisagera \u00e0 nouveaux frais et selon des perspectives plurielles le d\u00e9ploiement d\u2019un \u00ab&nbsp;moi lectorial&nbsp;\u00bb, tel qu\u2019il est susceptible de se construire dans la temporalit\u00e9 de l\u2019acte de lecture, et ind\u00e9pendamment des vis\u00e9es \u00e9nonc\u00e9es par l\u2019auteur.<\/p>\n<h3><strong>Jeudi 21 mars <\/strong>(salle KOL \u2013 G \u2013 212)<\/h3>\n<p>14 h 00<strong><br \/>\n<\/strong><strong>Thomas Klinkert (Universit\u00e9 de Zurich) et Adrien Paschoud (Universit\u00e9 de B\u00e2le) : <\/strong>Ouverture du colloque<\/p>\n<p>14 h 30<strong><br \/>\n<\/strong><strong>Rudolf Behrens (Universit\u00e9 de Bochum) : <\/strong>Lecture et promenade. Sur l\u2019herm\u00e9neutique it\u00e9rative de Diderot<\/p>\n<p>15 h 30<strong><br \/>\n<\/strong><strong>Adrien Paschoud (Universit\u00e9 de B\u00e2le): <\/strong>La m\u00e9taphore du livre du monde&nbsp;: enqu\u00eate dans la <em>Promenade du sceptique<\/em> (1747), l\u2019article \u00ab&nbsp;Encyclop\u00e9die&nbsp;\u00bb (1755) et les <em>\u00c9l\u00e9ments de physiologie<\/em> (1780)<\/p>\n<p>17 h 00<strong><br \/>\n<\/strong><strong>Nicholas Paige (Universit\u00e9 de Berkeley): <\/strong><em>La Religieuse<\/em> et le probl\u00e8me de la sensibilit\u00e9<\/p>\n<p>18 h 00<strong><br \/>\n<\/strong><strong>Alexandre Wenger (Universit\u00e9 de Gen\u00e8ve): <\/strong>Lire et \u00eatre lu&nbsp;: les \u00ab&nbsp;blancs du texte&nbsp;\u00bb dans <em>La Religieuse<\/em><\/p>\n<h3><strong>Vendredi 22 mars <\/strong>(salle RAA \u2013 E \u2013 29)<\/h3>\n<p>9 h 00<strong><br \/>\n<\/strong><strong>Kai Nonnenmacher (Universit\u00e9 de Bamberg): <\/strong>Production et r\u00e9ception dans les r\u00e9flexions de Diderot sur l\u2019imitation et le com\u00e9dien<\/p>\n<p>10 h 00<strong><br \/>\n<\/strong><strong>Christina Vogel (Universit\u00e9 de Zurich): <\/strong>Une pratique de lecture et d\u2019\u00e9criture au pluriel&nbsp;: l\u2019espace dialogique des <em>Salons<\/em><\/p>\n<p>11 h 30<strong><br \/>\n<\/strong><strong>Olaf M\u00fcller (Universit\u00e9 de Marburg): <\/strong>Myst\u00e8re et mystification. Lecteurs et sc\u00e8nes de lecture dans les <em>Contes<br \/>\n<\/em><\/p>\n<p>14 h 30<strong><br \/>\n<\/strong><strong>Konstanze Baron (Universit\u00e9 de T\u00fcbingen) : <\/strong>\u00ab&nbsp;Mettez la main sur la conscience&nbsp;\u00bb. Le r\u00f4le du lecteur dans les <em>Contes<\/em><\/p>\n<p>15 h 30<strong><br \/>\n<\/strong><strong>Gerhardt Stenger (Universit\u00e9 de Nantes): <\/strong>\u00ab&nbsp;Qu\u2019en pensez-vous&nbsp;?&nbsp;\u00bb La pr\u00e9sence du lecteur dans les <em>Contes<\/em><\/p>\n<p>17 h 00<strong><br \/>\n<\/strong><strong>Caroline Mannweiler (Universit\u00e9 de Mainz): <\/strong>\u00ab&nbsp;Ali\u00e9nation consentie&nbsp;\u00bb ? Du rapport au lecteur dans <em>Jacques le fataliste<\/em><\/p>\n<h3><strong>Samedi 23 mars <\/strong>(salle KOL \u2013 G \u2013 212)<\/h3>\n<p>9 h 00<strong><br \/>\n<\/strong><strong>Paolo Quintili (Universit\u00e9 de Rome&nbsp;Tor Vergata): <\/strong>Le spinozisme des personnages face au r\u00f4le du lecteur dans <em>Jacques le fataliste<\/em><\/p>\n<p>10 h 00<strong><br \/>\n<\/strong><strong>Thomas Klinkert (Universit\u00e9 de Zurich): <\/strong>Diderot lecteur de Sterne<\/p>\n<p>11 h 30<strong><br \/>\n<\/strong><strong>Mich\u00e8le Crogiez Labarthe (Universit\u00e9 de Berne): <\/strong>Atemporalit\u00e9 dans le <em>Suppl\u00e9ment au Voyage de Bougainville<\/em> et m\u00e9ditation philosophique<\/p>\n","protected":false},"excerpt":{"rendered":"<p>\u00ab\u00a0Lecteur, acte de lecture et temporalit\u00e9s dans les \u00e9crits de Diderot\u00a0\u00bb Universit\u00e9 de Zurich, 21-23 mars 2019 Colloque organis\u00e9 par Thomas Klinkert (UZH) et Adrien Paschoud (UNIBAS) \u00c0 l\u2019appui des r\u00e9centes avanc\u00e9es critiques sur l\u2019Encyclop\u00e9die, la fiction narrative ou encore les enjeux anthropologiques et \u00e9pist\u00e9mologiques de l\u2019\u0153uvre de Diderot dans leurs rapports au lecteur, cette [&hellip;]<\/p>\n","protected":false},"author":2,"featured_media":6184,"comment_status":"closed","ping_status":"open","sticky":false,"template":"","format":"standard","meta":{"footnotes":""},"categories":[42,27],"tags":[],"class_list":{"0":"post-3160","1":"post","2":"type-post","3":"status-publish","4":"format-standard","5":"has-post-thumbnail","7":"category-actualite","8":"category-colloques","9":"czr-hentry"},"yoast_head":"<!-- This site is optimized with the Yoast SEO plugin v26.9 - https:\/\/yoast.com\/product\/yoast-seo-wordpress\/ -->\n<title>Autour de Diderot - Schweizerische Gesellschaft f\u00fcr die Erforschung des 18. Jahrhunderts (SGEAJ - SSEDS)<\/title>\n<meta name=\"robots\" content=\"index, follow, max-snippet:-1, max-image-preview:large, max-video-preview:-1\" \/>\n<link rel=\"canonical\" href=\"https:\/\/www.sgeaj.ch\/fr\/actualite\/colloques\/colloque-autour-de-diderot-zurich-21-23-mars-2019-2\/\" \/>\n<meta name=\"twitter:label1\" content=\"\u00c9crit par\" \/>\n\t<meta name=\"twitter:data1\" content=\"SGEAJ\" \/>\n\t<meta name=\"twitter:label2\" content=\"Dur\u00e9e de lecture estim\u00e9e\" \/>\n\t<meta name=\"twitter:data2\" content=\"2 minutes\" \/>\n<script type=\"application\/ld+json\" class=\"yoast-schema-graph\">{\"@context\":\"https:\/\/schema.org\",\"@graph\":[{\"@type\":\"Article\",\"@id\":\"https:\/\/www.sgeaj.ch\/fr\/actualite\/colloques\/colloque-autour-de-diderot-zurich-21-23-mars-2019-2\/#article\",\"isPartOf\":{\"@id\":\"https:\/\/www.sgeaj.ch\/fr\/actualite\/colloques\/colloque-autour-de-diderot-zurich-21-23-mars-2019-2\/\"},\"author\":{\"name\":\"SGEAJ\",\"@id\":\"https:\/\/www.sgeaj.ch\/fr\/#\/schema\/person\/6bd2b59ee4319b4a54912921450cebf6\"},\"headline\":\"Autour de Diderot\",\"datePublished\":\"2019-03-07T17:58:04+00:00\",\"dateModified\":\"2021-04-11T14:31:55+00:00\",\"mainEntityOfPage\":{\"@id\":\"https:\/\/www.sgeaj.ch\/fr\/actualite\/colloques\/colloque-autour-de-diderot-zurich-21-23-mars-2019-2\/\"},\"wordCount\":410,\"publisher\":{\"@id\":\"https:\/\/www.sgeaj.ch\/fr\/#organization\"},\"image\":{\"@id\":\"https:\/\/www.sgeaj.ch\/fr\/actualite\/colloques\/colloque-autour-de-diderot-zurich-21-23-mars-2019-2\/#primaryimage\"},\"thumbnailUrl\":\"https:\/\/www.sgeaj.ch\/wp-content\/uploads\/2019\/03\/cincinnati-art-museum-jean-antoine-houdon-denis-diderot-2-scaled.jpg\",\"articleSection\":[\"Actualit\u00e9\",\"Colloques\"],\"inLanguage\":\"fr-FR\"},{\"@type\":\"WebPage\",\"@id\":\"https:\/\/www.sgeaj.ch\/fr\/actualite\/colloques\/colloque-autour-de-diderot-zurich-21-23-mars-2019-2\/\",\"url\":\"https:\/\/www.sgeaj.ch\/fr\/actualite\/colloques\/colloque-autour-de-diderot-zurich-21-23-mars-2019-2\/\",\"name\":\"Autour de Diderot - Schweizerische Gesellschaft f\u00fcr die Erforschung des 18. Jahrhunderts (SGEAJ - SSEDS)\",\"isPartOf\":{\"@id\":\"https:\/\/www.sgeaj.ch\/fr\/#website\"},\"primaryImageOfPage\":{\"@id\":\"https:\/\/www.sgeaj.ch\/fr\/actualite\/colloques\/colloque-autour-de-diderot-zurich-21-23-mars-2019-2\/#primaryimage\"},\"image\":{\"@id\":\"https:\/\/www.sgeaj.ch\/fr\/actualite\/colloques\/colloque-autour-de-diderot-zurich-21-23-mars-2019-2\/#primaryimage\"},\"thumbnailUrl\":\"https:\/\/www.sgeaj.ch\/wp-content\/uploads\/2019\/03\/cincinnati-art-museum-jean-antoine-houdon-denis-diderot-2-scaled.jpg\",\"datePublished\":\"2019-03-07T17:58:04+00:00\",\"dateModified\":\"2021-04-11T14:31:55+00:00\",\"inLanguage\":\"fr-FR\",\"potentialAction\":[{\"@type\":\"ReadAction\",\"target\":[\"https:\/\/www.sgeaj.ch\/fr\/actualite\/colloques\/colloque-autour-de-diderot-zurich-21-23-mars-2019-2\/\"]}]},{\"@type\":\"ImageObject\",\"inLanguage\":\"fr-FR\",\"@id\":\"https:\/\/www.sgeaj.ch\/fr\/actualite\/colloques\/colloque-autour-de-diderot-zurich-21-23-mars-2019-2\/#primaryimage\",\"url\":\"https:\/\/www.sgeaj.ch\/wp-content\/uploads\/2019\/03\/cincinnati-art-museum-jean-antoine-houdon-denis-diderot-2-scaled.jpg\",\"contentUrl\":\"https:\/\/www.sgeaj.ch\/wp-content\/uploads\/2019\/03\/cincinnati-art-museum-jean-antoine-houdon-denis-diderot-2-scaled.jpg\",\"width\":1707,\"height\":2560},{\"@type\":\"WebSite\",\"@id\":\"https:\/\/www.sgeaj.ch\/fr\/#website\",\"url\":\"https:\/\/www.sgeaj.ch\/fr\/\",\"name\":\"Schweizerische Gesellschaft f\u00fcr die Erforschung des 18. Jahrhunderts (SGEAJ - SSEDS)\",\"description\":\"Schweizerische Gesellschaft f\u00fcr die Erforschung des 18. Jahrhunderts\",\"publisher\":{\"@id\":\"https:\/\/www.sgeaj.ch\/fr\/#organization\"},\"potentialAction\":[{\"@type\":\"SearchAction\",\"target\":{\"@type\":\"EntryPoint\",\"urlTemplate\":\"https:\/\/www.sgeaj.ch\/fr\/?s={search_term_string}\"},\"query-input\":{\"@type\":\"PropertyValueSpecification\",\"valueRequired\":true,\"valueName\":\"search_term_string\"}}],\"inLanguage\":\"fr-FR\"},{\"@type\":\"Organization\",\"@id\":\"https:\/\/www.sgeaj.ch\/fr\/#organization\",\"name\":\"Schweizerische Gesellschaft f\u00fcr die Erforschung des 18. Jahrhunderts (SGEAJ - SSEDS)\",\"url\":\"https:\/\/www.sgeaj.ch\/fr\/\",\"logo\":{\"@type\":\"ImageObject\",\"inLanguage\":\"fr-FR\",\"@id\":\"https:\/\/www.sgeaj.ch\/fr\/#\/schema\/logo\/image\/\",\"url\":\"https:\/\/www.sgeaj.ch\/wp-content\/uploads\/2021\/06\/cropped-logo-xviiies-horiz-abreuviations-bleues.png\",\"contentUrl\":\"https:\/\/www.sgeaj.ch\/wp-content\/uploads\/2021\/06\/cropped-logo-xviiies-horiz-abreuviations-bleues.png\",\"width\":659,\"height\":335,\"caption\":\"Schweizerische Gesellschaft f\u00fcr die Erforschung des 18. Jahrhunderts (SGEAJ - SSEDS)\"},\"image\":{\"@id\":\"https:\/\/www.sgeaj.ch\/fr\/#\/schema\/logo\/image\/\"}},{\"@type\":\"Person\",\"@id\":\"https:\/\/www.sgeaj.ch\/fr\/#\/schema\/person\/6bd2b59ee4319b4a54912921450cebf6\",\"name\":\"SGEAJ\",\"url\":\"https:\/\/www.sgeaj.ch\/fr\/author\/sgeaj\/\"}]}<\/script>\n<!-- \/ Yoast SEO plugin. -->","yoast_head_json":{"title":"Autour de Diderot - Schweizerische Gesellschaft f\u00fcr die Erforschung des 18. Jahrhunderts (SGEAJ - SSEDS)","robots":{"index":"index","follow":"follow","max-snippet":"max-snippet:-1","max-image-preview":"max-image-preview:large","max-video-preview":"max-video-preview:-1"},"canonical":"https:\/\/www.sgeaj.ch\/fr\/actualite\/colloques\/colloque-autour-de-diderot-zurich-21-23-mars-2019-2\/","twitter_misc":{"\u00c9crit par":"SGEAJ","Dur\u00e9e de lecture estim\u00e9e":"2 minutes"},"schema":{"@context":"https:\/\/schema.org","@graph":[{"@type":"Article","@id":"https:\/\/www.sgeaj.ch\/fr\/actualite\/colloques\/colloque-autour-de-diderot-zurich-21-23-mars-2019-2\/#article","isPartOf":{"@id":"https:\/\/www.sgeaj.ch\/fr\/actualite\/colloques\/colloque-autour-de-diderot-zurich-21-23-mars-2019-2\/"},"author":{"name":"SGEAJ","@id":"https:\/\/www.sgeaj.ch\/fr\/#\/schema\/person\/6bd2b59ee4319b4a54912921450cebf6"},"headline":"Autour de Diderot","datePublished":"2019-03-07T17:58:04+00:00","dateModified":"2021-04-11T14:31:55+00:00","mainEntityOfPage":{"@id":"https:\/\/www.sgeaj.ch\/fr\/actualite\/colloques\/colloque-autour-de-diderot-zurich-21-23-mars-2019-2\/"},"wordCount":410,"publisher":{"@id":"https:\/\/www.sgeaj.ch\/fr\/#organization"},"image":{"@id":"https:\/\/www.sgeaj.ch\/fr\/actualite\/colloques\/colloque-autour-de-diderot-zurich-21-23-mars-2019-2\/#primaryimage"},"thumbnailUrl":"https:\/\/www.sgeaj.ch\/wp-content\/uploads\/2019\/03\/cincinnati-art-museum-jean-antoine-houdon-denis-diderot-2-scaled.jpg","articleSection":["Actualit\u00e9","Colloques"],"inLanguage":"fr-FR"},{"@type":"WebPage","@id":"https:\/\/www.sgeaj.ch\/fr\/actualite\/colloques\/colloque-autour-de-diderot-zurich-21-23-mars-2019-2\/","url":"https:\/\/www.sgeaj.ch\/fr\/actualite\/colloques\/colloque-autour-de-diderot-zurich-21-23-mars-2019-2\/","name":"Autour de Diderot - Schweizerische Gesellschaft f\u00fcr die Erforschung des 18. Jahrhunderts (SGEAJ - SSEDS)","isPartOf":{"@id":"https:\/\/www.sgeaj.ch\/fr\/#website"},"primaryImageOfPage":{"@id":"https:\/\/www.sgeaj.ch\/fr\/actualite\/colloques\/colloque-autour-de-diderot-zurich-21-23-mars-2019-2\/#primaryimage"},"image":{"@id":"https:\/\/www.sgeaj.ch\/fr\/actualite\/colloques\/colloque-autour-de-diderot-zurich-21-23-mars-2019-2\/#primaryimage"},"thumbnailUrl":"https:\/\/www.sgeaj.ch\/wp-content\/uploads\/2019\/03\/cincinnati-art-museum-jean-antoine-houdon-denis-diderot-2-scaled.jpg","datePublished":"2019-03-07T17:58:04+00:00","dateModified":"2021-04-11T14:31:55+00:00","inLanguage":"fr-FR","potentialAction":[{"@type":"ReadAction","target":["https:\/\/www.sgeaj.ch\/fr\/actualite\/colloques\/colloque-autour-de-diderot-zurich-21-23-mars-2019-2\/"]}]},{"@type":"ImageObject","inLanguage":"fr-FR","@id":"https:\/\/www.sgeaj.ch\/fr\/actualite\/colloques\/colloque-autour-de-diderot-zurich-21-23-mars-2019-2\/#primaryimage","url":"https:\/\/www.sgeaj.ch\/wp-content\/uploads\/2019\/03\/cincinnati-art-museum-jean-antoine-houdon-denis-diderot-2-scaled.jpg","contentUrl":"https:\/\/www.sgeaj.ch\/wp-content\/uploads\/2019\/03\/cincinnati-art-museum-jean-antoine-houdon-denis-diderot-2-scaled.jpg","width":1707,"height":2560},{"@type":"WebSite","@id":"https:\/\/www.sgeaj.ch\/fr\/#website","url":"https:\/\/www.sgeaj.ch\/fr\/","name":"Schweizerische Gesellschaft f\u00fcr die Erforschung des 18. Jahrhunderts (SGEAJ - SSEDS)","description":"Schweizerische Gesellschaft f\u00fcr die Erforschung des 18. Jahrhunderts","publisher":{"@id":"https:\/\/www.sgeaj.ch\/fr\/#organization"},"potentialAction":[{"@type":"SearchAction","target":{"@type":"EntryPoint","urlTemplate":"https:\/\/www.sgeaj.ch\/fr\/?s={search_term_string}"},"query-input":{"@type":"PropertyValueSpecification","valueRequired":true,"valueName":"search_term_string"}}],"inLanguage":"fr-FR"},{"@type":"Organization","@id":"https:\/\/www.sgeaj.ch\/fr\/#organization","name":"Schweizerische Gesellschaft f\u00fcr die Erforschung des 18. Jahrhunderts (SGEAJ - SSEDS)","url":"https:\/\/www.sgeaj.ch\/fr\/","logo":{"@type":"ImageObject","inLanguage":"fr-FR","@id":"https:\/\/www.sgeaj.ch\/fr\/#\/schema\/logo\/image\/","url":"https:\/\/www.sgeaj.ch\/wp-content\/uploads\/2021\/06\/cropped-logo-xviiies-horiz-abreuviations-bleues.png","contentUrl":"https:\/\/www.sgeaj.ch\/wp-content\/uploads\/2021\/06\/cropped-logo-xviiies-horiz-abreuviations-bleues.png","width":659,"height":335,"caption":"Schweizerische Gesellschaft f\u00fcr die Erforschung des 18. Jahrhunderts (SGEAJ - SSEDS)"},"image":{"@id":"https:\/\/www.sgeaj.ch\/fr\/#\/schema\/logo\/image\/"}},{"@type":"Person","@id":"https:\/\/www.sgeaj.ch\/fr\/#\/schema\/person\/6bd2b59ee4319b4a54912921450cebf6","name":"SGEAJ","url":"https:\/\/www.sgeaj.ch\/fr\/author\/sgeaj\/"}]}},"_links":{"self":[{"href":"https:\/\/www.sgeaj.ch\/fr\/wp-json\/wp\/v2\/posts\/3160","targetHints":{"allow":["GET"]}}],"collection":[{"href":"https:\/\/www.sgeaj.ch\/fr\/wp-json\/wp\/v2\/posts"}],"about":[{"href":"https:\/\/www.sgeaj.ch\/fr\/wp-json\/wp\/v2\/types\/post"}],"author":[{"embeddable":true,"href":"https:\/\/www.sgeaj.ch\/fr\/wp-json\/wp\/v2\/users\/2"}],"replies":[{"embeddable":true,"href":"https:\/\/www.sgeaj.ch\/fr\/wp-json\/wp\/v2\/comments?post=3160"}],"version-history":[{"count":5,"href":"https:\/\/www.sgeaj.ch\/fr\/wp-json\/wp\/v2\/posts\/3160\/revisions"}],"predecessor-version":[{"id":6253,"href":"https:\/\/www.sgeaj.ch\/fr\/wp-json\/wp\/v2\/posts\/3160\/revisions\/6253"}],"wp:featuredmedia":[{"embeddable":true,"href":"https:\/\/www.sgeaj.ch\/fr\/wp-json\/wp\/v2\/media\/6184"}],"wp:attachment":[{"href":"https:\/\/www.sgeaj.ch\/fr\/wp-json\/wp\/v2\/media?parent=3160"}],"wp:term":[{"taxonomy":"category","embeddable":true,"href":"https:\/\/www.sgeaj.ch\/fr\/wp-json\/wp\/v2\/categories?post=3160"},{"taxonomy":"post_tag","embeddable":true,"href":"https:\/\/www.sgeaj.ch\/fr\/wp-json\/wp\/v2\/tags?post=3160"}],"curies":[{"name":"wp","href":"https:\/\/api.w.org\/{rel}","templated":true}]}}