{"id":3326,"date":"2019-06-24T18:55:44","date_gmt":"2019-06-24T16:55:44","guid":{"rendered":"https:\/\/www.sgeaj.ch\/?p=3326"},"modified":"2021-04-11T14:44:55","modified_gmt":"2021-04-11T12:44:55","slug":"appel-pour-la-preservation-du-parc-jean-jacques-rousseau-dermenonville","status":"publish","type":"post","link":"https:\/\/www.sgeaj.ch\/fr\/actualite\/communication\/appel-pour-la-preservation-du-parc-jean-jacques-rousseau-dermenonville\/","title":{"rendered":"Appel pour la pr\u00e9servation du parc Jean-Jacques Rousseau d\u2019Ermenonville"},"content":{"rendered":"<p>La Soci\u00e9t\u00e9 Jean-Jacques Rousseau et La Maison de Rousseau et de la Litt\u00e9rature \u00e0 Gen\u00e8ve ont appris avec la plus vive inqui\u00e9tude la fermeture du <a href=\"https:\/\/www.latribunedelart.com\/le-parc-jean-jacques-rousseau-est-menace\" target=\"_blank\" rel=\"noopener\">parc Jean-Jacques Rousseau d&rsquo;Ermenonville<\/a>. Ce haut lieu de la sensibilit\u00e9 europ\u00e9enne o\u00f9 Rousseau vint mourir, cette for\u00eat enchant\u00e9e \u00e9voqu\u00e9e par G\u00e9rard de Nerval ne doit pas devenir un parc d\u2019attractions son et lumi\u00e8res, une \u00ab for\u00eat magique \u00bb, un de ces tristes lieux du tourisme d\u00e9grad\u00e9 qui humilie le pass\u00e9 en d\u00e9shonorant le pr\u00e9sent. Ce jardin doit rester un parc public \u00e0 vocation culturelle.<\/p>\n<p><img loading=\"lazy\" decoding=\"async\" class=\"size-medium wp-image-3323 aligncenter\" src=\"https:\/\/www.sgeaj.ch\/wp-content\/uploads\/2019\/06\/2019_Parc-Rousseau-300x169.jpg\" alt=\"\" width=\"300\" height=\"169\" srcset=\"https:\/\/www.sgeaj.ch\/wp-content\/uploads\/2019\/06\/2019_Parc-Rousseau-300x169.jpg 300w, https:\/\/www.sgeaj.ch\/wp-content\/uploads\/2019\/06\/2019_Parc-Rousseau-150x85.jpg 150w, https:\/\/www.sgeaj.ch\/wp-content\/uploads\/2019\/06\/2019_Parc-Rousseau.jpg 500w\" sizes=\"auto, (max-width: 300px) 100vw, 300px\" \/><\/p>\n<p>C\u2019est pourquoi la Soci\u00e9t\u00e9 Jean-Jacques Rousseau, La Maison de Rousseau et de la Litt\u00e9rature et les signataires de cet appel s\u2019adressent aux pouvoirs publics pour emp\u00eacher que l\u2019in\u00e9vitable ne se produise car la fermeture de ce parc et l\u2019arr\u00eat des activit\u00e9s men\u00e9es jusqu\u2019\u00e0 pr\u00e9sent par le centre culturel de rencontre qui en assurait l\u2019exploitation sont de tristes nouvelles et un message lugubre adress\u00e9 \u00e0 celles et ceux qui d\u00e9fendent dans leur vie et dans leur \u0153uvre la pens\u00e9e de Rousseau et des Lumi\u00e8res. Nous voulons dire : les citoyennes et les citoyens.<\/p>\n<p><a href=\"https:\/\/www.sgeaj.ch\/wp-content\/uploads\/2019\/06\/2019_Appel_parc_rousseau.pdf\" target=\"_blank\" rel=\"noopener\">Lire l&rsquo;appel de la Soci\u00e9t\u00e9 Jean-Jacques Rousseau et La Maison de Rousseau et de la Litt\u00e9rature \u00e0 Gen\u00e8ve<\/a><\/p>\n<p><a href=\"https:\/\/www.change.org\/p\/parcrousseau-biencommun-gmail-com-pour-que-le-parc-rousseau-reste-un-bien-commun-un-lieu-de-culture-et-de-patrimoine\" target=\"_blank\" rel=\"noopener\">Signez la petition!<\/a><\/p>\n","protected":false},"excerpt":{"rendered":"<p>La Soci\u00e9t\u00e9 Jean-Jacques Rousseau et La Maison de Rousseau et de la Litt\u00e9rature \u00e0 Gen\u00e8ve ont appris avec la plus vive inqui\u00e9tude la fermeture du parc Jean-Jacques Rousseau d&rsquo;Ermenonville. Ce haut lieu de la sensibilit\u00e9 europ\u00e9enne o\u00f9 Rousseau vint mourir, cette for\u00eat enchant\u00e9e \u00e9voqu\u00e9e par G\u00e9rard de Nerval ne doit pas devenir un parc d\u2019attractions [&hellip;]<\/p>\n","protected":false},"author":7,"featured_media":3806,"comment_status":"closed","ping_status":"open","sticky":false,"template":"","format":"standard","meta":{"footnotes":""},"categories":[43],"tags":[],"class_list":{"0":"post-3326","1":"post","2":"type-post","3":"status-publish","4":"format-standard","5":"has-post-thumbnail","7":"category-communication","8":"czr-hentry"},"yoast_head":"<!-- This site is optimized with the Yoast SEO plugin v26.9 - https:\/\/yoast.com\/product\/yoast-seo-wordpress\/ -->\n<title>Appel pour la pr\u00e9servation du parc Jean-Jacques Rousseau d\u2019Ermenonville - Schweizerische Gesellschaft f\u00fcr die Erforschung des 18. Jahrhunderts (SGEAJ - SSEDS)<\/title>\n<meta name=\"robots\" content=\"index, follow, max-snippet:-1, max-image-preview:large, max-video-preview:-1\" \/>\n<link rel=\"canonical\" href=\"https:\/\/www.sgeaj.ch\/fr\/actualite\/communication\/appel-pour-la-preservation-du-parc-jean-jacques-rousseau-dermenonville\/\" \/>\n<meta name=\"twitter:label1\" content=\"\u00c9crit par\" \/>\n\t<meta name=\"twitter:data1\" content=\"Nadja Ackermann\" \/>\n\t<meta name=\"twitter:label2\" content=\"Dur\u00e9e de lecture estim\u00e9e\" \/>\n\t<meta name=\"twitter:data2\" content=\"2 minutes\" \/>\n<script type=\"application\/ld+json\" class=\"yoast-schema-graph\">{\"@context\":\"https:\/\/schema.org\",\"@graph\":[{\"@type\":\"Article\",\"@id\":\"https:\/\/www.sgeaj.ch\/fr\/actualite\/communication\/appel-pour-la-preservation-du-parc-jean-jacques-rousseau-dermenonville\/#article\",\"isPartOf\":{\"@id\":\"https:\/\/www.sgeaj.ch\/fr\/actualite\/communication\/appel-pour-la-preservation-du-parc-jean-jacques-rousseau-dermenonville\/\"},\"author\":{\"name\":\"Nadja Ackermann\",\"@id\":\"https:\/\/www.sgeaj.ch\/fr\/#\/schema\/person\/2cd839eed625879a17645fc9f307c8e7\"},\"headline\":\"Appel pour la pr\u00e9servation du parc Jean-Jacques Rousseau d\u2019Ermenonville\",\"datePublished\":\"2019-06-24T16:55:44+00:00\",\"dateModified\":\"2021-04-11T12:44:55+00:00\",\"mainEntityOfPage\":{\"@id\":\"https:\/\/www.sgeaj.ch\/fr\/actualite\/communication\/appel-pour-la-preservation-du-parc-jean-jacques-rousseau-dermenonville\/\"},\"wordCount\":242,\"publisher\":{\"@id\":\"https:\/\/www.sgeaj.ch\/fr\/#organization\"},\"image\":{\"@id\":\"https:\/\/www.sgeaj.ch\/fr\/actualite\/communication\/appel-pour-la-preservation-du-parc-jean-jacques-rousseau-dermenonville\/#primaryimage\"},\"thumbnailUrl\":\"https:\/\/www.sgeaj.ch\/wp-content\/uploads\/2019\/06\/2019_Parc-Rousseau.jpg\",\"articleSection\":[\"Communication\"],\"inLanguage\":\"fr-FR\"},{\"@type\":\"WebPage\",\"@id\":\"https:\/\/www.sgeaj.ch\/fr\/actualite\/communication\/appel-pour-la-preservation-du-parc-jean-jacques-rousseau-dermenonville\/\",\"url\":\"https:\/\/www.sgeaj.ch\/fr\/actualite\/communication\/appel-pour-la-preservation-du-parc-jean-jacques-rousseau-dermenonville\/\",\"name\":\"Appel pour la pr\u00e9servation du parc Jean-Jacques Rousseau d\u2019Ermenonville - Schweizerische Gesellschaft f\u00fcr die Erforschung des 18. Jahrhunderts (SGEAJ - SSEDS)\",\"isPartOf\":{\"@id\":\"https:\/\/www.sgeaj.ch\/fr\/#website\"},\"primaryImageOfPage\":{\"@id\":\"https:\/\/www.sgeaj.ch\/fr\/actualite\/communication\/appel-pour-la-preservation-du-parc-jean-jacques-rousseau-dermenonville\/#primaryimage\"},\"image\":{\"@id\":\"https:\/\/www.sgeaj.ch\/fr\/actualite\/communication\/appel-pour-la-preservation-du-parc-jean-jacques-rousseau-dermenonville\/#primaryimage\"},\"thumbnailUrl\":\"https:\/\/www.sgeaj.ch\/wp-content\/uploads\/2019\/06\/2019_Parc-Rousseau.jpg\",\"datePublished\":\"2019-06-24T16:55:44+00:00\",\"dateModified\":\"2021-04-11T12:44:55+00:00\",\"inLanguage\":\"fr-FR\",\"potentialAction\":[{\"@type\":\"ReadAction\",\"target\":[\"https:\/\/www.sgeaj.ch\/fr\/actualite\/communication\/appel-pour-la-preservation-du-parc-jean-jacques-rousseau-dermenonville\/\"]}]},{\"@type\":\"ImageObject\",\"inLanguage\":\"fr-FR\",\"@id\":\"https:\/\/www.sgeaj.ch\/fr\/actualite\/communication\/appel-pour-la-preservation-du-parc-jean-jacques-rousseau-dermenonville\/#primaryimage\",\"url\":\"https:\/\/www.sgeaj.ch\/wp-content\/uploads\/2019\/06\/2019_Parc-Rousseau.jpg\",\"contentUrl\":\"https:\/\/www.sgeaj.ch\/wp-content\/uploads\/2019\/06\/2019_Parc-Rousseau.jpg\",\"width\":500,\"height\":282},{\"@type\":\"WebSite\",\"@id\":\"https:\/\/www.sgeaj.ch\/fr\/#website\",\"url\":\"https:\/\/www.sgeaj.ch\/fr\/\",\"name\":\"Schweizerische Gesellschaft f\u00fcr die Erforschung des 18. Jahrhunderts (SGEAJ - SSEDS)\",\"description\":\"Schweizerische Gesellschaft f\u00fcr die Erforschung des 18. Jahrhunderts\",\"publisher\":{\"@id\":\"https:\/\/www.sgeaj.ch\/fr\/#organization\"},\"potentialAction\":[{\"@type\":\"SearchAction\",\"target\":{\"@type\":\"EntryPoint\",\"urlTemplate\":\"https:\/\/www.sgeaj.ch\/fr\/?s={search_term_string}\"},\"query-input\":{\"@type\":\"PropertyValueSpecification\",\"valueRequired\":true,\"valueName\":\"search_term_string\"}}],\"inLanguage\":\"fr-FR\"},{\"@type\":\"Organization\",\"@id\":\"https:\/\/www.sgeaj.ch\/fr\/#organization\",\"name\":\"Schweizerische Gesellschaft f\u00fcr die Erforschung des 18. Jahrhunderts (SGEAJ - SSEDS)\",\"url\":\"https:\/\/www.sgeaj.ch\/fr\/\",\"logo\":{\"@type\":\"ImageObject\",\"inLanguage\":\"fr-FR\",\"@id\":\"https:\/\/www.sgeaj.ch\/fr\/#\/schema\/logo\/image\/\",\"url\":\"https:\/\/www.sgeaj.ch\/wp-content\/uploads\/2021\/06\/cropped-logo-xviiies-horiz-abreuviations-bleues.png\",\"contentUrl\":\"https:\/\/www.sgeaj.ch\/wp-content\/uploads\/2021\/06\/cropped-logo-xviiies-horiz-abreuviations-bleues.png\",\"width\":659,\"height\":335,\"caption\":\"Schweizerische Gesellschaft f\u00fcr die Erforschung des 18. Jahrhunderts (SGEAJ - SSEDS)\"},\"image\":{\"@id\":\"https:\/\/www.sgeaj.ch\/fr\/#\/schema\/logo\/image\/\"}},{\"@type\":\"Person\",\"@id\":\"https:\/\/www.sgeaj.ch\/fr\/#\/schema\/person\/2cd839eed625879a17645fc9f307c8e7\",\"name\":\"Nadja Ackermann\",\"url\":\"https:\/\/www.sgeaj.ch\/fr\/author\/naackermann\/\"}]}<\/script>\n<!-- \/ Yoast SEO plugin. -->","yoast_head_json":{"title":"Appel pour la pr\u00e9servation du parc Jean-Jacques Rousseau d\u2019Ermenonville - Schweizerische Gesellschaft f\u00fcr die Erforschung des 18. Jahrhunderts (SGEAJ - SSEDS)","robots":{"index":"index","follow":"follow","max-snippet":"max-snippet:-1","max-image-preview":"max-image-preview:large","max-video-preview":"max-video-preview:-1"},"canonical":"https:\/\/www.sgeaj.ch\/fr\/actualite\/communication\/appel-pour-la-preservation-du-parc-jean-jacques-rousseau-dermenonville\/","twitter_misc":{"\u00c9crit par":"Nadja Ackermann","Dur\u00e9e de lecture estim\u00e9e":"2 minutes"},"schema":{"@context":"https:\/\/schema.org","@graph":[{"@type":"Article","@id":"https:\/\/www.sgeaj.ch\/fr\/actualite\/communication\/appel-pour-la-preservation-du-parc-jean-jacques-rousseau-dermenonville\/#article","isPartOf":{"@id":"https:\/\/www.sgeaj.ch\/fr\/actualite\/communication\/appel-pour-la-preservation-du-parc-jean-jacques-rousseau-dermenonville\/"},"author":{"name":"Nadja Ackermann","@id":"https:\/\/www.sgeaj.ch\/fr\/#\/schema\/person\/2cd839eed625879a17645fc9f307c8e7"},"headline":"Appel pour la pr\u00e9servation du parc Jean-Jacques Rousseau d\u2019Ermenonville","datePublished":"2019-06-24T16:55:44+00:00","dateModified":"2021-04-11T12:44:55+00:00","mainEntityOfPage":{"@id":"https:\/\/www.sgeaj.ch\/fr\/actualite\/communication\/appel-pour-la-preservation-du-parc-jean-jacques-rousseau-dermenonville\/"},"wordCount":242,"publisher":{"@id":"https:\/\/www.sgeaj.ch\/fr\/#organization"},"image":{"@id":"https:\/\/www.sgeaj.ch\/fr\/actualite\/communication\/appel-pour-la-preservation-du-parc-jean-jacques-rousseau-dermenonville\/#primaryimage"},"thumbnailUrl":"https:\/\/www.sgeaj.ch\/wp-content\/uploads\/2019\/06\/2019_Parc-Rousseau.jpg","articleSection":["Communication"],"inLanguage":"fr-FR"},{"@type":"WebPage","@id":"https:\/\/www.sgeaj.ch\/fr\/actualite\/communication\/appel-pour-la-preservation-du-parc-jean-jacques-rousseau-dermenonville\/","url":"https:\/\/www.sgeaj.ch\/fr\/actualite\/communication\/appel-pour-la-preservation-du-parc-jean-jacques-rousseau-dermenonville\/","name":"Appel pour la pr\u00e9servation du parc Jean-Jacques Rousseau d\u2019Ermenonville - Schweizerische Gesellschaft f\u00fcr die Erforschung des 18. Jahrhunderts (SGEAJ - SSEDS)","isPartOf":{"@id":"https:\/\/www.sgeaj.ch\/fr\/#website"},"primaryImageOfPage":{"@id":"https:\/\/www.sgeaj.ch\/fr\/actualite\/communication\/appel-pour-la-preservation-du-parc-jean-jacques-rousseau-dermenonville\/#primaryimage"},"image":{"@id":"https:\/\/www.sgeaj.ch\/fr\/actualite\/communication\/appel-pour-la-preservation-du-parc-jean-jacques-rousseau-dermenonville\/#primaryimage"},"thumbnailUrl":"https:\/\/www.sgeaj.ch\/wp-content\/uploads\/2019\/06\/2019_Parc-Rousseau.jpg","datePublished":"2019-06-24T16:55:44+00:00","dateModified":"2021-04-11T12:44:55+00:00","inLanguage":"fr-FR","potentialAction":[{"@type":"ReadAction","target":["https:\/\/www.sgeaj.ch\/fr\/actualite\/communication\/appel-pour-la-preservation-du-parc-jean-jacques-rousseau-dermenonville\/"]}]},{"@type":"ImageObject","inLanguage":"fr-FR","@id":"https:\/\/www.sgeaj.ch\/fr\/actualite\/communication\/appel-pour-la-preservation-du-parc-jean-jacques-rousseau-dermenonville\/#primaryimage","url":"https:\/\/www.sgeaj.ch\/wp-content\/uploads\/2019\/06\/2019_Parc-Rousseau.jpg","contentUrl":"https:\/\/www.sgeaj.ch\/wp-content\/uploads\/2019\/06\/2019_Parc-Rousseau.jpg","width":500,"height":282},{"@type":"WebSite","@id":"https:\/\/www.sgeaj.ch\/fr\/#website","url":"https:\/\/www.sgeaj.ch\/fr\/","name":"Schweizerische Gesellschaft f\u00fcr die Erforschung des 18. Jahrhunderts (SGEAJ - SSEDS)","description":"Schweizerische Gesellschaft f\u00fcr die Erforschung des 18. Jahrhunderts","publisher":{"@id":"https:\/\/www.sgeaj.ch\/fr\/#organization"},"potentialAction":[{"@type":"SearchAction","target":{"@type":"EntryPoint","urlTemplate":"https:\/\/www.sgeaj.ch\/fr\/?s={search_term_string}"},"query-input":{"@type":"PropertyValueSpecification","valueRequired":true,"valueName":"search_term_string"}}],"inLanguage":"fr-FR"},{"@type":"Organization","@id":"https:\/\/www.sgeaj.ch\/fr\/#organization","name":"Schweizerische Gesellschaft f\u00fcr die Erforschung des 18. Jahrhunderts (SGEAJ - SSEDS)","url":"https:\/\/www.sgeaj.ch\/fr\/","logo":{"@type":"ImageObject","inLanguage":"fr-FR","@id":"https:\/\/www.sgeaj.ch\/fr\/#\/schema\/logo\/image\/","url":"https:\/\/www.sgeaj.ch\/wp-content\/uploads\/2021\/06\/cropped-logo-xviiies-horiz-abreuviations-bleues.png","contentUrl":"https:\/\/www.sgeaj.ch\/wp-content\/uploads\/2021\/06\/cropped-logo-xviiies-horiz-abreuviations-bleues.png","width":659,"height":335,"caption":"Schweizerische Gesellschaft f\u00fcr die Erforschung des 18. Jahrhunderts (SGEAJ - SSEDS)"},"image":{"@id":"https:\/\/www.sgeaj.ch\/fr\/#\/schema\/logo\/image\/"}},{"@type":"Person","@id":"https:\/\/www.sgeaj.ch\/fr\/#\/schema\/person\/2cd839eed625879a17645fc9f307c8e7","name":"Nadja Ackermann","url":"https:\/\/www.sgeaj.ch\/fr\/author\/naackermann\/"}]}},"_links":{"self":[{"href":"https:\/\/www.sgeaj.ch\/fr\/wp-json\/wp\/v2\/posts\/3326","targetHints":{"allow":["GET"]}}],"collection":[{"href":"https:\/\/www.sgeaj.ch\/fr\/wp-json\/wp\/v2\/posts"}],"about":[{"href":"https:\/\/www.sgeaj.ch\/fr\/wp-json\/wp\/v2\/types\/post"}],"author":[{"embeddable":true,"href":"https:\/\/www.sgeaj.ch\/fr\/wp-json\/wp\/v2\/users\/7"}],"replies":[{"embeddable":true,"href":"https:\/\/www.sgeaj.ch\/fr\/wp-json\/wp\/v2\/comments?post=3326"}],"version-history":[{"count":2,"href":"https:\/\/www.sgeaj.ch\/fr\/wp-json\/wp\/v2\/posts\/3326\/revisions"}],"predecessor-version":[{"id":5364,"href":"https:\/\/www.sgeaj.ch\/fr\/wp-json\/wp\/v2\/posts\/3326\/revisions\/5364"}],"wp:featuredmedia":[{"embeddable":true,"href":"https:\/\/www.sgeaj.ch\/fr\/wp-json\/wp\/v2\/media\/3806"}],"wp:attachment":[{"href":"https:\/\/www.sgeaj.ch\/fr\/wp-json\/wp\/v2\/media?parent=3326"}],"wp:term":[{"taxonomy":"category","embeddable":true,"href":"https:\/\/www.sgeaj.ch\/fr\/wp-json\/wp\/v2\/categories?post=3326"},{"taxonomy":"post_tag","embeddable":true,"href":"https:\/\/www.sgeaj.ch\/fr\/wp-json\/wp\/v2\/tags?post=3326"}],"curies":[{"name":"wp","href":"https:\/\/api.w.org\/{rel}","templated":true}]}}