{"id":5079,"date":"2020-10-10T09:59:44","date_gmt":"2020-10-10T07:59:44","guid":{"rendered":"https:\/\/www.sgeaj.ch\/actualite\/non-classifiee\/correspondance-de-lediteur-f-b-de-felice-1723-1789\/"},"modified":"2021-04-02T15:42:48","modified_gmt":"2021-04-02T13:42:48","slug":"correspondance-de-lediteur-f-b-de-felice-1723-1789","status":"publish","type":"post","link":"https:\/\/www.sgeaj.ch\/fr\/humanites-digitales\/correspondance-de-lediteur-f-b-de-felice-1723-1789\/","title":{"rendered":"Correspondance de l&rsquo;\u00e9diteur F.-B. De Felice (1723-1789)"},"content":{"rendered":"\n<h3 class=\"wp-block-heading\"><em> Universit\u00e9 de Lausanne <br>Responsable de projet: Dr. L\u00e9onard Burnand<\/em><\/h3>\n\n\n\n<p>Ce <strong><a href=\"https:\/\/www.unil.ch\/defelice\/home\/menuinst\/edition-des-lettres.html\" target=\"_blank\" rel=\"noreferrer noopener\">site documentaire,<\/a><\/strong> destin\u00e9 aussi bien \u00e0 la communaut\u00e9 scientifique qu\u2019au grand public, entend contribuer au renouvellement des \u00e9tudes sur l\u2019encyclop\u00e9disme et les transferts culturels au si\u00e8cle des Lumi\u00e8res, en procurant une \u00e9dition critique d\u2019une source exceptionnelle et presque enti\u00e8rement in\u00e9dite: la correspondance de Fortunato Bartolomeo De Felice, \u00e9diteur suisse d\u2019origine italienne et ma\u00eetre d\u2019\u0153uvre de la monumentale <em>Encyclop\u00e9die<\/em> d\u2019Yverdon (58 volumes, 75\u2019000 articles), une refonte compl\u00e8te et originale de l\u2018<em>Encyclop\u00e9die<\/em> de Diderot et d\u2019Alembert.<br>Dispers\u00e9e aux quatre coins de l\u2019Europe, la correspondance que F.-B. De Felice a \u00e9chang\u00e9e avec de nombreux savants et libraires de l\u2019\u00e9poque est longtemps rest\u00e9e ignor\u00e9e des chercheurs. Au terme d\u2019une vaste enqu\u00eate men\u00e9e dans les fonds d\u2019archives (Suisse, Italie, France, Hollande, Allemagne, Belgique\u2026), ces lettres enfin exhum\u00e9es sont ici rassembl\u00e9es, transcrites et annot\u00e9es pour la premi\u00e8re fois. V\u00e9ritable mine d\u2019informations, cette correspondance documente de fa\u00e7on d\u00e9taill\u00e9e la conception et la diffusion d\u2019une encyclop\u00e9die au XVIII<sup>e<\/sup> si\u00e8cle. Elle apporte ainsi un \u00e9clairage pr\u00e9cieux sur l\u2019\u00e9laboration et la circulation des savoirs \u00e0 la fin de l\u2019Ancien R\u00e9gime.<br>L\u2019\u00e9dition \u00e9lectronique propos\u00e9e en acc\u00e8s libre sur ce site r\u00e9v\u00e8le l\u2019ampleur et la diversit\u00e9 du r\u00e9seau \u00e9pistolaire de F.-B. De Felice, et met au jour un riche corpus documentaire qui nous donne une vision plus pr\u00e9cise de l\u2019encyclop\u00e9disme suisse et de la place de ce dernier dans le mouvement des Lumi\u00e8res europ\u00e9ennes.<\/p>\n","protected":false},"excerpt":{"rendered":"<p>Universit\u00e9 de Lausanne Responsable de projet: Dr. L\u00e9onard Burnand Ce site documentaire, destin\u00e9 aussi bien \u00e0 la communaut\u00e9 scientifique qu\u2019au grand public, entend contribuer au renouvellement des \u00e9tudes sur l\u2019encyclop\u00e9disme et les transferts culturels au si\u00e8cle des Lumi\u00e8res, en procurant une \u00e9dition critique d\u2019une source exceptionnelle et presque enti\u00e8rement in\u00e9dite: la correspondance de Fortunato Bartolomeo [&hellip;]<\/p>\n","protected":false},"author":7,"featured_media":3785,"comment_status":"closed","ping_status":"closed","sticky":false,"template":"","format":"standard","meta":{"footnotes":""},"categories":[44],"tags":[],"class_list":{"0":"post-5079","1":"post","2":"type-post","3":"status-publish","4":"format-standard","5":"has-post-thumbnail","7":"category-humanites-digitales","8":"czr-hentry"},"yoast_head":"<!-- This site is optimized with the Yoast SEO plugin v26.9 - https:\/\/yoast.com\/product\/yoast-seo-wordpress\/ -->\n<title>Correspondance de l&#039;\u00e9diteur F.-B. De Felice (1723-1789) - Schweizerische Gesellschaft f\u00fcr die Erforschung des 18. Jahrhunderts (SGEAJ - SSEDS)<\/title>\n<meta name=\"robots\" content=\"index, follow, max-snippet:-1, max-image-preview:large, max-video-preview:-1\" \/>\n<link rel=\"canonical\" href=\"https:\/\/www.sgeaj.ch\/fr\/humanites-digitales\/correspondance-de-lediteur-f-b-de-felice-1723-1789\/\" \/>\n<meta name=\"twitter:label1\" content=\"\u00c9crit par\" \/>\n\t<meta name=\"twitter:data1\" content=\"Nadja Ackermann\" \/>\n\t<meta name=\"twitter:label2\" content=\"Dur\u00e9e de lecture estim\u00e9e\" \/>\n\t<meta name=\"twitter:data2\" content=\"2 minutes\" \/>\n<script type=\"application\/ld+json\" class=\"yoast-schema-graph\">{\"@context\":\"https:\/\/schema.org\",\"@graph\":[{\"@type\":\"Article\",\"@id\":\"https:\/\/www.sgeaj.ch\/fr\/humanites-digitales\/correspondance-de-lediteur-f-b-de-felice-1723-1789\/#article\",\"isPartOf\":{\"@id\":\"https:\/\/www.sgeaj.ch\/fr\/humanites-digitales\/correspondance-de-lediteur-f-b-de-felice-1723-1789\/\"},\"author\":{\"name\":\"Nadja Ackermann\",\"@id\":\"https:\/\/www.sgeaj.ch\/fr\/#\/schema\/person\/2cd839eed625879a17645fc9f307c8e7\"},\"headline\":\"Correspondance de l&rsquo;\u00e9diteur F.-B. De Felice (1723-1789)\",\"datePublished\":\"2020-10-10T07:59:44+00:00\",\"dateModified\":\"2021-04-02T13:42:48+00:00\",\"mainEntityOfPage\":{\"@id\":\"https:\/\/www.sgeaj.ch\/fr\/humanites-digitales\/correspondance-de-lediteur-f-b-de-felice-1723-1789\/\"},\"wordCount\":295,\"publisher\":{\"@id\":\"https:\/\/www.sgeaj.ch\/fr\/#organization\"},\"image\":{\"@id\":\"https:\/\/www.sgeaj.ch\/fr\/humanites-digitales\/correspondance-de-lediteur-f-b-de-felice-1723-1789\/#primaryimage\"},\"thumbnailUrl\":\"https:\/\/www.sgeaj.ch\/wp-content\/uploads\/2019\/05\/DH-de_Felice.jpg\",\"articleSection\":[\"Humanit\u00e9s digitales : base de donn\u00e9es\"],\"inLanguage\":\"fr-FR\"},{\"@type\":\"WebPage\",\"@id\":\"https:\/\/www.sgeaj.ch\/fr\/humanites-digitales\/correspondance-de-lediteur-f-b-de-felice-1723-1789\/\",\"url\":\"https:\/\/www.sgeaj.ch\/fr\/humanites-digitales\/correspondance-de-lediteur-f-b-de-felice-1723-1789\/\",\"name\":\"Correspondance de l'\u00e9diteur F.-B. De Felice (1723-1789) - Schweizerische Gesellschaft f\u00fcr die Erforschung des 18. Jahrhunderts (SGEAJ - SSEDS)\",\"isPartOf\":{\"@id\":\"https:\/\/www.sgeaj.ch\/fr\/#website\"},\"primaryImageOfPage\":{\"@id\":\"https:\/\/www.sgeaj.ch\/fr\/humanites-digitales\/correspondance-de-lediteur-f-b-de-felice-1723-1789\/#primaryimage\"},\"image\":{\"@id\":\"https:\/\/www.sgeaj.ch\/fr\/humanites-digitales\/correspondance-de-lediteur-f-b-de-felice-1723-1789\/#primaryimage\"},\"thumbnailUrl\":\"https:\/\/www.sgeaj.ch\/wp-content\/uploads\/2019\/05\/DH-de_Felice.jpg\",\"datePublished\":\"2020-10-10T07:59:44+00:00\",\"dateModified\":\"2021-04-02T13:42:48+00:00\",\"breadcrumb\":{\"@id\":\"https:\/\/www.sgeaj.ch\/fr\/humanites-digitales\/correspondance-de-lediteur-f-b-de-felice-1723-1789\/#breadcrumb\"},\"inLanguage\":\"fr-FR\",\"potentialAction\":[{\"@type\":\"ReadAction\",\"target\":[\"https:\/\/www.sgeaj.ch\/fr\/humanites-digitales\/correspondance-de-lediteur-f-b-de-felice-1723-1789\/\"]}]},{\"@type\":\"ImageObject\",\"inLanguage\":\"fr-FR\",\"@id\":\"https:\/\/www.sgeaj.ch\/fr\/humanites-digitales\/correspondance-de-lediteur-f-b-de-felice-1723-1789\/#primaryimage\",\"url\":\"https:\/\/www.sgeaj.ch\/wp-content\/uploads\/2019\/05\/DH-de_Felice.jpg\",\"contentUrl\":\"https:\/\/www.sgeaj.ch\/wp-content\/uploads\/2019\/05\/DH-de_Felice.jpg\",\"width\":373,\"height\":480},{\"@type\":\"BreadcrumbList\",\"@id\":\"https:\/\/www.sgeaj.ch\/fr\/humanites-digitales\/correspondance-de-lediteur-f-b-de-felice-1723-1789\/#breadcrumb\",\"itemListElement\":[{\"@type\":\"ListItem\",\"position\":1,\"name\":\"Recherche\",\"item\":\"https:\/\/www.sgeaj.ch\/fr\/recherche\/\"},{\"@type\":\"ListItem\",\"position\":2,\"name\":\"Les Humanit\u00e9s digitales en Suisse\",\"item\":\"https:\/\/www.sgeaj.ch\/fr\/recherche\/dh\/\"},{\"@type\":\"ListItem\",\"position\":3,\"name\":\"Correspondance de l&rsquo;\u00e9diteur F.-B. De Felice (1723-1789)\"}]},{\"@type\":\"WebSite\",\"@id\":\"https:\/\/www.sgeaj.ch\/fr\/#website\",\"url\":\"https:\/\/www.sgeaj.ch\/fr\/\",\"name\":\"Schweizerische Gesellschaft f\u00fcr die Erforschung des 18. Jahrhunderts (SGEAJ - SSEDS)\",\"description\":\"Schweizerische Gesellschaft f\u00fcr die Erforschung des 18. Jahrhunderts\",\"publisher\":{\"@id\":\"https:\/\/www.sgeaj.ch\/fr\/#organization\"},\"potentialAction\":[{\"@type\":\"SearchAction\",\"target\":{\"@type\":\"EntryPoint\",\"urlTemplate\":\"https:\/\/www.sgeaj.ch\/fr\/?s={search_term_string}\"},\"query-input\":{\"@type\":\"PropertyValueSpecification\",\"valueRequired\":true,\"valueName\":\"search_term_string\"}}],\"inLanguage\":\"fr-FR\"},{\"@type\":\"Organization\",\"@id\":\"https:\/\/www.sgeaj.ch\/fr\/#organization\",\"name\":\"Schweizerische Gesellschaft f\u00fcr die Erforschung des 18. Jahrhunderts (SGEAJ - SSEDS)\",\"url\":\"https:\/\/www.sgeaj.ch\/fr\/\",\"logo\":{\"@type\":\"ImageObject\",\"inLanguage\":\"fr-FR\",\"@id\":\"https:\/\/www.sgeaj.ch\/fr\/#\/schema\/logo\/image\/\",\"url\":\"https:\/\/www.sgeaj.ch\/wp-content\/uploads\/2021\/06\/cropped-logo-xviiies-horiz-abreuviations-bleues.png\",\"contentUrl\":\"https:\/\/www.sgeaj.ch\/wp-content\/uploads\/2021\/06\/cropped-logo-xviiies-horiz-abreuviations-bleues.png\",\"width\":659,\"height\":335,\"caption\":\"Schweizerische Gesellschaft f\u00fcr die Erforschung des 18. Jahrhunderts (SGEAJ - SSEDS)\"},\"image\":{\"@id\":\"https:\/\/www.sgeaj.ch\/fr\/#\/schema\/logo\/image\/\"}},{\"@type\":\"Person\",\"@id\":\"https:\/\/www.sgeaj.ch\/fr\/#\/schema\/person\/2cd839eed625879a17645fc9f307c8e7\",\"name\":\"Nadja Ackermann\",\"url\":\"https:\/\/www.sgeaj.ch\/fr\/author\/naackermann\/\"}]}<\/script>\n<!-- \/ Yoast SEO plugin. -->","yoast_head_json":{"title":"Correspondance de l'\u00e9diteur F.-B. De Felice (1723-1789) - Schweizerische Gesellschaft f\u00fcr die Erforschung des 18. Jahrhunderts (SGEAJ - SSEDS)","robots":{"index":"index","follow":"follow","max-snippet":"max-snippet:-1","max-image-preview":"max-image-preview:large","max-video-preview":"max-video-preview:-1"},"canonical":"https:\/\/www.sgeaj.ch\/fr\/humanites-digitales\/correspondance-de-lediteur-f-b-de-felice-1723-1789\/","twitter_misc":{"\u00c9crit par":"Nadja Ackermann","Dur\u00e9e de lecture estim\u00e9e":"2 minutes"},"schema":{"@context":"https:\/\/schema.org","@graph":[{"@type":"Article","@id":"https:\/\/www.sgeaj.ch\/fr\/humanites-digitales\/correspondance-de-lediteur-f-b-de-felice-1723-1789\/#article","isPartOf":{"@id":"https:\/\/www.sgeaj.ch\/fr\/humanites-digitales\/correspondance-de-lediteur-f-b-de-felice-1723-1789\/"},"author":{"name":"Nadja Ackermann","@id":"https:\/\/www.sgeaj.ch\/fr\/#\/schema\/person\/2cd839eed625879a17645fc9f307c8e7"},"headline":"Correspondance de l&rsquo;\u00e9diteur F.-B. De Felice (1723-1789)","datePublished":"2020-10-10T07:59:44+00:00","dateModified":"2021-04-02T13:42:48+00:00","mainEntityOfPage":{"@id":"https:\/\/www.sgeaj.ch\/fr\/humanites-digitales\/correspondance-de-lediteur-f-b-de-felice-1723-1789\/"},"wordCount":295,"publisher":{"@id":"https:\/\/www.sgeaj.ch\/fr\/#organization"},"image":{"@id":"https:\/\/www.sgeaj.ch\/fr\/humanites-digitales\/correspondance-de-lediteur-f-b-de-felice-1723-1789\/#primaryimage"},"thumbnailUrl":"https:\/\/www.sgeaj.ch\/wp-content\/uploads\/2019\/05\/DH-de_Felice.jpg","articleSection":["Humanit\u00e9s digitales : base de donn\u00e9es"],"inLanguage":"fr-FR"},{"@type":"WebPage","@id":"https:\/\/www.sgeaj.ch\/fr\/humanites-digitales\/correspondance-de-lediteur-f-b-de-felice-1723-1789\/","url":"https:\/\/www.sgeaj.ch\/fr\/humanites-digitales\/correspondance-de-lediteur-f-b-de-felice-1723-1789\/","name":"Correspondance de l'\u00e9diteur F.-B. De Felice (1723-1789) - Schweizerische Gesellschaft f\u00fcr die Erforschung des 18. Jahrhunderts (SGEAJ - SSEDS)","isPartOf":{"@id":"https:\/\/www.sgeaj.ch\/fr\/#website"},"primaryImageOfPage":{"@id":"https:\/\/www.sgeaj.ch\/fr\/humanites-digitales\/correspondance-de-lediteur-f-b-de-felice-1723-1789\/#primaryimage"},"image":{"@id":"https:\/\/www.sgeaj.ch\/fr\/humanites-digitales\/correspondance-de-lediteur-f-b-de-felice-1723-1789\/#primaryimage"},"thumbnailUrl":"https:\/\/www.sgeaj.ch\/wp-content\/uploads\/2019\/05\/DH-de_Felice.jpg","datePublished":"2020-10-10T07:59:44+00:00","dateModified":"2021-04-02T13:42:48+00:00","breadcrumb":{"@id":"https:\/\/www.sgeaj.ch\/fr\/humanites-digitales\/correspondance-de-lediteur-f-b-de-felice-1723-1789\/#breadcrumb"},"inLanguage":"fr-FR","potentialAction":[{"@type":"ReadAction","target":["https:\/\/www.sgeaj.ch\/fr\/humanites-digitales\/correspondance-de-lediteur-f-b-de-felice-1723-1789\/"]}]},{"@type":"ImageObject","inLanguage":"fr-FR","@id":"https:\/\/www.sgeaj.ch\/fr\/humanites-digitales\/correspondance-de-lediteur-f-b-de-felice-1723-1789\/#primaryimage","url":"https:\/\/www.sgeaj.ch\/wp-content\/uploads\/2019\/05\/DH-de_Felice.jpg","contentUrl":"https:\/\/www.sgeaj.ch\/wp-content\/uploads\/2019\/05\/DH-de_Felice.jpg","width":373,"height":480},{"@type":"BreadcrumbList","@id":"https:\/\/www.sgeaj.ch\/fr\/humanites-digitales\/correspondance-de-lediteur-f-b-de-felice-1723-1789\/#breadcrumb","itemListElement":[{"@type":"ListItem","position":1,"name":"Recherche","item":"https:\/\/www.sgeaj.ch\/fr\/recherche\/"},{"@type":"ListItem","position":2,"name":"Les Humanit\u00e9s digitales en Suisse","item":"https:\/\/www.sgeaj.ch\/fr\/recherche\/dh\/"},{"@type":"ListItem","position":3,"name":"Correspondance de l&rsquo;\u00e9diteur F.-B. De Felice (1723-1789)"}]},{"@type":"WebSite","@id":"https:\/\/www.sgeaj.ch\/fr\/#website","url":"https:\/\/www.sgeaj.ch\/fr\/","name":"Schweizerische Gesellschaft f\u00fcr die Erforschung des 18. Jahrhunderts (SGEAJ - SSEDS)","description":"Schweizerische Gesellschaft f\u00fcr die Erforschung des 18. Jahrhunderts","publisher":{"@id":"https:\/\/www.sgeaj.ch\/fr\/#organization"},"potentialAction":[{"@type":"SearchAction","target":{"@type":"EntryPoint","urlTemplate":"https:\/\/www.sgeaj.ch\/fr\/?s={search_term_string}"},"query-input":{"@type":"PropertyValueSpecification","valueRequired":true,"valueName":"search_term_string"}}],"inLanguage":"fr-FR"},{"@type":"Organization","@id":"https:\/\/www.sgeaj.ch\/fr\/#organization","name":"Schweizerische Gesellschaft f\u00fcr die Erforschung des 18. Jahrhunderts (SGEAJ - SSEDS)","url":"https:\/\/www.sgeaj.ch\/fr\/","logo":{"@type":"ImageObject","inLanguage":"fr-FR","@id":"https:\/\/www.sgeaj.ch\/fr\/#\/schema\/logo\/image\/","url":"https:\/\/www.sgeaj.ch\/wp-content\/uploads\/2021\/06\/cropped-logo-xviiies-horiz-abreuviations-bleues.png","contentUrl":"https:\/\/www.sgeaj.ch\/wp-content\/uploads\/2021\/06\/cropped-logo-xviiies-horiz-abreuviations-bleues.png","width":659,"height":335,"caption":"Schweizerische Gesellschaft f\u00fcr die Erforschung des 18. Jahrhunderts (SGEAJ - SSEDS)"},"image":{"@id":"https:\/\/www.sgeaj.ch\/fr\/#\/schema\/logo\/image\/"}},{"@type":"Person","@id":"https:\/\/www.sgeaj.ch\/fr\/#\/schema\/person\/2cd839eed625879a17645fc9f307c8e7","name":"Nadja Ackermann","url":"https:\/\/www.sgeaj.ch\/fr\/author\/naackermann\/"}]}},"_links":{"self":[{"href":"https:\/\/www.sgeaj.ch\/fr\/wp-json\/wp\/v2\/posts\/5079","targetHints":{"allow":["GET"]}}],"collection":[{"href":"https:\/\/www.sgeaj.ch\/fr\/wp-json\/wp\/v2\/posts"}],"about":[{"href":"https:\/\/www.sgeaj.ch\/fr\/wp-json\/wp\/v2\/types\/post"}],"author":[{"embeddable":true,"href":"https:\/\/www.sgeaj.ch\/fr\/wp-json\/wp\/v2\/users\/7"}],"replies":[{"embeddable":true,"href":"https:\/\/www.sgeaj.ch\/fr\/wp-json\/wp\/v2\/comments?post=5079"}],"version-history":[{"count":1,"href":"https:\/\/www.sgeaj.ch\/fr\/wp-json\/wp\/v2\/posts\/5079\/revisions"}],"predecessor-version":[{"id":5936,"href":"https:\/\/www.sgeaj.ch\/fr\/wp-json\/wp\/v2\/posts\/5079\/revisions\/5936"}],"wp:featuredmedia":[{"embeddable":true,"href":"https:\/\/www.sgeaj.ch\/fr\/wp-json\/wp\/v2\/media\/3785"}],"wp:attachment":[{"href":"https:\/\/www.sgeaj.ch\/fr\/wp-json\/wp\/v2\/media?parent=5079"}],"wp:term":[{"taxonomy":"category","embeddable":true,"href":"https:\/\/www.sgeaj.ch\/fr\/wp-json\/wp\/v2\/categories?post=5079"},{"taxonomy":"post_tag","embeddable":true,"href":"https:\/\/www.sgeaj.ch\/fr\/wp-json\/wp\/v2\/tags?post=5079"}],"curies":[{"name":"wp","href":"https:\/\/api.w.org\/{rel}","templated":true}]}}