{"id":5106,"date":"2020-10-10T10:13:28","date_gmt":"2020-10-10T08:13:28","guid":{"rendered":"https:\/\/www.sgeaj.ch\/actualite\/non-classifiee\/johann-caspar-lavater-historisch-kritische-edition-ausgewaehlter-briefwechsel\/"},"modified":"2021-05-07T17:58:00","modified_gmt":"2021-05-07T15:58:00","slug":"johann-caspar-lavater-historisch-kritische-edition-ausgewaehlter-briefwechsel","status":"publish","type":"post","link":"https:\/\/www.sgeaj.ch\/fr\/humanites-digitales\/johann-caspar-lavater-historisch-kritische-edition-ausgewaehlter-briefwechsel\/","title":{"rendered":"Johann Caspar Lavater &#8211; Historisch-kritische Edition ausgew\u00e4hlter Briefwechsel"},"content":{"rendered":"\n<h3 class=\"wp-block-heading\"><em>Universit\u00e4t Z\u00fcrich (Deutsches Seminar) \/ Forschungsstiftung Johann Caspar Lavater <br>Projektleitung: Dr. Ursula Caflisch-Schnetzler, Prof. Dr. Davide Giuriato<\/em> <\/h3>\n\n\n\n<p>Johann Caspar Lavater (1741-1801) war eine der zentralsten Figuren in den Netzwerkstrukturen des 18. Jahrhunderts. Sein epistolarisches Werk beeinflusste in seiner Intensit\u00e4t und Diversit\u00e4t die Wissenskultur der Aufkl\u00e4rung, des Sturm und Drangs, der Empfindsamkeit und des Pietismus. Das Forschungsprojekt Johann Caspar Lavater \u2013 <strong><a href=\"http:\/\/www.lavater.com\/briefwechsel\" target=\"_blank\" rel=\"noreferrer noopener\">Historisch-kritische Edition ausgew\u00e4hlter Briefwechsel (JCLB)<\/a><\/strong> digitalisiert und erfasst den Bestand der weit \u00fcber 20\u2019000 Briefe von und an Lavater, um in einer Web-basierten Online-Edition davon ausgew\u00e4hlte Briefwechsel zu edieren und Lavaters gesamte Korrespondenz erstmals synoptisch in ihrer ganzen Komplexit\u00e4t und ihrem Umfang f\u00fcr die Forschung zu erschliessen. In Zusammenarbeit mit der Zentralbibliothek Z\u00fcrich, dem Kompetenzzentrum f\u00fcr elektronische Erschlie\u00dfungs- und Publikationsverfahren in den Geisteswissenschaften der Universit\u00e4t Trier, der IT-Abteilung der Universit\u00e4t Z\u00fcrich und NIE-INE er\u00f6ffnen sich mit dem Projekt wesentliche Impulse f\u00fcr die Lavater-Forschung sowie die Wissenskultur und Wissensstruktur der zweiten H\u00e4lfte des 18. Jahrhunderts. Durch die Aufbereitung wird das reiche und interdisziplin\u00e4r orientierte Material der Briefe Lavaters zudem f\u00fcr aktuelle wissenschaftliche Fragestellungen erschlossen. Es ergeben sich so aus Lavaters philosophischen, theologischen, physiognomischen und p\u00e4dagogischen Aussagen aufschlussreiche \u00dcberlegungen und auch aktuelle Fragestellungen in interdisziplin\u00e4rer Hinsicht.<\/p>\n","protected":false},"excerpt":{"rendered":"<p>J. C. Lavater: Historisch-kritische Edition ausgew\u00e4hlter Briefwechsel<\/p>\n<p>Universit\u00e4t Z\u00fcrich (Deutsches Seminar) \/ Forschungsstiftung Johann Caspar Lavater<br \/>\nProjektleitung: Dr. U. Caflisch-Schnetzler, Prof. Dr. D. Giuriato<\/p>\n","protected":false},"author":7,"featured_media":3789,"comment_status":"closed","ping_status":"closed","sticky":false,"template":"","format":"standard","meta":{"footnotes":""},"categories":[44],"tags":[],"class_list":{"0":"post-5106","1":"post","2":"type-post","3":"status-publish","4":"format-standard","5":"has-post-thumbnail","7":"category-humanites-digitales","8":"czr-hentry"},"yoast_head":"<!-- This site is optimized with the Yoast SEO plugin v26.9 - https:\/\/yoast.com\/product\/yoast-seo-wordpress\/ -->\n<title>Johann Caspar Lavater - Historisch-kritische Edition ausgew\u00e4hlter Briefwechsel - Schweizerische Gesellschaft f\u00fcr die Erforschung des 18. Jahrhunderts (SGEAJ - SSEDS)<\/title>\n<meta name=\"robots\" content=\"index, follow, max-snippet:-1, max-image-preview:large, max-video-preview:-1\" \/>\n<link rel=\"canonical\" href=\"https:\/\/www.sgeaj.ch\/fr\/humanites-digitales\/johann-caspar-lavater-historisch-kritische-edition-ausgewaehlter-briefwechsel\/\" \/>\n<meta name=\"twitter:label1\" content=\"\u00c9crit par\" \/>\n\t<meta name=\"twitter:data1\" content=\"Nadja Ackermann\" \/>\n\t<meta name=\"twitter:label2\" content=\"Dur\u00e9e de lecture estim\u00e9e\" \/>\n\t<meta name=\"twitter:data2\" content=\"1 minute\" \/>\n<script type=\"application\/ld+json\" class=\"yoast-schema-graph\">{\"@context\":\"https:\/\/schema.org\",\"@graph\":[{\"@type\":\"Article\",\"@id\":\"https:\/\/www.sgeaj.ch\/fr\/humanites-digitales\/johann-caspar-lavater-historisch-kritische-edition-ausgewaehlter-briefwechsel\/#article\",\"isPartOf\":{\"@id\":\"https:\/\/www.sgeaj.ch\/fr\/humanites-digitales\/johann-caspar-lavater-historisch-kritische-edition-ausgewaehlter-briefwechsel\/\"},\"author\":{\"name\":\"Nadja Ackermann\",\"@id\":\"https:\/\/www.sgeaj.ch\/fr\/#\/schema\/person\/2cd839eed625879a17645fc9f307c8e7\"},\"headline\":\"Johann Caspar Lavater &#8211; Historisch-kritische Edition ausgew\u00e4hlter Briefwechsel\",\"datePublished\":\"2020-10-10T08:13:28+00:00\",\"dateModified\":\"2021-05-07T15:58:00+00:00\",\"mainEntityOfPage\":{\"@id\":\"https:\/\/www.sgeaj.ch\/fr\/humanites-digitales\/johann-caspar-lavater-historisch-kritische-edition-ausgewaehlter-briefwechsel\/\"},\"wordCount\":220,\"publisher\":{\"@id\":\"https:\/\/www.sgeaj.ch\/fr\/#organization\"},\"image\":{\"@id\":\"https:\/\/www.sgeaj.ch\/fr\/humanites-digitales\/johann-caspar-lavater-historisch-kritische-edition-ausgewaehlter-briefwechsel\/#primaryimage\"},\"thumbnailUrl\":\"https:\/\/www.sgeaj.ch\/wp-content\/uploads\/2019\/05\/DH-LavaterJC.jpg\",\"articleSection\":[\"Humanit\u00e9s digitales : base de donn\u00e9es\"],\"inLanguage\":\"fr-FR\"},{\"@type\":\"WebPage\",\"@id\":\"https:\/\/www.sgeaj.ch\/fr\/humanites-digitales\/johann-caspar-lavater-historisch-kritische-edition-ausgewaehlter-briefwechsel\/\",\"url\":\"https:\/\/www.sgeaj.ch\/fr\/humanites-digitales\/johann-caspar-lavater-historisch-kritische-edition-ausgewaehlter-briefwechsel\/\",\"name\":\"Johann Caspar Lavater - Historisch-kritische Edition ausgew\u00e4hlter Briefwechsel - Schweizerische Gesellschaft f\u00fcr die Erforschung des 18. Jahrhunderts (SGEAJ - SSEDS)\",\"isPartOf\":{\"@id\":\"https:\/\/www.sgeaj.ch\/fr\/#website\"},\"primaryImageOfPage\":{\"@id\":\"https:\/\/www.sgeaj.ch\/fr\/humanites-digitales\/johann-caspar-lavater-historisch-kritische-edition-ausgewaehlter-briefwechsel\/#primaryimage\"},\"image\":{\"@id\":\"https:\/\/www.sgeaj.ch\/fr\/humanites-digitales\/johann-caspar-lavater-historisch-kritische-edition-ausgewaehlter-briefwechsel\/#primaryimage\"},\"thumbnailUrl\":\"https:\/\/www.sgeaj.ch\/wp-content\/uploads\/2019\/05\/DH-LavaterJC.jpg\",\"datePublished\":\"2020-10-10T08:13:28+00:00\",\"dateModified\":\"2021-05-07T15:58:00+00:00\",\"breadcrumb\":{\"@id\":\"https:\/\/www.sgeaj.ch\/fr\/humanites-digitales\/johann-caspar-lavater-historisch-kritische-edition-ausgewaehlter-briefwechsel\/#breadcrumb\"},\"inLanguage\":\"fr-FR\",\"potentialAction\":[{\"@type\":\"ReadAction\",\"target\":[\"https:\/\/www.sgeaj.ch\/fr\/humanites-digitales\/johann-caspar-lavater-historisch-kritische-edition-ausgewaehlter-briefwechsel\/\"]}]},{\"@type\":\"ImageObject\",\"inLanguage\":\"fr-FR\",\"@id\":\"https:\/\/www.sgeaj.ch\/fr\/humanites-digitales\/johann-caspar-lavater-historisch-kritische-edition-ausgewaehlter-briefwechsel\/#primaryimage\",\"url\":\"https:\/\/www.sgeaj.ch\/wp-content\/uploads\/2019\/05\/DH-LavaterJC.jpg\",\"contentUrl\":\"https:\/\/www.sgeaj.ch\/wp-content\/uploads\/2019\/05\/DH-LavaterJC.jpg\",\"width\":765,\"height\":924},{\"@type\":\"BreadcrumbList\",\"@id\":\"https:\/\/www.sgeaj.ch\/fr\/humanites-digitales\/johann-caspar-lavater-historisch-kritische-edition-ausgewaehlter-briefwechsel\/#breadcrumb\",\"itemListElement\":[{\"@type\":\"ListItem\",\"position\":1,\"name\":\"Recherche\",\"item\":\"https:\/\/www.sgeaj.ch\/fr\/recherche\/\"},{\"@type\":\"ListItem\",\"position\":2,\"name\":\"Les Humanit\u00e9s digitales en Suisse\",\"item\":\"https:\/\/www.sgeaj.ch\/fr\/recherche\/dh\/\"},{\"@type\":\"ListItem\",\"position\":3,\"name\":\"Johann Caspar Lavater &#8211; Historisch-kritische Edition ausgew\u00e4hlter Briefwechsel\"}]},{\"@type\":\"WebSite\",\"@id\":\"https:\/\/www.sgeaj.ch\/fr\/#website\",\"url\":\"https:\/\/www.sgeaj.ch\/fr\/\",\"name\":\"Schweizerische Gesellschaft f\u00fcr die Erforschung des 18. Jahrhunderts (SGEAJ - SSEDS)\",\"description\":\"Schweizerische Gesellschaft f\u00fcr die Erforschung des 18. Jahrhunderts\",\"publisher\":{\"@id\":\"https:\/\/www.sgeaj.ch\/fr\/#organization\"},\"potentialAction\":[{\"@type\":\"SearchAction\",\"target\":{\"@type\":\"EntryPoint\",\"urlTemplate\":\"https:\/\/www.sgeaj.ch\/fr\/?s={search_term_string}\"},\"query-input\":{\"@type\":\"PropertyValueSpecification\",\"valueRequired\":true,\"valueName\":\"search_term_string\"}}],\"inLanguage\":\"fr-FR\"},{\"@type\":\"Organization\",\"@id\":\"https:\/\/www.sgeaj.ch\/fr\/#organization\",\"name\":\"Schweizerische Gesellschaft f\u00fcr die Erforschung des 18. Jahrhunderts (SGEAJ - SSEDS)\",\"url\":\"https:\/\/www.sgeaj.ch\/fr\/\",\"logo\":{\"@type\":\"ImageObject\",\"inLanguage\":\"fr-FR\",\"@id\":\"https:\/\/www.sgeaj.ch\/fr\/#\/schema\/logo\/image\/\",\"url\":\"https:\/\/www.sgeaj.ch\/wp-content\/uploads\/2021\/06\/cropped-logo-xviiies-horiz-abreuviations-bleues.png\",\"contentUrl\":\"https:\/\/www.sgeaj.ch\/wp-content\/uploads\/2021\/06\/cropped-logo-xviiies-horiz-abreuviations-bleues.png\",\"width\":659,\"height\":335,\"caption\":\"Schweizerische Gesellschaft f\u00fcr die Erforschung des 18. Jahrhunderts (SGEAJ - SSEDS)\"},\"image\":{\"@id\":\"https:\/\/www.sgeaj.ch\/fr\/#\/schema\/logo\/image\/\"}},{\"@type\":\"Person\",\"@id\":\"https:\/\/www.sgeaj.ch\/fr\/#\/schema\/person\/2cd839eed625879a17645fc9f307c8e7\",\"name\":\"Nadja Ackermann\",\"url\":\"https:\/\/www.sgeaj.ch\/fr\/author\/naackermann\/\"}]}<\/script>\n<!-- \/ Yoast SEO plugin. -->","yoast_head_json":{"title":"Johann Caspar Lavater - Historisch-kritische Edition ausgew\u00e4hlter Briefwechsel - Schweizerische Gesellschaft f\u00fcr die Erforschung des 18. Jahrhunderts (SGEAJ - SSEDS)","robots":{"index":"index","follow":"follow","max-snippet":"max-snippet:-1","max-image-preview":"max-image-preview:large","max-video-preview":"max-video-preview:-1"},"canonical":"https:\/\/www.sgeaj.ch\/fr\/humanites-digitales\/johann-caspar-lavater-historisch-kritische-edition-ausgewaehlter-briefwechsel\/","twitter_misc":{"\u00c9crit par":"Nadja Ackermann","Dur\u00e9e de lecture estim\u00e9e":"1 minute"},"schema":{"@context":"https:\/\/schema.org","@graph":[{"@type":"Article","@id":"https:\/\/www.sgeaj.ch\/fr\/humanites-digitales\/johann-caspar-lavater-historisch-kritische-edition-ausgewaehlter-briefwechsel\/#article","isPartOf":{"@id":"https:\/\/www.sgeaj.ch\/fr\/humanites-digitales\/johann-caspar-lavater-historisch-kritische-edition-ausgewaehlter-briefwechsel\/"},"author":{"name":"Nadja Ackermann","@id":"https:\/\/www.sgeaj.ch\/fr\/#\/schema\/person\/2cd839eed625879a17645fc9f307c8e7"},"headline":"Johann Caspar Lavater &#8211; Historisch-kritische Edition ausgew\u00e4hlter Briefwechsel","datePublished":"2020-10-10T08:13:28+00:00","dateModified":"2021-05-07T15:58:00+00:00","mainEntityOfPage":{"@id":"https:\/\/www.sgeaj.ch\/fr\/humanites-digitales\/johann-caspar-lavater-historisch-kritische-edition-ausgewaehlter-briefwechsel\/"},"wordCount":220,"publisher":{"@id":"https:\/\/www.sgeaj.ch\/fr\/#organization"},"image":{"@id":"https:\/\/www.sgeaj.ch\/fr\/humanites-digitales\/johann-caspar-lavater-historisch-kritische-edition-ausgewaehlter-briefwechsel\/#primaryimage"},"thumbnailUrl":"https:\/\/www.sgeaj.ch\/wp-content\/uploads\/2019\/05\/DH-LavaterJC.jpg","articleSection":["Humanit\u00e9s digitales : base de donn\u00e9es"],"inLanguage":"fr-FR"},{"@type":"WebPage","@id":"https:\/\/www.sgeaj.ch\/fr\/humanites-digitales\/johann-caspar-lavater-historisch-kritische-edition-ausgewaehlter-briefwechsel\/","url":"https:\/\/www.sgeaj.ch\/fr\/humanites-digitales\/johann-caspar-lavater-historisch-kritische-edition-ausgewaehlter-briefwechsel\/","name":"Johann Caspar Lavater - Historisch-kritische Edition ausgew\u00e4hlter Briefwechsel - Schweizerische Gesellschaft f\u00fcr die Erforschung des 18. Jahrhunderts (SGEAJ - SSEDS)","isPartOf":{"@id":"https:\/\/www.sgeaj.ch\/fr\/#website"},"primaryImageOfPage":{"@id":"https:\/\/www.sgeaj.ch\/fr\/humanites-digitales\/johann-caspar-lavater-historisch-kritische-edition-ausgewaehlter-briefwechsel\/#primaryimage"},"image":{"@id":"https:\/\/www.sgeaj.ch\/fr\/humanites-digitales\/johann-caspar-lavater-historisch-kritische-edition-ausgewaehlter-briefwechsel\/#primaryimage"},"thumbnailUrl":"https:\/\/www.sgeaj.ch\/wp-content\/uploads\/2019\/05\/DH-LavaterJC.jpg","datePublished":"2020-10-10T08:13:28+00:00","dateModified":"2021-05-07T15:58:00+00:00","breadcrumb":{"@id":"https:\/\/www.sgeaj.ch\/fr\/humanites-digitales\/johann-caspar-lavater-historisch-kritische-edition-ausgewaehlter-briefwechsel\/#breadcrumb"},"inLanguage":"fr-FR","potentialAction":[{"@type":"ReadAction","target":["https:\/\/www.sgeaj.ch\/fr\/humanites-digitales\/johann-caspar-lavater-historisch-kritische-edition-ausgewaehlter-briefwechsel\/"]}]},{"@type":"ImageObject","inLanguage":"fr-FR","@id":"https:\/\/www.sgeaj.ch\/fr\/humanites-digitales\/johann-caspar-lavater-historisch-kritische-edition-ausgewaehlter-briefwechsel\/#primaryimage","url":"https:\/\/www.sgeaj.ch\/wp-content\/uploads\/2019\/05\/DH-LavaterJC.jpg","contentUrl":"https:\/\/www.sgeaj.ch\/wp-content\/uploads\/2019\/05\/DH-LavaterJC.jpg","width":765,"height":924},{"@type":"BreadcrumbList","@id":"https:\/\/www.sgeaj.ch\/fr\/humanites-digitales\/johann-caspar-lavater-historisch-kritische-edition-ausgewaehlter-briefwechsel\/#breadcrumb","itemListElement":[{"@type":"ListItem","position":1,"name":"Recherche","item":"https:\/\/www.sgeaj.ch\/fr\/recherche\/"},{"@type":"ListItem","position":2,"name":"Les Humanit\u00e9s digitales en Suisse","item":"https:\/\/www.sgeaj.ch\/fr\/recherche\/dh\/"},{"@type":"ListItem","position":3,"name":"Johann Caspar Lavater &#8211; Historisch-kritische Edition ausgew\u00e4hlter Briefwechsel"}]},{"@type":"WebSite","@id":"https:\/\/www.sgeaj.ch\/fr\/#website","url":"https:\/\/www.sgeaj.ch\/fr\/","name":"Schweizerische Gesellschaft f\u00fcr die Erforschung des 18. Jahrhunderts (SGEAJ - SSEDS)","description":"Schweizerische Gesellschaft f\u00fcr die Erforschung des 18. Jahrhunderts","publisher":{"@id":"https:\/\/www.sgeaj.ch\/fr\/#organization"},"potentialAction":[{"@type":"SearchAction","target":{"@type":"EntryPoint","urlTemplate":"https:\/\/www.sgeaj.ch\/fr\/?s={search_term_string}"},"query-input":{"@type":"PropertyValueSpecification","valueRequired":true,"valueName":"search_term_string"}}],"inLanguage":"fr-FR"},{"@type":"Organization","@id":"https:\/\/www.sgeaj.ch\/fr\/#organization","name":"Schweizerische Gesellschaft f\u00fcr die Erforschung des 18. Jahrhunderts (SGEAJ - SSEDS)","url":"https:\/\/www.sgeaj.ch\/fr\/","logo":{"@type":"ImageObject","inLanguage":"fr-FR","@id":"https:\/\/www.sgeaj.ch\/fr\/#\/schema\/logo\/image\/","url":"https:\/\/www.sgeaj.ch\/wp-content\/uploads\/2021\/06\/cropped-logo-xviiies-horiz-abreuviations-bleues.png","contentUrl":"https:\/\/www.sgeaj.ch\/wp-content\/uploads\/2021\/06\/cropped-logo-xviiies-horiz-abreuviations-bleues.png","width":659,"height":335,"caption":"Schweizerische Gesellschaft f\u00fcr die Erforschung des 18. Jahrhunderts (SGEAJ - SSEDS)"},"image":{"@id":"https:\/\/www.sgeaj.ch\/fr\/#\/schema\/logo\/image\/"}},{"@type":"Person","@id":"https:\/\/www.sgeaj.ch\/fr\/#\/schema\/person\/2cd839eed625879a17645fc9f307c8e7","name":"Nadja Ackermann","url":"https:\/\/www.sgeaj.ch\/fr\/author\/naackermann\/"}]}},"_links":{"self":[{"href":"https:\/\/www.sgeaj.ch\/fr\/wp-json\/wp\/v2\/posts\/5106","targetHints":{"allow":["GET"]}}],"collection":[{"href":"https:\/\/www.sgeaj.ch\/fr\/wp-json\/wp\/v2\/posts"}],"about":[{"href":"https:\/\/www.sgeaj.ch\/fr\/wp-json\/wp\/v2\/types\/post"}],"author":[{"embeddable":true,"href":"https:\/\/www.sgeaj.ch\/fr\/wp-json\/wp\/v2\/users\/7"}],"replies":[{"embeddable":true,"href":"https:\/\/www.sgeaj.ch\/fr\/wp-json\/wp\/v2\/comments?post=5106"}],"version-history":[{"count":5,"href":"https:\/\/www.sgeaj.ch\/fr\/wp-json\/wp\/v2\/posts\/5106\/revisions"}],"predecessor-version":[{"id":6416,"href":"https:\/\/www.sgeaj.ch\/fr\/wp-json\/wp\/v2\/posts\/5106\/revisions\/6416"}],"wp:featuredmedia":[{"embeddable":true,"href":"https:\/\/www.sgeaj.ch\/fr\/wp-json\/wp\/v2\/media\/3789"}],"wp:attachment":[{"href":"https:\/\/www.sgeaj.ch\/fr\/wp-json\/wp\/v2\/media?parent=5106"}],"wp:term":[{"taxonomy":"category","embeddable":true,"href":"https:\/\/www.sgeaj.ch\/fr\/wp-json\/wp\/v2\/categories?post=5106"},{"taxonomy":"post_tag","embeddable":true,"href":"https:\/\/www.sgeaj.ch\/fr\/wp-json\/wp\/v2\/tags?post=5106"}],"curies":[{"name":"wp","href":"https:\/\/api.w.org\/{rel}","templated":true}]}}