{"id":5108,"date":"2020-10-10T10:03:38","date_gmt":"2020-10-10T08:03:38","guid":{"rendered":"https:\/\/www.sgeaj.ch\/actualite\/non-classifiee\/egodocuments-ch\/"},"modified":"2021-04-02T15:42:21","modified_gmt":"2021-04-02T13:42:21","slug":"egodocuments-ch","status":"publish","type":"post","link":"https:\/\/www.sgeaj.ch\/fr\/humanites-digitales\/egodocuments-ch\/","title":{"rendered":"Egodocuments.ch"},"content":{"rendered":"\n<h3 class=\"wp-block-heading\"> <em>Universit\u00e9 de Lausanne <br> Responsable du projet: Prof. Dani\u00e8le Tosato-Rigo <\/em><\/h3>\n\n\n\n<p>Base de donn\u00e9es et site internet destin\u00e9s \u00e0 r\u00e9pertorier, visibiliser et valoriser les \u00e9crits personnels r\u00e9dig\u00e9s entre 1500 et 1820 conserv\u00e9s dans les principales archives et biblioth\u00e8ques helv\u00e9tiques. Totalisant \u00e0 ce jour 1650 notices, principalement relatives \u00e0 des autobiographies, journaux de toute nature, r\u00e9cits de voyage, livres de raison, chroniques et livres de famille, Egodocuments.ch met en \u00e9vidence les pratiques d\u2019\u00e9criture des grandes familles bourgeoises et nobiliaires des diff\u00e9rentes r\u00e9gions linguistiques, mais \u00e9galement de personnages plus modestes.<br>La base, qui continue d\u2019\u00eatre aliment\u00e9e par divers contributeurs, est issue de trois projets soutenus par le Fonds national de la recherche scientifique, qui ont \u00e9troitement li\u00e9 l\u2019inventorisation des documents \u00e0 leur exploitation scientifique : <em>Deutschschweizerische Selbstzeugnisse (1500-1800) als Quellen der Mentalit\u00e4tsgeschichte<\/em> (1996-2003), dirig\u00e9 par Kaspar von Greyerz (universit\u00e9s de Zurich puis de B\u00e2le) avec la collaboration scientifique des doctorant-e-s Lorenz Heiligensetzer, Sebastian Leutert et Gudrun Piller\u00a0; <em>L\u2019\u00e9ducation domestique au miroir des \u00e9crits personnels en Suisse romande (1750-1820)<\/em>, et\u00a0<em>Valorisation scientifique des \u00e9crits personnels de Suisse latine (1500-1820)<\/em> (2010-2018), dirig\u00e9s par Dani\u00e8le Tosato-Rigo (universit\u00e9 de Lausanne) avec la collaboration scientifique, pour la Suisse francophone, des doctorantes Fiona Fleischner, Maila Kocher Girinshuiti, Sylvie Moret Petrini, et, pour la Suisse italophone, de Miriam Nicoli, chercheuse post-doc.<br>Le <strong><a href=\"http:\/\/www.egodocuments.ch\" target=\"_blank\" rel=\"noreferrer noopener\">site web<\/a><\/strong> propose une bibliographie<em> refl\u00e9tant<\/em> le champ de la recherche sur les \u00e9crits personnels ainsi que des liens qui renvoient \u00e0 des sites ayant la m\u00eame vocation. S\u2019appuyant depuis 2019 sur un r\u00e9seau de chercheurs associ\u00e9s \u00e9manant des divers cantons suisses, il annonce les actualit\u00e9s et les nouvelles parutions dans ce domaine.<\/p>\n","protected":false},"excerpt":{"rendered":"<p>Universit\u00e9 de Lausanne Responsable du projet: Prof. Dani\u00e8le Tosato-Rigo Base de donn\u00e9es et site internet destin\u00e9s \u00e0 r\u00e9pertorier, visibiliser et valoriser les \u00e9crits personnels r\u00e9dig\u00e9s entre 1500 et 1820 conserv\u00e9s dans les principales archives et biblioth\u00e8ques helv\u00e9tiques. Totalisant \u00e0 ce jour 1650 notices, principalement relatives \u00e0 des autobiographies, journaux de toute nature, r\u00e9cits de voyage, [&hellip;]<\/p>\n","protected":false},"author":7,"featured_media":3770,"comment_status":"closed","ping_status":"closed","sticky":false,"template":"","format":"standard","meta":{"footnotes":""},"categories":[44],"tags":[],"class_list":{"0":"post-5108","1":"post","2":"type-post","3":"status-publish","4":"format-standard","5":"has-post-thumbnail","7":"category-humanites-digitales","8":"czr-hentry"},"yoast_head":"<!-- This site is optimized with the Yoast SEO plugin v26.9 - https:\/\/yoast.com\/product\/yoast-seo-wordpress\/ -->\n<title>Egodocuments.ch - Schweizerische Gesellschaft f\u00fcr die Erforschung des 18. Jahrhunderts (SGEAJ - SSEDS)<\/title>\n<meta name=\"robots\" content=\"index, follow, max-snippet:-1, max-image-preview:large, max-video-preview:-1\" \/>\n<link rel=\"canonical\" href=\"https:\/\/www.sgeaj.ch\/fr\/humanites-digitales\/egodocuments-ch\/\" \/>\n<meta name=\"twitter:label1\" content=\"\u00c9crit par\" \/>\n\t<meta name=\"twitter:data1\" content=\"Nadja Ackermann\" \/>\n\t<meta name=\"twitter:label2\" content=\"Dur\u00e9e de lecture estim\u00e9e\" \/>\n\t<meta name=\"twitter:data2\" content=\"2 minutes\" \/>\n<script type=\"application\/ld+json\" class=\"yoast-schema-graph\">{\"@context\":\"https:\/\/schema.org\",\"@graph\":[{\"@type\":\"Article\",\"@id\":\"https:\/\/www.sgeaj.ch\/fr\/humanites-digitales\/egodocuments-ch\/#article\",\"isPartOf\":{\"@id\":\"https:\/\/www.sgeaj.ch\/fr\/humanites-digitales\/egodocuments-ch\/\"},\"author\":{\"name\":\"Nadja Ackermann\",\"@id\":\"https:\/\/www.sgeaj.ch\/fr\/#\/schema\/person\/2cd839eed625879a17645fc9f307c8e7\"},\"headline\":\"Egodocuments.ch\",\"datePublished\":\"2020-10-10T08:03:38+00:00\",\"dateModified\":\"2021-04-02T13:42:21+00:00\",\"mainEntityOfPage\":{\"@id\":\"https:\/\/www.sgeaj.ch\/fr\/humanites-digitales\/egodocuments-ch\/\"},\"wordCount\":285,\"publisher\":{\"@id\":\"https:\/\/www.sgeaj.ch\/fr\/#organization\"},\"image\":{\"@id\":\"https:\/\/www.sgeaj.ch\/fr\/humanites-digitales\/egodocuments-ch\/#primaryimage\"},\"thumbnailUrl\":\"https:\/\/www.sgeaj.ch\/wp-content\/uploads\/2019\/02\/2019-VernissageEgodoc.png\",\"articleSection\":[\"Humanit\u00e9s digitales : base de donn\u00e9es\"],\"inLanguage\":\"fr-FR\"},{\"@type\":\"WebPage\",\"@id\":\"https:\/\/www.sgeaj.ch\/fr\/humanites-digitales\/egodocuments-ch\/\",\"url\":\"https:\/\/www.sgeaj.ch\/fr\/humanites-digitales\/egodocuments-ch\/\",\"name\":\"Egodocuments.ch - Schweizerische Gesellschaft f\u00fcr die Erforschung des 18. Jahrhunderts (SGEAJ - SSEDS)\",\"isPartOf\":{\"@id\":\"https:\/\/www.sgeaj.ch\/fr\/#website\"},\"primaryImageOfPage\":{\"@id\":\"https:\/\/www.sgeaj.ch\/fr\/humanites-digitales\/egodocuments-ch\/#primaryimage\"},\"image\":{\"@id\":\"https:\/\/www.sgeaj.ch\/fr\/humanites-digitales\/egodocuments-ch\/#primaryimage\"},\"thumbnailUrl\":\"https:\/\/www.sgeaj.ch\/wp-content\/uploads\/2019\/02\/2019-VernissageEgodoc.png\",\"datePublished\":\"2020-10-10T08:03:38+00:00\",\"dateModified\":\"2021-04-02T13:42:21+00:00\",\"breadcrumb\":{\"@id\":\"https:\/\/www.sgeaj.ch\/fr\/humanites-digitales\/egodocuments-ch\/#breadcrumb\"},\"inLanguage\":\"fr-FR\",\"potentialAction\":[{\"@type\":\"ReadAction\",\"target\":[\"https:\/\/www.sgeaj.ch\/fr\/humanites-digitales\/egodocuments-ch\/\"]}]},{\"@type\":\"ImageObject\",\"inLanguage\":\"fr-FR\",\"@id\":\"https:\/\/www.sgeaj.ch\/fr\/humanites-digitales\/egodocuments-ch\/#primaryimage\",\"url\":\"https:\/\/www.sgeaj.ch\/wp-content\/uploads\/2019\/02\/2019-VernissageEgodoc.png\",\"contentUrl\":\"https:\/\/www.sgeaj.ch\/wp-content\/uploads\/2019\/02\/2019-VernissageEgodoc.png\",\"width\":1283,\"height\":876},{\"@type\":\"BreadcrumbList\",\"@id\":\"https:\/\/www.sgeaj.ch\/fr\/humanites-digitales\/egodocuments-ch\/#breadcrumb\",\"itemListElement\":[{\"@type\":\"ListItem\",\"position\":1,\"name\":\"Recherche\",\"item\":\"https:\/\/www.sgeaj.ch\/fr\/recherche\/\"},{\"@type\":\"ListItem\",\"position\":2,\"name\":\"Les Humanit\u00e9s digitales en Suisse\",\"item\":\"https:\/\/www.sgeaj.ch\/fr\/recherche\/dh\/\"},{\"@type\":\"ListItem\",\"position\":3,\"name\":\"Egodocuments.ch\"}]},{\"@type\":\"WebSite\",\"@id\":\"https:\/\/www.sgeaj.ch\/fr\/#website\",\"url\":\"https:\/\/www.sgeaj.ch\/fr\/\",\"name\":\"Schweizerische Gesellschaft f\u00fcr die Erforschung des 18. Jahrhunderts (SGEAJ - SSEDS)\",\"description\":\"Schweizerische Gesellschaft f\u00fcr die Erforschung des 18. Jahrhunderts\",\"publisher\":{\"@id\":\"https:\/\/www.sgeaj.ch\/fr\/#organization\"},\"potentialAction\":[{\"@type\":\"SearchAction\",\"target\":{\"@type\":\"EntryPoint\",\"urlTemplate\":\"https:\/\/www.sgeaj.ch\/fr\/?s={search_term_string}\"},\"query-input\":{\"@type\":\"PropertyValueSpecification\",\"valueRequired\":true,\"valueName\":\"search_term_string\"}}],\"inLanguage\":\"fr-FR\"},{\"@type\":\"Organization\",\"@id\":\"https:\/\/www.sgeaj.ch\/fr\/#organization\",\"name\":\"Schweizerische Gesellschaft f\u00fcr die Erforschung des 18. Jahrhunderts (SGEAJ - SSEDS)\",\"url\":\"https:\/\/www.sgeaj.ch\/fr\/\",\"logo\":{\"@type\":\"ImageObject\",\"inLanguage\":\"fr-FR\",\"@id\":\"https:\/\/www.sgeaj.ch\/fr\/#\/schema\/logo\/image\/\",\"url\":\"https:\/\/www.sgeaj.ch\/wp-content\/uploads\/2021\/06\/cropped-logo-xviiies-horiz-abreuviations-bleues.png\",\"contentUrl\":\"https:\/\/www.sgeaj.ch\/wp-content\/uploads\/2021\/06\/cropped-logo-xviiies-horiz-abreuviations-bleues.png\",\"width\":659,\"height\":335,\"caption\":\"Schweizerische Gesellschaft f\u00fcr die Erforschung des 18. Jahrhunderts (SGEAJ - SSEDS)\"},\"image\":{\"@id\":\"https:\/\/www.sgeaj.ch\/fr\/#\/schema\/logo\/image\/\"}},{\"@type\":\"Person\",\"@id\":\"https:\/\/www.sgeaj.ch\/fr\/#\/schema\/person\/2cd839eed625879a17645fc9f307c8e7\",\"name\":\"Nadja Ackermann\",\"url\":\"https:\/\/www.sgeaj.ch\/fr\/author\/naackermann\/\"}]}<\/script>\n<!-- \/ Yoast SEO plugin. -->","yoast_head_json":{"title":"Egodocuments.ch - Schweizerische Gesellschaft f\u00fcr die Erforschung des 18. Jahrhunderts (SGEAJ - SSEDS)","robots":{"index":"index","follow":"follow","max-snippet":"max-snippet:-1","max-image-preview":"max-image-preview:large","max-video-preview":"max-video-preview:-1"},"canonical":"https:\/\/www.sgeaj.ch\/fr\/humanites-digitales\/egodocuments-ch\/","twitter_misc":{"\u00c9crit par":"Nadja Ackermann","Dur\u00e9e de lecture estim\u00e9e":"2 minutes"},"schema":{"@context":"https:\/\/schema.org","@graph":[{"@type":"Article","@id":"https:\/\/www.sgeaj.ch\/fr\/humanites-digitales\/egodocuments-ch\/#article","isPartOf":{"@id":"https:\/\/www.sgeaj.ch\/fr\/humanites-digitales\/egodocuments-ch\/"},"author":{"name":"Nadja Ackermann","@id":"https:\/\/www.sgeaj.ch\/fr\/#\/schema\/person\/2cd839eed625879a17645fc9f307c8e7"},"headline":"Egodocuments.ch","datePublished":"2020-10-10T08:03:38+00:00","dateModified":"2021-04-02T13:42:21+00:00","mainEntityOfPage":{"@id":"https:\/\/www.sgeaj.ch\/fr\/humanites-digitales\/egodocuments-ch\/"},"wordCount":285,"publisher":{"@id":"https:\/\/www.sgeaj.ch\/fr\/#organization"},"image":{"@id":"https:\/\/www.sgeaj.ch\/fr\/humanites-digitales\/egodocuments-ch\/#primaryimage"},"thumbnailUrl":"https:\/\/www.sgeaj.ch\/wp-content\/uploads\/2019\/02\/2019-VernissageEgodoc.png","articleSection":["Humanit\u00e9s digitales : base de donn\u00e9es"],"inLanguage":"fr-FR"},{"@type":"WebPage","@id":"https:\/\/www.sgeaj.ch\/fr\/humanites-digitales\/egodocuments-ch\/","url":"https:\/\/www.sgeaj.ch\/fr\/humanites-digitales\/egodocuments-ch\/","name":"Egodocuments.ch - Schweizerische Gesellschaft f\u00fcr die Erforschung des 18. Jahrhunderts (SGEAJ - SSEDS)","isPartOf":{"@id":"https:\/\/www.sgeaj.ch\/fr\/#website"},"primaryImageOfPage":{"@id":"https:\/\/www.sgeaj.ch\/fr\/humanites-digitales\/egodocuments-ch\/#primaryimage"},"image":{"@id":"https:\/\/www.sgeaj.ch\/fr\/humanites-digitales\/egodocuments-ch\/#primaryimage"},"thumbnailUrl":"https:\/\/www.sgeaj.ch\/wp-content\/uploads\/2019\/02\/2019-VernissageEgodoc.png","datePublished":"2020-10-10T08:03:38+00:00","dateModified":"2021-04-02T13:42:21+00:00","breadcrumb":{"@id":"https:\/\/www.sgeaj.ch\/fr\/humanites-digitales\/egodocuments-ch\/#breadcrumb"},"inLanguage":"fr-FR","potentialAction":[{"@type":"ReadAction","target":["https:\/\/www.sgeaj.ch\/fr\/humanites-digitales\/egodocuments-ch\/"]}]},{"@type":"ImageObject","inLanguage":"fr-FR","@id":"https:\/\/www.sgeaj.ch\/fr\/humanites-digitales\/egodocuments-ch\/#primaryimage","url":"https:\/\/www.sgeaj.ch\/wp-content\/uploads\/2019\/02\/2019-VernissageEgodoc.png","contentUrl":"https:\/\/www.sgeaj.ch\/wp-content\/uploads\/2019\/02\/2019-VernissageEgodoc.png","width":1283,"height":876},{"@type":"BreadcrumbList","@id":"https:\/\/www.sgeaj.ch\/fr\/humanites-digitales\/egodocuments-ch\/#breadcrumb","itemListElement":[{"@type":"ListItem","position":1,"name":"Recherche","item":"https:\/\/www.sgeaj.ch\/fr\/recherche\/"},{"@type":"ListItem","position":2,"name":"Les Humanit\u00e9s digitales en Suisse","item":"https:\/\/www.sgeaj.ch\/fr\/recherche\/dh\/"},{"@type":"ListItem","position":3,"name":"Egodocuments.ch"}]},{"@type":"WebSite","@id":"https:\/\/www.sgeaj.ch\/fr\/#website","url":"https:\/\/www.sgeaj.ch\/fr\/","name":"Schweizerische Gesellschaft f\u00fcr die Erforschung des 18. Jahrhunderts (SGEAJ - SSEDS)","description":"Schweizerische Gesellschaft f\u00fcr die Erforschung des 18. Jahrhunderts","publisher":{"@id":"https:\/\/www.sgeaj.ch\/fr\/#organization"},"potentialAction":[{"@type":"SearchAction","target":{"@type":"EntryPoint","urlTemplate":"https:\/\/www.sgeaj.ch\/fr\/?s={search_term_string}"},"query-input":{"@type":"PropertyValueSpecification","valueRequired":true,"valueName":"search_term_string"}}],"inLanguage":"fr-FR"},{"@type":"Organization","@id":"https:\/\/www.sgeaj.ch\/fr\/#organization","name":"Schweizerische Gesellschaft f\u00fcr die Erforschung des 18. Jahrhunderts (SGEAJ - SSEDS)","url":"https:\/\/www.sgeaj.ch\/fr\/","logo":{"@type":"ImageObject","inLanguage":"fr-FR","@id":"https:\/\/www.sgeaj.ch\/fr\/#\/schema\/logo\/image\/","url":"https:\/\/www.sgeaj.ch\/wp-content\/uploads\/2021\/06\/cropped-logo-xviiies-horiz-abreuviations-bleues.png","contentUrl":"https:\/\/www.sgeaj.ch\/wp-content\/uploads\/2021\/06\/cropped-logo-xviiies-horiz-abreuviations-bleues.png","width":659,"height":335,"caption":"Schweizerische Gesellschaft f\u00fcr die Erforschung des 18. Jahrhunderts (SGEAJ - SSEDS)"},"image":{"@id":"https:\/\/www.sgeaj.ch\/fr\/#\/schema\/logo\/image\/"}},{"@type":"Person","@id":"https:\/\/www.sgeaj.ch\/fr\/#\/schema\/person\/2cd839eed625879a17645fc9f307c8e7","name":"Nadja Ackermann","url":"https:\/\/www.sgeaj.ch\/fr\/author\/naackermann\/"}]}},"_links":{"self":[{"href":"https:\/\/www.sgeaj.ch\/fr\/wp-json\/wp\/v2\/posts\/5108","targetHints":{"allow":["GET"]}}],"collection":[{"href":"https:\/\/www.sgeaj.ch\/fr\/wp-json\/wp\/v2\/posts"}],"about":[{"href":"https:\/\/www.sgeaj.ch\/fr\/wp-json\/wp\/v2\/types\/post"}],"author":[{"embeddable":true,"href":"https:\/\/www.sgeaj.ch\/fr\/wp-json\/wp\/v2\/users\/7"}],"replies":[{"embeddable":true,"href":"https:\/\/www.sgeaj.ch\/fr\/wp-json\/wp\/v2\/comments?post=5108"}],"version-history":[{"count":1,"href":"https:\/\/www.sgeaj.ch\/fr\/wp-json\/wp\/v2\/posts\/5108\/revisions"}],"predecessor-version":[{"id":5934,"href":"https:\/\/www.sgeaj.ch\/fr\/wp-json\/wp\/v2\/posts\/5108\/revisions\/5934"}],"wp:featuredmedia":[{"embeddable":true,"href":"https:\/\/www.sgeaj.ch\/fr\/wp-json\/wp\/v2\/media\/3770"}],"wp:attachment":[{"href":"https:\/\/www.sgeaj.ch\/fr\/wp-json\/wp\/v2\/media?parent=5108"}],"wp:term":[{"taxonomy":"category","embeddable":true,"href":"https:\/\/www.sgeaj.ch\/fr\/wp-json\/wp\/v2\/categories?post=5108"},{"taxonomy":"post_tag","embeddable":true,"href":"https:\/\/www.sgeaj.ch\/fr\/wp-json\/wp\/v2\/tags?post=5108"}],"curies":[{"name":"wp","href":"https:\/\/api.w.org\/{rel}","templated":true}]}}