{"id":5109,"date":"2020-10-10T09:53:41","date_gmt":"2020-10-10T07:53:41","guid":{"rendered":"https:\/\/www.sgeaj.ch\/actualite\/non-classifiee\/art-et-democratie-1789-1792\/"},"modified":"2021-04-02T15:43:32","modified_gmt":"2021-04-02T13:43:32","slug":"art-et-democratie-1789-1792","status":"publish","type":"post","link":"https:\/\/www.sgeaj.ch\/fr\/humanites-digitales\/art-et-democratie-1789-1792\/","title":{"rendered":"Art et D\u00e9mocratie (1789-1792)"},"content":{"rendered":"\n<h3 class=\"wp-block-heading\"><em> Universit\u00e9 de Lausanne<br> Responsable du projet: Prof. Christian Michel <\/em><\/h3>\n\n\n\n<p>La base de donn\u00e9es du projet <strong><a href=\"https:\/\/catima.unil.ch\/art-democratie\/fr\" target=\"_blank\" rel=\"noreferrer noopener\">\u00ab\u00a0L\u2019art et la d\u00e9mocratie, la naissance d\u2019une question. Les r\u00e9flexions sur la place et le statut des arts du dessin (juillet 1789 \u2013 ao\u00fbt 1792)\u00a0\u00bb<\/a><\/strong> contient l\u2019ensemble des \u00e9crits consacr\u00e9s aux arts du dessin (peinture, sculpture et gravure) dans les premi\u00e8res ann\u00e9es de la R\u00e9volution fran\u00e7aise. Ils sont class\u00e9s respectivement par ordre chronologique et par auteurs sous les onglets corpus et auteurs.<br>Plus d\u2019une centaine de textes, les uns sous la forme de pamphlets, les autres profond\u00e9ment raisonn\u00e9s, sont \u00e9crits et publi\u00e9s pendant les trois ann\u00e9es qui s\u00e9parent la revendication de la souverainet\u00e9 populaire lors du Serment du jeu de paume en juin\u00a01789 et la chute de la monarchie le 10\u00a0ao\u00fbt\u00a01792. Les plus importants sont les diff\u00e9rents projets \u00e9labor\u00e9s entre octobre\u00a01790 et juin\u00a01791. Bien qu\u2019ils soient aujourd\u2019hui largement m\u00e9connus, ils constituent les fondements, ou, tout au moins, les premi\u00e8res manifestations des arguments qui depuis alimentent les d\u00e9bats r\u00e9currents sur la place que doivent tenir les institutions d\u2019\u00c9tat dans le d\u00e9veloppement des arts, la n\u00e9cessit\u00e9 ou non d\u2019un enseignement artistique, sur la forme que celui-ci doit prendre, sur la fa\u00e7on dont doivent \u00eatre pass\u00e9es les commandes publiques, sur le droit des artistes sur la diffusion de reproductions de leurs \u0153uvres, ou encore sur l\u2019int\u00e9r\u00eat \u00e9conomique qu\u2019il y a \u00e0 encourager les arts du dessin.<\/p>\n","protected":false},"excerpt":{"rendered":"<p>Universit\u00e9 de Lausanne Responsable du projet: Prof. Christian Michel La base de donn\u00e9es du projet \u00ab\u00a0L\u2019art et la d\u00e9mocratie, la naissance d\u2019une question. Les r\u00e9flexions sur la place et le statut des arts du dessin (juillet 1789 \u2013 ao\u00fbt 1792)\u00a0\u00bb contient l\u2019ensemble des \u00e9crits consacr\u00e9s aux arts du dessin (peinture, sculpture et gravure) dans les [&hellip;]<\/p>\n","protected":false},"author":7,"featured_media":3780,"comment_status":"closed","ping_status":"closed","sticky":false,"template":"","format":"standard","meta":{"footnotes":""},"categories":[44],"tags":[],"class_list":{"0":"post-5109","1":"post","2":"type-post","3":"status-publish","4":"format-standard","5":"has-post-thumbnail","7":"category-humanites-digitales","8":"czr-hentry"},"yoast_head":"<!-- This site is optimized with the Yoast SEO plugin v26.9 - https:\/\/yoast.com\/product\/yoast-seo-wordpress\/ -->\n<title>Art et D\u00e9mocratie (1789-1792) - Schweizerische Gesellschaft f\u00fcr die Erforschung des 18. Jahrhunderts (SGEAJ - SSEDS)<\/title>\n<meta name=\"robots\" content=\"index, follow, max-snippet:-1, max-image-preview:large, max-video-preview:-1\" \/>\n<link rel=\"canonical\" href=\"https:\/\/www.sgeaj.ch\/fr\/humanites-digitales\/art-et-democratie-1789-1792\/\" \/>\n<meta name=\"twitter:label1\" content=\"\u00c9crit par\" \/>\n\t<meta name=\"twitter:data1\" content=\"Nadja Ackermann\" \/>\n\t<meta name=\"twitter:label2\" content=\"Dur\u00e9e de lecture estim\u00e9e\" \/>\n\t<meta name=\"twitter:data2\" content=\"1 minute\" \/>\n<script type=\"application\/ld+json\" class=\"yoast-schema-graph\">{\"@context\":\"https:\/\/schema.org\",\"@graph\":[{\"@type\":\"Article\",\"@id\":\"https:\/\/www.sgeaj.ch\/fr\/humanites-digitales\/art-et-democratie-1789-1792\/#article\",\"isPartOf\":{\"@id\":\"https:\/\/www.sgeaj.ch\/fr\/humanites-digitales\/art-et-democratie-1789-1792\/\"},\"author\":{\"name\":\"Nadja Ackermann\",\"@id\":\"https:\/\/www.sgeaj.ch\/fr\/#\/schema\/person\/2cd839eed625879a17645fc9f307c8e7\"},\"headline\":\"Art et D\u00e9mocratie (1789-1792)\",\"datePublished\":\"2020-10-10T07:53:41+00:00\",\"dateModified\":\"2021-04-02T13:43:32+00:00\",\"mainEntityOfPage\":{\"@id\":\"https:\/\/www.sgeaj.ch\/fr\/humanites-digitales\/art-et-democratie-1789-1792\/\"},\"wordCount\":267,\"publisher\":{\"@id\":\"https:\/\/www.sgeaj.ch\/fr\/#organization\"},\"image\":{\"@id\":\"https:\/\/www.sgeaj.ch\/fr\/humanites-digitales\/art-et-democratie-1789-1792\/#primaryimage\"},\"thumbnailUrl\":\"https:\/\/www.sgeaj.ch\/wp-content\/uploads\/2019\/04\/DH-Art-et-Democratie.jpg\",\"articleSection\":[\"Humanit\u00e9s digitales : base de donn\u00e9es\"],\"inLanguage\":\"fr-FR\"},{\"@type\":\"WebPage\",\"@id\":\"https:\/\/www.sgeaj.ch\/fr\/humanites-digitales\/art-et-democratie-1789-1792\/\",\"url\":\"https:\/\/www.sgeaj.ch\/fr\/humanites-digitales\/art-et-democratie-1789-1792\/\",\"name\":\"Art et D\u00e9mocratie (1789-1792) - Schweizerische Gesellschaft f\u00fcr die Erforschung des 18. Jahrhunderts (SGEAJ - SSEDS)\",\"isPartOf\":{\"@id\":\"https:\/\/www.sgeaj.ch\/fr\/#website\"},\"primaryImageOfPage\":{\"@id\":\"https:\/\/www.sgeaj.ch\/fr\/humanites-digitales\/art-et-democratie-1789-1792\/#primaryimage\"},\"image\":{\"@id\":\"https:\/\/www.sgeaj.ch\/fr\/humanites-digitales\/art-et-democratie-1789-1792\/#primaryimage\"},\"thumbnailUrl\":\"https:\/\/www.sgeaj.ch\/wp-content\/uploads\/2019\/04\/DH-Art-et-Democratie.jpg\",\"datePublished\":\"2020-10-10T07:53:41+00:00\",\"dateModified\":\"2021-04-02T13:43:32+00:00\",\"breadcrumb\":{\"@id\":\"https:\/\/www.sgeaj.ch\/fr\/humanites-digitales\/art-et-democratie-1789-1792\/#breadcrumb\"},\"inLanguage\":\"fr-FR\",\"potentialAction\":[{\"@type\":\"ReadAction\",\"target\":[\"https:\/\/www.sgeaj.ch\/fr\/humanites-digitales\/art-et-democratie-1789-1792\/\"]}]},{\"@type\":\"ImageObject\",\"inLanguage\":\"fr-FR\",\"@id\":\"https:\/\/www.sgeaj.ch\/fr\/humanites-digitales\/art-et-democratie-1789-1792\/#primaryimage\",\"url\":\"https:\/\/www.sgeaj.ch\/wp-content\/uploads\/2019\/04\/DH-Art-et-Democratie.jpg\",\"contentUrl\":\"https:\/\/www.sgeaj.ch\/wp-content\/uploads\/2019\/04\/DH-Art-et-Democratie.jpg\",\"width\":1120,\"height\":700},{\"@type\":\"BreadcrumbList\",\"@id\":\"https:\/\/www.sgeaj.ch\/fr\/humanites-digitales\/art-et-democratie-1789-1792\/#breadcrumb\",\"itemListElement\":[{\"@type\":\"ListItem\",\"position\":1,\"name\":\"Recherche\",\"item\":\"https:\/\/www.sgeaj.ch\/fr\/recherche\/\"},{\"@type\":\"ListItem\",\"position\":2,\"name\":\"Les Humanit\u00e9s digitales en Suisse\",\"item\":\"https:\/\/www.sgeaj.ch\/fr\/recherche\/dh\/\"},{\"@type\":\"ListItem\",\"position\":3,\"name\":\"Art et D\u00e9mocratie (1789-1792)\"}]},{\"@type\":\"WebSite\",\"@id\":\"https:\/\/www.sgeaj.ch\/fr\/#website\",\"url\":\"https:\/\/www.sgeaj.ch\/fr\/\",\"name\":\"Schweizerische Gesellschaft f\u00fcr die Erforschung des 18. Jahrhunderts (SGEAJ - SSEDS)\",\"description\":\"Schweizerische Gesellschaft f\u00fcr die Erforschung des 18. Jahrhunderts\",\"publisher\":{\"@id\":\"https:\/\/www.sgeaj.ch\/fr\/#organization\"},\"potentialAction\":[{\"@type\":\"SearchAction\",\"target\":{\"@type\":\"EntryPoint\",\"urlTemplate\":\"https:\/\/www.sgeaj.ch\/fr\/?s={search_term_string}\"},\"query-input\":{\"@type\":\"PropertyValueSpecification\",\"valueRequired\":true,\"valueName\":\"search_term_string\"}}],\"inLanguage\":\"fr-FR\"},{\"@type\":\"Organization\",\"@id\":\"https:\/\/www.sgeaj.ch\/fr\/#organization\",\"name\":\"Schweizerische Gesellschaft f\u00fcr die Erforschung des 18. Jahrhunderts (SGEAJ - SSEDS)\",\"url\":\"https:\/\/www.sgeaj.ch\/fr\/\",\"logo\":{\"@type\":\"ImageObject\",\"inLanguage\":\"fr-FR\",\"@id\":\"https:\/\/www.sgeaj.ch\/fr\/#\/schema\/logo\/image\/\",\"url\":\"https:\/\/www.sgeaj.ch\/wp-content\/uploads\/2021\/06\/cropped-logo-xviiies-horiz-abreuviations-bleues.png\",\"contentUrl\":\"https:\/\/www.sgeaj.ch\/wp-content\/uploads\/2021\/06\/cropped-logo-xviiies-horiz-abreuviations-bleues.png\",\"width\":659,\"height\":335,\"caption\":\"Schweizerische Gesellschaft f\u00fcr die Erforschung des 18. Jahrhunderts (SGEAJ - SSEDS)\"},\"image\":{\"@id\":\"https:\/\/www.sgeaj.ch\/fr\/#\/schema\/logo\/image\/\"}},{\"@type\":\"Person\",\"@id\":\"https:\/\/www.sgeaj.ch\/fr\/#\/schema\/person\/2cd839eed625879a17645fc9f307c8e7\",\"name\":\"Nadja Ackermann\",\"url\":\"https:\/\/www.sgeaj.ch\/fr\/author\/naackermann\/\"}]}<\/script>\n<!-- \/ Yoast SEO plugin. -->","yoast_head_json":{"title":"Art et D\u00e9mocratie (1789-1792) - Schweizerische Gesellschaft f\u00fcr die Erforschung des 18. Jahrhunderts (SGEAJ - SSEDS)","robots":{"index":"index","follow":"follow","max-snippet":"max-snippet:-1","max-image-preview":"max-image-preview:large","max-video-preview":"max-video-preview:-1"},"canonical":"https:\/\/www.sgeaj.ch\/fr\/humanites-digitales\/art-et-democratie-1789-1792\/","twitter_misc":{"\u00c9crit par":"Nadja Ackermann","Dur\u00e9e de lecture estim\u00e9e":"1 minute"},"schema":{"@context":"https:\/\/schema.org","@graph":[{"@type":"Article","@id":"https:\/\/www.sgeaj.ch\/fr\/humanites-digitales\/art-et-democratie-1789-1792\/#article","isPartOf":{"@id":"https:\/\/www.sgeaj.ch\/fr\/humanites-digitales\/art-et-democratie-1789-1792\/"},"author":{"name":"Nadja Ackermann","@id":"https:\/\/www.sgeaj.ch\/fr\/#\/schema\/person\/2cd839eed625879a17645fc9f307c8e7"},"headline":"Art et D\u00e9mocratie (1789-1792)","datePublished":"2020-10-10T07:53:41+00:00","dateModified":"2021-04-02T13:43:32+00:00","mainEntityOfPage":{"@id":"https:\/\/www.sgeaj.ch\/fr\/humanites-digitales\/art-et-democratie-1789-1792\/"},"wordCount":267,"publisher":{"@id":"https:\/\/www.sgeaj.ch\/fr\/#organization"},"image":{"@id":"https:\/\/www.sgeaj.ch\/fr\/humanites-digitales\/art-et-democratie-1789-1792\/#primaryimage"},"thumbnailUrl":"https:\/\/www.sgeaj.ch\/wp-content\/uploads\/2019\/04\/DH-Art-et-Democratie.jpg","articleSection":["Humanit\u00e9s digitales : base de donn\u00e9es"],"inLanguage":"fr-FR"},{"@type":"WebPage","@id":"https:\/\/www.sgeaj.ch\/fr\/humanites-digitales\/art-et-democratie-1789-1792\/","url":"https:\/\/www.sgeaj.ch\/fr\/humanites-digitales\/art-et-democratie-1789-1792\/","name":"Art et D\u00e9mocratie (1789-1792) - Schweizerische Gesellschaft f\u00fcr die Erforschung des 18. Jahrhunderts (SGEAJ - SSEDS)","isPartOf":{"@id":"https:\/\/www.sgeaj.ch\/fr\/#website"},"primaryImageOfPage":{"@id":"https:\/\/www.sgeaj.ch\/fr\/humanites-digitales\/art-et-democratie-1789-1792\/#primaryimage"},"image":{"@id":"https:\/\/www.sgeaj.ch\/fr\/humanites-digitales\/art-et-democratie-1789-1792\/#primaryimage"},"thumbnailUrl":"https:\/\/www.sgeaj.ch\/wp-content\/uploads\/2019\/04\/DH-Art-et-Democratie.jpg","datePublished":"2020-10-10T07:53:41+00:00","dateModified":"2021-04-02T13:43:32+00:00","breadcrumb":{"@id":"https:\/\/www.sgeaj.ch\/fr\/humanites-digitales\/art-et-democratie-1789-1792\/#breadcrumb"},"inLanguage":"fr-FR","potentialAction":[{"@type":"ReadAction","target":["https:\/\/www.sgeaj.ch\/fr\/humanites-digitales\/art-et-democratie-1789-1792\/"]}]},{"@type":"ImageObject","inLanguage":"fr-FR","@id":"https:\/\/www.sgeaj.ch\/fr\/humanites-digitales\/art-et-democratie-1789-1792\/#primaryimage","url":"https:\/\/www.sgeaj.ch\/wp-content\/uploads\/2019\/04\/DH-Art-et-Democratie.jpg","contentUrl":"https:\/\/www.sgeaj.ch\/wp-content\/uploads\/2019\/04\/DH-Art-et-Democratie.jpg","width":1120,"height":700},{"@type":"BreadcrumbList","@id":"https:\/\/www.sgeaj.ch\/fr\/humanites-digitales\/art-et-democratie-1789-1792\/#breadcrumb","itemListElement":[{"@type":"ListItem","position":1,"name":"Recherche","item":"https:\/\/www.sgeaj.ch\/fr\/recherche\/"},{"@type":"ListItem","position":2,"name":"Les Humanit\u00e9s digitales en Suisse","item":"https:\/\/www.sgeaj.ch\/fr\/recherche\/dh\/"},{"@type":"ListItem","position":3,"name":"Art et D\u00e9mocratie (1789-1792)"}]},{"@type":"WebSite","@id":"https:\/\/www.sgeaj.ch\/fr\/#website","url":"https:\/\/www.sgeaj.ch\/fr\/","name":"Schweizerische Gesellschaft f\u00fcr die Erforschung des 18. Jahrhunderts (SGEAJ - SSEDS)","description":"Schweizerische Gesellschaft f\u00fcr die Erforschung des 18. Jahrhunderts","publisher":{"@id":"https:\/\/www.sgeaj.ch\/fr\/#organization"},"potentialAction":[{"@type":"SearchAction","target":{"@type":"EntryPoint","urlTemplate":"https:\/\/www.sgeaj.ch\/fr\/?s={search_term_string}"},"query-input":{"@type":"PropertyValueSpecification","valueRequired":true,"valueName":"search_term_string"}}],"inLanguage":"fr-FR"},{"@type":"Organization","@id":"https:\/\/www.sgeaj.ch\/fr\/#organization","name":"Schweizerische Gesellschaft f\u00fcr die Erforschung des 18. Jahrhunderts (SGEAJ - SSEDS)","url":"https:\/\/www.sgeaj.ch\/fr\/","logo":{"@type":"ImageObject","inLanguage":"fr-FR","@id":"https:\/\/www.sgeaj.ch\/fr\/#\/schema\/logo\/image\/","url":"https:\/\/www.sgeaj.ch\/wp-content\/uploads\/2021\/06\/cropped-logo-xviiies-horiz-abreuviations-bleues.png","contentUrl":"https:\/\/www.sgeaj.ch\/wp-content\/uploads\/2021\/06\/cropped-logo-xviiies-horiz-abreuviations-bleues.png","width":659,"height":335,"caption":"Schweizerische Gesellschaft f\u00fcr die Erforschung des 18. Jahrhunderts (SGEAJ - SSEDS)"},"image":{"@id":"https:\/\/www.sgeaj.ch\/fr\/#\/schema\/logo\/image\/"}},{"@type":"Person","@id":"https:\/\/www.sgeaj.ch\/fr\/#\/schema\/person\/2cd839eed625879a17645fc9f307c8e7","name":"Nadja Ackermann","url":"https:\/\/www.sgeaj.ch\/fr\/author\/naackermann\/"}]}},"_links":{"self":[{"href":"https:\/\/www.sgeaj.ch\/fr\/wp-json\/wp\/v2\/posts\/5109","targetHints":{"allow":["GET"]}}],"collection":[{"href":"https:\/\/www.sgeaj.ch\/fr\/wp-json\/wp\/v2\/posts"}],"about":[{"href":"https:\/\/www.sgeaj.ch\/fr\/wp-json\/wp\/v2\/types\/post"}],"author":[{"embeddable":true,"href":"https:\/\/www.sgeaj.ch\/fr\/wp-json\/wp\/v2\/users\/7"}],"replies":[{"embeddable":true,"href":"https:\/\/www.sgeaj.ch\/fr\/wp-json\/wp\/v2\/comments?post=5109"}],"version-history":[{"count":1,"href":"https:\/\/www.sgeaj.ch\/fr\/wp-json\/wp\/v2\/posts\/5109\/revisions"}],"predecessor-version":[{"id":5938,"href":"https:\/\/www.sgeaj.ch\/fr\/wp-json\/wp\/v2\/posts\/5109\/revisions\/5938"}],"wp:featuredmedia":[{"embeddable":true,"href":"https:\/\/www.sgeaj.ch\/fr\/wp-json\/wp\/v2\/media\/3780"}],"wp:attachment":[{"href":"https:\/\/www.sgeaj.ch\/fr\/wp-json\/wp\/v2\/media?parent=5109"}],"wp:term":[{"taxonomy":"category","embeddable":true,"href":"https:\/\/www.sgeaj.ch\/fr\/wp-json\/wp\/v2\/categories?post=5109"},{"taxonomy":"post_tag","embeddable":true,"href":"https:\/\/www.sgeaj.ch\/fr\/wp-json\/wp\/v2\/tags?post=5109"}],"curies":[{"name":"wp","href":"https:\/\/api.w.org\/{rel}","templated":true}]}}