{"id":5115,"date":"2020-10-10T10:32:15","date_gmt":"2020-10-10T08:32:15","guid":{"rendered":"https:\/\/www.sgeaj.ch\/actualite\/non-classifiee\/recueil-helvetique-1798-1803\/"},"modified":"2021-04-02T15:37:03","modified_gmt":"2021-04-02T13:37:03","slug":"recueil-helvetique-1798-1803","status":"publish","type":"post","link":"https:\/\/www.sgeaj.ch\/fr\/humanites-digitales\/recueil-helvetique-1798-1803\/","title":{"rendered":"Recueil helv\u00e9tique (1798-1803)"},"content":{"rendered":"\n<h3 class=\"wp-block-heading\"><em>Base de donn\u00e9es des actes officiels publi\u00e9s dans le Bulletin des lois et des arr\u00eat\u00e9s de la R\u00e9publique helv\u00e9tique<br>Responsable de projet: Pascal Delvaux<\/em><\/h3>\n\n\n\n<p>Cette <strong><a href=\"http:\/\/www.presses.ch\/rh_1798_1803\/rh_1798_1803.html\" target=\"_blank\" rel=\"noreferrer noopener\">base de donn\u00e9es<\/a><\/strong> est la version \u00e9lectronique des tables chronologique et de concordance publi\u00e9e dans le second tome de <a href=\"https:\/\/www.presses.ch\/la-republique-en-papier.html\"><em>La R\u00e9publique en papier : circonstances d\u2019impression et pratiques de diss\u00e9mination des lois sous la R\u00e9publique helv\u00e9tique (1798-1803)<\/em><\/a>. Elle contient les actes imprim\u00e9s dans les 8 volumes du <em>Recueil helv\u00e9tique<\/em> (1798-1803), soit dans le <em>Bulletin des lois et d\u00e9crets du Corps l\u00e9gislatif de la R\u00e9publique helv\u00e9tique<\/em> et dans le <em>Bulletin des arr\u00eat\u00e9s et proclamations du Directoire ex\u00e9cutif<\/em>, avec la concordance dans l\u2018<em>Helvetische Sammlung<\/em>, soit le <em>Tagblatt der Gesetze und Dekrete der gesetzgebenden R\u00e4the der helvetischen Republik<\/em> et le <em>Tagblatt der Beschl\u00fcsse und Proklamationen der vollziehenden Gewalt der helvetischen Republik<\/em> ainsi que le <em>Raccolta elvetica<\/em>, soit le <em>Bullettino delle leggi, e decreti del Corpo legislativo della Repubblica elvetica<\/em> et le <em>Bullettino dei decreti ed arresti generali della Repubblica elvetica<\/em>.<\/p>\n","protected":false},"excerpt":{"rendered":"<p>Base de donn\u00e9es des actes officiels publi\u00e9s dans le Bulletin des lois et des arr\u00eat\u00e9s de la R\u00e9publique helv\u00e9tiqueResponsable de projet: Pascal Delvaux Cette base de donn\u00e9es est la version \u00e9lectronique des tables chronologique et de concordance publi\u00e9e dans le second tome de La R\u00e9publique en papier : circonstances d\u2019impression et pratiques de diss\u00e9mination des [&hellip;]<\/p>\n","protected":false},"author":7,"featured_media":5113,"comment_status":"closed","ping_status":"closed","sticky":false,"template":"","format":"standard","meta":{"footnotes":""},"categories":[44],"tags":[],"class_list":{"0":"post-5115","1":"post","2":"type-post","3":"status-publish","4":"format-standard","5":"has-post-thumbnail","7":"category-humanites-digitales","8":"czr-hentry"},"yoast_head":"<!-- This site is optimized with the Yoast SEO plugin v26.9 - https:\/\/yoast.com\/product\/yoast-seo-wordpress\/ -->\n<title>Recueil helv\u00e9tique (1798-1803) - Schweizerische Gesellschaft f\u00fcr die Erforschung des 18. Jahrhunderts (SGEAJ - SSEDS)<\/title>\n<meta name=\"robots\" content=\"index, follow, max-snippet:-1, max-image-preview:large, max-video-preview:-1\" \/>\n<link rel=\"canonical\" href=\"https:\/\/www.sgeaj.ch\/fr\/humanites-digitales\/recueil-helvetique-1798-1803\/\" \/>\n<meta name=\"twitter:label1\" content=\"\u00c9crit par\" \/>\n\t<meta name=\"twitter:data1\" content=\"Nadja Ackermann\" \/>\n\t<meta name=\"twitter:label2\" content=\"Dur\u00e9e de lecture estim\u00e9e\" \/>\n\t<meta name=\"twitter:data2\" content=\"1 minute\" \/>\n<script type=\"application\/ld+json\" class=\"yoast-schema-graph\">{\"@context\":\"https:\/\/schema.org\",\"@graph\":[{\"@type\":\"Article\",\"@id\":\"https:\/\/www.sgeaj.ch\/fr\/humanites-digitales\/recueil-helvetique-1798-1803\/#article\",\"isPartOf\":{\"@id\":\"https:\/\/www.sgeaj.ch\/fr\/humanites-digitales\/recueil-helvetique-1798-1803\/\"},\"author\":{\"name\":\"Nadja Ackermann\",\"@id\":\"https:\/\/www.sgeaj.ch\/fr\/#\/schema\/person\/2cd839eed625879a17645fc9f307c8e7\"},\"headline\":\"Recueil helv\u00e9tique (1798-1803)\",\"datePublished\":\"2020-10-10T08:32:15+00:00\",\"dateModified\":\"2021-04-02T13:37:03+00:00\",\"mainEntityOfPage\":{\"@id\":\"https:\/\/www.sgeaj.ch\/fr\/humanites-digitales\/recueil-helvetique-1798-1803\/\"},\"wordCount\":188,\"publisher\":{\"@id\":\"https:\/\/www.sgeaj.ch\/fr\/#organization\"},\"image\":{\"@id\":\"https:\/\/www.sgeaj.ch\/fr\/humanites-digitales\/recueil-helvetique-1798-1803\/#primaryimage\"},\"thumbnailUrl\":\"https:\/\/www.sgeaj.ch\/wp-content\/uploads\/2020\/10\/recueil-helvetique.jpg\",\"articleSection\":[\"Humanit\u00e9s digitales : base de donn\u00e9es\"],\"inLanguage\":\"fr-FR\"},{\"@type\":\"WebPage\",\"@id\":\"https:\/\/www.sgeaj.ch\/fr\/humanites-digitales\/recueil-helvetique-1798-1803\/\",\"url\":\"https:\/\/www.sgeaj.ch\/fr\/humanites-digitales\/recueil-helvetique-1798-1803\/\",\"name\":\"Recueil helv\u00e9tique (1798-1803) - Schweizerische Gesellschaft f\u00fcr die Erforschung des 18. Jahrhunderts (SGEAJ - SSEDS)\",\"isPartOf\":{\"@id\":\"https:\/\/www.sgeaj.ch\/fr\/#website\"},\"primaryImageOfPage\":{\"@id\":\"https:\/\/www.sgeaj.ch\/fr\/humanites-digitales\/recueil-helvetique-1798-1803\/#primaryimage\"},\"image\":{\"@id\":\"https:\/\/www.sgeaj.ch\/fr\/humanites-digitales\/recueil-helvetique-1798-1803\/#primaryimage\"},\"thumbnailUrl\":\"https:\/\/www.sgeaj.ch\/wp-content\/uploads\/2020\/10\/recueil-helvetique.jpg\",\"datePublished\":\"2020-10-10T08:32:15+00:00\",\"dateModified\":\"2021-04-02T13:37:03+00:00\",\"breadcrumb\":{\"@id\":\"https:\/\/www.sgeaj.ch\/fr\/humanites-digitales\/recueil-helvetique-1798-1803\/#breadcrumb\"},\"inLanguage\":\"fr-FR\",\"potentialAction\":[{\"@type\":\"ReadAction\",\"target\":[\"https:\/\/www.sgeaj.ch\/fr\/humanites-digitales\/recueil-helvetique-1798-1803\/\"]}]},{\"@type\":\"ImageObject\",\"inLanguage\":\"fr-FR\",\"@id\":\"https:\/\/www.sgeaj.ch\/fr\/humanites-digitales\/recueil-helvetique-1798-1803\/#primaryimage\",\"url\":\"https:\/\/www.sgeaj.ch\/wp-content\/uploads\/2020\/10\/recueil-helvetique.jpg\",\"contentUrl\":\"https:\/\/www.sgeaj.ch\/wp-content\/uploads\/2020\/10\/recueil-helvetique.jpg\",\"width\":556,\"height\":723},{\"@type\":\"BreadcrumbList\",\"@id\":\"https:\/\/www.sgeaj.ch\/fr\/humanites-digitales\/recueil-helvetique-1798-1803\/#breadcrumb\",\"itemListElement\":[{\"@type\":\"ListItem\",\"position\":1,\"name\":\"Recherche\",\"item\":\"https:\/\/www.sgeaj.ch\/fr\/recherche\/\"},{\"@type\":\"ListItem\",\"position\":2,\"name\":\"Les Humanit\u00e9s digitales en Suisse\",\"item\":\"https:\/\/www.sgeaj.ch\/fr\/recherche\/dh\/\"},{\"@type\":\"ListItem\",\"position\":3,\"name\":\"Recueil helv\u00e9tique (1798-1803)\"}]},{\"@type\":\"WebSite\",\"@id\":\"https:\/\/www.sgeaj.ch\/fr\/#website\",\"url\":\"https:\/\/www.sgeaj.ch\/fr\/\",\"name\":\"Schweizerische Gesellschaft f\u00fcr die Erforschung des 18. Jahrhunderts (SGEAJ - SSEDS)\",\"description\":\"Schweizerische Gesellschaft f\u00fcr die Erforschung des 18. Jahrhunderts\",\"publisher\":{\"@id\":\"https:\/\/www.sgeaj.ch\/fr\/#organization\"},\"potentialAction\":[{\"@type\":\"SearchAction\",\"target\":{\"@type\":\"EntryPoint\",\"urlTemplate\":\"https:\/\/www.sgeaj.ch\/fr\/?s={search_term_string}\"},\"query-input\":{\"@type\":\"PropertyValueSpecification\",\"valueRequired\":true,\"valueName\":\"search_term_string\"}}],\"inLanguage\":\"fr-FR\"},{\"@type\":\"Organization\",\"@id\":\"https:\/\/www.sgeaj.ch\/fr\/#organization\",\"name\":\"Schweizerische Gesellschaft f\u00fcr die Erforschung des 18. Jahrhunderts (SGEAJ - SSEDS)\",\"url\":\"https:\/\/www.sgeaj.ch\/fr\/\",\"logo\":{\"@type\":\"ImageObject\",\"inLanguage\":\"fr-FR\",\"@id\":\"https:\/\/www.sgeaj.ch\/fr\/#\/schema\/logo\/image\/\",\"url\":\"https:\/\/www.sgeaj.ch\/wp-content\/uploads\/2021\/06\/cropped-logo-xviiies-horiz-abreuviations-bleues.png\",\"contentUrl\":\"https:\/\/www.sgeaj.ch\/wp-content\/uploads\/2021\/06\/cropped-logo-xviiies-horiz-abreuviations-bleues.png\",\"width\":659,\"height\":335,\"caption\":\"Schweizerische Gesellschaft f\u00fcr die Erforschung des 18. Jahrhunderts (SGEAJ - SSEDS)\"},\"image\":{\"@id\":\"https:\/\/www.sgeaj.ch\/fr\/#\/schema\/logo\/image\/\"}},{\"@type\":\"Person\",\"@id\":\"https:\/\/www.sgeaj.ch\/fr\/#\/schema\/person\/2cd839eed625879a17645fc9f307c8e7\",\"name\":\"Nadja Ackermann\",\"url\":\"https:\/\/www.sgeaj.ch\/fr\/author\/naackermann\/\"}]}<\/script>\n<!-- \/ Yoast SEO plugin. -->","yoast_head_json":{"title":"Recueil helv\u00e9tique (1798-1803) - Schweizerische Gesellschaft f\u00fcr die Erforschung des 18. Jahrhunderts (SGEAJ - SSEDS)","robots":{"index":"index","follow":"follow","max-snippet":"max-snippet:-1","max-image-preview":"max-image-preview:large","max-video-preview":"max-video-preview:-1"},"canonical":"https:\/\/www.sgeaj.ch\/fr\/humanites-digitales\/recueil-helvetique-1798-1803\/","twitter_misc":{"\u00c9crit par":"Nadja Ackermann","Dur\u00e9e de lecture estim\u00e9e":"1 minute"},"schema":{"@context":"https:\/\/schema.org","@graph":[{"@type":"Article","@id":"https:\/\/www.sgeaj.ch\/fr\/humanites-digitales\/recueil-helvetique-1798-1803\/#article","isPartOf":{"@id":"https:\/\/www.sgeaj.ch\/fr\/humanites-digitales\/recueil-helvetique-1798-1803\/"},"author":{"name":"Nadja Ackermann","@id":"https:\/\/www.sgeaj.ch\/fr\/#\/schema\/person\/2cd839eed625879a17645fc9f307c8e7"},"headline":"Recueil helv\u00e9tique (1798-1803)","datePublished":"2020-10-10T08:32:15+00:00","dateModified":"2021-04-02T13:37:03+00:00","mainEntityOfPage":{"@id":"https:\/\/www.sgeaj.ch\/fr\/humanites-digitales\/recueil-helvetique-1798-1803\/"},"wordCount":188,"publisher":{"@id":"https:\/\/www.sgeaj.ch\/fr\/#organization"},"image":{"@id":"https:\/\/www.sgeaj.ch\/fr\/humanites-digitales\/recueil-helvetique-1798-1803\/#primaryimage"},"thumbnailUrl":"https:\/\/www.sgeaj.ch\/wp-content\/uploads\/2020\/10\/recueil-helvetique.jpg","articleSection":["Humanit\u00e9s digitales : base de donn\u00e9es"],"inLanguage":"fr-FR"},{"@type":"WebPage","@id":"https:\/\/www.sgeaj.ch\/fr\/humanites-digitales\/recueil-helvetique-1798-1803\/","url":"https:\/\/www.sgeaj.ch\/fr\/humanites-digitales\/recueil-helvetique-1798-1803\/","name":"Recueil helv\u00e9tique (1798-1803) - Schweizerische Gesellschaft f\u00fcr die Erforschung des 18. Jahrhunderts (SGEAJ - SSEDS)","isPartOf":{"@id":"https:\/\/www.sgeaj.ch\/fr\/#website"},"primaryImageOfPage":{"@id":"https:\/\/www.sgeaj.ch\/fr\/humanites-digitales\/recueil-helvetique-1798-1803\/#primaryimage"},"image":{"@id":"https:\/\/www.sgeaj.ch\/fr\/humanites-digitales\/recueil-helvetique-1798-1803\/#primaryimage"},"thumbnailUrl":"https:\/\/www.sgeaj.ch\/wp-content\/uploads\/2020\/10\/recueil-helvetique.jpg","datePublished":"2020-10-10T08:32:15+00:00","dateModified":"2021-04-02T13:37:03+00:00","breadcrumb":{"@id":"https:\/\/www.sgeaj.ch\/fr\/humanites-digitales\/recueil-helvetique-1798-1803\/#breadcrumb"},"inLanguage":"fr-FR","potentialAction":[{"@type":"ReadAction","target":["https:\/\/www.sgeaj.ch\/fr\/humanites-digitales\/recueil-helvetique-1798-1803\/"]}]},{"@type":"ImageObject","inLanguage":"fr-FR","@id":"https:\/\/www.sgeaj.ch\/fr\/humanites-digitales\/recueil-helvetique-1798-1803\/#primaryimage","url":"https:\/\/www.sgeaj.ch\/wp-content\/uploads\/2020\/10\/recueil-helvetique.jpg","contentUrl":"https:\/\/www.sgeaj.ch\/wp-content\/uploads\/2020\/10\/recueil-helvetique.jpg","width":556,"height":723},{"@type":"BreadcrumbList","@id":"https:\/\/www.sgeaj.ch\/fr\/humanites-digitales\/recueil-helvetique-1798-1803\/#breadcrumb","itemListElement":[{"@type":"ListItem","position":1,"name":"Recherche","item":"https:\/\/www.sgeaj.ch\/fr\/recherche\/"},{"@type":"ListItem","position":2,"name":"Les Humanit\u00e9s digitales en Suisse","item":"https:\/\/www.sgeaj.ch\/fr\/recherche\/dh\/"},{"@type":"ListItem","position":3,"name":"Recueil helv\u00e9tique (1798-1803)"}]},{"@type":"WebSite","@id":"https:\/\/www.sgeaj.ch\/fr\/#website","url":"https:\/\/www.sgeaj.ch\/fr\/","name":"Schweizerische Gesellschaft f\u00fcr die Erforschung des 18. Jahrhunderts (SGEAJ - SSEDS)","description":"Schweizerische Gesellschaft f\u00fcr die Erforschung des 18. Jahrhunderts","publisher":{"@id":"https:\/\/www.sgeaj.ch\/fr\/#organization"},"potentialAction":[{"@type":"SearchAction","target":{"@type":"EntryPoint","urlTemplate":"https:\/\/www.sgeaj.ch\/fr\/?s={search_term_string}"},"query-input":{"@type":"PropertyValueSpecification","valueRequired":true,"valueName":"search_term_string"}}],"inLanguage":"fr-FR"},{"@type":"Organization","@id":"https:\/\/www.sgeaj.ch\/fr\/#organization","name":"Schweizerische Gesellschaft f\u00fcr die Erforschung des 18. Jahrhunderts (SGEAJ - SSEDS)","url":"https:\/\/www.sgeaj.ch\/fr\/","logo":{"@type":"ImageObject","inLanguage":"fr-FR","@id":"https:\/\/www.sgeaj.ch\/fr\/#\/schema\/logo\/image\/","url":"https:\/\/www.sgeaj.ch\/wp-content\/uploads\/2021\/06\/cropped-logo-xviiies-horiz-abreuviations-bleues.png","contentUrl":"https:\/\/www.sgeaj.ch\/wp-content\/uploads\/2021\/06\/cropped-logo-xviiies-horiz-abreuviations-bleues.png","width":659,"height":335,"caption":"Schweizerische Gesellschaft f\u00fcr die Erforschung des 18. Jahrhunderts (SGEAJ - SSEDS)"},"image":{"@id":"https:\/\/www.sgeaj.ch\/fr\/#\/schema\/logo\/image\/"}},{"@type":"Person","@id":"https:\/\/www.sgeaj.ch\/fr\/#\/schema\/person\/2cd839eed625879a17645fc9f307c8e7","name":"Nadja Ackermann","url":"https:\/\/www.sgeaj.ch\/fr\/author\/naackermann\/"}]}},"_links":{"self":[{"href":"https:\/\/www.sgeaj.ch\/fr\/wp-json\/wp\/v2\/posts\/5115","targetHints":{"allow":["GET"]}}],"collection":[{"href":"https:\/\/www.sgeaj.ch\/fr\/wp-json\/wp\/v2\/posts"}],"about":[{"href":"https:\/\/www.sgeaj.ch\/fr\/wp-json\/wp\/v2\/types\/post"}],"author":[{"embeddable":true,"href":"https:\/\/www.sgeaj.ch\/fr\/wp-json\/wp\/v2\/users\/7"}],"replies":[{"embeddable":true,"href":"https:\/\/www.sgeaj.ch\/fr\/wp-json\/wp\/v2\/comments?post=5115"}],"version-history":[{"count":1,"href":"https:\/\/www.sgeaj.ch\/fr\/wp-json\/wp\/v2\/posts\/5115\/revisions"}],"predecessor-version":[{"id":5916,"href":"https:\/\/www.sgeaj.ch\/fr\/wp-json\/wp\/v2\/posts\/5115\/revisions\/5916"}],"wp:featuredmedia":[{"embeddable":true,"href":"https:\/\/www.sgeaj.ch\/fr\/wp-json\/wp\/v2\/media\/5113"}],"wp:attachment":[{"href":"https:\/\/www.sgeaj.ch\/fr\/wp-json\/wp\/v2\/media?parent=5115"}],"wp:term":[{"taxonomy":"category","embeddable":true,"href":"https:\/\/www.sgeaj.ch\/fr\/wp-json\/wp\/v2\/categories?post=5115"},{"taxonomy":"post_tag","embeddable":true,"href":"https:\/\/www.sgeaj.ch\/fr\/wp-json\/wp\/v2\/tags?post=5115"}],"curies":[{"name":"wp","href":"https:\/\/api.w.org\/{rel}","templated":true}]}}