{"id":5139,"date":"2020-10-28T12:29:42","date_gmt":"2020-10-28T11:29:42","guid":{"rendered":"https:\/\/www.sgeaj.ch\/actualite\/non-classifiee\/de-lobservation-isolee-au-savoir-partage-negociations-discursives-et-construction-du-veritable-invisible-dans-les-sciences-naturelles-entre-1740-et-1840\/"},"modified":"2021-04-02T15:56:15","modified_gmt":"2021-04-02T13:56:15","slug":"de-lobservation-isolee-au-savoir-partage-negociations-discursives-et-construction-du-veritable-invisible-dans-les-sciences-naturelles-entre-1740-et-1840","status":"publish","type":"post","link":"https:\/\/www.sgeaj.ch\/fr\/projets-recherche\/recherches-achevees\/de-lobservation-isolee-au-savoir-partage-negociations-discursives-et-construction-du-veritable-invisible-dans-les-sciences-naturelles-entre-1740-et-1840\/","title":{"rendered":"De l\u2019observation isol\u00e9e au savoir partag\u00e9"},"content":{"rendered":"\n<h3 class=\"wp-block-heading\">Projet du Fonds National Suisse 2015-2018 <\/h3>\n\n\n\n<h3 class=\"wp-block-heading\">De l\u2019observation isol\u00e9e au savoir partag\u00e9: n\u00e9gociations discursives et construction du v\u00e9ritable invisible dans les sciences naturelles entre 1740 et 1840<\/h3>\n\n\n\n<p>La naissance de la science microscopiste et de l\u2019int\u00e9r\u00eat pour les formes de vie invisibles \u00e0 l\u2019\u0153il nu (bact\u00e9ries, infusoires, micro-organismes animaux et v\u00e9g\u00e9taux) trouve ses origines \u00e0 la fin du XVIIe si\u00e8cle. Avant que ne puissent surgir, dans le courant du XIXe si\u00e8cle, des sciences sp\u00e9cialis\u00e9es bas\u00e9es sur des m\u00e9thodes pr\u00e9cises et des langages formels, il a fallu&nbsp; une p\u00e9riode d\u2019adaptation aux nouveaux objets que l\u2019on avait sous les yeux. Tout au long du XVIIIe si\u00e8cle, les naturalistes tentent d\u2019imposer une compr\u00e9hension de ces productions in\u00e9dites, inventent des mots pour en parler, cherchent leur signification.<\/p>\n\n\n\n<p>Sur la base d\u2019un corpus de textes th\u00e9oriques, d\u2019observations publi\u00e9es, mais \u00e9galement de nombreux manuscrits (correspondances, carnets de laboratoire, notes diverses, brouillons) conserv\u00e9s au Mus\u00e9um d\u2019histoire naturelle de Paris, \u00e0 l\u2019Acad\u00e9mie des sciences et \u00e0 la Biblioth\u00e8que de Gen\u00e8ve, ce projet a pour but d\u2019explorer la mani\u00e8re dont les savants \u00e9laborent cette nouvelle cat\u00e9gorie, sur les plans cognitifs et discursifs. Le syst\u00e8me et la langue classificatoires qui se d\u00e9veloppent dans ces ann\u00e9es permettent de r\u00e9soudre un certain nombre de probl\u00e8mes relatifs \u00e0 l\u2019identification et \u00e0 la nomination de ces objets invisibles dans un langage aussi neutre que possible. Mais parall\u00e8lement, dans le champ exp\u00e9rimental, le passage de l\u2019observation au discours pose des probl\u00e8mes qui d\u00e9passent largement la question de l\u2019identification : comment \u00e9laborer la description qui permettra de reconna\u00eetre un objet observ\u00e9 parfois de mani\u00e8re al\u00e9atoire ? Comment le transformer en objet de connaissance ? Comment l\u2019interpr\u00e9ter ? Toute une rh\u00e9torique de l\u2019invisible est ici en acte, o\u00f9 se m\u00ealent des mod\u00e8les profond\u00e9ment ancr\u00e9s depuis Leeuwenhoek, des tentatives de lier l\u2019observation \u00e0 une conception plus g\u00e9n\u00e9rale de la vie et de la mati\u00e8re (spontan\u00e9isme notamment) ou encore une fascination \u00e9vidente pour le nouveau spectacle qu\u2019offre ce pan inconnu de la nature.<\/p>\n\n\n\n<p>Responsables&nbsp;: Nathalie Vuillemin (UniNe), sp\u00e9cialiste de l\u2019histoire des discours scientifiques au XVIIIe si\u00e8cle, et Marc Ratcliff (UniGe), historien des sciences sp\u00e9cialiste de l\u2019histoire de la microscopie.<\/p>\n\n\n\n<p>\u2192 <a href=\"https:\/\/www2.unine.ch\/litteratures\/page-34897.html#cid368065\" target=\"_blank\" rel=\"noreferrer noopener\">Informations suppl\u00e9mentaires<\/a><\/p>\n","protected":false},"excerpt":{"rendered":"<p>Projet du Fonds National Suisse 2015-2018 De l\u2019observation isol\u00e9e au savoir partag\u00e9: n\u00e9gociations discursives et construction du v\u00e9ritable invisible dans les sciences naturelles entre 1740 et 1840 La naissance de la science microscopiste et de l\u2019int\u00e9r\u00eat pour les formes de vie invisibles \u00e0 l\u2019\u0153il nu (bact\u00e9ries, infusoires, micro-organismes animaux et v\u00e9g\u00e9taux) trouve ses origines \u00e0 [&hellip;]<\/p>\n","protected":false},"author":7,"featured_media":3580,"comment_status":"closed","ping_status":"closed","sticky":false,"template":"","format":"standard","meta":{"footnotes":""},"categories":[45,52],"tags":[],"class_list":{"0":"post-5139","1":"post","2":"type-post","3":"status-publish","4":"format-standard","5":"has-post-thumbnail","7":"category-projets-recherche","8":"category-recherches-achevees","9":"czr-hentry"},"yoast_head":"<!-- This site is optimized with the Yoast SEO plugin v26.9 - https:\/\/yoast.com\/product\/yoast-seo-wordpress\/ -->\n<title>De l\u2019observation isol\u00e9e au savoir partag\u00e9 - Schweizerische Gesellschaft f\u00fcr die Erforschung des 18. Jahrhunderts (SGEAJ - SSEDS)<\/title>\n<meta name=\"robots\" content=\"index, follow, max-snippet:-1, max-image-preview:large, max-video-preview:-1\" \/>\n<link rel=\"canonical\" href=\"https:\/\/www.sgeaj.ch\/fr\/projets-recherche\/recherches-achevees\/de-lobservation-isolee-au-savoir-partage-negociations-discursives-et-construction-du-veritable-invisible-dans-les-sciences-naturelles-entre-1740-et-1840\/\" \/>\n<meta name=\"twitter:label1\" content=\"\u00c9crit par\" \/>\n\t<meta name=\"twitter:data1\" content=\"Nadja Ackermann\" \/>\n\t<meta name=\"twitter:label2\" content=\"Dur\u00e9e de lecture estim\u00e9e\" \/>\n\t<meta name=\"twitter:data2\" content=\"2 minutes\" \/>\n<script type=\"application\/ld+json\" class=\"yoast-schema-graph\">{\"@context\":\"https:\/\/schema.org\",\"@graph\":[{\"@type\":\"Article\",\"@id\":\"https:\/\/www.sgeaj.ch\/fr\/projets-recherche\/recherches-achevees\/de-lobservation-isolee-au-savoir-partage-negociations-discursives-et-construction-du-veritable-invisible-dans-les-sciences-naturelles-entre-1740-et-1840\/#article\",\"isPartOf\":{\"@id\":\"https:\/\/www.sgeaj.ch\/fr\/projets-recherche\/recherches-achevees\/de-lobservation-isolee-au-savoir-partage-negociations-discursives-et-construction-du-veritable-invisible-dans-les-sciences-naturelles-entre-1740-et-1840\/\"},\"author\":{\"name\":\"Nadja Ackermann\",\"@id\":\"https:\/\/www.sgeaj.ch\/fr\/#\/schema\/person\/2cd839eed625879a17645fc9f307c8e7\"},\"headline\":\"De l\u2019observation isol\u00e9e au savoir partag\u00e9\",\"datePublished\":\"2020-10-28T11:29:42+00:00\",\"dateModified\":\"2021-04-02T13:56:15+00:00\",\"mainEntityOfPage\":{\"@id\":\"https:\/\/www.sgeaj.ch\/fr\/projets-recherche\/recherches-achevees\/de-lobservation-isolee-au-savoir-partage-negociations-discursives-et-construction-du-veritable-invisible-dans-les-sciences-naturelles-entre-1740-et-1840\/\"},\"wordCount\":423,\"publisher\":{\"@id\":\"https:\/\/www.sgeaj.ch\/fr\/#organization\"},\"image\":{\"@id\":\"https:\/\/www.sgeaj.ch\/fr\/projets-recherche\/recherches-achevees\/de-lobservation-isolee-au-savoir-partage-negociations-discursives-et-construction-du-veritable-invisible-dans-les-sciences-naturelles-entre-1740-et-1840\/#primaryimage\"},\"thumbnailUrl\":\"https:\/\/www.sgeaj.ch\/wp-content\/uploads\/2016\/10\/2016.11.-Lucerne-affiche.jpg\",\"articleSection\":[\"Projets de recherche\",\"Recherches achev\u00e9es\"],\"inLanguage\":\"fr-FR\"},{\"@type\":\"WebPage\",\"@id\":\"https:\/\/www.sgeaj.ch\/fr\/projets-recherche\/recherches-achevees\/de-lobservation-isolee-au-savoir-partage-negociations-discursives-et-construction-du-veritable-invisible-dans-les-sciences-naturelles-entre-1740-et-1840\/\",\"url\":\"https:\/\/www.sgeaj.ch\/fr\/projets-recherche\/recherches-achevees\/de-lobservation-isolee-au-savoir-partage-negociations-discursives-et-construction-du-veritable-invisible-dans-les-sciences-naturelles-entre-1740-et-1840\/\",\"name\":\"De l\u2019observation isol\u00e9e au savoir partag\u00e9 - Schweizerische Gesellschaft f\u00fcr die Erforschung des 18. Jahrhunderts (SGEAJ - SSEDS)\",\"isPartOf\":{\"@id\":\"https:\/\/www.sgeaj.ch\/fr\/#website\"},\"primaryImageOfPage\":{\"@id\":\"https:\/\/www.sgeaj.ch\/fr\/projets-recherche\/recherches-achevees\/de-lobservation-isolee-au-savoir-partage-negociations-discursives-et-construction-du-veritable-invisible-dans-les-sciences-naturelles-entre-1740-et-1840\/#primaryimage\"},\"image\":{\"@id\":\"https:\/\/www.sgeaj.ch\/fr\/projets-recherche\/recherches-achevees\/de-lobservation-isolee-au-savoir-partage-negociations-discursives-et-construction-du-veritable-invisible-dans-les-sciences-naturelles-entre-1740-et-1840\/#primaryimage\"},\"thumbnailUrl\":\"https:\/\/www.sgeaj.ch\/wp-content\/uploads\/2016\/10\/2016.11.-Lucerne-affiche.jpg\",\"datePublished\":\"2020-10-28T11:29:42+00:00\",\"dateModified\":\"2021-04-02T13:56:15+00:00\",\"breadcrumb\":{\"@id\":\"https:\/\/www.sgeaj.ch\/fr\/projets-recherche\/recherches-achevees\/de-lobservation-isolee-au-savoir-partage-negociations-discursives-et-construction-du-veritable-invisible-dans-les-sciences-naturelles-entre-1740-et-1840\/#breadcrumb\"},\"inLanguage\":\"fr-FR\",\"potentialAction\":[{\"@type\":\"ReadAction\",\"target\":[\"https:\/\/www.sgeaj.ch\/fr\/projets-recherche\/recherches-achevees\/de-lobservation-isolee-au-savoir-partage-negociations-discursives-et-construction-du-veritable-invisible-dans-les-sciences-naturelles-entre-1740-et-1840\/\"]}]},{\"@type\":\"ImageObject\",\"inLanguage\":\"fr-FR\",\"@id\":\"https:\/\/www.sgeaj.ch\/fr\/projets-recherche\/recherches-achevees\/de-lobservation-isolee-au-savoir-partage-negociations-discursives-et-construction-du-veritable-invisible-dans-les-sciences-naturelles-entre-1740-et-1840\/#primaryimage\",\"url\":\"https:\/\/www.sgeaj.ch\/wp-content\/uploads\/2016\/10\/2016.11.-Lucerne-affiche.jpg\",\"contentUrl\":\"https:\/\/www.sgeaj.ch\/wp-content\/uploads\/2016\/10\/2016.11.-Lucerne-affiche.jpg\",\"width\":824,\"height\":1654},{\"@type\":\"BreadcrumbList\",\"@id\":\"https:\/\/www.sgeaj.ch\/fr\/projets-recherche\/recherches-achevees\/de-lobservation-isolee-au-savoir-partage-negociations-discursives-et-construction-du-veritable-invisible-dans-les-sciences-naturelles-entre-1740-et-1840\/#breadcrumb\",\"itemListElement\":[{\"@type\":\"ListItem\",\"position\":1,\"name\":\"Recherche\",\"item\":\"https:\/\/www.sgeaj.ch\/fr\/recherche\/\"},{\"@type\":\"ListItem\",\"position\":2,\"name\":\"Projets de recherche\",\"item\":\"https:\/\/www.sgeaj.ch\/fr\/recherche\/projets-de-recherche\/\"},{\"@type\":\"ListItem\",\"position\":3,\"name\":\"De l\u2019observation isol\u00e9e au savoir partag\u00e9\"}]},{\"@type\":\"WebSite\",\"@id\":\"https:\/\/www.sgeaj.ch\/fr\/#website\",\"url\":\"https:\/\/www.sgeaj.ch\/fr\/\",\"name\":\"Schweizerische Gesellschaft f\u00fcr die Erforschung des 18. Jahrhunderts (SGEAJ - SSEDS)\",\"description\":\"Schweizerische Gesellschaft f\u00fcr die Erforschung des 18. Jahrhunderts\",\"publisher\":{\"@id\":\"https:\/\/www.sgeaj.ch\/fr\/#organization\"},\"potentialAction\":[{\"@type\":\"SearchAction\",\"target\":{\"@type\":\"EntryPoint\",\"urlTemplate\":\"https:\/\/www.sgeaj.ch\/fr\/?s={search_term_string}\"},\"query-input\":{\"@type\":\"PropertyValueSpecification\",\"valueRequired\":true,\"valueName\":\"search_term_string\"}}],\"inLanguage\":\"fr-FR\"},{\"@type\":\"Organization\",\"@id\":\"https:\/\/www.sgeaj.ch\/fr\/#organization\",\"name\":\"Schweizerische Gesellschaft f\u00fcr die Erforschung des 18. Jahrhunderts (SGEAJ - SSEDS)\",\"url\":\"https:\/\/www.sgeaj.ch\/fr\/\",\"logo\":{\"@type\":\"ImageObject\",\"inLanguage\":\"fr-FR\",\"@id\":\"https:\/\/www.sgeaj.ch\/fr\/#\/schema\/logo\/image\/\",\"url\":\"https:\/\/www.sgeaj.ch\/wp-content\/uploads\/2021\/06\/cropped-logo-xviiies-horiz-abreuviations-bleues.png\",\"contentUrl\":\"https:\/\/www.sgeaj.ch\/wp-content\/uploads\/2021\/06\/cropped-logo-xviiies-horiz-abreuviations-bleues.png\",\"width\":659,\"height\":335,\"caption\":\"Schweizerische Gesellschaft f\u00fcr die Erforschung des 18. Jahrhunderts (SGEAJ - SSEDS)\"},\"image\":{\"@id\":\"https:\/\/www.sgeaj.ch\/fr\/#\/schema\/logo\/image\/\"}},{\"@type\":\"Person\",\"@id\":\"https:\/\/www.sgeaj.ch\/fr\/#\/schema\/person\/2cd839eed625879a17645fc9f307c8e7\",\"name\":\"Nadja Ackermann\",\"url\":\"https:\/\/www.sgeaj.ch\/fr\/author\/naackermann\/\"}]}<\/script>\n<!-- \/ Yoast SEO plugin. -->","yoast_head_json":{"title":"De l\u2019observation isol\u00e9e au savoir partag\u00e9 - Schweizerische Gesellschaft f\u00fcr die Erforschung des 18. Jahrhunderts (SGEAJ - SSEDS)","robots":{"index":"index","follow":"follow","max-snippet":"max-snippet:-1","max-image-preview":"max-image-preview:large","max-video-preview":"max-video-preview:-1"},"canonical":"https:\/\/www.sgeaj.ch\/fr\/projets-recherche\/recherches-achevees\/de-lobservation-isolee-au-savoir-partage-negociations-discursives-et-construction-du-veritable-invisible-dans-les-sciences-naturelles-entre-1740-et-1840\/","twitter_misc":{"\u00c9crit par":"Nadja Ackermann","Dur\u00e9e de lecture estim\u00e9e":"2 minutes"},"schema":{"@context":"https:\/\/schema.org","@graph":[{"@type":"Article","@id":"https:\/\/www.sgeaj.ch\/fr\/projets-recherche\/recherches-achevees\/de-lobservation-isolee-au-savoir-partage-negociations-discursives-et-construction-du-veritable-invisible-dans-les-sciences-naturelles-entre-1740-et-1840\/#article","isPartOf":{"@id":"https:\/\/www.sgeaj.ch\/fr\/projets-recherche\/recherches-achevees\/de-lobservation-isolee-au-savoir-partage-negociations-discursives-et-construction-du-veritable-invisible-dans-les-sciences-naturelles-entre-1740-et-1840\/"},"author":{"name":"Nadja Ackermann","@id":"https:\/\/www.sgeaj.ch\/fr\/#\/schema\/person\/2cd839eed625879a17645fc9f307c8e7"},"headline":"De l\u2019observation isol\u00e9e au savoir partag\u00e9","datePublished":"2020-10-28T11:29:42+00:00","dateModified":"2021-04-02T13:56:15+00:00","mainEntityOfPage":{"@id":"https:\/\/www.sgeaj.ch\/fr\/projets-recherche\/recherches-achevees\/de-lobservation-isolee-au-savoir-partage-negociations-discursives-et-construction-du-veritable-invisible-dans-les-sciences-naturelles-entre-1740-et-1840\/"},"wordCount":423,"publisher":{"@id":"https:\/\/www.sgeaj.ch\/fr\/#organization"},"image":{"@id":"https:\/\/www.sgeaj.ch\/fr\/projets-recherche\/recherches-achevees\/de-lobservation-isolee-au-savoir-partage-negociations-discursives-et-construction-du-veritable-invisible-dans-les-sciences-naturelles-entre-1740-et-1840\/#primaryimage"},"thumbnailUrl":"https:\/\/www.sgeaj.ch\/wp-content\/uploads\/2016\/10\/2016.11.-Lucerne-affiche.jpg","articleSection":["Projets de recherche","Recherches achev\u00e9es"],"inLanguage":"fr-FR"},{"@type":"WebPage","@id":"https:\/\/www.sgeaj.ch\/fr\/projets-recherche\/recherches-achevees\/de-lobservation-isolee-au-savoir-partage-negociations-discursives-et-construction-du-veritable-invisible-dans-les-sciences-naturelles-entre-1740-et-1840\/","url":"https:\/\/www.sgeaj.ch\/fr\/projets-recherche\/recherches-achevees\/de-lobservation-isolee-au-savoir-partage-negociations-discursives-et-construction-du-veritable-invisible-dans-les-sciences-naturelles-entre-1740-et-1840\/","name":"De l\u2019observation isol\u00e9e au savoir partag\u00e9 - Schweizerische Gesellschaft f\u00fcr die Erforschung des 18. Jahrhunderts (SGEAJ - SSEDS)","isPartOf":{"@id":"https:\/\/www.sgeaj.ch\/fr\/#website"},"primaryImageOfPage":{"@id":"https:\/\/www.sgeaj.ch\/fr\/projets-recherche\/recherches-achevees\/de-lobservation-isolee-au-savoir-partage-negociations-discursives-et-construction-du-veritable-invisible-dans-les-sciences-naturelles-entre-1740-et-1840\/#primaryimage"},"image":{"@id":"https:\/\/www.sgeaj.ch\/fr\/projets-recherche\/recherches-achevees\/de-lobservation-isolee-au-savoir-partage-negociations-discursives-et-construction-du-veritable-invisible-dans-les-sciences-naturelles-entre-1740-et-1840\/#primaryimage"},"thumbnailUrl":"https:\/\/www.sgeaj.ch\/wp-content\/uploads\/2016\/10\/2016.11.-Lucerne-affiche.jpg","datePublished":"2020-10-28T11:29:42+00:00","dateModified":"2021-04-02T13:56:15+00:00","breadcrumb":{"@id":"https:\/\/www.sgeaj.ch\/fr\/projets-recherche\/recherches-achevees\/de-lobservation-isolee-au-savoir-partage-negociations-discursives-et-construction-du-veritable-invisible-dans-les-sciences-naturelles-entre-1740-et-1840\/#breadcrumb"},"inLanguage":"fr-FR","potentialAction":[{"@type":"ReadAction","target":["https:\/\/www.sgeaj.ch\/fr\/projets-recherche\/recherches-achevees\/de-lobservation-isolee-au-savoir-partage-negociations-discursives-et-construction-du-veritable-invisible-dans-les-sciences-naturelles-entre-1740-et-1840\/"]}]},{"@type":"ImageObject","inLanguage":"fr-FR","@id":"https:\/\/www.sgeaj.ch\/fr\/projets-recherche\/recherches-achevees\/de-lobservation-isolee-au-savoir-partage-negociations-discursives-et-construction-du-veritable-invisible-dans-les-sciences-naturelles-entre-1740-et-1840\/#primaryimage","url":"https:\/\/www.sgeaj.ch\/wp-content\/uploads\/2016\/10\/2016.11.-Lucerne-affiche.jpg","contentUrl":"https:\/\/www.sgeaj.ch\/wp-content\/uploads\/2016\/10\/2016.11.-Lucerne-affiche.jpg","width":824,"height":1654},{"@type":"BreadcrumbList","@id":"https:\/\/www.sgeaj.ch\/fr\/projets-recherche\/recherches-achevees\/de-lobservation-isolee-au-savoir-partage-negociations-discursives-et-construction-du-veritable-invisible-dans-les-sciences-naturelles-entre-1740-et-1840\/#breadcrumb","itemListElement":[{"@type":"ListItem","position":1,"name":"Recherche","item":"https:\/\/www.sgeaj.ch\/fr\/recherche\/"},{"@type":"ListItem","position":2,"name":"Projets de recherche","item":"https:\/\/www.sgeaj.ch\/fr\/recherche\/projets-de-recherche\/"},{"@type":"ListItem","position":3,"name":"De l\u2019observation isol\u00e9e au savoir partag\u00e9"}]},{"@type":"WebSite","@id":"https:\/\/www.sgeaj.ch\/fr\/#website","url":"https:\/\/www.sgeaj.ch\/fr\/","name":"Schweizerische Gesellschaft f\u00fcr die Erforschung des 18. Jahrhunderts (SGEAJ - SSEDS)","description":"Schweizerische Gesellschaft f\u00fcr die Erforschung des 18. Jahrhunderts","publisher":{"@id":"https:\/\/www.sgeaj.ch\/fr\/#organization"},"potentialAction":[{"@type":"SearchAction","target":{"@type":"EntryPoint","urlTemplate":"https:\/\/www.sgeaj.ch\/fr\/?s={search_term_string}"},"query-input":{"@type":"PropertyValueSpecification","valueRequired":true,"valueName":"search_term_string"}}],"inLanguage":"fr-FR"},{"@type":"Organization","@id":"https:\/\/www.sgeaj.ch\/fr\/#organization","name":"Schweizerische Gesellschaft f\u00fcr die Erforschung des 18. Jahrhunderts (SGEAJ - SSEDS)","url":"https:\/\/www.sgeaj.ch\/fr\/","logo":{"@type":"ImageObject","inLanguage":"fr-FR","@id":"https:\/\/www.sgeaj.ch\/fr\/#\/schema\/logo\/image\/","url":"https:\/\/www.sgeaj.ch\/wp-content\/uploads\/2021\/06\/cropped-logo-xviiies-horiz-abreuviations-bleues.png","contentUrl":"https:\/\/www.sgeaj.ch\/wp-content\/uploads\/2021\/06\/cropped-logo-xviiies-horiz-abreuviations-bleues.png","width":659,"height":335,"caption":"Schweizerische Gesellschaft f\u00fcr die Erforschung des 18. Jahrhunderts (SGEAJ - SSEDS)"},"image":{"@id":"https:\/\/www.sgeaj.ch\/fr\/#\/schema\/logo\/image\/"}},{"@type":"Person","@id":"https:\/\/www.sgeaj.ch\/fr\/#\/schema\/person\/2cd839eed625879a17645fc9f307c8e7","name":"Nadja Ackermann","url":"https:\/\/www.sgeaj.ch\/fr\/author\/naackermann\/"}]}},"_links":{"self":[{"href":"https:\/\/www.sgeaj.ch\/fr\/wp-json\/wp\/v2\/posts\/5139","targetHints":{"allow":["GET"]}}],"collection":[{"href":"https:\/\/www.sgeaj.ch\/fr\/wp-json\/wp\/v2\/posts"}],"about":[{"href":"https:\/\/www.sgeaj.ch\/fr\/wp-json\/wp\/v2\/types\/post"}],"author":[{"embeddable":true,"href":"https:\/\/www.sgeaj.ch\/fr\/wp-json\/wp\/v2\/users\/7"}],"replies":[{"embeddable":true,"href":"https:\/\/www.sgeaj.ch\/fr\/wp-json\/wp\/v2\/comments?post=5139"}],"version-history":[{"count":3,"href":"https:\/\/www.sgeaj.ch\/fr\/wp-json\/wp\/v2\/posts\/5139\/revisions"}],"predecessor-version":[{"id":5961,"href":"https:\/\/www.sgeaj.ch\/fr\/wp-json\/wp\/v2\/posts\/5139\/revisions\/5961"}],"wp:featuredmedia":[{"embeddable":true,"href":"https:\/\/www.sgeaj.ch\/fr\/wp-json\/wp\/v2\/media\/3580"}],"wp:attachment":[{"href":"https:\/\/www.sgeaj.ch\/fr\/wp-json\/wp\/v2\/media?parent=5139"}],"wp:term":[{"taxonomy":"category","embeddable":true,"href":"https:\/\/www.sgeaj.ch\/fr\/wp-json\/wp\/v2\/categories?post=5139"},{"taxonomy":"post_tag","embeddable":true,"href":"https:\/\/www.sgeaj.ch\/fr\/wp-json\/wp\/v2\/tags?post=5139"}],"curies":[{"name":"wp","href":"https:\/\/api.w.org\/{rel}","templated":true}]}}