{"id":5141,"date":"2020-10-28T12:22:05","date_gmt":"2020-10-28T11:22:05","guid":{"rendered":"https:\/\/www.sgeaj.ch\/actualite\/non-classifiee\/faire-exotique-production-usage-et-materialite-de-lailleurs-en-europe-1600-1800\/"},"modified":"2021-04-14T00:16:43","modified_gmt":"2021-04-13T22:16:43","slug":"faire-exotique-production-usage-et-materialite-de-lailleurs-en-europe-1600-1800","status":"publish","type":"post","link":"https:\/\/www.sgeaj.ch\/fr\/projets-recherche\/recherches-achevees\/faire-exotique-production-usage-et-materialite-de-lailleurs-en-europe-1600-1800\/","title":{"rendered":"Faire exotique ?"},"content":{"rendered":"\n<h2 class=\"wp-block-heading\">Projet du Fonds National Suisse 2016-2020 <\/h2>\n\n\n\n<h2 class=\"wp-block-heading\">Faire exotique ? Production, usage et mat\u00e9rialit\u00e9 de l\u2019ailleurs en Europe, 1600-1800<\/h2>\n\n\n\n<p>Comment rendre exotique une \u0153uvre d\u2019art, un objet, un produit ? Comment signaler l\u2019\u00e9tranget\u00e9, la renforcer \u2013 ou, \u00e0 l\u2019inverse, s\u2019approprier, voire domestiquer la chose venue d\u2019ailleurs ? Ce programme de recherche interroge les modes de production de l\u2019exotisme dans les domaines de l\u2019art et de la culture mat\u00e9rielle aux 17e et 18e si\u00e8cles. Il s\u2019agit de mettre l\u2019accent sur les pratiques destin\u00e9es \u00e0 faire exotique ; sur les gestes qui produisent un effet de distance ou de proximit\u00e9 ; sur les r\u00e9cits qui entourent une personne ou un objet ; et\/ou, enfin, sur les dispositifs qui donnent une place aux choses.<\/p>\n\n\n\n<p>La constitution des r\u00e9seaux coloniaux et l\u2019accroissement des \u00e9changes marchands apr\u00e8s 1650 intensifient de mani\u00e8re in\u00e9dite la circulation des choses et des personnes. Les arts d\u00e9coratifs et l\u2019histoire des collections en France et en Suisse t\u00e9moignent de ces changements : l\u2019\u00e9tude de ces deux pays ouvre aussi sur une comparaison des diff\u00e9rents modes d\u2019interaction avec les objets venus d\u2019ailleurs. Ces processus s\u2019inscrivent dans un temps et un territoire donn\u00e9s : non seulement ceux dont proviennent les objets, mais, plus encore, ceux qui les re\u00e7oivent. Il s\u2019agit ainsi d\u2019\u00e9tudier les productions europ\u00e9ennes \u00e0 l\u2019horizon des cultures mat\u00e9rielles qui s\u2019y int\u00e8grent.<\/p>\n\n\n\n<p>Notre recherche se d\u00e9veloppe sur trois volets :<br>1. L\u2019int\u00e9gration des fragments venus d\u2019Asie dans le mobilier et les int\u00e9rieurs europ\u00e9ens ;<br>2. Les objets non-occidentaux dans les collections en Europe, et plus particuli\u00e8rement leur r\u00f4le dans la naissance de l\u2019anthropologie au 18e si\u00e8cle ;<br>3. L\u2019usage des tissus appel\u00e9s \u00ab Indiennes \u00bb, produits en Suisse et caract\u00e9ris\u00e9s par des motifs \u00e0 connotation extra-europ\u00e9enne, en lien notamment avec le d\u00e9veloppement des sciences naturelles. Un projet d\u2019exposition sur l\u2019exotisme en Suisse au 18e si\u00e8cle, accompagn\u00e9 d\u2019un catalogue, est aussi en cours.<\/p>\n\n\n\n<p>\u00c9quipe de recherche : Prof. Dr. No\u00e9mie Etienne, Dr. Chonja Lee, MA. Claire Brizon, MA. Sara Petrella (Universit\u00e9 de Berne).<\/p>\n\n\n\n<p><a rel=\"noreferrer noopener\" href=\"http:\/\/theexotic.ch\/\" target=\"_blank\">\u2192 Informations suppl\u00e9mentaires<\/a><\/p>\n\n\n\n<p><strong>Publication: Claire Brizon, Chonja Lee, \u00c9tienne Wismer, No\u00e9mie \u00c9tienne (\u00e9d.), Une Suisse exotique? Regarder l\u2019ailleurs en Suisse au si\u00e8cle des Lumi\u00e8res, Gen\u00e8ve 2020<\/strong><\/p>\n\n\n\n<p>Pourquoi un objet, une \u0153uvre d\u2019art, voire une personne, sont-ils consid\u00e9r\u00e9s comme \u00ab exotiques \u00bb ? Comment se construit le regard sur les choses ou les gens qui semblent appartenir \u00e0 d\u2019autres r\u00e9gions, d\u2019autres cultures ? Ces questions sont explor\u00e9es ici dans un contexte pr\u00e9cis : le si\u00e8cle des Lumi\u00e8res en Suisse. Pour la premi\u00e8re fois, des chercheuses et des chercheurs universitaires et des sp\u00e9cialistes du monde des mus\u00e9es sont r\u00e9unis pour repenser la p\u00e9riode au prisme de cette g\u00e9ographie. Ce livre rassemble des articles ainsi que des textes plus courts centr\u00e9s sur des images, des objets, des livres, ou des sp\u00e9cimens naturels issus des collections mus\u00e9ales helv\u00e9tiques. \u00ab Exotique \u00bb d\u00e9signe dans ce contexte ce qui vient d\u2019ailleurs et peut \u00eatre utilis\u00e9 et \u00ab am\u00e9lior\u00e9 \u00bb au profit des puissances europ\u00e9ennes. Ce terme invite \u00e0 reconsid\u00e9rer \u00e0 la fois le long XVIIIe si\u00e8cle et l\u2019histoire internationale de la Suisse.<\/p>\n\n\n\n<p><a href=\"https:\/\/www.diaphanes.net\/titel\/une-suisse-exotique-6004\" target=\"_blank\" rel=\"noreferrer noopener\">\u2192 commander le livre<\/a><\/p>\n","protected":false},"excerpt":{"rendered":"<p>Projet du Fonds National Suisse 2016-2020 Faire exotique ? Production, usage et mat\u00e9rialit\u00e9 de l\u2019ailleurs en Europe, 1600-1800 Comment rendre exotique une \u0153uvre d\u2019art, un objet, un produit ? Comment signaler l\u2019\u00e9tranget\u00e9, la renforcer \u2013 ou, \u00e0 l\u2019inverse, s\u2019approprier, voire domestiquer la chose venue d\u2019ailleurs ? Ce programme de recherche interroge les modes de production [&hellip;]<\/p>\n","protected":false},"author":7,"featured_media":4425,"comment_status":"closed","ping_status":"closed","sticky":false,"template":"","format":"standard","meta":{"footnotes":""},"categories":[45,52],"tags":[],"class_list":{"0":"post-5141","1":"post","2":"type-post","3":"status-publish","4":"format-standard","5":"has-post-thumbnail","7":"category-projets-recherche","8":"category-recherches-achevees","9":"czr-hentry"},"yoast_head":"<!-- This site is optimized with the Yoast SEO plugin v26.9 - https:\/\/yoast.com\/product\/yoast-seo-wordpress\/ -->\n<title>Faire exotique ? - Schweizerische Gesellschaft f\u00fcr die Erforschung des 18. Jahrhunderts (SGEAJ - SSEDS)<\/title>\n<meta name=\"robots\" content=\"index, follow, max-snippet:-1, max-image-preview:large, max-video-preview:-1\" \/>\n<link rel=\"canonical\" href=\"https:\/\/www.sgeaj.ch\/fr\/projets-recherche\/recherches-achevees\/faire-exotique-production-usage-et-materialite-de-lailleurs-en-europe-1600-1800\/\" \/>\n<meta name=\"twitter:label1\" content=\"\u00c9crit par\" \/>\n\t<meta name=\"twitter:data1\" content=\"Nadja Ackermann\" \/>\n\t<meta name=\"twitter:label2\" content=\"Dur\u00e9e de lecture estim\u00e9e\" \/>\n\t<meta name=\"twitter:data2\" content=\"3 minutes\" \/>\n<script type=\"application\/ld+json\" class=\"yoast-schema-graph\">{\"@context\":\"https:\/\/schema.org\",\"@graph\":[{\"@type\":\"Article\",\"@id\":\"https:\/\/www.sgeaj.ch\/fr\/projets-recherche\/recherches-achevees\/faire-exotique-production-usage-et-materialite-de-lailleurs-en-europe-1600-1800\/#article\",\"isPartOf\":{\"@id\":\"https:\/\/www.sgeaj.ch\/fr\/projets-recherche\/recherches-achevees\/faire-exotique-production-usage-et-materialite-de-lailleurs-en-europe-1600-1800\/\"},\"author\":{\"name\":\"Nadja Ackermann\",\"@id\":\"https:\/\/www.sgeaj.ch\/fr\/#\/schema\/person\/2cd839eed625879a17645fc9f307c8e7\"},\"headline\":\"Faire exotique ?\",\"datePublished\":\"2020-10-28T11:22:05+00:00\",\"dateModified\":\"2021-04-13T22:16:43+00:00\",\"mainEntityOfPage\":{\"@id\":\"https:\/\/www.sgeaj.ch\/fr\/projets-recherche\/recherches-achevees\/faire-exotique-production-usage-et-materialite-de-lailleurs-en-europe-1600-1800\/\"},\"wordCount\":565,\"publisher\":{\"@id\":\"https:\/\/www.sgeaj.ch\/fr\/#organization\"},\"image\":{\"@id\":\"https:\/\/www.sgeaj.ch\/fr\/projets-recherche\/recherches-achevees\/faire-exotique-production-usage-et-materialite-de-lailleurs-en-europe-1600-1800\/#primaryimage\"},\"thumbnailUrl\":\"https:\/\/www.sgeaj.ch\/wp-content\/uploads\/2020\/10\/Exotique.jpg\",\"articleSection\":[\"Projets de recherche\",\"Recherches achev\u00e9es\"],\"inLanguage\":\"fr-FR\"},{\"@type\":\"WebPage\",\"@id\":\"https:\/\/www.sgeaj.ch\/fr\/projets-recherche\/recherches-achevees\/faire-exotique-production-usage-et-materialite-de-lailleurs-en-europe-1600-1800\/\",\"url\":\"https:\/\/www.sgeaj.ch\/fr\/projets-recherche\/recherches-achevees\/faire-exotique-production-usage-et-materialite-de-lailleurs-en-europe-1600-1800\/\",\"name\":\"Faire exotique ? - Schweizerische Gesellschaft f\u00fcr die Erforschung des 18. Jahrhunderts (SGEAJ - SSEDS)\",\"isPartOf\":{\"@id\":\"https:\/\/www.sgeaj.ch\/fr\/#website\"},\"primaryImageOfPage\":{\"@id\":\"https:\/\/www.sgeaj.ch\/fr\/projets-recherche\/recherches-achevees\/faire-exotique-production-usage-et-materialite-de-lailleurs-en-europe-1600-1800\/#primaryimage\"},\"image\":{\"@id\":\"https:\/\/www.sgeaj.ch\/fr\/projets-recherche\/recherches-achevees\/faire-exotique-production-usage-et-materialite-de-lailleurs-en-europe-1600-1800\/#primaryimage\"},\"thumbnailUrl\":\"https:\/\/www.sgeaj.ch\/wp-content\/uploads\/2020\/10\/Exotique.jpg\",\"datePublished\":\"2020-10-28T11:22:05+00:00\",\"dateModified\":\"2021-04-13T22:16:43+00:00\",\"breadcrumb\":{\"@id\":\"https:\/\/www.sgeaj.ch\/fr\/projets-recherche\/recherches-achevees\/faire-exotique-production-usage-et-materialite-de-lailleurs-en-europe-1600-1800\/#breadcrumb\"},\"inLanguage\":\"fr-FR\",\"potentialAction\":[{\"@type\":\"ReadAction\",\"target\":[\"https:\/\/www.sgeaj.ch\/fr\/projets-recherche\/recherches-achevees\/faire-exotique-production-usage-et-materialite-de-lailleurs-en-europe-1600-1800\/\"]}]},{\"@type\":\"ImageObject\",\"inLanguage\":\"fr-FR\",\"@id\":\"https:\/\/www.sgeaj.ch\/fr\/projets-recherche\/recherches-achevees\/faire-exotique-production-usage-et-materialite-de-lailleurs-en-europe-1600-1800\/#primaryimage\",\"url\":\"https:\/\/www.sgeaj.ch\/wp-content\/uploads\/2020\/10\/Exotique.jpg\",\"contentUrl\":\"https:\/\/www.sgeaj.ch\/wp-content\/uploads\/2020\/10\/Exotique.jpg\",\"width\":503,\"height\":750},{\"@type\":\"BreadcrumbList\",\"@id\":\"https:\/\/www.sgeaj.ch\/fr\/projets-recherche\/recherches-achevees\/faire-exotique-production-usage-et-materialite-de-lailleurs-en-europe-1600-1800\/#breadcrumb\",\"itemListElement\":[{\"@type\":\"ListItem\",\"position\":1,\"name\":\"Recherche\",\"item\":\"https:\/\/www.sgeaj.ch\/fr\/recherche\/\"},{\"@type\":\"ListItem\",\"position\":2,\"name\":\"Projets de recherche\",\"item\":\"https:\/\/www.sgeaj.ch\/fr\/recherche\/projets-de-recherche\/\"},{\"@type\":\"ListItem\",\"position\":3,\"name\":\"Faire exotique ?\"}]},{\"@type\":\"WebSite\",\"@id\":\"https:\/\/www.sgeaj.ch\/fr\/#website\",\"url\":\"https:\/\/www.sgeaj.ch\/fr\/\",\"name\":\"Schweizerische Gesellschaft f\u00fcr die Erforschung des 18. Jahrhunderts (SGEAJ - SSEDS)\",\"description\":\"Schweizerische Gesellschaft f\u00fcr die Erforschung des 18. Jahrhunderts\",\"publisher\":{\"@id\":\"https:\/\/www.sgeaj.ch\/fr\/#organization\"},\"potentialAction\":[{\"@type\":\"SearchAction\",\"target\":{\"@type\":\"EntryPoint\",\"urlTemplate\":\"https:\/\/www.sgeaj.ch\/fr\/?s={search_term_string}\"},\"query-input\":{\"@type\":\"PropertyValueSpecification\",\"valueRequired\":true,\"valueName\":\"search_term_string\"}}],\"inLanguage\":\"fr-FR\"},{\"@type\":\"Organization\",\"@id\":\"https:\/\/www.sgeaj.ch\/fr\/#organization\",\"name\":\"Schweizerische Gesellschaft f\u00fcr die Erforschung des 18. Jahrhunderts (SGEAJ - SSEDS)\",\"url\":\"https:\/\/www.sgeaj.ch\/fr\/\",\"logo\":{\"@type\":\"ImageObject\",\"inLanguage\":\"fr-FR\",\"@id\":\"https:\/\/www.sgeaj.ch\/fr\/#\/schema\/logo\/image\/\",\"url\":\"https:\/\/www.sgeaj.ch\/wp-content\/uploads\/2021\/06\/cropped-logo-xviiies-horiz-abreuviations-bleues.png\",\"contentUrl\":\"https:\/\/www.sgeaj.ch\/wp-content\/uploads\/2021\/06\/cropped-logo-xviiies-horiz-abreuviations-bleues.png\",\"width\":659,\"height\":335,\"caption\":\"Schweizerische Gesellschaft f\u00fcr die Erforschung des 18. Jahrhunderts (SGEAJ - SSEDS)\"},\"image\":{\"@id\":\"https:\/\/www.sgeaj.ch\/fr\/#\/schema\/logo\/image\/\"}},{\"@type\":\"Person\",\"@id\":\"https:\/\/www.sgeaj.ch\/fr\/#\/schema\/person\/2cd839eed625879a17645fc9f307c8e7\",\"name\":\"Nadja Ackermann\",\"url\":\"https:\/\/www.sgeaj.ch\/fr\/author\/naackermann\/\"}]}<\/script>\n<!-- \/ Yoast SEO plugin. -->","yoast_head_json":{"title":"Faire exotique ? - Schweizerische Gesellschaft f\u00fcr die Erforschung des 18. Jahrhunderts (SGEAJ - SSEDS)","robots":{"index":"index","follow":"follow","max-snippet":"max-snippet:-1","max-image-preview":"max-image-preview:large","max-video-preview":"max-video-preview:-1"},"canonical":"https:\/\/www.sgeaj.ch\/fr\/projets-recherche\/recherches-achevees\/faire-exotique-production-usage-et-materialite-de-lailleurs-en-europe-1600-1800\/","twitter_misc":{"\u00c9crit par":"Nadja Ackermann","Dur\u00e9e de lecture estim\u00e9e":"3 minutes"},"schema":{"@context":"https:\/\/schema.org","@graph":[{"@type":"Article","@id":"https:\/\/www.sgeaj.ch\/fr\/projets-recherche\/recherches-achevees\/faire-exotique-production-usage-et-materialite-de-lailleurs-en-europe-1600-1800\/#article","isPartOf":{"@id":"https:\/\/www.sgeaj.ch\/fr\/projets-recherche\/recherches-achevees\/faire-exotique-production-usage-et-materialite-de-lailleurs-en-europe-1600-1800\/"},"author":{"name":"Nadja Ackermann","@id":"https:\/\/www.sgeaj.ch\/fr\/#\/schema\/person\/2cd839eed625879a17645fc9f307c8e7"},"headline":"Faire exotique ?","datePublished":"2020-10-28T11:22:05+00:00","dateModified":"2021-04-13T22:16:43+00:00","mainEntityOfPage":{"@id":"https:\/\/www.sgeaj.ch\/fr\/projets-recherche\/recherches-achevees\/faire-exotique-production-usage-et-materialite-de-lailleurs-en-europe-1600-1800\/"},"wordCount":565,"publisher":{"@id":"https:\/\/www.sgeaj.ch\/fr\/#organization"},"image":{"@id":"https:\/\/www.sgeaj.ch\/fr\/projets-recherche\/recherches-achevees\/faire-exotique-production-usage-et-materialite-de-lailleurs-en-europe-1600-1800\/#primaryimage"},"thumbnailUrl":"https:\/\/www.sgeaj.ch\/wp-content\/uploads\/2020\/10\/Exotique.jpg","articleSection":["Projets de recherche","Recherches achev\u00e9es"],"inLanguage":"fr-FR"},{"@type":"WebPage","@id":"https:\/\/www.sgeaj.ch\/fr\/projets-recherche\/recherches-achevees\/faire-exotique-production-usage-et-materialite-de-lailleurs-en-europe-1600-1800\/","url":"https:\/\/www.sgeaj.ch\/fr\/projets-recherche\/recherches-achevees\/faire-exotique-production-usage-et-materialite-de-lailleurs-en-europe-1600-1800\/","name":"Faire exotique ? - Schweizerische Gesellschaft f\u00fcr die Erforschung des 18. Jahrhunderts (SGEAJ - SSEDS)","isPartOf":{"@id":"https:\/\/www.sgeaj.ch\/fr\/#website"},"primaryImageOfPage":{"@id":"https:\/\/www.sgeaj.ch\/fr\/projets-recherche\/recherches-achevees\/faire-exotique-production-usage-et-materialite-de-lailleurs-en-europe-1600-1800\/#primaryimage"},"image":{"@id":"https:\/\/www.sgeaj.ch\/fr\/projets-recherche\/recherches-achevees\/faire-exotique-production-usage-et-materialite-de-lailleurs-en-europe-1600-1800\/#primaryimage"},"thumbnailUrl":"https:\/\/www.sgeaj.ch\/wp-content\/uploads\/2020\/10\/Exotique.jpg","datePublished":"2020-10-28T11:22:05+00:00","dateModified":"2021-04-13T22:16:43+00:00","breadcrumb":{"@id":"https:\/\/www.sgeaj.ch\/fr\/projets-recherche\/recherches-achevees\/faire-exotique-production-usage-et-materialite-de-lailleurs-en-europe-1600-1800\/#breadcrumb"},"inLanguage":"fr-FR","potentialAction":[{"@type":"ReadAction","target":["https:\/\/www.sgeaj.ch\/fr\/projets-recherche\/recherches-achevees\/faire-exotique-production-usage-et-materialite-de-lailleurs-en-europe-1600-1800\/"]}]},{"@type":"ImageObject","inLanguage":"fr-FR","@id":"https:\/\/www.sgeaj.ch\/fr\/projets-recherche\/recherches-achevees\/faire-exotique-production-usage-et-materialite-de-lailleurs-en-europe-1600-1800\/#primaryimage","url":"https:\/\/www.sgeaj.ch\/wp-content\/uploads\/2020\/10\/Exotique.jpg","contentUrl":"https:\/\/www.sgeaj.ch\/wp-content\/uploads\/2020\/10\/Exotique.jpg","width":503,"height":750},{"@type":"BreadcrumbList","@id":"https:\/\/www.sgeaj.ch\/fr\/projets-recherche\/recherches-achevees\/faire-exotique-production-usage-et-materialite-de-lailleurs-en-europe-1600-1800\/#breadcrumb","itemListElement":[{"@type":"ListItem","position":1,"name":"Recherche","item":"https:\/\/www.sgeaj.ch\/fr\/recherche\/"},{"@type":"ListItem","position":2,"name":"Projets de recherche","item":"https:\/\/www.sgeaj.ch\/fr\/recherche\/projets-de-recherche\/"},{"@type":"ListItem","position":3,"name":"Faire exotique ?"}]},{"@type":"WebSite","@id":"https:\/\/www.sgeaj.ch\/fr\/#website","url":"https:\/\/www.sgeaj.ch\/fr\/","name":"Schweizerische Gesellschaft f\u00fcr die Erforschung des 18. Jahrhunderts (SGEAJ - SSEDS)","description":"Schweizerische Gesellschaft f\u00fcr die Erforschung des 18. Jahrhunderts","publisher":{"@id":"https:\/\/www.sgeaj.ch\/fr\/#organization"},"potentialAction":[{"@type":"SearchAction","target":{"@type":"EntryPoint","urlTemplate":"https:\/\/www.sgeaj.ch\/fr\/?s={search_term_string}"},"query-input":{"@type":"PropertyValueSpecification","valueRequired":true,"valueName":"search_term_string"}}],"inLanguage":"fr-FR"},{"@type":"Organization","@id":"https:\/\/www.sgeaj.ch\/fr\/#organization","name":"Schweizerische Gesellschaft f\u00fcr die Erforschung des 18. Jahrhunderts (SGEAJ - SSEDS)","url":"https:\/\/www.sgeaj.ch\/fr\/","logo":{"@type":"ImageObject","inLanguage":"fr-FR","@id":"https:\/\/www.sgeaj.ch\/fr\/#\/schema\/logo\/image\/","url":"https:\/\/www.sgeaj.ch\/wp-content\/uploads\/2021\/06\/cropped-logo-xviiies-horiz-abreuviations-bleues.png","contentUrl":"https:\/\/www.sgeaj.ch\/wp-content\/uploads\/2021\/06\/cropped-logo-xviiies-horiz-abreuviations-bleues.png","width":659,"height":335,"caption":"Schweizerische Gesellschaft f\u00fcr die Erforschung des 18. Jahrhunderts (SGEAJ - SSEDS)"},"image":{"@id":"https:\/\/www.sgeaj.ch\/fr\/#\/schema\/logo\/image\/"}},{"@type":"Person","@id":"https:\/\/www.sgeaj.ch\/fr\/#\/schema\/person\/2cd839eed625879a17645fc9f307c8e7","name":"Nadja Ackermann","url":"https:\/\/www.sgeaj.ch\/fr\/author\/naackermann\/"}]}},"_links":{"self":[{"href":"https:\/\/www.sgeaj.ch\/fr\/wp-json\/wp\/v2\/posts\/5141","targetHints":{"allow":["GET"]}}],"collection":[{"href":"https:\/\/www.sgeaj.ch\/fr\/wp-json\/wp\/v2\/posts"}],"about":[{"href":"https:\/\/www.sgeaj.ch\/fr\/wp-json\/wp\/v2\/types\/post"}],"author":[{"embeddable":true,"href":"https:\/\/www.sgeaj.ch\/fr\/wp-json\/wp\/v2\/users\/7"}],"replies":[{"embeddable":true,"href":"https:\/\/www.sgeaj.ch\/fr\/wp-json\/wp\/v2\/comments?post=5141"}],"version-history":[{"count":2,"href":"https:\/\/www.sgeaj.ch\/fr\/wp-json\/wp\/v2\/posts\/5141\/revisions"}],"predecessor-version":[{"id":5967,"href":"https:\/\/www.sgeaj.ch\/fr\/wp-json\/wp\/v2\/posts\/5141\/revisions\/5967"}],"wp:featuredmedia":[{"embeddable":true,"href":"https:\/\/www.sgeaj.ch\/fr\/wp-json\/wp\/v2\/media\/4425"}],"wp:attachment":[{"href":"https:\/\/www.sgeaj.ch\/fr\/wp-json\/wp\/v2\/media?parent=5141"}],"wp:term":[{"taxonomy":"category","embeddable":true,"href":"https:\/\/www.sgeaj.ch\/fr\/wp-json\/wp\/v2\/categories?post=5141"},{"taxonomy":"post_tag","embeddable":true,"href":"https:\/\/www.sgeaj.ch\/fr\/wp-json\/wp\/v2\/tags?post=5141"}],"curies":[{"name":"wp","href":"https:\/\/api.w.org\/{rel}","templated":true}]}}