{"id":5142,"date":"2020-10-28T12:20:18","date_gmt":"2020-10-28T11:20:18","guid":{"rendered":"https:\/\/www.sgeaj.ch\/actualite\/non-classifiee\/ethos-ethische-praktiken-in-aesthetischen-theorien-des-18-jahrhunderts\/"},"modified":"2025-04-23T18:02:36","modified_gmt":"2025-04-23T16:02:36","slug":"ethos-ethische-praktiken-in-aesthetischen-theorien-des-18-jahrhunderts","status":"publish","type":"post","link":"https:\/\/www.sgeaj.ch\/fr\/projets-recherche\/ethos-ethische-praktiken-in-aesthetischen-theorien-des-18-jahrhunderts\/","title":{"rendered":"ETHOS. Ethische Praktiken in \u00e4sthetischen Theorien des 18. Jahrhunderts"},"content":{"rendered":"\n<h3 class=\"wp-block-heading\">Forschungsprojekt des Schweizerischen Nationalfonds<\/h3>\n\n\n<p>Die Aufkl\u00e4rung ist davon \u00fcberzeugt, dass weder der freie Wille noch die reine Vernunft, sondern Erziehung, Ausbildung und \u00dcbung den Menschen zum guten Handeln bewegen. Daher spielen entsprechende Anweisungen und Anleitungen auch in ihren \u00e4sthetischen Theorien eine entscheidende Rolle. Das Forschungsprojekt ist im Bereich der Begriffs-, Problem- und Ideengeschichte angesiedelt. Es wendet sich dem tiefgreifenden Zusammenhang von Ethik und \u00c4sthetik zu, der zwischen 1720 und 1800 die deutschsprachigen \u00e4sthetischen Schriften besch\u00e4ftigt.<\/p>\n<p>Im 18. Jahrhundert gilt als sch\u00f6n, was n\u00fctzt, erfreut und belehrt. Kunst ist nicht um ihrer selbst willen da, sondern sie ist in einen gesellschaftlichen Kontext eingebettet, in dem ihr bestimmte Aufgaben zukommen. Auf der methodischen Grundlage der Praxeologie widmet sich das Forschungsprojekt den Funktionen solcher Handlungsanweisungen und -anleitungen in \u00e4sthetischen Theorien, die als ethische Praktiken verstanden werden. Die Praktiken lassen sich in drei Gruppen zusammenfassen, die unterschiedliche Aspekte betonen: ein \u201agutes\u2018 Leben, eine \u201agute\u2018 Darstellung und eine \u201agute\u2018 Sinnlichkeit. Einerseits sollen die zentralen ethischen Praktiken anhand ausgew\u00e4hlter Quellen systematisch identifiziert und analysiert werden. Andererseits sollen die ethischen Praktiken in den \u00e4sthetischen Schriften des Schweizers Johann Jacob Bodmer (1698-1783) exemplarisch untersucht werden.<\/p>\n<p>Im 20. und 21. Jahrhundert wird die moralische und politische Verantwortung der Kunst in \u00e4sthetischen Theorien neu verhandelt. Kunst ist nicht mehr nur sch\u00f6n, sondern hat auch Teil an einer gesamtgesellschaftlichen Verantwortung. Das Forschungsprojekt leistet einen Beitrag zur alternativen Geschichte der \u00e4sthetischen Theoriebildung, die Praktiken einen zentralen Stellenwert zuschreibt: Mit dieser Geschichte geht es \u2013 emphatisch gesprochen \u2013 um eine \u00e4sthetische Theorie, deren Massstab nicht die Kunst, sondern das Leben bildet.<\/p>\n<p>Projektleitung: Prof. Dr. Frauke Berndt (Deutsches Seminar UZH)<\/p>\n<p><a href=\"https:\/\/www.ethos.uzh.ch\/de.html\" target=\"_blank\" rel=\"noopener noreferrer\">\u2192 zur Projektwebsite<\/a><\/p>\n<p><!-- \/wp:post-content --><!-- wp:tadv\/classic-paragraph --><!--EndFragment--><\/p>","protected":false},"excerpt":{"rendered":"<p>Forschungsprojekt des Schweizerischen Nationalfonds Die Aufkl\u00e4rung ist davon \u00fcberzeugt, dass weder der freie Wille noch die reine Vernunft, sondern Erziehung, Ausbildung und \u00dcbung den Menschen zum guten Handeln bewegen. Daher spielen entsprechende Anweisungen und Anleitungen auch in ihren \u00e4sthetischen Theorien eine entscheidende Rolle. Das Forschungsprojekt ist im Bereich der Begriffs-, Problem- und Ideengeschichte angesiedelt. Es [&hellip;]<\/p>\n","protected":false},"author":7,"featured_media":3809,"comment_status":"closed","ping_status":"closed","sticky":false,"template":"","format":"standard","meta":{"footnotes":""},"categories":[45,52],"tags":[],"class_list":{"0":"post-5142","1":"post","2":"type-post","3":"status-publish","4":"format-standard","5":"has-post-thumbnail","7":"category-projets-recherche","8":"category-recherches-achevees","9":"czr-hentry"},"yoast_head":"<!-- This site is optimized with the Yoast SEO plugin v26.9 - https:\/\/yoast.com\/product\/yoast-seo-wordpress\/ -->\n<title>ETHOS. Ethische Praktiken in \u00e4sthetischen Theorien des 18. Jahrhunderts - Schweizerische Gesellschaft f\u00fcr die Erforschung des 18. Jahrhunderts (SGEAJ - SSEDS)<\/title>\n<meta name=\"robots\" content=\"index, follow, max-snippet:-1, max-image-preview:large, max-video-preview:-1\" \/>\n<link rel=\"canonical\" href=\"https:\/\/www.sgeaj.ch\/fr\/projets-recherche\/ethos-ethische-praktiken-in-aesthetischen-theorien-des-18-jahrhunderts\/\" \/>\n<meta name=\"twitter:label1\" content=\"\u00c9crit par\" \/>\n\t<meta name=\"twitter:data1\" content=\"Nadja Ackermann\" \/>\n\t<meta name=\"twitter:label2\" content=\"Dur\u00e9e de lecture estim\u00e9e\" \/>\n\t<meta name=\"twitter:data2\" content=\"2 minutes\" \/>\n<script type=\"application\/ld+json\" class=\"yoast-schema-graph\">{\"@context\":\"https:\/\/schema.org\",\"@graph\":[{\"@type\":\"Article\",\"@id\":\"https:\/\/www.sgeaj.ch\/fr\/projets-recherche\/ethos-ethische-praktiken-in-aesthetischen-theorien-des-18-jahrhunderts\/#article\",\"isPartOf\":{\"@id\":\"https:\/\/www.sgeaj.ch\/fr\/projets-recherche\/ethos-ethische-praktiken-in-aesthetischen-theorien-des-18-jahrhunderts\/\"},\"author\":{\"name\":\"Nadja Ackermann\",\"@id\":\"https:\/\/www.sgeaj.ch\/fr\/#\/schema\/person\/2cd839eed625879a17645fc9f307c8e7\"},\"headline\":\"ETHOS. Ethische Praktiken in \u00e4sthetischen Theorien des 18. Jahrhunderts\",\"datePublished\":\"2020-10-28T11:20:18+00:00\",\"dateModified\":\"2025-04-23T16:02:36+00:00\",\"mainEntityOfPage\":{\"@id\":\"https:\/\/www.sgeaj.ch\/fr\/projets-recherche\/ethos-ethische-praktiken-in-aesthetischen-theorien-des-18-jahrhunderts\/\"},\"wordCount\":275,\"publisher\":{\"@id\":\"https:\/\/www.sgeaj.ch\/fr\/#organization\"},\"image\":{\"@id\":\"https:\/\/www.sgeaj.ch\/fr\/projets-recherche\/ethos-ethische-praktiken-in-aesthetischen-theorien-des-18-jahrhunderts\/#primaryimage\"},\"thumbnailUrl\":\"https:\/\/www.sgeaj.ch\/wp-content\/uploads\/2019\/08\/ISECS-seminar-2020.png\",\"articleSection\":[\"Projets de recherche\",\"Recherches achev\u00e9es\"],\"inLanguage\":\"fr-FR\"},{\"@type\":\"WebPage\",\"@id\":\"https:\/\/www.sgeaj.ch\/fr\/projets-recherche\/ethos-ethische-praktiken-in-aesthetischen-theorien-des-18-jahrhunderts\/\",\"url\":\"https:\/\/www.sgeaj.ch\/fr\/projets-recherche\/ethos-ethische-praktiken-in-aesthetischen-theorien-des-18-jahrhunderts\/\",\"name\":\"ETHOS. Ethische Praktiken in \u00e4sthetischen Theorien des 18. Jahrhunderts - Schweizerische Gesellschaft f\u00fcr die Erforschung des 18. Jahrhunderts (SGEAJ - SSEDS)\",\"isPartOf\":{\"@id\":\"https:\/\/www.sgeaj.ch\/fr\/#website\"},\"primaryImageOfPage\":{\"@id\":\"https:\/\/www.sgeaj.ch\/fr\/projets-recherche\/ethos-ethische-praktiken-in-aesthetischen-theorien-des-18-jahrhunderts\/#primaryimage\"},\"image\":{\"@id\":\"https:\/\/www.sgeaj.ch\/fr\/projets-recherche\/ethos-ethische-praktiken-in-aesthetischen-theorien-des-18-jahrhunderts\/#primaryimage\"},\"thumbnailUrl\":\"https:\/\/www.sgeaj.ch\/wp-content\/uploads\/2019\/08\/ISECS-seminar-2020.png\",\"datePublished\":\"2020-10-28T11:20:18+00:00\",\"dateModified\":\"2025-04-23T16:02:36+00:00\",\"breadcrumb\":{\"@id\":\"https:\/\/www.sgeaj.ch\/fr\/projets-recherche\/ethos-ethische-praktiken-in-aesthetischen-theorien-des-18-jahrhunderts\/#breadcrumb\"},\"inLanguage\":\"fr-FR\",\"potentialAction\":[{\"@type\":\"ReadAction\",\"target\":[\"https:\/\/www.sgeaj.ch\/fr\/projets-recherche\/ethos-ethische-praktiken-in-aesthetischen-theorien-des-18-jahrhunderts\/\"]}]},{\"@type\":\"ImageObject\",\"inLanguage\":\"fr-FR\",\"@id\":\"https:\/\/www.sgeaj.ch\/fr\/projets-recherche\/ethos-ethische-praktiken-in-aesthetischen-theorien-des-18-jahrhunderts\/#primaryimage\",\"url\":\"https:\/\/www.sgeaj.ch\/wp-content\/uploads\/2019\/08\/ISECS-seminar-2020.png\",\"contentUrl\":\"https:\/\/www.sgeaj.ch\/wp-content\/uploads\/2019\/08\/ISECS-seminar-2020.png\",\"width\":431,\"height\":384},{\"@type\":\"BreadcrumbList\",\"@id\":\"https:\/\/www.sgeaj.ch\/fr\/projets-recherche\/ethos-ethische-praktiken-in-aesthetischen-theorien-des-18-jahrhunderts\/#breadcrumb\",\"itemListElement\":[{\"@type\":\"ListItem\",\"position\":1,\"name\":\"Recherche\",\"item\":\"https:\/\/www.sgeaj.ch\/fr\/recherche\/\"},{\"@type\":\"ListItem\",\"position\":2,\"name\":\"Projets de recherche\",\"item\":\"https:\/\/www.sgeaj.ch\/fr\/recherche\/projets-de-recherche\/\"},{\"@type\":\"ListItem\",\"position\":3,\"name\":\"ETHOS. Ethische Praktiken in \u00e4sthetischen Theorien des 18. Jahrhunderts\"}]},{\"@type\":\"WebSite\",\"@id\":\"https:\/\/www.sgeaj.ch\/fr\/#website\",\"url\":\"https:\/\/www.sgeaj.ch\/fr\/\",\"name\":\"Schweizerische Gesellschaft f\u00fcr die Erforschung des 18. Jahrhunderts (SGEAJ - SSEDS)\",\"description\":\"Schweizerische Gesellschaft f\u00fcr die Erforschung des 18. Jahrhunderts\",\"publisher\":{\"@id\":\"https:\/\/www.sgeaj.ch\/fr\/#organization\"},\"potentialAction\":[{\"@type\":\"SearchAction\",\"target\":{\"@type\":\"EntryPoint\",\"urlTemplate\":\"https:\/\/www.sgeaj.ch\/fr\/?s={search_term_string}\"},\"query-input\":{\"@type\":\"PropertyValueSpecification\",\"valueRequired\":true,\"valueName\":\"search_term_string\"}}],\"inLanguage\":\"fr-FR\"},{\"@type\":\"Organization\",\"@id\":\"https:\/\/www.sgeaj.ch\/fr\/#organization\",\"name\":\"Schweizerische Gesellschaft f\u00fcr die Erforschung des 18. Jahrhunderts (SGEAJ - SSEDS)\",\"url\":\"https:\/\/www.sgeaj.ch\/fr\/\",\"logo\":{\"@type\":\"ImageObject\",\"inLanguage\":\"fr-FR\",\"@id\":\"https:\/\/www.sgeaj.ch\/fr\/#\/schema\/logo\/image\/\",\"url\":\"https:\/\/www.sgeaj.ch\/wp-content\/uploads\/2021\/06\/cropped-logo-xviiies-horiz-abreuviations-bleues.png\",\"contentUrl\":\"https:\/\/www.sgeaj.ch\/wp-content\/uploads\/2021\/06\/cropped-logo-xviiies-horiz-abreuviations-bleues.png\",\"width\":659,\"height\":335,\"caption\":\"Schweizerische Gesellschaft f\u00fcr die Erforschung des 18. Jahrhunderts (SGEAJ - SSEDS)\"},\"image\":{\"@id\":\"https:\/\/www.sgeaj.ch\/fr\/#\/schema\/logo\/image\/\"}},{\"@type\":\"Person\",\"@id\":\"https:\/\/www.sgeaj.ch\/fr\/#\/schema\/person\/2cd839eed625879a17645fc9f307c8e7\",\"name\":\"Nadja Ackermann\",\"url\":\"https:\/\/www.sgeaj.ch\/fr\/author\/naackermann\/\"}]}<\/script>\n<!-- \/ Yoast SEO plugin. -->","yoast_head_json":{"title":"ETHOS. Ethische Praktiken in \u00e4sthetischen Theorien des 18. Jahrhunderts - Schweizerische Gesellschaft f\u00fcr die Erforschung des 18. Jahrhunderts (SGEAJ - SSEDS)","robots":{"index":"index","follow":"follow","max-snippet":"max-snippet:-1","max-image-preview":"max-image-preview:large","max-video-preview":"max-video-preview:-1"},"canonical":"https:\/\/www.sgeaj.ch\/fr\/projets-recherche\/ethos-ethische-praktiken-in-aesthetischen-theorien-des-18-jahrhunderts\/","twitter_misc":{"\u00c9crit par":"Nadja Ackermann","Dur\u00e9e de lecture estim\u00e9e":"2 minutes"},"schema":{"@context":"https:\/\/schema.org","@graph":[{"@type":"Article","@id":"https:\/\/www.sgeaj.ch\/fr\/projets-recherche\/ethos-ethische-praktiken-in-aesthetischen-theorien-des-18-jahrhunderts\/#article","isPartOf":{"@id":"https:\/\/www.sgeaj.ch\/fr\/projets-recherche\/ethos-ethische-praktiken-in-aesthetischen-theorien-des-18-jahrhunderts\/"},"author":{"name":"Nadja Ackermann","@id":"https:\/\/www.sgeaj.ch\/fr\/#\/schema\/person\/2cd839eed625879a17645fc9f307c8e7"},"headline":"ETHOS. Ethische Praktiken in \u00e4sthetischen Theorien des 18. Jahrhunderts","datePublished":"2020-10-28T11:20:18+00:00","dateModified":"2025-04-23T16:02:36+00:00","mainEntityOfPage":{"@id":"https:\/\/www.sgeaj.ch\/fr\/projets-recherche\/ethos-ethische-praktiken-in-aesthetischen-theorien-des-18-jahrhunderts\/"},"wordCount":275,"publisher":{"@id":"https:\/\/www.sgeaj.ch\/fr\/#organization"},"image":{"@id":"https:\/\/www.sgeaj.ch\/fr\/projets-recherche\/ethos-ethische-praktiken-in-aesthetischen-theorien-des-18-jahrhunderts\/#primaryimage"},"thumbnailUrl":"https:\/\/www.sgeaj.ch\/wp-content\/uploads\/2019\/08\/ISECS-seminar-2020.png","articleSection":["Projets de recherche","Recherches achev\u00e9es"],"inLanguage":"fr-FR"},{"@type":"WebPage","@id":"https:\/\/www.sgeaj.ch\/fr\/projets-recherche\/ethos-ethische-praktiken-in-aesthetischen-theorien-des-18-jahrhunderts\/","url":"https:\/\/www.sgeaj.ch\/fr\/projets-recherche\/ethos-ethische-praktiken-in-aesthetischen-theorien-des-18-jahrhunderts\/","name":"ETHOS. Ethische Praktiken in \u00e4sthetischen Theorien des 18. Jahrhunderts - Schweizerische Gesellschaft f\u00fcr die Erforschung des 18. Jahrhunderts (SGEAJ - SSEDS)","isPartOf":{"@id":"https:\/\/www.sgeaj.ch\/fr\/#website"},"primaryImageOfPage":{"@id":"https:\/\/www.sgeaj.ch\/fr\/projets-recherche\/ethos-ethische-praktiken-in-aesthetischen-theorien-des-18-jahrhunderts\/#primaryimage"},"image":{"@id":"https:\/\/www.sgeaj.ch\/fr\/projets-recherche\/ethos-ethische-praktiken-in-aesthetischen-theorien-des-18-jahrhunderts\/#primaryimage"},"thumbnailUrl":"https:\/\/www.sgeaj.ch\/wp-content\/uploads\/2019\/08\/ISECS-seminar-2020.png","datePublished":"2020-10-28T11:20:18+00:00","dateModified":"2025-04-23T16:02:36+00:00","breadcrumb":{"@id":"https:\/\/www.sgeaj.ch\/fr\/projets-recherche\/ethos-ethische-praktiken-in-aesthetischen-theorien-des-18-jahrhunderts\/#breadcrumb"},"inLanguage":"fr-FR","potentialAction":[{"@type":"ReadAction","target":["https:\/\/www.sgeaj.ch\/fr\/projets-recherche\/ethos-ethische-praktiken-in-aesthetischen-theorien-des-18-jahrhunderts\/"]}]},{"@type":"ImageObject","inLanguage":"fr-FR","@id":"https:\/\/www.sgeaj.ch\/fr\/projets-recherche\/ethos-ethische-praktiken-in-aesthetischen-theorien-des-18-jahrhunderts\/#primaryimage","url":"https:\/\/www.sgeaj.ch\/wp-content\/uploads\/2019\/08\/ISECS-seminar-2020.png","contentUrl":"https:\/\/www.sgeaj.ch\/wp-content\/uploads\/2019\/08\/ISECS-seminar-2020.png","width":431,"height":384},{"@type":"BreadcrumbList","@id":"https:\/\/www.sgeaj.ch\/fr\/projets-recherche\/ethos-ethische-praktiken-in-aesthetischen-theorien-des-18-jahrhunderts\/#breadcrumb","itemListElement":[{"@type":"ListItem","position":1,"name":"Recherche","item":"https:\/\/www.sgeaj.ch\/fr\/recherche\/"},{"@type":"ListItem","position":2,"name":"Projets de recherche","item":"https:\/\/www.sgeaj.ch\/fr\/recherche\/projets-de-recherche\/"},{"@type":"ListItem","position":3,"name":"ETHOS. Ethische Praktiken in \u00e4sthetischen Theorien des 18. Jahrhunderts"}]},{"@type":"WebSite","@id":"https:\/\/www.sgeaj.ch\/fr\/#website","url":"https:\/\/www.sgeaj.ch\/fr\/","name":"Schweizerische Gesellschaft f\u00fcr die Erforschung des 18. Jahrhunderts (SGEAJ - SSEDS)","description":"Schweizerische Gesellschaft f\u00fcr die Erforschung des 18. Jahrhunderts","publisher":{"@id":"https:\/\/www.sgeaj.ch\/fr\/#organization"},"potentialAction":[{"@type":"SearchAction","target":{"@type":"EntryPoint","urlTemplate":"https:\/\/www.sgeaj.ch\/fr\/?s={search_term_string}"},"query-input":{"@type":"PropertyValueSpecification","valueRequired":true,"valueName":"search_term_string"}}],"inLanguage":"fr-FR"},{"@type":"Organization","@id":"https:\/\/www.sgeaj.ch\/fr\/#organization","name":"Schweizerische Gesellschaft f\u00fcr die Erforschung des 18. Jahrhunderts (SGEAJ - SSEDS)","url":"https:\/\/www.sgeaj.ch\/fr\/","logo":{"@type":"ImageObject","inLanguage":"fr-FR","@id":"https:\/\/www.sgeaj.ch\/fr\/#\/schema\/logo\/image\/","url":"https:\/\/www.sgeaj.ch\/wp-content\/uploads\/2021\/06\/cropped-logo-xviiies-horiz-abreuviations-bleues.png","contentUrl":"https:\/\/www.sgeaj.ch\/wp-content\/uploads\/2021\/06\/cropped-logo-xviiies-horiz-abreuviations-bleues.png","width":659,"height":335,"caption":"Schweizerische Gesellschaft f\u00fcr die Erforschung des 18. Jahrhunderts (SGEAJ - SSEDS)"},"image":{"@id":"https:\/\/www.sgeaj.ch\/fr\/#\/schema\/logo\/image\/"}},{"@type":"Person","@id":"https:\/\/www.sgeaj.ch\/fr\/#\/schema\/person\/2cd839eed625879a17645fc9f307c8e7","name":"Nadja Ackermann","url":"https:\/\/www.sgeaj.ch\/fr\/author\/naackermann\/"}]}},"_links":{"self":[{"href":"https:\/\/www.sgeaj.ch\/fr\/wp-json\/wp\/v2\/posts\/5142","targetHints":{"allow":["GET"]}}],"collection":[{"href":"https:\/\/www.sgeaj.ch\/fr\/wp-json\/wp\/v2\/posts"}],"about":[{"href":"https:\/\/www.sgeaj.ch\/fr\/wp-json\/wp\/v2\/types\/post"}],"author":[{"embeddable":true,"href":"https:\/\/www.sgeaj.ch\/fr\/wp-json\/wp\/v2\/users\/7"}],"replies":[{"embeddable":true,"href":"https:\/\/www.sgeaj.ch\/fr\/wp-json\/wp\/v2\/comments?post=5142"}],"version-history":[{"count":4,"href":"https:\/\/www.sgeaj.ch\/fr\/wp-json\/wp\/v2\/posts\/5142\/revisions"}],"predecessor-version":[{"id":7875,"href":"https:\/\/www.sgeaj.ch\/fr\/wp-json\/wp\/v2\/posts\/5142\/revisions\/7875"}],"wp:featuredmedia":[{"embeddable":true,"href":"https:\/\/www.sgeaj.ch\/fr\/wp-json\/wp\/v2\/media\/3809"}],"wp:attachment":[{"href":"https:\/\/www.sgeaj.ch\/fr\/wp-json\/wp\/v2\/media?parent=5142"}],"wp:term":[{"taxonomy":"category","embeddable":true,"href":"https:\/\/www.sgeaj.ch\/fr\/wp-json\/wp\/v2\/categories?post=5142"},{"taxonomy":"post_tag","embeddable":true,"href":"https:\/\/www.sgeaj.ch\/fr\/wp-json\/wp\/v2\/tags?post=5142"}],"curies":[{"name":"wp","href":"https:\/\/api.w.org\/{rel}","templated":true}]}}