{"id":5143,"date":"2020-10-28T12:18:19","date_gmt":"2020-10-28T11:18:19","guid":{"rendered":"https:\/\/www.sgeaj.ch\/actualite\/non-classifiee\/online-edition-der-rezensionen-und-briefe-albrecht-von-hallers\/"},"modified":"2025-04-23T18:00:36","modified_gmt":"2025-04-23T16:00:36","slug":"online-edition-der-rezensionen-und-briefe-albrecht-von-hallers","status":"publish","type":"post","link":"https:\/\/www.sgeaj.ch\/fr\/projets-recherche\/online-edition-der-rezensionen-und-briefe-albrecht-von-hallers\/","title":{"rendered":"Online-Edition der Rezensionen und Briefe Albrecht von Hallers"},"content":{"rendered":"\n<h3 class=\"wp-block-heading\">Forschungsprojekt des Schweizerischen Nationalfonds 2018-2023 <\/h3>\n\n\n\n<h3 class=\"wp-block-heading\">Online-Edition der Rezensionen und Briefe Albrecht von Hallers<\/h3>\n\n\n\n<p>Im Zentrum des Editions- und Forschungsprojekts steht der Berner Arzt, Botaniker, Dichter und Magistrat <a href=\"https:\/\/hls-dhs-dss.ch\/de\/articles\/010656\/2009-11-05\/\" target=\"_blank\" rel=\"noreferrer noopener\">Albrecht von Haller<\/a> (1708-1777). Im Projektzeitraum von sechs Jahren ist zum einen die Gesamtedition der Rezensionen Hallers (darunter mehr als 9\u2019000 im f\u00fchrenden deutschsprachigen Rezensionsorgan G\u00f6ttingische Gelehrte Anzeigen) als eines zentralen, aber noch weitgehend unbekannten Teils seines \u0152uvres geplant. Zum anderen soll eine begr\u00fcndete Auswahl von inhaltlich damit zusammenh\u00e4ngenden rund 8\u2019000 Briefen ediert werden, als Zwischenetappe zur l\u00e4ngerfristig angestrebten Gesamtedition von Hallers Korrespondenz, die insgesamt rund 17\u2019000 Briefe umfasst.<\/p>\n\n\n<div class=\"wp-block-image\">\n<figure class=\"alignright\"><img loading=\"lazy\" decoding=\"async\" width=\"226\" height=\"300\" src=\"https:\/\/www.sgeaj.ch\/wp-content\/uploads\/2019\/03\/2019.05-Haller-plateform-Workshop-226x300.png\" alt=\"\" class=\"wp-image-3177\" srcset=\"https:\/\/www.sgeaj.ch\/wp-content\/uploads\/2019\/03\/2019.05-Haller-plateform-Workshop-226x300.png 226w, https:\/\/www.sgeaj.ch\/wp-content\/uploads\/2019\/03\/2019.05-Haller-plateform-Workshop-113x150.png 113w, https:\/\/www.sgeaj.ch\/wp-content\/uploads\/2019\/03\/2019.05-Haller-plateform-Workshop.png 551w\" sizes=\"auto, (max-width: 226px) 100vw, 226px\" \/><\/figure>\n<\/div>\n\n\n<p>Die digitale Edition erfolgt auf der Editions- und Forschungsplattform hallerNet, die gemeinsam mit dem <a href=\"http:\/\/cceh.uni-koeln.de\" target=\"_blank\" rel=\"noreferrer noopener\">Cologne Center for eHumanities<\/a> (CCeH) erstellt wurde und Ende April 2019 online gehen wird. In einem grossen, von der Burgergemeinde und der Universit\u00e4t Bern finanzierten Umbauprojekt (<a href=\"http:\/\/www.hist.unibe.ch\/forschung\/forschungsprojekte\/haller_online\/index_ger.html\" target=\"_blank\" rel=\"noreferrer noopener\">haller online<\/a>), konnten in hallerNet umfangreiche Metadaten integriert werden, die in mehreren SNF-Projekten seit Anfang der 1990er-Jahre in einer relationalen Verbunddatenbank erhoben worden waren. Die untereinander vielf\u00e4ltig verkn\u00fcpften Daten zu rund 48\u2019000 Publikationen, 25\u2019000 Akteuren, 20\u2019000 Briefen, 3\u2019000 Orten, 2\u2019900 Pflanzenarten, 1\u2019000 Versammlungen und 850 Institutionen stehen der Edition in einer TEI-konformen XML-Datenstruktur zur Verf\u00fcgung. Damit lassen sie sich als referenzierte Entit\u00e4ten mit den edierten Textinhalten verbinden, sowohl auf der Ebene der privaten Kommunikation (Briefe) als auch auf der des \u00f6ffentlichen Diskurses (Rezensionen). In der systematischen Verkn\u00fcpfung der beiden komplement\u00e4ren Kommunikationsebenen liegt eine der Hauptinnovationen des Editionsprojekts.<\/p>\n\n\n\n<p>Das Projekt zielt nicht nur auf Hallers singul\u00e4re Bedeutung, sondern ebenso auf seine paradigmatische Gestalt, die sich dank ihrer vielf\u00e4ltigen Aktivit\u00e4ten und aufgrund des grossen Korpus an \u00fcberliefertem Material hervorragend dazu eignet, zentrale Themen, Praktiken und Dynamiken in der Gelehrten- und Aufkl\u00e4rungswelt des 18. Jahrhunderts zu analysieren. Dadurch wird ein Quellenkorpus greifbar, das vor allem f\u00fcr die aktuell prosperierenden Forschungsfelder rund um Praktiken des Wissens, Gelehrten-Netzwerke, die Herausbildung wissenschaftlicher Disziplinen in der entstehenden Scientific community sowie die Transfer- und Verflechtungsgeschichte im 18. Jahrhundert anregend ist. Weiter werden Aspekte der Entwicklung von Gattungen und Textsorten sowie der Verbindung von gelehrter und literarischer Kommunikations- und Publikationsformen sichtbar.<\/p>\n\n\n\n<p>Projektleitung: Prof. Dr. Martin Stuber<\/p>\n\n\n\n<p>\u2192 <a href=\"https:\/\/www.sgeaj.ch\/wp-content\/uploads\/2018\/11\/2018-SNF-Projekt-Haller.pdf\">SNF Gesuch<\/a><\/p>\n","protected":false},"excerpt":{"rendered":"<p>Forschungsprojekt des Schweizerischen Nationalfonds 2018-2023 Online-Edition der Rezensionen und Briefe Albrecht von Hallers Im Zentrum des Editions- und Forschungsprojekts steht der Berner Arzt, Botaniker, Dichter und Magistrat Albrecht von Haller (1708-1777). Im Projektzeitraum von sechs Jahren ist zum einen die Gesamtedition der Rezensionen Hallers (darunter mehr als 9\u2019000 im f\u00fchrenden deutschsprachigen Rezensionsorgan G\u00f6ttingische Gelehrte Anzeigen) [&hellip;]<\/p>\n","protected":false},"author":7,"featured_media":3699,"comment_status":"closed","ping_status":"closed","sticky":false,"template":"","format":"standard","meta":{"footnotes":""},"categories":[45,52],"tags":[],"class_list":{"0":"post-5143","1":"post","2":"type-post","3":"status-publish","4":"format-standard","5":"has-post-thumbnail","7":"category-projets-recherche","8":"category-recherches-achevees","9":"czr-hentry"},"yoast_head":"<!-- This site is optimized with the Yoast SEO plugin v26.9 - https:\/\/yoast.com\/product\/yoast-seo-wordpress\/ -->\n<title>Online-Edition der Rezensionen und Briefe Albrecht von Hallers - Schweizerische Gesellschaft f\u00fcr die Erforschung des 18. Jahrhunderts (SGEAJ - SSEDS)<\/title>\n<meta name=\"robots\" content=\"index, follow, max-snippet:-1, max-image-preview:large, max-video-preview:-1\" \/>\n<link rel=\"canonical\" href=\"https:\/\/www.sgeaj.ch\/fr\/projets-recherche\/online-edition-der-rezensionen-und-briefe-albrecht-von-hallers\/\" \/>\n<meta name=\"twitter:label1\" content=\"\u00c9crit par\" \/>\n\t<meta name=\"twitter:data1\" content=\"Nadja Ackermann\" \/>\n\t<meta name=\"twitter:label2\" content=\"Dur\u00e9e de lecture estim\u00e9e\" \/>\n\t<meta name=\"twitter:data2\" content=\"3 minutes\" \/>\n<script type=\"application\/ld+json\" class=\"yoast-schema-graph\">{\"@context\":\"https:\/\/schema.org\",\"@graph\":[{\"@type\":\"Article\",\"@id\":\"https:\/\/www.sgeaj.ch\/fr\/projets-recherche\/online-edition-der-rezensionen-und-briefe-albrecht-von-hallers\/#article\",\"isPartOf\":{\"@id\":\"https:\/\/www.sgeaj.ch\/fr\/projets-recherche\/online-edition-der-rezensionen-und-briefe-albrecht-von-hallers\/\"},\"author\":{\"name\":\"Nadja Ackermann\",\"@id\":\"https:\/\/www.sgeaj.ch\/fr\/#\/schema\/person\/2cd839eed625879a17645fc9f307c8e7\"},\"headline\":\"Online-Edition der Rezensionen und Briefe Albrecht von Hallers\",\"datePublished\":\"2020-10-28T11:18:19+00:00\",\"dateModified\":\"2025-04-23T16:00:36+00:00\",\"mainEntityOfPage\":{\"@id\":\"https:\/\/www.sgeaj.ch\/fr\/projets-recherche\/online-edition-der-rezensionen-und-briefe-albrecht-von-hallers\/\"},\"wordCount\":357,\"publisher\":{\"@id\":\"https:\/\/www.sgeaj.ch\/fr\/#organization\"},\"image\":{\"@id\":\"https:\/\/www.sgeaj.ch\/fr\/projets-recherche\/online-edition-der-rezensionen-und-briefe-albrecht-von-hallers\/#primaryimage\"},\"thumbnailUrl\":\"https:\/\/www.sgeaj.ch\/wp-content\/uploads\/2018\/11\/2018-Projet-Haller.jpg\",\"articleSection\":[\"Projets de recherche\",\"Recherches achev\u00e9es\"],\"inLanguage\":\"fr-FR\"},{\"@type\":\"WebPage\",\"@id\":\"https:\/\/www.sgeaj.ch\/fr\/projets-recherche\/online-edition-der-rezensionen-und-briefe-albrecht-von-hallers\/\",\"url\":\"https:\/\/www.sgeaj.ch\/fr\/projets-recherche\/online-edition-der-rezensionen-und-briefe-albrecht-von-hallers\/\",\"name\":\"Online-Edition der Rezensionen und Briefe Albrecht von Hallers - Schweizerische Gesellschaft f\u00fcr die Erforschung des 18. Jahrhunderts (SGEAJ - SSEDS)\",\"isPartOf\":{\"@id\":\"https:\/\/www.sgeaj.ch\/fr\/#website\"},\"primaryImageOfPage\":{\"@id\":\"https:\/\/www.sgeaj.ch\/fr\/projets-recherche\/online-edition-der-rezensionen-und-briefe-albrecht-von-hallers\/#primaryimage\"},\"image\":{\"@id\":\"https:\/\/www.sgeaj.ch\/fr\/projets-recherche\/online-edition-der-rezensionen-und-briefe-albrecht-von-hallers\/#primaryimage\"},\"thumbnailUrl\":\"https:\/\/www.sgeaj.ch\/wp-content\/uploads\/2018\/11\/2018-Projet-Haller.jpg\",\"datePublished\":\"2020-10-28T11:18:19+00:00\",\"dateModified\":\"2025-04-23T16:00:36+00:00\",\"breadcrumb\":{\"@id\":\"https:\/\/www.sgeaj.ch\/fr\/projets-recherche\/online-edition-der-rezensionen-und-briefe-albrecht-von-hallers\/#breadcrumb\"},\"inLanguage\":\"fr-FR\",\"potentialAction\":[{\"@type\":\"ReadAction\",\"target\":[\"https:\/\/www.sgeaj.ch\/fr\/projets-recherche\/online-edition-der-rezensionen-und-briefe-albrecht-von-hallers\/\"]}]},{\"@type\":\"ImageObject\",\"inLanguage\":\"fr-FR\",\"@id\":\"https:\/\/www.sgeaj.ch\/fr\/projets-recherche\/online-edition-der-rezensionen-und-briefe-albrecht-von-hallers\/#primaryimage\",\"url\":\"https:\/\/www.sgeaj.ch\/wp-content\/uploads\/2018\/11\/2018-Projet-Haller.jpg\",\"contentUrl\":\"https:\/\/www.sgeaj.ch\/wp-content\/uploads\/2018\/11\/2018-Projet-Haller.jpg\",\"width\":1875,\"height\":469},{\"@type\":\"BreadcrumbList\",\"@id\":\"https:\/\/www.sgeaj.ch\/fr\/projets-recherche\/online-edition-der-rezensionen-und-briefe-albrecht-von-hallers\/#breadcrumb\",\"itemListElement\":[{\"@type\":\"ListItem\",\"position\":1,\"name\":\"Recherche\",\"item\":\"https:\/\/www.sgeaj.ch\/fr\/recherche\/\"},{\"@type\":\"ListItem\",\"position\":2,\"name\":\"Projets de recherche\",\"item\":\"https:\/\/www.sgeaj.ch\/fr\/recherche\/projets-de-recherche\/\"},{\"@type\":\"ListItem\",\"position\":3,\"name\":\"Online-Edition der Rezensionen und Briefe Albrecht von Hallers\"}]},{\"@type\":\"WebSite\",\"@id\":\"https:\/\/www.sgeaj.ch\/fr\/#website\",\"url\":\"https:\/\/www.sgeaj.ch\/fr\/\",\"name\":\"Schweizerische Gesellschaft f\u00fcr die Erforschung des 18. Jahrhunderts (SGEAJ - SSEDS)\",\"description\":\"Schweizerische Gesellschaft f\u00fcr die Erforschung des 18. Jahrhunderts\",\"publisher\":{\"@id\":\"https:\/\/www.sgeaj.ch\/fr\/#organization\"},\"potentialAction\":[{\"@type\":\"SearchAction\",\"target\":{\"@type\":\"EntryPoint\",\"urlTemplate\":\"https:\/\/www.sgeaj.ch\/fr\/?s={search_term_string}\"},\"query-input\":{\"@type\":\"PropertyValueSpecification\",\"valueRequired\":true,\"valueName\":\"search_term_string\"}}],\"inLanguage\":\"fr-FR\"},{\"@type\":\"Organization\",\"@id\":\"https:\/\/www.sgeaj.ch\/fr\/#organization\",\"name\":\"Schweizerische Gesellschaft f\u00fcr die Erforschung des 18. Jahrhunderts (SGEAJ - SSEDS)\",\"url\":\"https:\/\/www.sgeaj.ch\/fr\/\",\"logo\":{\"@type\":\"ImageObject\",\"inLanguage\":\"fr-FR\",\"@id\":\"https:\/\/www.sgeaj.ch\/fr\/#\/schema\/logo\/image\/\",\"url\":\"https:\/\/www.sgeaj.ch\/wp-content\/uploads\/2021\/06\/cropped-logo-xviiies-horiz-abreuviations-bleues.png\",\"contentUrl\":\"https:\/\/www.sgeaj.ch\/wp-content\/uploads\/2021\/06\/cropped-logo-xviiies-horiz-abreuviations-bleues.png\",\"width\":659,\"height\":335,\"caption\":\"Schweizerische Gesellschaft f\u00fcr die Erforschung des 18. Jahrhunderts (SGEAJ - SSEDS)\"},\"image\":{\"@id\":\"https:\/\/www.sgeaj.ch\/fr\/#\/schema\/logo\/image\/\"}},{\"@type\":\"Person\",\"@id\":\"https:\/\/www.sgeaj.ch\/fr\/#\/schema\/person\/2cd839eed625879a17645fc9f307c8e7\",\"name\":\"Nadja Ackermann\",\"url\":\"https:\/\/www.sgeaj.ch\/fr\/author\/naackermann\/\"}]}<\/script>\n<!-- \/ Yoast SEO plugin. -->","yoast_head_json":{"title":"Online-Edition der Rezensionen und Briefe Albrecht von Hallers - Schweizerische Gesellschaft f\u00fcr die Erforschung des 18. Jahrhunderts (SGEAJ - SSEDS)","robots":{"index":"index","follow":"follow","max-snippet":"max-snippet:-1","max-image-preview":"max-image-preview:large","max-video-preview":"max-video-preview:-1"},"canonical":"https:\/\/www.sgeaj.ch\/fr\/projets-recherche\/online-edition-der-rezensionen-und-briefe-albrecht-von-hallers\/","twitter_misc":{"\u00c9crit par":"Nadja Ackermann","Dur\u00e9e de lecture estim\u00e9e":"3 minutes"},"schema":{"@context":"https:\/\/schema.org","@graph":[{"@type":"Article","@id":"https:\/\/www.sgeaj.ch\/fr\/projets-recherche\/online-edition-der-rezensionen-und-briefe-albrecht-von-hallers\/#article","isPartOf":{"@id":"https:\/\/www.sgeaj.ch\/fr\/projets-recherche\/online-edition-der-rezensionen-und-briefe-albrecht-von-hallers\/"},"author":{"name":"Nadja Ackermann","@id":"https:\/\/www.sgeaj.ch\/fr\/#\/schema\/person\/2cd839eed625879a17645fc9f307c8e7"},"headline":"Online-Edition der Rezensionen und Briefe Albrecht von Hallers","datePublished":"2020-10-28T11:18:19+00:00","dateModified":"2025-04-23T16:00:36+00:00","mainEntityOfPage":{"@id":"https:\/\/www.sgeaj.ch\/fr\/projets-recherche\/online-edition-der-rezensionen-und-briefe-albrecht-von-hallers\/"},"wordCount":357,"publisher":{"@id":"https:\/\/www.sgeaj.ch\/fr\/#organization"},"image":{"@id":"https:\/\/www.sgeaj.ch\/fr\/projets-recherche\/online-edition-der-rezensionen-und-briefe-albrecht-von-hallers\/#primaryimage"},"thumbnailUrl":"https:\/\/www.sgeaj.ch\/wp-content\/uploads\/2018\/11\/2018-Projet-Haller.jpg","articleSection":["Projets de recherche","Recherches achev\u00e9es"],"inLanguage":"fr-FR"},{"@type":"WebPage","@id":"https:\/\/www.sgeaj.ch\/fr\/projets-recherche\/online-edition-der-rezensionen-und-briefe-albrecht-von-hallers\/","url":"https:\/\/www.sgeaj.ch\/fr\/projets-recherche\/online-edition-der-rezensionen-und-briefe-albrecht-von-hallers\/","name":"Online-Edition der Rezensionen und Briefe Albrecht von Hallers - Schweizerische Gesellschaft f\u00fcr die Erforschung des 18. Jahrhunderts (SGEAJ - SSEDS)","isPartOf":{"@id":"https:\/\/www.sgeaj.ch\/fr\/#website"},"primaryImageOfPage":{"@id":"https:\/\/www.sgeaj.ch\/fr\/projets-recherche\/online-edition-der-rezensionen-und-briefe-albrecht-von-hallers\/#primaryimage"},"image":{"@id":"https:\/\/www.sgeaj.ch\/fr\/projets-recherche\/online-edition-der-rezensionen-und-briefe-albrecht-von-hallers\/#primaryimage"},"thumbnailUrl":"https:\/\/www.sgeaj.ch\/wp-content\/uploads\/2018\/11\/2018-Projet-Haller.jpg","datePublished":"2020-10-28T11:18:19+00:00","dateModified":"2025-04-23T16:00:36+00:00","breadcrumb":{"@id":"https:\/\/www.sgeaj.ch\/fr\/projets-recherche\/online-edition-der-rezensionen-und-briefe-albrecht-von-hallers\/#breadcrumb"},"inLanguage":"fr-FR","potentialAction":[{"@type":"ReadAction","target":["https:\/\/www.sgeaj.ch\/fr\/projets-recherche\/online-edition-der-rezensionen-und-briefe-albrecht-von-hallers\/"]}]},{"@type":"ImageObject","inLanguage":"fr-FR","@id":"https:\/\/www.sgeaj.ch\/fr\/projets-recherche\/online-edition-der-rezensionen-und-briefe-albrecht-von-hallers\/#primaryimage","url":"https:\/\/www.sgeaj.ch\/wp-content\/uploads\/2018\/11\/2018-Projet-Haller.jpg","contentUrl":"https:\/\/www.sgeaj.ch\/wp-content\/uploads\/2018\/11\/2018-Projet-Haller.jpg","width":1875,"height":469},{"@type":"BreadcrumbList","@id":"https:\/\/www.sgeaj.ch\/fr\/projets-recherche\/online-edition-der-rezensionen-und-briefe-albrecht-von-hallers\/#breadcrumb","itemListElement":[{"@type":"ListItem","position":1,"name":"Recherche","item":"https:\/\/www.sgeaj.ch\/fr\/recherche\/"},{"@type":"ListItem","position":2,"name":"Projets de recherche","item":"https:\/\/www.sgeaj.ch\/fr\/recherche\/projets-de-recherche\/"},{"@type":"ListItem","position":3,"name":"Online-Edition der Rezensionen und Briefe Albrecht von Hallers"}]},{"@type":"WebSite","@id":"https:\/\/www.sgeaj.ch\/fr\/#website","url":"https:\/\/www.sgeaj.ch\/fr\/","name":"Schweizerische Gesellschaft f\u00fcr die Erforschung des 18. Jahrhunderts (SGEAJ - SSEDS)","description":"Schweizerische Gesellschaft f\u00fcr die Erforschung des 18. Jahrhunderts","publisher":{"@id":"https:\/\/www.sgeaj.ch\/fr\/#organization"},"potentialAction":[{"@type":"SearchAction","target":{"@type":"EntryPoint","urlTemplate":"https:\/\/www.sgeaj.ch\/fr\/?s={search_term_string}"},"query-input":{"@type":"PropertyValueSpecification","valueRequired":true,"valueName":"search_term_string"}}],"inLanguage":"fr-FR"},{"@type":"Organization","@id":"https:\/\/www.sgeaj.ch\/fr\/#organization","name":"Schweizerische Gesellschaft f\u00fcr die Erforschung des 18. Jahrhunderts (SGEAJ - SSEDS)","url":"https:\/\/www.sgeaj.ch\/fr\/","logo":{"@type":"ImageObject","inLanguage":"fr-FR","@id":"https:\/\/www.sgeaj.ch\/fr\/#\/schema\/logo\/image\/","url":"https:\/\/www.sgeaj.ch\/wp-content\/uploads\/2021\/06\/cropped-logo-xviiies-horiz-abreuviations-bleues.png","contentUrl":"https:\/\/www.sgeaj.ch\/wp-content\/uploads\/2021\/06\/cropped-logo-xviiies-horiz-abreuviations-bleues.png","width":659,"height":335,"caption":"Schweizerische Gesellschaft f\u00fcr die Erforschung des 18. Jahrhunderts (SGEAJ - SSEDS)"},"image":{"@id":"https:\/\/www.sgeaj.ch\/fr\/#\/schema\/logo\/image\/"}},{"@type":"Person","@id":"https:\/\/www.sgeaj.ch\/fr\/#\/schema\/person\/2cd839eed625879a17645fc9f307c8e7","name":"Nadja Ackermann","url":"https:\/\/www.sgeaj.ch\/fr\/author\/naackermann\/"}]}},"_links":{"self":[{"href":"https:\/\/www.sgeaj.ch\/fr\/wp-json\/wp\/v2\/posts\/5143","targetHints":{"allow":["GET"]}}],"collection":[{"href":"https:\/\/www.sgeaj.ch\/fr\/wp-json\/wp\/v2\/posts"}],"about":[{"href":"https:\/\/www.sgeaj.ch\/fr\/wp-json\/wp\/v2\/types\/post"}],"author":[{"embeddable":true,"href":"https:\/\/www.sgeaj.ch\/fr\/wp-json\/wp\/v2\/users\/7"}],"replies":[{"embeddable":true,"href":"https:\/\/www.sgeaj.ch\/fr\/wp-json\/wp\/v2\/comments?post=5143"}],"version-history":[{"count":5,"href":"https:\/\/www.sgeaj.ch\/fr\/wp-json\/wp\/v2\/posts\/5143\/revisions"}],"predecessor-version":[{"id":7808,"href":"https:\/\/www.sgeaj.ch\/fr\/wp-json\/wp\/v2\/posts\/5143\/revisions\/7808"}],"wp:featuredmedia":[{"embeddable":true,"href":"https:\/\/www.sgeaj.ch\/fr\/wp-json\/wp\/v2\/media\/3699"}],"wp:attachment":[{"href":"https:\/\/www.sgeaj.ch\/fr\/wp-json\/wp\/v2\/media?parent=5143"}],"wp:term":[{"taxonomy":"category","embeddable":true,"href":"https:\/\/www.sgeaj.ch\/fr\/wp-json\/wp\/v2\/categories?post=5143"},{"taxonomy":"post_tag","embeddable":true,"href":"https:\/\/www.sgeaj.ch\/fr\/wp-json\/wp\/v2\/tags?post=5143"}],"curies":[{"name":"wp","href":"https:\/\/api.w.org\/{rel}","templated":true}]}}